{"id":35925,"date":"2010-08-15T19:23:03","date_gmt":"2010-08-15T17:23:03","guid":{"rendered":"http:\/\/www.visit-ulcinj.com\/blog\/?p=35925"},"modified":"2023-04-01T13:28:28","modified_gmt":"2023-04-01T12:28:28","slug":"ada-bojana-kao-nekada","status":"publish","type":"post","link":"https:\/\/www.visit-ulcinj.com\/blog\/2010\/08\/15\/ada-bojana-kao-nekada\/","title":{"rendered":"Ada Bojana kao nekada"},"content":{"rendered":"<p><a href=\"http:\/\/www.visit-ulcinj.com\/blog\/wp-content\/uploads\/2010\/08\/Ada-Bojana-ulcinj_montenegro.jpg\"><img loading=\"lazy\" class=\"alignleft size-full wp-image-35926\" title=\"Ada-Bojana ulcinj_montenegro\" src=\"http:\/\/www.visit-ulcinj.com\/blog\/wp-content\/uploads\/2010\/08\/Ada-Bojana-ulcinj_montenegro.jpg\" alt=\"\" width=\"490\" height=\"380\" \/><\/a><strong>Mobil: Viber + Whatsapp: +382 69 335 534\u00a0 : +382 69 335 512<\/strong><\/p>\n<p>Vra\u0107a se stari sjaj nadaleko poznatog nudisti\u010dkog naselja na u\u0161\u0107u Bojane u Jadran. Sve vi\u0161e stranaca uz Beogra\u0111ane i Novosa\u0111ane. Gotovo kao pre tri decenije kada je ovo naselje bilo hit u celom svetu ovog leta stigli su gosti iz Nema\u010dke, Poljske, Rusije, \u010ce\u0161ke, Ukrajine, a naravno, tradicionalno, ponajvi\u0161e Novosa\u0111ana i Beogra\u0111ana.<\/p>\n<p>Tek u avgustu, kada do\u0111u i Italijani, bi\u0107e popunjeni svi kapaciteti, a mo\u017eemo da ugostimo 600 turista &#8211; ka\u017ee Ana \u017divanovi\u0107 iz HTP \u201eUlcinjska rivijera\u201c. &#8211; Mi smo u\u010dinili sve da nudisti ovde u\u017eivaju.<\/p>\n<p>Nudisti imaju posebnu pla\u017eu, na u\u0161\u0107u reke Bojane u Jadran, a na njoj i u naselju ba\u0161 sve \u0161to je potrebno za u\u017eivanje. Bungalovi i restorani su rekonstruisani, pla\u017eni mobilijar je vi\u0161e nego udoban i atraktivan, gostima su na raspolaganju konji za jahanje, fijaker, mogu da surfuju, skijaju na vodi, idu na izlete uz reku&#8230; Na pla\u017ei su barovi i restorani u kojima no\u0107u svira \u201e\u017eiva\u201c muzika. Uz sve, diskrecija je garantovana.<\/p>\n<p>&#8211; Tri puta nedeljno radi \u0161kola surfovanja, a 2. avgusta \u0107e akademski slikar iz Nema\u010dke Detlev Foth i njegova supruga Joana Luca ovde otvoriti \u0161kolu slikanja za nudiste &#8211; ka\u017ee Ana \u017divanovi\u0107.<\/p>\n<p>Uz oko 250 gostiju u hotelskom sme\u0161taju, odmor na Adi potra\u017eilo je i oko 85 nudista kojima je lep\u0161e u kampu a i tu imaju sve\u201c vodu, struju, plin&#8230;<\/p>\n<p><strong>INFO<br \/>\n* Polupansion od 33 do 36<\/strong><\/p>\n<p><strong>* Le\u017ealjke i suncobran 5<\/strong><\/p>\n<p><strong>* Parking 5<\/strong><\/p>\n<p><strong>* Pivo 1,5 &#8211; 2,5 evra<\/strong><\/p>\n<p><strong>* Jahanje konja 10<\/strong><\/p>\n<p><strong>* Fijaker 10<\/strong><\/p>\n<p><strong>* Surfing 20<\/strong><\/p>\n<p><strong>* cene su u evrima<\/strong><\/p>\n<p><a href=\"http:\/\/www.novosti.rs\/vesti\/turizam.90.html:293578-Ada-kao-nekada\" target=\"_blank\" rel=\"noopener\"><strong>Vecernje Novosti<\/strong><\/a><\/p>\n\n\t\t<style type=\"text\/css\">\n\t\t\t#gallery-1 {\n\t\t\t\tmargin: auto;\n\t\t\t}\n\t\t\t#gallery-1 .gallery-item {\n\t\t\t\tfloat: left;\n\t\t\t\tmargin-top: 10px;\n\t\t\t\ttext-align: center;\n\t\t\t\twidth: 33%;\n\t\t\t}\n\t\t\t#gallery-1 img {\n\t\t\t\tborder: 2px solid #cfcfcf;\n\t\t\t}\n\t\t\t#gallery-1 .gallery-caption {\n\t\t\t\tmargin-left: 0;\n\t\t\t}\n\t\t\t\/* see gallery_shortcode() in wp-includes\/media.php *\/\n\t\t<\/style>\n\t\t<div id='gallery-1' class='gallery galleryid-35925 gallery-columns-3 gallery-size-thumbnail'><dl class='gallery-item'>\n\t\t\t<dt class='gallery-icon landscape'>\n\t\t\t\t<a href='https:\/\/www.visit-ulcinj.com\/blog\/wp-content\/uploads\/2010\/08\/Ada-Bojana-ulcinj_montenegro.jpg'><img width=\"150\" height=\"150\" src=\"https:\/\/www.visit-ulcinj.com\/blog\/wp-content\/uploads\/2010\/08\/Ada-Bojana-ulcinj_montenegro-150x150.jpg\" class=\"attachment-thumbnail size-thumbnail\" alt=\"\" loading=\"lazy\" \/><\/a>\n\t\t\t<\/dt><\/dl><dl class='gallery-item'>\n\t\t\t<dt class='gallery-icon landscape'>\n\t\t\t\t<a href='https:\/\/www.visit-ulcinj.com\/blog\/wp-content\/uploads\/2010\/08\/Ada-Bojana-ulcinj_montenegro.3.jpg'><img width=\"150\" height=\"150\" src=\"https:\/\/www.visit-ulcinj.com\/blog\/wp-content\/uploads\/2010\/08\/Ada-Bojana-ulcinj_montenegro.3-150x150.jpg\" class=\"attachment-thumbnail size-thumbnail\" alt=\"\" loading=\"lazy\" \/><\/a>\n\t\t\t<\/dt><\/dl><dl class='gallery-item'>\n\t\t\t<dt class='gallery-icon landscape'>\n\t\t\t\t<a href='https:\/\/www.visit-ulcinj.com\/blog\/wp-content\/uploads\/2010\/08\/Ada-Bojana-ulcinj_montenegro.4.jpg'><img width=\"150\" height=\"150\" src=\"https:\/\/www.visit-ulcinj.com\/blog\/wp-content\/uploads\/2010\/08\/Ada-Bojana-ulcinj_montenegro.4-150x150.jpg\" class=\"attachment-thumbnail size-thumbnail\" alt=\"\" loading=\"lazy\" \/><\/a>\n\t\t\t<\/dt><\/dl><br style=\"clear: both\" \/><dl class='gallery-item'>\n\t\t\t<dt class='gallery-icon landscape'>\n\t\t\t\t<a href='https:\/\/www.visit-ulcinj.com\/blog\/wp-content\/uploads\/2010\/08\/Ada-Bojana-ulcinj_montenegro.2.jpg'><img width=\"150\" height=\"150\" src=\"https:\/\/www.visit-ulcinj.com\/blog\/wp-content\/uploads\/2010\/08\/Ada-Bojana-ulcinj_montenegro.2-150x150.jpg\" class=\"attachment-thumbnail size-thumbnail\" alt=\"\" loading=\"lazy\" \/><\/a>\n\t\t\t<\/dt><\/dl><dl class='gallery-item'>\n\t\t\t<dt class='gallery-icon landscape'>\n\t\t\t\t<a href='https:\/\/www.visit-ulcinj.com\/blog\/wp-content\/uploads\/2010\/08\/Ada-Bojana-ulcinj_montenegro.5.jpg'><img width=\"150\" height=\"150\" src=\"https:\/\/www.visit-ulcinj.com\/blog\/wp-content\/uploads\/2010\/08\/Ada-Bojana-ulcinj_montenegro.5-150x150.jpg\" class=\"attachment-thumbnail size-thumbnail\" alt=\"\" loading=\"lazy\" \/><\/a>\n\t\t\t<\/dt><\/dl><dl class='gallery-item'>\n\t\t\t<dt class='gallery-icon landscape'>\n\t\t\t\t<a href='https:\/\/www.visit-ulcinj.com\/blog\/wp-content\/uploads\/2010\/08\/Ada-Bojana-ulcinj_montenegro.1.jpg'><img width=\"150\" height=\"150\" src=\"https:\/\/www.visit-ulcinj.com\/blog\/wp-content\/uploads\/2010\/08\/Ada-Bojana-ulcinj_montenegro.1-150x150.jpg\" class=\"attachment-thumbnail size-thumbnail\" alt=\"\" loading=\"lazy\" \/><\/a>\n\t\t\t<\/dt><\/dl><br style=\"clear: both\" \/>\n\t\t<\/div>\n\n<!--YouTube Error: bad URL entered-->\n","protected":false},"excerpt":{"rendered":"<p>Mobil: Viber + Whatsapp: +382 69 335 534\u00a0 : +382 69 335 512 Vra\u0107a se stari sjaj nadaleko poznatog nudisti\u010dkog naselja na u\u0161\u0107u Bojane u Jadran. Sve vi\u0161e stranaca uz Beogra\u0111ane i Novosa\u0111ane. Gotovo kao pre tri decenije kada je ovo naselje bilo hit u celom svetu ovog leta stigli su gosti iz Nema\u010dke, Poljske, [&hellip;]<\/p>\n","protected":false},"author":1,"featured_media":0,"comment_status":"open","ping_status":"closed","sticky":false,"template":"","format":"standard","meta":{"spay_email":"","jetpack_publicize_message":"","jetpack_is_tweetstorm":false,"jetpack_publicize_feature_enabled":true},"categories":[15],"tags":[138,20,19],"jetpack_publicize_connections":[],"yoast_head":"<!-- This site is optimized with the Yoast SEO plugin v19.1 - https:\/\/yoast.com\/wordpress\/plugins\/seo\/ -->\n<title>Ada Bojana kao nekada - Lajme nga Ulqini<\/title>\n<meta name=\"description\" content=\"Mobil: Viber + Whatsapp: +382 69 335 534\u00a0 : +382 69 335 512 Vra\u0107a se stari sjaj nadaleko poznatog nudisti\u010dkog naselja na u\u0161\u0107u Bojane u Jadran. Sve vi\u0161e\" \/>\n<meta name=\"robots\" content=\"index, follow, max-snippet:-1, max-image-preview:large, max-video-preview:-1\" \/>\n<link rel=\"canonical\" href=\"https:\/\/www.visit-ulcinj.com\/blog\/2010\/08\/15\/ada-bojana-kao-nekada\/\" \/>\n<meta property=\"og:locale\" content=\"en_US\" \/>\n<meta property=\"og:type\" content=\"article\" \/>\n<meta property=\"og:title\" content=\"Ada Bojana kao nekada - Lajme nga Ulqini\" \/>\n<meta property=\"og:description\" content=\"Mobil: Viber + Whatsapp: +382 69 335 534\u00a0 : +382 69 335 512 Vra\u0107a se stari sjaj nadaleko poznatog nudisti\u010dkog naselja na u\u0161\u0107u Bojane u Jadran. Sve vi\u0161e\" \/>\n<meta property=\"og:url\" content=\"https:\/\/www.visit-ulcinj.com\/blog\/2010\/08\/15\/ada-bojana-kao-nekada\/\" \/>\n<meta property=\"og:site_name\" content=\"Lajme nga Ulqini\" \/>\n<meta property=\"article:published_time\" content=\"2010-08-15T17:23:03+00:00\" \/>\n<meta property=\"article:modified_time\" content=\"2023-04-01T12:28:28+00:00\" \/>\n<meta property=\"og:image\" content=\"http:\/\/www.visit-ulcinj.com\/blog\/wp-content\/uploads\/2010\/08\/Ada-Bojana-ulcinj_montenegro-150x150.jpg\" \/>\n<meta name=\"twitter:label1\" content=\"Written by\" \/>\n\t<meta name=\"twitter:data1\" content=\"ulqini\" \/>\n\t<meta name=\"twitter:label2\" content=\"Est. reading time\" \/>\n\t<meta name=\"twitter:data2\" content=\"2 minutes\" \/>\n<script type=\"application\/ld+json\" class=\"yoast-schema-graph\">{\"@context\":\"https:\/\/schema.org\",\"@graph\":[{\"@type\":\"WebSite\",\"@id\":\"https:\/\/www.visit-ulcinj.com\/blog\/#website\",\"url\":\"https:\/\/www.visit-ulcinj.com\/blog\/\",\"name\":\"Lajme nga Ulqini\",\"description\":\"Lajme,Vijesti,Ulqini,Ulqin,Crna Gora,Mali i Zi\",\"potentialAction\":[{\"@type\":\"SearchAction\",\"target\":{\"@type\":\"EntryPoint\",\"urlTemplate\":\"https:\/\/www.visit-ulcinj.com\/blog\/?s={search_term_string}\"},\"query-input\":\"required name=search_term_string\"}],\"inLanguage\":\"en-US\"},{\"@type\":\"ImageObject\",\"inLanguage\":\"en-US\",\"@id\":\"https:\/\/www.visit-ulcinj.com\/blog\/2010\/08\/15\/ada-bojana-kao-nekada\/#primaryimage\",\"url\":\"https:\/\/www.visit-ulcinj.com\/blog\/wp-content\/uploads\/2010\/08\/Ada-Bojana-ulcinj_montenegro.jpg\",\"contentUrl\":\"https:\/\/www.visit-ulcinj.com\/blog\/wp-content\/uploads\/2010\/08\/Ada-Bojana-ulcinj_montenegro.jpg\",\"width\":\"800\",\"height\":\"433\"},{\"@type\":\"WebPage\",\"@id\":\"https:\/\/www.visit-ulcinj.com\/blog\/2010\/08\/15\/ada-bojana-kao-nekada\/#webpage\",\"url\":\"https:\/\/www.visit-ulcinj.com\/blog\/2010\/08\/15\/ada-bojana-kao-nekada\/\",\"name\":\"Ada Bojana kao nekada - Lajme nga Ulqini\",\"isPartOf\":{\"@id\":\"https:\/\/www.visit-ulcinj.com\/blog\/#website\"},\"primaryImageOfPage\":{\"@id\":\"https:\/\/www.visit-ulcinj.com\/blog\/2010\/08\/15\/ada-bojana-kao-nekada\/#primaryimage\"},\"datePublished\":\"2010-08-15T17:23:03+00:00\",\"dateModified\":\"2023-04-01T12:28:28+00:00\",\"author\":{\"@id\":\"https:\/\/www.visit-ulcinj.com\/blog\/#\/schema\/person\/dcab619c614d3038751c63bc2aadc06d\"},\"description\":\"Mobil: Viber + Whatsapp: +382 69 335 534\u00a0 : +382 69 335 512 Vra\u0107a se stari sjaj nadaleko poznatog nudisti\u010dkog naselja na u\u0161\u0107u Bojane u Jadran. Sve vi\u0161e\",\"breadcrumb\":{\"@id\":\"https:\/\/www.visit-ulcinj.com\/blog\/2010\/08\/15\/ada-bojana-kao-nekada\/#breadcrumb\"},\"inLanguage\":\"en-US\",\"potentialAction\":[{\"@type\":\"ReadAction\",\"target\":[\"https:\/\/www.visit-ulcinj.com\/blog\/2010\/08\/15\/ada-bojana-kao-nekada\/\"]}]},{\"@type\":\"BreadcrumbList\",\"@id\":\"https:\/\/www.visit-ulcinj.com\/blog\/2010\/08\/15\/ada-bojana-kao-nekada\/#breadcrumb\",\"itemListElement\":[{\"@type\":\"ListItem\",\"position\":1,\"name\":\"Ada Bojana kao nekada\"}]},{\"@type\":\"Person\",\"@id\":\"https:\/\/www.visit-ulcinj.com\/blog\/#\/schema\/person\/dcab619c614d3038751c63bc2aadc06d\",\"name\":\"ulqini\",\"sameAs\":[\"http:\/\/www.visit-ulcinj.com\"],\"url\":\"https:\/\/www.visit-ulcinj.com\/blog\/author\/admin\/\"}]}<\/script>\n<!-- \/ Yoast SEO plugin. -->","yoast_head_json":{"title":"Ada Bojana kao nekada - Lajme nga Ulqini","description":"Mobil: Viber + Whatsapp: +382 69 335 534\u00a0 : +382 69 335 512 Vra\u0107a se stari sjaj nadaleko poznatog nudisti\u010dkog naselja na u\u0161\u0107u Bojane u Jadran. Sve vi\u0161e","robots":{"index":"index","follow":"follow","max-snippet":"max-snippet:-1","max-image-preview":"max-image-preview:large","max-video-preview":"max-video-preview:-1"},"canonical":"https:\/\/www.visit-ulcinj.com\/blog\/2010\/08\/15\/ada-bojana-kao-nekada\/","og_locale":"en_US","og_type":"article","og_title":"Ada Bojana kao nekada - Lajme nga Ulqini","og_description":"Mobil: Viber + Whatsapp: +382 69 335 534\u00a0 : +382 69 335 512 Vra\u0107a se stari sjaj nadaleko poznatog nudisti\u010dkog naselja na u\u0161\u0107u Bojane u Jadran. Sve vi\u0161e","og_url":"https:\/\/www.visit-ulcinj.com\/blog\/2010\/08\/15\/ada-bojana-kao-nekada\/","og_site_name":"Lajme nga Ulqini","article_published_time":"2010-08-15T17:23:03+00:00","article_modified_time":"2023-04-01T12:28:28+00:00","og_image":[{"url":"http:\/\/www.visit-ulcinj.com\/blog\/wp-content\/uploads\/2010\/08\/Ada-Bojana-ulcinj_montenegro-150x150.jpg"}],"twitter_misc":{"Written by":"ulqini","Est. reading time":"2 minutes"},"schema":{"@context":"https:\/\/schema.org","@graph":[{"@type":"WebSite","@id":"https:\/\/www.visit-ulcinj.com\/blog\/#website","url":"https:\/\/www.visit-ulcinj.com\/blog\/","name":"Lajme nga Ulqini","description":"Lajme,Vijesti,Ulqini,Ulqin,Crna Gora,Mali i Zi","potentialAction":[{"@type":"SearchAction","target":{"@type":"EntryPoint","urlTemplate":"https:\/\/www.visit-ulcinj.com\/blog\/?s={search_term_string}"},"query-input":"required name=search_term_string"}],"inLanguage":"en-US"},{"@type":"ImageObject","inLanguage":"en-US","@id":"https:\/\/www.visit-ulcinj.com\/blog\/2010\/08\/15\/ada-bojana-kao-nekada\/#primaryimage","url":"https:\/\/www.visit-ulcinj.com\/blog\/wp-content\/uploads\/2010\/08\/Ada-Bojana-ulcinj_montenegro.jpg","contentUrl":"https:\/\/www.visit-ulcinj.com\/blog\/wp-content\/uploads\/2010\/08\/Ada-Bojana-ulcinj_montenegro.jpg","width":"800","height":"433"},{"@type":"WebPage","@id":"https:\/\/www.visit-ulcinj.com\/blog\/2010\/08\/15\/ada-bojana-kao-nekada\/#webpage","url":"https:\/\/www.visit-ulcinj.com\/blog\/2010\/08\/15\/ada-bojana-kao-nekada\/","name":"Ada Bojana kao nekada - Lajme nga Ulqini","isPartOf":{"@id":"https:\/\/www.visit-ulcinj.com\/blog\/#website"},"primaryImageOfPage":{"@id":"https:\/\/www.visit-ulcinj.com\/blog\/2010\/08\/15\/ada-bojana-kao-nekada\/#primaryimage"},"datePublished":"2010-08-15T17:23:03+00:00","dateModified":"2023-04-01T12:28:28+00:00","author":{"@id":"https:\/\/www.visit-ulcinj.com\/blog\/#\/schema\/person\/dcab619c614d3038751c63bc2aadc06d"},"description":"Mobil: Viber + Whatsapp: +382 69 335 534\u00a0 : +382 69 335 512 Vra\u0107a se stari sjaj nadaleko poznatog nudisti\u010dkog naselja na u\u0161\u0107u Bojane u Jadran. Sve vi\u0161e","breadcrumb":{"@id":"https:\/\/www.visit-ulcinj.com\/blog\/2010\/08\/15\/ada-bojana-kao-nekada\/#breadcrumb"},"inLanguage":"en-US","potentialAction":[{"@type":"ReadAction","target":["https:\/\/www.visit-ulcinj.com\/blog\/2010\/08\/15\/ada-bojana-kao-nekada\/"]}]},{"@type":"BreadcrumbList","@id":"https:\/\/www.visit-ulcinj.com\/blog\/2010\/08\/15\/ada-bojana-kao-nekada\/#breadcrumb","itemListElement":[{"@type":"ListItem","position":1,"name":"Ada Bojana kao nekada"}]},{"@type":"Person","@id":"https:\/\/www.visit-ulcinj.com\/blog\/#\/schema\/person\/dcab619c614d3038751c63bc2aadc06d","name":"ulqini","sameAs":["http:\/\/www.visit-ulcinj.com"],"url":"https:\/\/www.visit-ulcinj.com\/blog\/author\/admin\/"}]}},"jetpack_featured_media_url":"","jetpack_sharing_enabled":true,"jetpack_shortlink":"https:\/\/wp.me\/pe6lTn-9lr","_links":{"self":[{"href":"https:\/\/www.visit-ulcinj.com\/blog\/wp-json\/wp\/v2\/posts\/35925"}],"collection":[{"href":"https:\/\/www.visit-ulcinj.com\/blog\/wp-json\/wp\/v2\/posts"}],"about":[{"href":"https:\/\/www.visit-ulcinj.com\/blog\/wp-json\/wp\/v2\/types\/post"}],"author":[{"embeddable":true,"href":"https:\/\/www.visit-ulcinj.com\/blog\/wp-json\/wp\/v2\/users\/1"}],"replies":[{"embeddable":true,"href":"https:\/\/www.visit-ulcinj.com\/blog\/wp-json\/wp\/v2\/comments?post=35925"}],"version-history":[{"count":1,"href":"https:\/\/www.visit-ulcinj.com\/blog\/wp-json\/wp\/v2\/posts\/35925\/revisions"}],"predecessor-version":[{"id":106900,"href":"https:\/\/www.visit-ulcinj.com\/blog\/wp-json\/wp\/v2\/posts\/35925\/revisions\/106900"}],"wp:attachment":[{"href":"https:\/\/www.visit-ulcinj.com\/blog\/wp-json\/wp\/v2\/media?parent=35925"}],"wp:term":[{"taxonomy":"category","embeddable":true,"href":"https:\/\/www.visit-ulcinj.com\/blog\/wp-json\/wp\/v2\/categories?post=35925"},{"taxonomy":"post_tag","embeddable":true,"href":"https:\/\/www.visit-ulcinj.com\/blog\/wp-json\/wp\/v2\/tags?post=35925"}],"curies":[{"name":"wp","href":"https:\/\/api.w.org\/{rel}","templated":true}]}}