{"id":35930,"date":"2010-08-15T19:42:42","date_gmt":"2010-08-15T17:42:42","guid":{"rendered":"http:\/\/www.visit-ulcinj.com\/blog\/?p=35930"},"modified":"2010-08-16T20:20:30","modified_gmt":"2010-08-16T18:20:30","slug":"guzva-u-ulcinju-kotor-za-bogate","status":"publish","type":"post","link":"https:\/\/www.visit-ulcinj.com\/blog\/2010\/08\/15\/guzva-u-ulcinju-kotor-za-bogate\/","title":{"rendered":"Gu\u017eva u Ulcinju, Kotor za bogate"},"content":{"rendered":"<p><a href=\"http:\/\/www.visit-ulcinj.com\/blog\/wp-content\/uploads\/2010\/08\/Gu\u017eva-u-Ulcinju.jpg\"><img loading=\"lazy\" class=\"alignleft size-large wp-image-35934\" title=\"Gu\u017eva u Ulcinju\" src=\"http:\/\/www.visit-ulcinj.com\/blog\/wp-content\/uploads\/2010\/08\/Gu\u017eva-u-Ulcinju-1024x768.jpg\" alt=\"\" width=\"490\" height=\"380\" \/><\/a>Padaju rekordi! U Ulcinju je ove godine \u0161pic sezone po\u010deo ranije &#8211; gostiju ima \u010dak 74 odsto vi\u0161e nego lani u isto vreme, krcati su hoteli i privatne ku\u0107e, a samo preko grani\u010dnog prelaza Sukobin svakog dana u Crnu Goru iz pravca Albanije u\u0111e 9.000 turista. Glavnina njih su Albanci s Kosova, kojima je tim putem do crnogorskog mora potrebno svega \u010detiri sata.<\/p>\n<p>Obja\u0161njavaju\u0107i ovakav \u201ebum\u201c, Ali Red\u017ea, direktor Turisti\u010dke organizacije Ulcinj, ka\u017ee da su i me\u0161tani pomalo iznena\u0111eni, jer se strahovalo da \u0107e sezona zbog \u201eglobalne krize\u201c, ali i sve \u017ee\u0161\u0107e konkurenicije letovali\u0161ta u susednoj Albaniji, biti \u201etanka\u201c.<\/p>\n<p><strong>&#8211; Prijavljeno je oko 20.000 gostiju, ali ih mo\u017eda ima i 100.000 &#8211; ka\u017ee Red\u017ea. &#8211; Bi\u0107e ovo leto, izgleda, rekordno&#8230;<\/strong><\/p>\n<p>Tako je ovde na krajnjem jugu, gde privatni sme\u0161taj ko\u0161ta od pet do 15 evra, u hotelima od 27 pa do nekoliko stotina, a polupansion u nudisti\u010dkom naselju Ada Bojana u proseku je 30 evra. Prili\u010dna gu\u017eva je i ne\u0161to dalje, ka Baru, u Dubravi, Dobroj Vodi, pla\u017ei Veliki pijesak&#8230; Me\u0111utim, na barskoj rivijeri, druga\u010dije su procene sezone: veliki broj kreveta u privatnom sme\u0161taju usred jula jo\u0161 \u010deka na goste, a ni hoteli nisu ba\u0161 puni, izuzev u Sutomoru, gde preno\u0107i\u0161te u hotelima \u201eKorali\u201c i \u201eJu\u017eno more\u201c ko\u0161ta svega osam evra.<\/p>\n<p>Po sredini primorja, gde su najelitnije destinacije, gu\u017eva je na putu, ali na pla\u017eama, gde za le\u017ealjku i suncobran treba platiti od osam pa do \u010dak 25 evra, ima mesta koliko ho\u0107e\u0161. Biser cele obale, Sveti Stefan, opet zvrji prazan! Kapije su zaklju\u010dane, unutra se, ka\u017eu, jo\u0161 radi, iako je pre nekoliko dana \u201eSvetac\u201c sve\u010dano i pompezno navodno otvoren, posle gotovo \u010detiri godine. Za Budvu, pak, leti nema zime. Naroda ima, gu\u017eve su svuda, luduje se do dugo u no\u0107&#8230;<\/p>\n<p>Me\u0111utim, tek koji kilometar dalje &#8211; poluprazni hoteli i apartmani u Tivtu i manjim mestima u Bokokotorskom zalivu, malo ljudi na mini-pla\u017eama u Pr\u010dnju, Stolivu, a, opet, gu\u017eva na trajektu u Lepetanima. Previ\u0161e mirno, reklo bi se, za ovo doba sezone. Ali, zato, Kotor vrvi od stranaca. U luci, kao i svakog dana, ukotvljena su tri mo\u0107na putni\u010dka broda, a me\u0111u njima i famozni kruzer \u201eMunlajt\u201c, kojim je doputovao arabijski \u0161eik Abdulah Samel Kamel.<\/p>\n<p><img loading=\"lazy\" class=\"alignleft\" title=\"KOTOR\" src=\"http:\/\/www.theodora.com\/wfb\/photos\/montenegro\/old_town_kotor_montengro_photo_alan_grant.jpg\" alt=\"\" width=\"500\" height=\"393\" \/>&#8211; Postali smo ekskluzivna destinacija &#8211; zadovoljan je Ljubo Radovi\u0107, direktor kotorske luke. &#8211; Samo lani kruzerima je u Kotor do\u0161lo 80.200 turista, ove godine \u0107e biti jo\u0161 bolje, a za idu\u0107u smo ve\u0107 popunili termine.<br \/>\nCrna Gora: Gu\u017eva u Ulcinju, Kotor za bogate<br \/>\nS kraja na kraj crnogorskog primorja, sve u svemu, razli\u010dite slike druge polovine jula, tradicionalnog zenita sezone. Dok u Ulcinju ili Baru cveta \u201eparadajz turizam\u201c, a ponovo su aktuelni i \u0161atori u kampovima, u budvanskoj marini na desetinama jahti u\u017eivaju bogati tajkuni u pratnji lepotica. Dok u skrivenim uvalama oko Petrovca le\u0161kare ruski milioneri koji su ovde kupili placeve i vile, dok se mnogobrojni \u201eVIP gosti\u201c odmaraju u malim hotelima, daleko od o\u010diju znati\u017eeljnika, dok Herceg Novi muku mu\u010di zbog nesta\u0161ice vode, ali i hotelskih kapaciteta &#8211; ko mo\u017ee da proceni \u201epopunjenost kapaciteta\u201c i da oceni da li \u0107e sezona biti statisti\u010dki \u201euspe\u0161na\u201c?<\/p>\n<p><strong>A mo\u017eda to nije ni va\u017eno: leto se tek zahuktalo.<\/strong><\/p>\n<p>VRHUNSKI LUKSUZ VISOKOPLATE\u017dNI gosti sa superluksuznih kruzera ne spavaju u Kotoru. Ali, ovaj vid turizma pokazao se vi\u0161e nego unosan, jer samo u jednom danu i do 3.000 bogata\u0161a, listom stranaca, obi\u0111e kotorski stari grad i, naravno, uve\u0107ava pazar svima, od mnogobrojnih kafea i restorana, do agencija koje organizuju izlete na Lov\u0107en, do ostrva Gospa od \u0160krpjela i drugih egzoti\u010dnih mesta prelepe Boke.<\/p>\n<p><strong>Vecernje Novosti<br \/>\n<!--YouTube Error: bad URL entered--><br \/>\n<\/strong><\/p>\n","protected":false},"excerpt":{"rendered":"<p>Padaju rekordi! U Ulcinju je ove godine \u0161pic sezone po\u010deo ranije &#8211; gostiju ima \u010dak 74 odsto vi\u0161e nego lani u isto vreme, krcati su hoteli i privatne ku\u0107e, a samo preko grani\u010dnog prelaza Sukobin svakog dana u Crnu Goru iz pravca Albanije u\u0111e 9.000 turista. Glavnina njih su Albanci s Kosova, kojima je tim [&hellip;]<\/p>\n","protected":false},"author":1,"featured_media":0,"comment_status":"open","ping_status":"closed","sticky":false,"template":"","format":"standard","meta":{"spay_email":"","jetpack_publicize_message":"","jetpack_is_tweetstorm":false,"jetpack_publicize_feature_enabled":true},"categories":[7],"tags":[138,9724,20,14970,14969,19],"jetpack_publicize_connections":[],"yoast_head":"<!-- This site is optimized with the Yoast SEO plugin v19.1 - https:\/\/yoast.com\/wordpress\/plugins\/seo\/ -->\n<title>Gu\u017eva u Ulcinju, Kotor za bogate - Lajme nga Ulqini<\/title>\n<meta name=\"description\" content=\"Padaju rekordi! U Ulcinju je ove godine \u0161pic sezone po\u010deo ranije - gostiju ima \u010dak 74 odsto vi\u0161e nego lani u isto vreme, krcati su hoteli i privatne ku\u0107e,\" \/>\n<meta name=\"robots\" content=\"index, follow, max-snippet:-1, max-image-preview:large, max-video-preview:-1\" \/>\n<link rel=\"canonical\" href=\"https:\/\/www.visit-ulcinj.com\/blog\/2010\/08\/15\/guzva-u-ulcinju-kotor-za-bogate\/\" \/>\n<meta property=\"og:locale\" content=\"en_US\" \/>\n<meta property=\"og:type\" content=\"article\" \/>\n<meta property=\"og:title\" content=\"Gu\u017eva u Ulcinju, Kotor za bogate - Lajme nga Ulqini\" \/>\n<meta property=\"og:description\" content=\"Padaju rekordi! U Ulcinju je ove godine \u0161pic sezone po\u010deo ranije - gostiju ima \u010dak 74 odsto vi\u0161e nego lani u isto vreme, krcati su hoteli i privatne ku\u0107e,\" \/>\n<meta property=\"og:url\" content=\"https:\/\/www.visit-ulcinj.com\/blog\/2010\/08\/15\/guzva-u-ulcinju-kotor-za-bogate\/\" \/>\n<meta property=\"og:site_name\" content=\"Lajme nga Ulqini\" \/>\n<meta property=\"article:published_time\" content=\"2010-08-15T17:42:42+00:00\" \/>\n<meta property=\"article:modified_time\" content=\"2010-08-16T18:20:30+00:00\" \/>\n<meta property=\"og:image\" content=\"http:\/\/www.theodora.com\/wfb\/photos\/montenegro\/old_town_kotor_montengro_photo_alan_grant.jpg\" \/>\n<meta name=\"twitter:label1\" content=\"Written by\" \/>\n\t<meta name=\"twitter:data1\" content=\"ulqini\" \/>\n\t<meta name=\"twitter:label2\" content=\"Est. reading time\" \/>\n\t<meta name=\"twitter:data2\" content=\"3 minutes\" \/>\n<script type=\"application\/ld+json\" class=\"yoast-schema-graph\">{\"@context\":\"https:\/\/schema.org\",\"@graph\":[{\"@type\":\"WebSite\",\"@id\":\"https:\/\/www.visit-ulcinj.com\/blog\/#website\",\"url\":\"https:\/\/www.visit-ulcinj.com\/blog\/\",\"name\":\"Lajme nga Ulqini\",\"description\":\"Lajme,Vijesti,Ulqini,Ulqin,Crna Gora,Mali i Zi\",\"potentialAction\":[{\"@type\":\"SearchAction\",\"target\":{\"@type\":\"EntryPoint\",\"urlTemplate\":\"https:\/\/www.visit-ulcinj.com\/blog\/?s={search_term_string}\"},\"query-input\":\"required name=search_term_string\"}],\"inLanguage\":\"en-US\"},{\"@type\":\"ImageObject\",\"inLanguage\":\"en-US\",\"@id\":\"https:\/\/www.visit-ulcinj.com\/blog\/2010\/08\/15\/guzva-u-ulcinju-kotor-za-bogate\/#primaryimage\",\"url\":\"http:\/\/www.theodora.com\/wfb\/photos\/montenegro\/old_town_kotor_montengro_photo_alan_grant.jpg\",\"contentUrl\":\"http:\/\/www.theodora.com\/wfb\/photos\/montenegro\/old_town_kotor_montengro_photo_alan_grant.jpg\"},{\"@type\":\"WebPage\",\"@id\":\"https:\/\/www.visit-ulcinj.com\/blog\/2010\/08\/15\/guzva-u-ulcinju-kotor-za-bogate\/#webpage\",\"url\":\"https:\/\/www.visit-ulcinj.com\/blog\/2010\/08\/15\/guzva-u-ulcinju-kotor-za-bogate\/\",\"name\":\"Gu\u017eva u Ulcinju, Kotor za bogate - Lajme nga Ulqini\",\"isPartOf\":{\"@id\":\"https:\/\/www.visit-ulcinj.com\/blog\/#website\"},\"primaryImageOfPage\":{\"@id\":\"https:\/\/www.visit-ulcinj.com\/blog\/2010\/08\/15\/guzva-u-ulcinju-kotor-za-bogate\/#primaryimage\"},\"datePublished\":\"2010-08-15T17:42:42+00:00\",\"dateModified\":\"2010-08-16T18:20:30+00:00\",\"author\":{\"@id\":\"https:\/\/www.visit-ulcinj.com\/blog\/#\/schema\/person\/dcab619c614d3038751c63bc2aadc06d\"},\"description\":\"Padaju rekordi! U Ulcinju je ove godine \u0161pic sezone po\u010deo ranije - gostiju ima \u010dak 74 odsto vi\u0161e nego lani u isto vreme, krcati su hoteli i privatne ku\u0107e,\",\"breadcrumb\":{\"@id\":\"https:\/\/www.visit-ulcinj.com\/blog\/2010\/08\/15\/guzva-u-ulcinju-kotor-za-bogate\/#breadcrumb\"},\"inLanguage\":\"en-US\",\"potentialAction\":[{\"@type\":\"ReadAction\",\"target\":[\"https:\/\/www.visit-ulcinj.com\/blog\/2010\/08\/15\/guzva-u-ulcinju-kotor-za-bogate\/\"]}]},{\"@type\":\"BreadcrumbList\",\"@id\":\"https:\/\/www.visit-ulcinj.com\/blog\/2010\/08\/15\/guzva-u-ulcinju-kotor-za-bogate\/#breadcrumb\",\"itemListElement\":[{\"@type\":\"ListItem\",\"position\":1,\"name\":\"Gu\u017eva u Ulcinju, Kotor za bogate\"}]},{\"@type\":\"Person\",\"@id\":\"https:\/\/www.visit-ulcinj.com\/blog\/#\/schema\/person\/dcab619c614d3038751c63bc2aadc06d\",\"name\":\"ulqini\",\"sameAs\":[\"http:\/\/www.visit-ulcinj.com\"],\"url\":\"https:\/\/www.visit-ulcinj.com\/blog\/author\/admin\/\"}]}<\/script>\n<!-- \/ Yoast SEO plugin. -->","yoast_head_json":{"title":"Gu\u017eva u Ulcinju, Kotor za bogate - Lajme nga Ulqini","description":"Padaju rekordi! U Ulcinju je ove godine \u0161pic sezone po\u010deo ranije - gostiju ima \u010dak 74 odsto vi\u0161e nego lani u isto vreme, krcati su hoteli i privatne ku\u0107e,","robots":{"index":"index","follow":"follow","max-snippet":"max-snippet:-1","max-image-preview":"max-image-preview:large","max-video-preview":"max-video-preview:-1"},"canonical":"https:\/\/www.visit-ulcinj.com\/blog\/2010\/08\/15\/guzva-u-ulcinju-kotor-za-bogate\/","og_locale":"en_US","og_type":"article","og_title":"Gu\u017eva u Ulcinju, Kotor za bogate - Lajme nga Ulqini","og_description":"Padaju rekordi! U Ulcinju je ove godine \u0161pic sezone po\u010deo ranije - gostiju ima \u010dak 74 odsto vi\u0161e nego lani u isto vreme, krcati su hoteli i privatne ku\u0107e,","og_url":"https:\/\/www.visit-ulcinj.com\/blog\/2010\/08\/15\/guzva-u-ulcinju-kotor-za-bogate\/","og_site_name":"Lajme nga Ulqini","article_published_time":"2010-08-15T17:42:42+00:00","article_modified_time":"2010-08-16T18:20:30+00:00","og_image":[{"url":"http:\/\/www.theodora.com\/wfb\/photos\/montenegro\/old_town_kotor_montengro_photo_alan_grant.jpg"}],"twitter_misc":{"Written by":"ulqini","Est. reading time":"3 minutes"},"schema":{"@context":"https:\/\/schema.org","@graph":[{"@type":"WebSite","@id":"https:\/\/www.visit-ulcinj.com\/blog\/#website","url":"https:\/\/www.visit-ulcinj.com\/blog\/","name":"Lajme nga Ulqini","description":"Lajme,Vijesti,Ulqini,Ulqin,Crna Gora,Mali i Zi","potentialAction":[{"@type":"SearchAction","target":{"@type":"EntryPoint","urlTemplate":"https:\/\/www.visit-ulcinj.com\/blog\/?s={search_term_string}"},"query-input":"required name=search_term_string"}],"inLanguage":"en-US"},{"@type":"ImageObject","inLanguage":"en-US","@id":"https:\/\/www.visit-ulcinj.com\/blog\/2010\/08\/15\/guzva-u-ulcinju-kotor-za-bogate\/#primaryimage","url":"http:\/\/www.theodora.com\/wfb\/photos\/montenegro\/old_town_kotor_montengro_photo_alan_grant.jpg","contentUrl":"http:\/\/www.theodora.com\/wfb\/photos\/montenegro\/old_town_kotor_montengro_photo_alan_grant.jpg"},{"@type":"WebPage","@id":"https:\/\/www.visit-ulcinj.com\/blog\/2010\/08\/15\/guzva-u-ulcinju-kotor-za-bogate\/#webpage","url":"https:\/\/www.visit-ulcinj.com\/blog\/2010\/08\/15\/guzva-u-ulcinju-kotor-za-bogate\/","name":"Gu\u017eva u Ulcinju, Kotor za bogate - Lajme nga Ulqini","isPartOf":{"@id":"https:\/\/www.visit-ulcinj.com\/blog\/#website"},"primaryImageOfPage":{"@id":"https:\/\/www.visit-ulcinj.com\/blog\/2010\/08\/15\/guzva-u-ulcinju-kotor-za-bogate\/#primaryimage"},"datePublished":"2010-08-15T17:42:42+00:00","dateModified":"2010-08-16T18:20:30+00:00","author":{"@id":"https:\/\/www.visit-ulcinj.com\/blog\/#\/schema\/person\/dcab619c614d3038751c63bc2aadc06d"},"description":"Padaju rekordi! U Ulcinju je ove godine \u0161pic sezone po\u010deo ranije - gostiju ima \u010dak 74 odsto vi\u0161e nego lani u isto vreme, krcati su hoteli i privatne ku\u0107e,","breadcrumb":{"@id":"https:\/\/www.visit-ulcinj.com\/blog\/2010\/08\/15\/guzva-u-ulcinju-kotor-za-bogate\/#breadcrumb"},"inLanguage":"en-US","potentialAction":[{"@type":"ReadAction","target":["https:\/\/www.visit-ulcinj.com\/blog\/2010\/08\/15\/guzva-u-ulcinju-kotor-za-bogate\/"]}]},{"@type":"BreadcrumbList","@id":"https:\/\/www.visit-ulcinj.com\/blog\/2010\/08\/15\/guzva-u-ulcinju-kotor-za-bogate\/#breadcrumb","itemListElement":[{"@type":"ListItem","position":1,"name":"Gu\u017eva u Ulcinju, Kotor za bogate"}]},{"@type":"Person","@id":"https:\/\/www.visit-ulcinj.com\/blog\/#\/schema\/person\/dcab619c614d3038751c63bc2aadc06d","name":"ulqini","sameAs":["http:\/\/www.visit-ulcinj.com"],"url":"https:\/\/www.visit-ulcinj.com\/blog\/author\/admin\/"}]}},"jetpack_featured_media_url":"","jetpack_sharing_enabled":true,"jetpack_shortlink":"https:\/\/wp.me\/pe6lTn-9lw","_links":{"self":[{"href":"https:\/\/www.visit-ulcinj.com\/blog\/wp-json\/wp\/v2\/posts\/35930"}],"collection":[{"href":"https:\/\/www.visit-ulcinj.com\/blog\/wp-json\/wp\/v2\/posts"}],"about":[{"href":"https:\/\/www.visit-ulcinj.com\/blog\/wp-json\/wp\/v2\/types\/post"}],"author":[{"embeddable":true,"href":"https:\/\/www.visit-ulcinj.com\/blog\/wp-json\/wp\/v2\/users\/1"}],"replies":[{"embeddable":true,"href":"https:\/\/www.visit-ulcinj.com\/blog\/wp-json\/wp\/v2\/comments?post=35930"}],"version-history":[{"count":0,"href":"https:\/\/www.visit-ulcinj.com\/blog\/wp-json\/wp\/v2\/posts\/35930\/revisions"}],"wp:attachment":[{"href":"https:\/\/www.visit-ulcinj.com\/blog\/wp-json\/wp\/v2\/media?parent=35930"}],"wp:term":[{"taxonomy":"category","embeddable":true,"href":"https:\/\/www.visit-ulcinj.com\/blog\/wp-json\/wp\/v2\/categories?post=35930"},{"taxonomy":"post_tag","embeddable":true,"href":"https:\/\/www.visit-ulcinj.com\/blog\/wp-json\/wp\/v2\/tags?post=35930"}],"curies":[{"name":"wp","href":"https:\/\/api.w.org\/{rel}","templated":true}]}}