{"id":3595,"date":"2008-09-25T12:53:06","date_gmt":"2008-09-25T17:53:06","guid":{"rendered":"http:\/\/www.visit-ulcinj.com\/blog\/?p=3595"},"modified":"2008-10-17T14:10:39","modified_gmt":"2008-10-17T19:10:39","slug":"qendra-nansen-dialog-organizoi-ne-ulqin-seminarin-per-mesimdhenesit-nga-tuzi","status":"publish","type":"post","link":"https:\/\/www.visit-ulcinj.com\/blog\/2008\/09\/25\/qendra-nansen-dialog-organizoi-ne-ulqin-seminarin-per-mesimdhenesit-nga-tuzi\/","title":{"rendered":"Qendra Nansen Dialog organizoi n\u00eb Ulqin seminarin p\u00ebr m\u00ebsimdh\u00ebn\u00ebsit nga Tuzi"},"content":{"rendered":"<p><a href=\"http:\/\/www.visit-ulcinj.com\/blog\/wp-content\/uploads\/2008\/09\/prava_manjina.jpg\"><img loading=\"lazy\" class=\"alignleft size-medium wp-image-3596\" title=\"prava_manjina\" src=\"http:\/\/www.visit-ulcinj.com\/blog\/wp-content\/uploads\/2008\/09\/prava_manjina-300x200.jpg\" alt=\"\" width=\"300\" height=\"200\" srcset=\"https:\/\/www.visit-ulcinj.com\/blog\/wp-content\/uploads\/2008\/09\/prava_manjina-300x200.jpg 300w, https:\/\/www.visit-ulcinj.com\/blog\/wp-content\/uploads\/2008\/09\/prava_manjina.jpg 600w\" sizes=\"(max-width: 300px) 100vw, 300px\" \/><\/a><strong>Njohje me komunikimin e padhunsh\u00ebm<\/strong><br \/>\nUlqin &#8211; &#8220;Komunikimi dhe zgjidhja kreative e konflikteve n\u00eb shkoll\u00eb&#8221; ishte tema e seminarit q\u00eb Qendra Nansen Dialog organizoi k\u00ebt\u00eb fundjav\u00eb n\u00eb Ulqin p\u00ebr m\u00ebsimdh\u00ebn\u00ebsit nga Tuzi.<br \/>\nSipas koordinatorit t\u00eb Qendr\u00ebs Nansen Dialog, Leon Gjokaj, meq\u00eb Mali i Zi \u00ebsht\u00eb shoq\u00ebri multietnike e cila p\u00ebrballet me sfidat e procesit t\u00eb tranzicionit, p\u00ebrfshir\u00eb edhe reformat n\u00eb sistemin shkollor, programi i seminarit kishte synim afirmimin e dallimeve, komunikimin jo t\u00eb dhunsh\u00ebm dhe zgjidhjen paq\u00ebsore t\u00eb konflikteve p\u00ebrmes edukimit alternativ t\u00eb stafit m\u00ebsimor.<br \/>\nAi thot\u00eb se nj\u00ebri nd\u00ebr q\u00ebllimet kryesore t\u00eb seminarit ishte motivimi i pjes\u00ebmarr\u00ebsve q\u00eb n\u00eb pun\u00ebn e tyre profesionale dhe pedagogjike t\u00eb integrojn\u00eb dhe implementojn\u00eb vlerat e dialogut, toleranc\u00ebs, dallimeve dhe komunikimit t\u00eb padhunsh\u00ebm.<br \/>\nLigj\u00ebruese n\u00eb seminar ishte psikologia Lilana Krkeliq, nd\u00ebrsa pjes\u00ebmarr\u00ebsit e seminarit gjat\u00eb pun\u00ebs interaktive dhe pun\u00ebtorive u njoh\u00ebn me llojet e komunikimit t\u00eb padhunsh\u00ebm dhe metodat p\u00ebr zgjidhjen paq\u00ebsore t\u00eb konflikteve.<br \/>\n<strong>Kohapress<\/strong><\/p>\n<p style=\"text-align: center;\"><a href=\"http:\/\/www.visit-ulcinj.com\/?rub=taxicobi\"><img loading=\"lazy\" class=\"aligncenter size-full wp-image-2798\" title=\"taxi-cobi-ulqintaxi-cobi-ulcinjcrna-goramontenegromali-i-ziulqini\" src=\"http:\/\/www.visit-ulcinj.com\/blog\/wp-content\/uploads\/2008\/08\/taxi-cobi-ulqintaxi-cobi-ulcinjcrna-goramontenegromali-i-ziulqini.jpg\" alt=\"\" width=\"320\" height=\"150\" srcset=\"https:\/\/www.visit-ulcinj.com\/blog\/wp-content\/uploads\/2008\/08\/taxi-cobi-ulqintaxi-cobi-ulcinjcrna-goramontenegromali-i-ziulqini.jpg 320w, https:\/\/www.visit-ulcinj.com\/blog\/wp-content\/uploads\/2008\/08\/taxi-cobi-ulqintaxi-cobi-ulcinjcrna-goramontenegromali-i-ziulqini-300x140.jpg 300w\" sizes=\"(max-width: 320px) 100vw, 320px\" \/><\/a><\/p>\n","protected":false},"excerpt":{"rendered":"<p>Njohje me komunikimin e padhunsh\u00ebm Ulqin &#8211; &#8220;Komunikimi dhe zgjidhja kreative e konflikteve n\u00eb shkoll\u00eb&#8221; ishte tema e seminarit q\u00eb Qendra Nansen Dialog organizoi k\u00ebt\u00eb fundjav\u00eb n\u00eb Ulqin p\u00ebr m\u00ebsimdh\u00ebn\u00ebsit nga Tuzi. Sipas koordinatorit t\u00eb Qendr\u00ebs Nansen Dialog, Leon Gjokaj, meq\u00eb Mali i Zi \u00ebsht\u00eb shoq\u00ebri multietnike e cila p\u00ebrballet me sfidat e procesit t\u00eb [&hellip;]<\/p>\n","protected":false},"author":1,"featured_media":0,"comment_status":"open","ping_status":"closed","sticky":false,"template":"","format":"standard","meta":{"spay_email":"","jetpack_publicize_message":"","jetpack_is_tweetstorm":false,"jetpack_publicize_feature_enabled":true},"categories":[4,11,12],"tags":[95,4378,200,18],"jetpack_publicize_connections":[],"yoast_head":"<!-- This site is optimized with the Yoast SEO plugin v19.1 - https:\/\/yoast.com\/wordpress\/plugins\/seo\/ -->\n<title>Qendra Nansen Dialog organizoi n\u00eb Ulqin seminarin p\u00ebr m\u00ebsimdh\u00ebn\u00ebsit nga Tuzi - Lajme nga Ulqini<\/title>\n<meta name=\"description\" content=\"Njohje me komunikimin e padhunsh\u00ebm Ulqin - &quot;Komunikimi dhe zgjidhja kreative e konflikteve n\u00eb shkoll\u00eb&quot; ishte tema e seminarit q\u00eb Qendra Nansen Dialog\" \/>\n<meta name=\"robots\" content=\"index, follow, max-snippet:-1, max-image-preview:large, max-video-preview:-1\" \/>\n<link rel=\"canonical\" href=\"https:\/\/www.visit-ulcinj.com\/blog\/2008\/09\/25\/qendra-nansen-dialog-organizoi-ne-ulqin-seminarin-per-mesimdhenesit-nga-tuzi\/\" \/>\n<meta property=\"og:locale\" content=\"en_US\" \/>\n<meta property=\"og:type\" content=\"article\" \/>\n<meta property=\"og:title\" content=\"Qendra Nansen Dialog organizoi n\u00eb Ulqin seminarin p\u00ebr m\u00ebsimdh\u00ebn\u00ebsit nga Tuzi - Lajme nga Ulqini\" \/>\n<meta property=\"og:description\" content=\"Njohje me komunikimin e padhunsh\u00ebm Ulqin - &quot;Komunikimi dhe zgjidhja kreative e konflikteve n\u00eb shkoll\u00eb&quot; ishte tema e seminarit q\u00eb Qendra Nansen Dialog\" \/>\n<meta property=\"og:url\" content=\"https:\/\/www.visit-ulcinj.com\/blog\/2008\/09\/25\/qendra-nansen-dialog-organizoi-ne-ulqin-seminarin-per-mesimdhenesit-nga-tuzi\/\" \/>\n<meta property=\"og:site_name\" content=\"Lajme nga Ulqini\" \/>\n<meta property=\"article:published_time\" content=\"2008-09-25T17:53:06+00:00\" \/>\n<meta property=\"article:modified_time\" content=\"2008-10-17T19:10:39+00:00\" \/>\n<meta property=\"og:image\" content=\"http:\/\/www.visit-ulcinj.com\/blog\/wp-content\/uploads\/2008\/09\/prava_manjina-300x200.jpg\" \/>\n<meta name=\"twitter:label1\" content=\"Written by\" \/>\n\t<meta name=\"twitter:data1\" content=\"ulqini\" \/>\n\t<meta name=\"twitter:label2\" content=\"Est. reading time\" \/>\n\t<meta name=\"twitter:data2\" content=\"1 minute\" \/>\n<script type=\"application\/ld+json\" class=\"yoast-schema-graph\">{\"@context\":\"https:\/\/schema.org\",\"@graph\":[{\"@type\":\"WebSite\",\"@id\":\"https:\/\/www.visit-ulcinj.com\/blog\/#website\",\"url\":\"https:\/\/www.visit-ulcinj.com\/blog\/\",\"name\":\"Lajme nga Ulqini\",\"description\":\"Lajme,Vijesti,Ulqini,Ulqin,Crna Gora,Mali i Zi\",\"potentialAction\":[{\"@type\":\"SearchAction\",\"target\":{\"@type\":\"EntryPoint\",\"urlTemplate\":\"https:\/\/www.visit-ulcinj.com\/blog\/?s={search_term_string}\"},\"query-input\":\"required name=search_term_string\"}],\"inLanguage\":\"en-US\"},{\"@type\":\"ImageObject\",\"inLanguage\":\"en-US\",\"@id\":\"https:\/\/www.visit-ulcinj.com\/blog\/2008\/09\/25\/qendra-nansen-dialog-organizoi-ne-ulqin-seminarin-per-mesimdhenesit-nga-tuzi\/#primaryimage\",\"url\":\"http:\/\/www.visit-ulcinj.com\/blog\/wp-content\/uploads\/2008\/09\/prava_manjina-300x200.jpg\",\"contentUrl\":\"http:\/\/www.visit-ulcinj.com\/blog\/wp-content\/uploads\/2008\/09\/prava_manjina-300x200.jpg\"},{\"@type\":\"WebPage\",\"@id\":\"https:\/\/www.visit-ulcinj.com\/blog\/2008\/09\/25\/qendra-nansen-dialog-organizoi-ne-ulqin-seminarin-per-mesimdhenesit-nga-tuzi\/#webpage\",\"url\":\"https:\/\/www.visit-ulcinj.com\/blog\/2008\/09\/25\/qendra-nansen-dialog-organizoi-ne-ulqin-seminarin-per-mesimdhenesit-nga-tuzi\/\",\"name\":\"Qendra Nansen Dialog organizoi n\u00eb Ulqin seminarin p\u00ebr m\u00ebsimdh\u00ebn\u00ebsit nga Tuzi - Lajme nga Ulqini\",\"isPartOf\":{\"@id\":\"https:\/\/www.visit-ulcinj.com\/blog\/#website\"},\"primaryImageOfPage\":{\"@id\":\"https:\/\/www.visit-ulcinj.com\/blog\/2008\/09\/25\/qendra-nansen-dialog-organizoi-ne-ulqin-seminarin-per-mesimdhenesit-nga-tuzi\/#primaryimage\"},\"datePublished\":\"2008-09-25T17:53:06+00:00\",\"dateModified\":\"2008-10-17T19:10:39+00:00\",\"author\":{\"@id\":\"https:\/\/www.visit-ulcinj.com\/blog\/#\/schema\/person\/dcab619c614d3038751c63bc2aadc06d\"},\"description\":\"Njohje me komunikimin e padhunsh\u00ebm Ulqin - \\\"Komunikimi dhe zgjidhja kreative e konflikteve n\u00eb shkoll\u00eb\\\" ishte tema e seminarit q\u00eb Qendra Nansen Dialog\",\"breadcrumb\":{\"@id\":\"https:\/\/www.visit-ulcinj.com\/blog\/2008\/09\/25\/qendra-nansen-dialog-organizoi-ne-ulqin-seminarin-per-mesimdhenesit-nga-tuzi\/#breadcrumb\"},\"inLanguage\":\"en-US\",\"potentialAction\":[{\"@type\":\"ReadAction\",\"target\":[\"https:\/\/www.visit-ulcinj.com\/blog\/2008\/09\/25\/qendra-nansen-dialog-organizoi-ne-ulqin-seminarin-per-mesimdhenesit-nga-tuzi\/\"]}]},{\"@type\":\"BreadcrumbList\",\"@id\":\"https:\/\/www.visit-ulcinj.com\/blog\/2008\/09\/25\/qendra-nansen-dialog-organizoi-ne-ulqin-seminarin-per-mesimdhenesit-nga-tuzi\/#breadcrumb\",\"itemListElement\":[{\"@type\":\"ListItem\",\"position\":1,\"name\":\"Qendra Nansen Dialog organizoi n\u00eb Ulqin seminarin p\u00ebr m\u00ebsimdh\u00ebn\u00ebsit nga Tuzi\"}]},{\"@type\":\"Person\",\"@id\":\"https:\/\/www.visit-ulcinj.com\/blog\/#\/schema\/person\/dcab619c614d3038751c63bc2aadc06d\",\"name\":\"ulqini\",\"sameAs\":[\"http:\/\/www.visit-ulcinj.com\"],\"url\":\"https:\/\/www.visit-ulcinj.com\/blog\/author\/admin\/\"}]}<\/script>\n<!-- \/ Yoast SEO plugin. -->","yoast_head_json":{"title":"Qendra Nansen Dialog organizoi n\u00eb Ulqin seminarin p\u00ebr m\u00ebsimdh\u00ebn\u00ebsit nga Tuzi - Lajme nga Ulqini","description":"Njohje me komunikimin e padhunsh\u00ebm Ulqin - \"Komunikimi dhe zgjidhja kreative e konflikteve n\u00eb shkoll\u00eb\" ishte tema e seminarit q\u00eb Qendra Nansen Dialog","robots":{"index":"index","follow":"follow","max-snippet":"max-snippet:-1","max-image-preview":"max-image-preview:large","max-video-preview":"max-video-preview:-1"},"canonical":"https:\/\/www.visit-ulcinj.com\/blog\/2008\/09\/25\/qendra-nansen-dialog-organizoi-ne-ulqin-seminarin-per-mesimdhenesit-nga-tuzi\/","og_locale":"en_US","og_type":"article","og_title":"Qendra Nansen Dialog organizoi n\u00eb Ulqin seminarin p\u00ebr m\u00ebsimdh\u00ebn\u00ebsit nga Tuzi - Lajme nga Ulqini","og_description":"Njohje me komunikimin e padhunsh\u00ebm Ulqin - \"Komunikimi dhe zgjidhja kreative e konflikteve n\u00eb shkoll\u00eb\" ishte tema e seminarit q\u00eb Qendra Nansen Dialog","og_url":"https:\/\/www.visit-ulcinj.com\/blog\/2008\/09\/25\/qendra-nansen-dialog-organizoi-ne-ulqin-seminarin-per-mesimdhenesit-nga-tuzi\/","og_site_name":"Lajme nga Ulqini","article_published_time":"2008-09-25T17:53:06+00:00","article_modified_time":"2008-10-17T19:10:39+00:00","og_image":[{"url":"http:\/\/www.visit-ulcinj.com\/blog\/wp-content\/uploads\/2008\/09\/prava_manjina-300x200.jpg"}],"twitter_misc":{"Written by":"ulqini","Est. reading time":"1 minute"},"schema":{"@context":"https:\/\/schema.org","@graph":[{"@type":"WebSite","@id":"https:\/\/www.visit-ulcinj.com\/blog\/#website","url":"https:\/\/www.visit-ulcinj.com\/blog\/","name":"Lajme nga Ulqini","description":"Lajme,Vijesti,Ulqini,Ulqin,Crna Gora,Mali i Zi","potentialAction":[{"@type":"SearchAction","target":{"@type":"EntryPoint","urlTemplate":"https:\/\/www.visit-ulcinj.com\/blog\/?s={search_term_string}"},"query-input":"required name=search_term_string"}],"inLanguage":"en-US"},{"@type":"ImageObject","inLanguage":"en-US","@id":"https:\/\/www.visit-ulcinj.com\/blog\/2008\/09\/25\/qendra-nansen-dialog-organizoi-ne-ulqin-seminarin-per-mesimdhenesit-nga-tuzi\/#primaryimage","url":"http:\/\/www.visit-ulcinj.com\/blog\/wp-content\/uploads\/2008\/09\/prava_manjina-300x200.jpg","contentUrl":"http:\/\/www.visit-ulcinj.com\/blog\/wp-content\/uploads\/2008\/09\/prava_manjina-300x200.jpg"},{"@type":"WebPage","@id":"https:\/\/www.visit-ulcinj.com\/blog\/2008\/09\/25\/qendra-nansen-dialog-organizoi-ne-ulqin-seminarin-per-mesimdhenesit-nga-tuzi\/#webpage","url":"https:\/\/www.visit-ulcinj.com\/blog\/2008\/09\/25\/qendra-nansen-dialog-organizoi-ne-ulqin-seminarin-per-mesimdhenesit-nga-tuzi\/","name":"Qendra Nansen Dialog organizoi n\u00eb Ulqin seminarin p\u00ebr m\u00ebsimdh\u00ebn\u00ebsit nga Tuzi - Lajme nga Ulqini","isPartOf":{"@id":"https:\/\/www.visit-ulcinj.com\/blog\/#website"},"primaryImageOfPage":{"@id":"https:\/\/www.visit-ulcinj.com\/blog\/2008\/09\/25\/qendra-nansen-dialog-organizoi-ne-ulqin-seminarin-per-mesimdhenesit-nga-tuzi\/#primaryimage"},"datePublished":"2008-09-25T17:53:06+00:00","dateModified":"2008-10-17T19:10:39+00:00","author":{"@id":"https:\/\/www.visit-ulcinj.com\/blog\/#\/schema\/person\/dcab619c614d3038751c63bc2aadc06d"},"description":"Njohje me komunikimin e padhunsh\u00ebm Ulqin - \"Komunikimi dhe zgjidhja kreative e konflikteve n\u00eb shkoll\u00eb\" ishte tema e seminarit q\u00eb Qendra Nansen Dialog","breadcrumb":{"@id":"https:\/\/www.visit-ulcinj.com\/blog\/2008\/09\/25\/qendra-nansen-dialog-organizoi-ne-ulqin-seminarin-per-mesimdhenesit-nga-tuzi\/#breadcrumb"},"inLanguage":"en-US","potentialAction":[{"@type":"ReadAction","target":["https:\/\/www.visit-ulcinj.com\/blog\/2008\/09\/25\/qendra-nansen-dialog-organizoi-ne-ulqin-seminarin-per-mesimdhenesit-nga-tuzi\/"]}]},{"@type":"BreadcrumbList","@id":"https:\/\/www.visit-ulcinj.com\/blog\/2008\/09\/25\/qendra-nansen-dialog-organizoi-ne-ulqin-seminarin-per-mesimdhenesit-nga-tuzi\/#breadcrumb","itemListElement":[{"@type":"ListItem","position":1,"name":"Qendra Nansen Dialog organizoi n\u00eb Ulqin seminarin p\u00ebr m\u00ebsimdh\u00ebn\u00ebsit nga Tuzi"}]},{"@type":"Person","@id":"https:\/\/www.visit-ulcinj.com\/blog\/#\/schema\/person\/dcab619c614d3038751c63bc2aadc06d","name":"ulqini","sameAs":["http:\/\/www.visit-ulcinj.com"],"url":"https:\/\/www.visit-ulcinj.com\/blog\/author\/admin\/"}]}},"jetpack_featured_media_url":"","jetpack_sharing_enabled":true,"jetpack_shortlink":"https:\/\/wp.me\/pe6lTn-VZ","_links":{"self":[{"href":"https:\/\/www.visit-ulcinj.com\/blog\/wp-json\/wp\/v2\/posts\/3595"}],"collection":[{"href":"https:\/\/www.visit-ulcinj.com\/blog\/wp-json\/wp\/v2\/posts"}],"about":[{"href":"https:\/\/www.visit-ulcinj.com\/blog\/wp-json\/wp\/v2\/types\/post"}],"author":[{"embeddable":true,"href":"https:\/\/www.visit-ulcinj.com\/blog\/wp-json\/wp\/v2\/users\/1"}],"replies":[{"embeddable":true,"href":"https:\/\/www.visit-ulcinj.com\/blog\/wp-json\/wp\/v2\/comments?post=3595"}],"version-history":[{"count":0,"href":"https:\/\/www.visit-ulcinj.com\/blog\/wp-json\/wp\/v2\/posts\/3595\/revisions"}],"wp:attachment":[{"href":"https:\/\/www.visit-ulcinj.com\/blog\/wp-json\/wp\/v2\/media?parent=3595"}],"wp:term":[{"taxonomy":"category","embeddable":true,"href":"https:\/\/www.visit-ulcinj.com\/blog\/wp-json\/wp\/v2\/categories?post=3595"},{"taxonomy":"post_tag","embeddable":true,"href":"https:\/\/www.visit-ulcinj.com\/blog\/wp-json\/wp\/v2\/tags?post=3595"}],"curies":[{"name":"wp","href":"https:\/\/api.w.org\/{rel}","templated":true}]}}