{"id":35973,"date":"2010-08-15T22:01:39","date_gmt":"2010-08-15T20:01:39","guid":{"rendered":"http:\/\/www.visit-ulcinj.com\/blog\/?p=35973"},"modified":"2022-06-13T13:30:40","modified_gmt":"2022-06-13T12:30:40","slug":"cazare-in-ulcinj-muntenegru-6-e","status":"publish","type":"post","link":"https:\/\/www.visit-ulcinj.com\/blog\/2010\/08\/15\/cazare-in-ulcinj-muntenegru-6-e\/","title":{"rendered":"Cazare \u00een Ulcinj Muntenegru 7 \u20ac"},"content":{"rendered":"<p><strong><a href=\"http:\/\/www.visit-ulcinj.com\/blog\/wp-content\/uploads\/2010\/08\/A-Ulcinj-Mont\u00e9n\u00e9gro-vacances-\u00e0-9CHF.5.jpg\"><img loading=\"lazy\" class=\"alignleft size-full wp-image-35974\" title=\"A Ulcinj-Mont\u00e9n\u00e9gro vacances \u00e0 9CHF.5\" src=\"http:\/\/www.visit-ulcinj.com\/blog\/wp-content\/uploads\/2010\/08\/A-Ulcinj-Mont\u00e9n\u00e9gro-vacances-\u00e0-9CHF.5.jpg\" alt=\"\" width=\"490\" height=\"341\" \/><\/a><\/strong><\/p>\n<p><strong>Email: Holiday House@gmail.com<\/strong><\/p>\n<p><strong><a href=\"http:\/\/www.visit-ulcinj.com\/\" target=\"_blank\" rel=\"noopener\">Asisten\u0163\u0103 \u015fi informa\u0163ii<\/a><\/strong><a href=\"http:\/\/www.visit-ulcinj.com\/\" target=\"_blank\" rel=\"noopener\"><br \/>\nPe acest\u0103 pagin\u0103 afi\u015f\u0103m rezultatele pentru c\u0103utarea &#8221;toate locurile de cazare din localitatea Ulcinj-Muntenegru &#8211; Locuri de cazare&#8221;. Pute\u0163i ini\u0163ia o nou\u0103 c\u0103utare prin ap\u0103sarea butonului galben &#8221;Caut\u0103 cazare&#8221;. Este recomandat s\u0103 v\u0103 mai \u00eentoarce\u0163i, num\u0103rul locurilor de cazare \u00eenregistrate cre\u015fte continuu, astfel dac\u0103 mai reveni\u0163i pe pagina noastr\u0103 sper\u0103m s\u0103 v\u0103 oferim \u015fi mai multe locuri de cazare din localitatea Locuri de cazare Ulcinj.<br \/>\n\u0162ara : Muntenegru<br \/>\nJude\u0163 : Ulcinj<br \/>\nOra\u015f : Ulcinj<br \/>\nCategorie : Appartement<br \/>\nTipul locului de cazare : Apartament<br \/>\nNum\u0103r camere : 6<br \/>\nPre\u0163 (de la &#8211; p\u00e2n\u0103 la, pe persoan\u0103, pe noapte): 6 &#8211; EUR<br \/>\nProgram: De la: Ianuarie 1 P\u00e2n\u0103 la: Decembrie 31<\/a><\/p>\n<p><a href=\"http:\/\/www.visit-ulcinj.com\/\" target=\"_blank\" rel=\"noopener\">E\u015fti \u00een c\u0103utarea unui loc \u00een care va stabili mintea ta gratuit \u015fi, de asemenea, un loc \u00een apropierea tuturor de divertisment? Te consideri norocos! Aici, la Genta-Apartamente noi oferim mai mult dec\u00e2t a\u0163i putea g\u00e2ndi. articole de lux \u015fi doar c\u0103 suma de spatiul de care aveti nevoie. Sumele totale de camere sunt de \u015fase mai degrab\u0103 sunte\u0163i o familie de mari sau mici, avem ceea ce cauti. Camerele constau dintr-o \/ c, tv prin satelit, internet wifi, comoda ta cu armurarii, frigider, fier si \/ Fier de calcat. Paturile sunt fie simple, duble, si regina mijlocii suma total\u0103 de 18 de paturi. Recent remodelat bai personale, cu un stand dus \u00een sus, care constau \u00eentotdeauna de prosoape curate, uscator de lovitur\u0103, s\u0103pun, \u015fampon \u015fi etc \u00cen fiecare camer\u0103 ave\u0163i propria teras\u0103 cu o vedere deosebit\u0103 a M\u0103rii Adriatice. Avem o sp\u0103l\u0103torie, parcare si o curte superba. \u00cen cazul \u00een care dori\u0163i s\u0103 lua\u0163i masa \u00een avem o bucatarie mare sau dac\u0103 dori\u0163i s\u0103 lua\u0163i masa acolo sunt dou\u0103 restaurante \u00een apropiere aproximativ 400m departe. Plaja este de aproximativ 500 m de apartament, \u00eempreun\u0103 cu o zona centrala a orasului, astfel \u00eenc\u00e2t s\u0103 v\u0103 pute\u0163i bucura de noapte afar\u0103 \u015fi \u015ftiu c\u0103 nu a\u0163i c\u0103l\u0103torie departe de a face acest lucru. Exist\u0103, de asemenea, o plaj\u0103 cunoscut\u0103 \u00een apropiere 450m departe cu un parc plin de arbori de pin s\u0103n\u0103to\u015fi \u015fi un loc grozav s\u0103 \u00eenoate sau bronz. S\u0103 nu uit\u0103m despre castel istorice \u015fi frumoase, care este 800m.Not numai c\u0103 exist\u0103 un castel, dar cluburi, magazine cafenele, centre comerciale \u015fi dou\u0103 mari plaje.<\/a><\/p>\n\n\t\t<style type=\"text\/css\">\n\t\t\t#gallery-1 {\n\t\t\t\tmargin: auto;\n\t\t\t}\n\t\t\t#gallery-1 .gallery-item {\n\t\t\t\tfloat: left;\n\t\t\t\tmargin-top: 10px;\n\t\t\t\ttext-align: center;\n\t\t\t\twidth: 33%;\n\t\t\t}\n\t\t\t#gallery-1 img {\n\t\t\t\tborder: 2px solid #cfcfcf;\n\t\t\t}\n\t\t\t#gallery-1 .gallery-caption {\n\t\t\t\tmargin-left: 0;\n\t\t\t}\n\t\t\t\/* see gallery_shortcode() in wp-includes\/media.php *\/\n\t\t<\/style>\n\t\t<div id='gallery-1' class='gallery galleryid-35973 gallery-columns-3 gallery-size-thumbnail'><dl class='gallery-item'>\n\t\t\t<dt class='gallery-icon landscape'>\n\t\t\t\t<a href='https:\/\/www.visit-ulcinj.com\/blog\/wp-content\/uploads\/2010\/08\/A-Ulcinj-Mont\u00e9n\u00e9gro-vacances-\u00e0-9CHF.5.jpg'><img width=\"150\" height=\"150\" src=\"https:\/\/www.visit-ulcinj.com\/blog\/wp-content\/uploads\/2010\/08\/A-Ulcinj-Mont\u00e9n\u00e9gro-vacances-\u00e0-9CHF.5-150x150.jpg\" class=\"attachment-thumbnail size-thumbnail\" alt=\"\" loading=\"lazy\" \/><\/a>\n\t\t\t<\/dt><\/dl><dl class='gallery-item'>\n\t\t\t<dt class='gallery-icon landscape'>\n\t\t\t\t<a href='https:\/\/www.visit-ulcinj.com\/blog\/wp-content\/uploads\/2010\/08\/fluksi-turistik-ne-ulqin1.jpg'><img width=\"150\" height=\"150\" src=\"https:\/\/www.visit-ulcinj.com\/blog\/wp-content\/uploads\/2010\/08\/fluksi-turistik-ne-ulqin1-150x150.jpg\" class=\"attachment-thumbnail size-thumbnail\" alt=\"\" loading=\"lazy\" \/><\/a>\n\t\t\t<\/dt><\/dl><dl class='gallery-item'>\n\t\t\t<dt class='gallery-icon landscape'>\n\t\t\t\t<a href='https:\/\/www.visit-ulcinj.com\/blog\/wp-content\/uploads\/2010\/08\/Gu\u017eva-u-Ulcinju1.jpg'><img width=\"150\" height=\"150\" src=\"https:\/\/www.visit-ulcinj.com\/blog\/wp-content\/uploads\/2010\/08\/Gu\u017eva-u-Ulcinju1-150x150.jpg\" class=\"attachment-thumbnail size-thumbnail\" alt=\"\" loading=\"lazy\" \/><\/a>\n\t\t\t<\/dt><\/dl><br style=\"clear: both\" \/>\n\t\t<\/div>\n\n<p>[flv width=&#8221;490&#8243; height=&#8221;400&#8243;]http:\/\/video.zoover.nl\/media\/play\/2010\/01\/20100125130811_025.flv[\/flv]<\/p>\n","protected":false},"excerpt":{"rendered":"<p>Email: Holiday House@gmail.com Asisten\u0163\u0103 \u015fi informa\u0163ii Pe acest\u0103 pagin\u0103 afi\u015f\u0103m rezultatele pentru c\u0103utarea &#8221;toate locurile de cazare din localitatea Ulcinj-Muntenegru &#8211; Locuri de cazare&#8221;. Pute\u0163i ini\u0163ia o nou\u0103 c\u0103utare prin ap\u0103sarea butonului galben &#8221;Caut\u0103 cazare&#8221;. Este recomandat s\u0103 v\u0103 mai \u00eentoarce\u0163i, num\u0103rul locurilor de cazare \u00eenregistrate cre\u015fte continuu, astfel dac\u0103 mai reveni\u0163i pe pagina noastr\u0103 [&hellip;]<\/p>\n","protected":false},"author":1,"featured_media":0,"comment_status":"open","ping_status":"closed","sticky":false,"template":"","format":"standard","meta":{"spay_email":"","jetpack_publicize_message":"","jetpack_is_tweetstorm":false,"jetpack_publicize_feature_enabled":true},"categories":[7679],"tags":[15586,15565,15568,15585,15589,14971,15587,15588,3969,15591,14972,12036,15590,15592,15593,4620],"jetpack_publicize_connections":[],"yoast_head":"<!-- This site is optimized with the Yoast SEO plugin v19.1 - https:\/\/yoast.com\/wordpress\/plugins\/seo\/ -->\n<title>Cazare \u00een Ulcinj Muntenegru 7 \u20ac - Lajme nga Ulqini<\/title>\n<meta name=\"description\" content=\"Email: Holiday House@gmail.com Asisten\u0163\u0103 \u015fi informa\u0163ii Pe acest\u0103 pagin\u0103 afi\u015f\u0103m rezultatele pentru c\u0103utarea &#039;&#039;toate locurile de cazare din localitatea\" \/>\n<meta name=\"robots\" content=\"index, follow, max-snippet:-1, max-image-preview:large, max-video-preview:-1\" \/>\n<link rel=\"canonical\" href=\"https:\/\/www.visit-ulcinj.com\/blog\/2010\/08\/15\/cazare-in-ulcinj-muntenegru-6-e\/\" \/>\n<meta property=\"og:locale\" content=\"en_US\" \/>\n<meta property=\"og:type\" content=\"article\" \/>\n<meta property=\"og:title\" content=\"Cazare \u00een Ulcinj Muntenegru 7 \u20ac - Lajme nga Ulqini\" \/>\n<meta property=\"og:description\" content=\"Email: Holiday House@gmail.com Asisten\u0163\u0103 \u015fi informa\u0163ii Pe acest\u0103 pagin\u0103 afi\u015f\u0103m rezultatele pentru c\u0103utarea &#039;&#039;toate locurile de cazare din localitatea\" \/>\n<meta property=\"og:url\" content=\"https:\/\/www.visit-ulcinj.com\/blog\/2010\/08\/15\/cazare-in-ulcinj-muntenegru-6-e\/\" \/>\n<meta property=\"og:site_name\" content=\"Lajme nga Ulqini\" \/>\n<meta property=\"article:published_time\" content=\"2010-08-15T20:01:39+00:00\" \/>\n<meta property=\"article:modified_time\" content=\"2022-06-13T12:30:40+00:00\" \/>\n<meta property=\"og:image\" content=\"https:\/\/www.visit-ulcinj.com\/blog\/wp-content\/uploads\/2010\/08\/A-Ulcinj-Mont\u00e9n\u00e9gro-vacances-\u00e0-9CHF.5-150x150.jpg\" \/>\n<meta name=\"twitter:label1\" content=\"Written by\" \/>\n\t<meta name=\"twitter:data1\" content=\"ulqini\" \/>\n\t<meta name=\"twitter:label2\" content=\"Est. reading time\" \/>\n\t<meta name=\"twitter:data2\" content=\"2 minutes\" \/>\n<script type=\"application\/ld+json\" class=\"yoast-schema-graph\">{\"@context\":\"https:\/\/schema.org\",\"@graph\":[{\"@type\":\"WebSite\",\"@id\":\"https:\/\/www.visit-ulcinj.com\/blog\/#website\",\"url\":\"https:\/\/www.visit-ulcinj.com\/blog\/\",\"name\":\"Lajme nga Ulqini\",\"description\":\"Lajme,Vijesti,Ulqini,Ulqin,Crna Gora,Mali i Zi\",\"potentialAction\":[{\"@type\":\"SearchAction\",\"target\":{\"@type\":\"EntryPoint\",\"urlTemplate\":\"https:\/\/www.visit-ulcinj.com\/blog\/?s={search_term_string}\"},\"query-input\":\"required name=search_term_string\"}],\"inLanguage\":\"en-US\"},{\"@type\":\"WebPage\",\"@id\":\"https:\/\/www.visit-ulcinj.com\/blog\/2010\/08\/15\/cazare-in-ulcinj-muntenegru-6-e\/#webpage\",\"url\":\"https:\/\/www.visit-ulcinj.com\/blog\/2010\/08\/15\/cazare-in-ulcinj-muntenegru-6-e\/\",\"name\":\"Cazare \u00een Ulcinj Muntenegru 7 \u20ac - Lajme nga Ulqini\",\"isPartOf\":{\"@id\":\"https:\/\/www.visit-ulcinj.com\/blog\/#website\"},\"datePublished\":\"2010-08-15T20:01:39+00:00\",\"dateModified\":\"2022-06-13T12:30:40+00:00\",\"author\":{\"@id\":\"https:\/\/www.visit-ulcinj.com\/blog\/#\/schema\/person\/dcab619c614d3038751c63bc2aadc06d\"},\"description\":\"Email: Holiday House@gmail.com Asisten\u0163\u0103 \u015fi informa\u0163ii Pe acest\u0103 pagin\u0103 afi\u015f\u0103m rezultatele pentru c\u0103utarea ''toate locurile de cazare din localitatea\",\"breadcrumb\":{\"@id\":\"https:\/\/www.visit-ulcinj.com\/blog\/2010\/08\/15\/cazare-in-ulcinj-muntenegru-6-e\/#breadcrumb\"},\"inLanguage\":\"en-US\",\"potentialAction\":[{\"@type\":\"ReadAction\",\"target\":[\"https:\/\/www.visit-ulcinj.com\/blog\/2010\/08\/15\/cazare-in-ulcinj-muntenegru-6-e\/\"]}]},{\"@type\":\"BreadcrumbList\",\"@id\":\"https:\/\/www.visit-ulcinj.com\/blog\/2010\/08\/15\/cazare-in-ulcinj-muntenegru-6-e\/#breadcrumb\",\"itemListElement\":[{\"@type\":\"ListItem\",\"position\":1,\"name\":\"Cazare \u00een Ulcinj Muntenegru 7 \u20ac\"}]},{\"@type\":\"Person\",\"@id\":\"https:\/\/www.visit-ulcinj.com\/blog\/#\/schema\/person\/dcab619c614d3038751c63bc2aadc06d\",\"name\":\"ulqini\",\"sameAs\":[\"http:\/\/www.visit-ulcinj.com\"],\"url\":\"https:\/\/www.visit-ulcinj.com\/blog\/author\/admin\/\"}]}<\/script>\n<!-- \/ Yoast SEO plugin. -->","yoast_head_json":{"title":"Cazare \u00een Ulcinj Muntenegru 7 \u20ac - Lajme nga Ulqini","description":"Email: Holiday House@gmail.com Asisten\u0163\u0103 \u015fi informa\u0163ii Pe acest\u0103 pagin\u0103 afi\u015f\u0103m rezultatele pentru c\u0103utarea ''toate locurile de cazare din localitatea","robots":{"index":"index","follow":"follow","max-snippet":"max-snippet:-1","max-image-preview":"max-image-preview:large","max-video-preview":"max-video-preview:-1"},"canonical":"https:\/\/www.visit-ulcinj.com\/blog\/2010\/08\/15\/cazare-in-ulcinj-muntenegru-6-e\/","og_locale":"en_US","og_type":"article","og_title":"Cazare \u00een Ulcinj Muntenegru 7 \u20ac - Lajme nga Ulqini","og_description":"Email: Holiday House@gmail.com Asisten\u0163\u0103 \u015fi informa\u0163ii Pe acest\u0103 pagin\u0103 afi\u015f\u0103m rezultatele pentru c\u0103utarea ''toate locurile de cazare din localitatea","og_url":"https:\/\/www.visit-ulcinj.com\/blog\/2010\/08\/15\/cazare-in-ulcinj-muntenegru-6-e\/","og_site_name":"Lajme nga Ulqini","article_published_time":"2010-08-15T20:01:39+00:00","article_modified_time":"2022-06-13T12:30:40+00:00","og_image":[{"url":"https:\/\/www.visit-ulcinj.com\/blog\/wp-content\/uploads\/2010\/08\/A-Ulcinj-Mont\u00e9n\u00e9gro-vacances-\u00e0-9CHF.5-150x150.jpg"}],"twitter_misc":{"Written by":"ulqini","Est. reading time":"2 minutes"},"schema":{"@context":"https:\/\/schema.org","@graph":[{"@type":"WebSite","@id":"https:\/\/www.visit-ulcinj.com\/blog\/#website","url":"https:\/\/www.visit-ulcinj.com\/blog\/","name":"Lajme nga Ulqini","description":"Lajme,Vijesti,Ulqini,Ulqin,Crna Gora,Mali i Zi","potentialAction":[{"@type":"SearchAction","target":{"@type":"EntryPoint","urlTemplate":"https:\/\/www.visit-ulcinj.com\/blog\/?s={search_term_string}"},"query-input":"required name=search_term_string"}],"inLanguage":"en-US"},{"@type":"WebPage","@id":"https:\/\/www.visit-ulcinj.com\/blog\/2010\/08\/15\/cazare-in-ulcinj-muntenegru-6-e\/#webpage","url":"https:\/\/www.visit-ulcinj.com\/blog\/2010\/08\/15\/cazare-in-ulcinj-muntenegru-6-e\/","name":"Cazare \u00een Ulcinj Muntenegru 7 \u20ac - Lajme nga Ulqini","isPartOf":{"@id":"https:\/\/www.visit-ulcinj.com\/blog\/#website"},"datePublished":"2010-08-15T20:01:39+00:00","dateModified":"2022-06-13T12:30:40+00:00","author":{"@id":"https:\/\/www.visit-ulcinj.com\/blog\/#\/schema\/person\/dcab619c614d3038751c63bc2aadc06d"},"description":"Email: Holiday House@gmail.com Asisten\u0163\u0103 \u015fi informa\u0163ii Pe acest\u0103 pagin\u0103 afi\u015f\u0103m rezultatele pentru c\u0103utarea ''toate locurile de cazare din localitatea","breadcrumb":{"@id":"https:\/\/www.visit-ulcinj.com\/blog\/2010\/08\/15\/cazare-in-ulcinj-muntenegru-6-e\/#breadcrumb"},"inLanguage":"en-US","potentialAction":[{"@type":"ReadAction","target":["https:\/\/www.visit-ulcinj.com\/blog\/2010\/08\/15\/cazare-in-ulcinj-muntenegru-6-e\/"]}]},{"@type":"BreadcrumbList","@id":"https:\/\/www.visit-ulcinj.com\/blog\/2010\/08\/15\/cazare-in-ulcinj-muntenegru-6-e\/#breadcrumb","itemListElement":[{"@type":"ListItem","position":1,"name":"Cazare \u00een Ulcinj Muntenegru 7 \u20ac"}]},{"@type":"Person","@id":"https:\/\/www.visit-ulcinj.com\/blog\/#\/schema\/person\/dcab619c614d3038751c63bc2aadc06d","name":"ulqini","sameAs":["http:\/\/www.visit-ulcinj.com"],"url":"https:\/\/www.visit-ulcinj.com\/blog\/author\/admin\/"}]}},"jetpack_featured_media_url":"","jetpack_sharing_enabled":true,"jetpack_shortlink":"https:\/\/wp.me\/pe6lTn-9md","_links":{"self":[{"href":"https:\/\/www.visit-ulcinj.com\/blog\/wp-json\/wp\/v2\/posts\/35973"}],"collection":[{"href":"https:\/\/www.visit-ulcinj.com\/blog\/wp-json\/wp\/v2\/posts"}],"about":[{"href":"https:\/\/www.visit-ulcinj.com\/blog\/wp-json\/wp\/v2\/types\/post"}],"author":[{"embeddable":true,"href":"https:\/\/www.visit-ulcinj.com\/blog\/wp-json\/wp\/v2\/users\/1"}],"replies":[{"embeddable":true,"href":"https:\/\/www.visit-ulcinj.com\/blog\/wp-json\/wp\/v2\/comments?post=35973"}],"version-history":[{"count":5,"href":"https:\/\/www.visit-ulcinj.com\/blog\/wp-json\/wp\/v2\/posts\/35973\/revisions"}],"predecessor-version":[{"id":106698,"href":"https:\/\/www.visit-ulcinj.com\/blog\/wp-json\/wp\/v2\/posts\/35973\/revisions\/106698"}],"wp:attachment":[{"href":"https:\/\/www.visit-ulcinj.com\/blog\/wp-json\/wp\/v2\/media?parent=35973"}],"wp:term":[{"taxonomy":"category","embeddable":true,"href":"https:\/\/www.visit-ulcinj.com\/blog\/wp-json\/wp\/v2\/categories?post=35973"},{"taxonomy":"post_tag","embeddable":true,"href":"https:\/\/www.visit-ulcinj.com\/blog\/wp-json\/wp\/v2\/tags?post=35973"}],"curies":[{"name":"wp","href":"https:\/\/api.w.org\/{rel}","templated":true}]}}