{"id":35979,"date":"2010-08-15T22:17:58","date_gmt":"2010-08-15T20:17:58","guid":{"rendered":"http:\/\/www.visit-ulcinj.com\/blog\/?p=35979"},"modified":"2022-06-13T13:30:18","modified_gmt":"2022-06-13T12:30:18","slug":"ubytovani-pokojucobi-6e-ulcinj-cerna-hora","status":"publish","type":"post","link":"https:\/\/www.visit-ulcinj.com\/blog\/2010\/08\/15\/ubytovani-pokojucobi-6e-ulcinj-cerna-hora\/","title":{"rendered":"Ubytov\u00e1n\u00ed pokoj\u016f ,7\u20ac &#8211; Ulcinj &#8211; \u010cern\u00e1 Hora"},"content":{"rendered":"<p><img loading=\"lazy\" class=\"alignleft\" title=\"Ubytov\u00e1n\u00ed pokoj\u016f:Cobi 6\u20ac - Ulcinj -\u010cern\u00e1 Hora \" src=\"http:\/\/www.visit-ulcinj.com\/blog\/wp-content\/uploads\/2010\/08\/A-Ulcinj-Mont%C3%A9n%C3%A9gro-vacances-%C3%A0-9CHF.5.jpg\" alt=\"\" width=\"490\" height=\"341\" \/><\/p>\n<p><strong>Email: Holiday House@gmail.com<\/strong><\/p>\n<p><a href=\"http:\/\/www.visit-ulcinj.com\/\" target=\"_blank\" rel=\"noopener\">Ubytov\u00e1n\u00ed v rodinn\u00e9m dom\u011b, 500m od mo\u0159e. P\u00edse\u010dn\u00e1 pl\u00e1\u017e. Ubytovatel mluv\u00ed tak\u00e9 anglicky a n\u011bmecky. Parkov\u00e1n\u00ed u objektu. Obchod 200m. Restaurace 200m. Ulcinj &#8211; centrum 1km. ubytovac\u00ed kapacita: 2x 2-l\u016f\u017ekov\u00fd pokoj, balkon v ka\u017ed\u00e9m pokoji, spole\u010dn\u00e9 soci\u00e1ln\u00ed za\u0159\u00edzen\u00ed (sprchov\u00fd kout, WC), spole\u010dn\u00e1 kuchy\u0148 (spor\u00e1k, chladni\u010dka) s dom\u00e1c\u00edmi. Apartm\u00e1n: 2-l\u016f\u017ekov\u00fd pokoj s p\u0159ist\u00fdlkou (pro d\u00edt\u011b), koupelna se sprchov\u00fdm koutem a WC, kuchy\u0148 se spor\u00e1kem a chladni\u010dkou, balkon. Apartm\u00e1n: 3-l\u016f\u017ekov\u00fd pokoj, ob\u00fdvac\u00ed pokoj se dv\u011bma p\u0159ist\u00fdlkami, koupelna se sprchov\u00fdm koutem a WC, kuchy\u0148sk\u00fd kout, balkon.<\/a><\/p>\n<p>[flv width=&#8221;490&#8243; height=&#8221;400&#8243;]http:\/\/video.zoover.nl\/media\/play\/2010\/01\/20100125130811_025.flv[\/flv]<\/p>\n","protected":false},"excerpt":{"rendered":"<p>Email: Holiday House@gmail.com Ubytov\u00e1n\u00ed v rodinn\u00e9m dom\u011b, 500m od mo\u0159e. P\u00edse\u010dn\u00e1 pl\u00e1\u017e. Ubytovatel mluv\u00ed tak\u00e9 anglicky a n\u011bmecky. Parkov\u00e1n\u00ed u objektu. Obchod 200m. Restaurace 200m. Ulcinj &#8211; centrum 1km. ubytovac\u00ed kapacita: 2x 2-l\u016f\u017ekov\u00fd pokoj, balkon v ka\u017ed\u00e9m pokoji, spole\u010dn\u00e9 soci\u00e1ln\u00ed za\u0159\u00edzen\u00ed (sprchov\u00fd kout, WC), spole\u010dn\u00e1 kuchy\u0148 (spor\u00e1k, chladni\u010dka) s dom\u00e1c\u00edmi. Apartm\u00e1n: 2-l\u016f\u017ekov\u00fd pokoj s p\u0159ist\u00fdlkou [&hellip;]<\/p>\n","protected":false},"author":1,"featured_media":0,"comment_status":"open","ping_status":"closed","sticky":false,"template":"","format":"standard","meta":{"spay_email":"","jetpack_publicize_message":"","jetpack_is_tweetstorm":false,"jetpack_publicize_feature_enabled":true},"categories":[7679],"tags":[2093,15517,15504,15511,15514,15508,15513,15512,15505,13834,15509,12013,14974,15507,15516,15515,15519,15518,15506,15510,15503,14973,19,14975,4620],"jetpack_publicize_connections":[],"yoast_head":"<!-- This site is optimized with the Yoast SEO plugin v19.1 - https:\/\/yoast.com\/wordpress\/plugins\/seo\/ -->\n<title>Ubytov\u00e1n\u00ed pokoj\u016f ,7\u20ac - Ulcinj - \u010cern\u00e1 Hora - Lajme nga Ulqini<\/title>\n<meta name=\"description\" content=\"Email: Holiday House@gmail.com Ubytov\u00e1n\u00ed v rodinn\u00e9m dom\u011b, 500m od mo\u0159e. P\u00edse\u010dn\u00e1 pl\u00e1\u017e. Ubytovatel mluv\u00ed tak\u00e9 anglicky a n\u011bmecky. Parkov\u00e1n\u00ed u objektu.\" \/>\n<meta name=\"robots\" content=\"index, follow, max-snippet:-1, max-image-preview:large, max-video-preview:-1\" \/>\n<link rel=\"canonical\" href=\"https:\/\/www.visit-ulcinj.com\/blog\/2010\/08\/15\/ubytovani-pokojucobi-6e-ulcinj-cerna-hora\/\" \/>\n<meta property=\"og:locale\" content=\"en_US\" \/>\n<meta property=\"og:type\" content=\"article\" \/>\n<meta property=\"og:title\" content=\"Ubytov\u00e1n\u00ed pokoj\u016f ,7\u20ac - Ulcinj - \u010cern\u00e1 Hora - Lajme nga Ulqini\" \/>\n<meta property=\"og:description\" content=\"Email: Holiday House@gmail.com Ubytov\u00e1n\u00ed v rodinn\u00e9m dom\u011b, 500m od mo\u0159e. P\u00edse\u010dn\u00e1 pl\u00e1\u017e. Ubytovatel mluv\u00ed tak\u00e9 anglicky a n\u011bmecky. Parkov\u00e1n\u00ed u objektu.\" \/>\n<meta property=\"og:url\" content=\"https:\/\/www.visit-ulcinj.com\/blog\/2010\/08\/15\/ubytovani-pokojucobi-6e-ulcinj-cerna-hora\/\" \/>\n<meta property=\"og:site_name\" content=\"Lajme nga Ulqini\" \/>\n<meta property=\"article:published_time\" content=\"2010-08-15T20:17:58+00:00\" \/>\n<meta property=\"article:modified_time\" content=\"2022-06-13T12:30:18+00:00\" \/>\n<meta property=\"og:image\" content=\"http:\/\/www.visit-ulcinj.com\/blog\/wp-content\/uploads\/2010\/08\/A-Ulcinj-Mont%C3%A9n%C3%A9gro-vacances-%C3%A0-9CHF.5.jpg\" \/>\n<meta name=\"twitter:label1\" content=\"Written by\" \/>\n\t<meta name=\"twitter:data1\" content=\"ulqini\" \/>\n\t<meta name=\"twitter:label2\" content=\"Est. reading time\" \/>\n\t<meta name=\"twitter:data2\" content=\"1 minute\" \/>\n<script type=\"application\/ld+json\" class=\"yoast-schema-graph\">{\"@context\":\"https:\/\/schema.org\",\"@graph\":[{\"@type\":\"WebSite\",\"@id\":\"https:\/\/www.visit-ulcinj.com\/blog\/#website\",\"url\":\"https:\/\/www.visit-ulcinj.com\/blog\/\",\"name\":\"Lajme nga Ulqini\",\"description\":\"Lajme,Vijesti,Ulqini,Ulqin,Crna Gora,Mali i Zi\",\"potentialAction\":[{\"@type\":\"SearchAction\",\"target\":{\"@type\":\"EntryPoint\",\"urlTemplate\":\"https:\/\/www.visit-ulcinj.com\/blog\/?s={search_term_string}\"},\"query-input\":\"required name=search_term_string\"}],\"inLanguage\":\"en-US\"},{\"@type\":\"ImageObject\",\"inLanguage\":\"en-US\",\"@id\":\"https:\/\/www.visit-ulcinj.com\/blog\/2010\/08\/15\/ubytovani-pokojucobi-6e-ulcinj-cerna-hora\/#primaryimage\",\"url\":\"http:\/\/www.visit-ulcinj.com\/blog\/wp-content\/uploads\/2010\/08\/A-Ulcinj-Mont%C3%A9n%C3%A9gro-vacances-%C3%A0-9CHF.5.jpg\",\"contentUrl\":\"http:\/\/www.visit-ulcinj.com\/blog\/wp-content\/uploads\/2010\/08\/A-Ulcinj-Mont%C3%A9n%C3%A9gro-vacances-%C3%A0-9CHF.5.jpg\"},{\"@type\":\"WebPage\",\"@id\":\"https:\/\/www.visit-ulcinj.com\/blog\/2010\/08\/15\/ubytovani-pokojucobi-6e-ulcinj-cerna-hora\/#webpage\",\"url\":\"https:\/\/www.visit-ulcinj.com\/blog\/2010\/08\/15\/ubytovani-pokojucobi-6e-ulcinj-cerna-hora\/\",\"name\":\"Ubytov\u00e1n\u00ed pokoj\u016f ,7\u20ac - Ulcinj - \u010cern\u00e1 Hora - Lajme nga Ulqini\",\"isPartOf\":{\"@id\":\"https:\/\/www.visit-ulcinj.com\/blog\/#website\"},\"primaryImageOfPage\":{\"@id\":\"https:\/\/www.visit-ulcinj.com\/blog\/2010\/08\/15\/ubytovani-pokojucobi-6e-ulcinj-cerna-hora\/#primaryimage\"},\"datePublished\":\"2010-08-15T20:17:58+00:00\",\"dateModified\":\"2022-06-13T12:30:18+00:00\",\"author\":{\"@id\":\"https:\/\/www.visit-ulcinj.com\/blog\/#\/schema\/person\/dcab619c614d3038751c63bc2aadc06d\"},\"description\":\"Email: Holiday House@gmail.com Ubytov\u00e1n\u00ed v rodinn\u00e9m dom\u011b, 500m od mo\u0159e. P\u00edse\u010dn\u00e1 pl\u00e1\u017e. Ubytovatel mluv\u00ed tak\u00e9 anglicky a n\u011bmecky. Parkov\u00e1n\u00ed u objektu.\",\"breadcrumb\":{\"@id\":\"https:\/\/www.visit-ulcinj.com\/blog\/2010\/08\/15\/ubytovani-pokojucobi-6e-ulcinj-cerna-hora\/#breadcrumb\"},\"inLanguage\":\"en-US\",\"potentialAction\":[{\"@type\":\"ReadAction\",\"target\":[\"https:\/\/www.visit-ulcinj.com\/blog\/2010\/08\/15\/ubytovani-pokojucobi-6e-ulcinj-cerna-hora\/\"]}]},{\"@type\":\"BreadcrumbList\",\"@id\":\"https:\/\/www.visit-ulcinj.com\/blog\/2010\/08\/15\/ubytovani-pokojucobi-6e-ulcinj-cerna-hora\/#breadcrumb\",\"itemListElement\":[{\"@type\":\"ListItem\",\"position\":1,\"name\":\"Ubytov\u00e1n\u00ed pokoj\u016f ,7\u20ac &#8211; Ulcinj &#8211; \u010cern\u00e1 Hora\"}]},{\"@type\":\"Person\",\"@id\":\"https:\/\/www.visit-ulcinj.com\/blog\/#\/schema\/person\/dcab619c614d3038751c63bc2aadc06d\",\"name\":\"ulqini\",\"sameAs\":[\"http:\/\/www.visit-ulcinj.com\"],\"url\":\"https:\/\/www.visit-ulcinj.com\/blog\/author\/admin\/\"}]}<\/script>\n<!-- \/ Yoast SEO plugin. -->","yoast_head_json":{"title":"Ubytov\u00e1n\u00ed pokoj\u016f ,7\u20ac - Ulcinj - \u010cern\u00e1 Hora - Lajme nga Ulqini","description":"Email: Holiday House@gmail.com Ubytov\u00e1n\u00ed v rodinn\u00e9m dom\u011b, 500m od mo\u0159e. P\u00edse\u010dn\u00e1 pl\u00e1\u017e. Ubytovatel mluv\u00ed tak\u00e9 anglicky a n\u011bmecky. Parkov\u00e1n\u00ed u objektu.","robots":{"index":"index","follow":"follow","max-snippet":"max-snippet:-1","max-image-preview":"max-image-preview:large","max-video-preview":"max-video-preview:-1"},"canonical":"https:\/\/www.visit-ulcinj.com\/blog\/2010\/08\/15\/ubytovani-pokojucobi-6e-ulcinj-cerna-hora\/","og_locale":"en_US","og_type":"article","og_title":"Ubytov\u00e1n\u00ed pokoj\u016f ,7\u20ac - Ulcinj - \u010cern\u00e1 Hora - Lajme nga Ulqini","og_description":"Email: Holiday House@gmail.com Ubytov\u00e1n\u00ed v rodinn\u00e9m dom\u011b, 500m od mo\u0159e. P\u00edse\u010dn\u00e1 pl\u00e1\u017e. Ubytovatel mluv\u00ed tak\u00e9 anglicky a n\u011bmecky. Parkov\u00e1n\u00ed u objektu.","og_url":"https:\/\/www.visit-ulcinj.com\/blog\/2010\/08\/15\/ubytovani-pokojucobi-6e-ulcinj-cerna-hora\/","og_site_name":"Lajme nga Ulqini","article_published_time":"2010-08-15T20:17:58+00:00","article_modified_time":"2022-06-13T12:30:18+00:00","og_image":[{"url":"http:\/\/www.visit-ulcinj.com\/blog\/wp-content\/uploads\/2010\/08\/A-Ulcinj-Mont%C3%A9n%C3%A9gro-vacances-%C3%A0-9CHF.5.jpg"}],"twitter_misc":{"Written by":"ulqini","Est. reading time":"1 minute"},"schema":{"@context":"https:\/\/schema.org","@graph":[{"@type":"WebSite","@id":"https:\/\/www.visit-ulcinj.com\/blog\/#website","url":"https:\/\/www.visit-ulcinj.com\/blog\/","name":"Lajme nga Ulqini","description":"Lajme,Vijesti,Ulqini,Ulqin,Crna Gora,Mali i Zi","potentialAction":[{"@type":"SearchAction","target":{"@type":"EntryPoint","urlTemplate":"https:\/\/www.visit-ulcinj.com\/blog\/?s={search_term_string}"},"query-input":"required name=search_term_string"}],"inLanguage":"en-US"},{"@type":"ImageObject","inLanguage":"en-US","@id":"https:\/\/www.visit-ulcinj.com\/blog\/2010\/08\/15\/ubytovani-pokojucobi-6e-ulcinj-cerna-hora\/#primaryimage","url":"http:\/\/www.visit-ulcinj.com\/blog\/wp-content\/uploads\/2010\/08\/A-Ulcinj-Mont%C3%A9n%C3%A9gro-vacances-%C3%A0-9CHF.5.jpg","contentUrl":"http:\/\/www.visit-ulcinj.com\/blog\/wp-content\/uploads\/2010\/08\/A-Ulcinj-Mont%C3%A9n%C3%A9gro-vacances-%C3%A0-9CHF.5.jpg"},{"@type":"WebPage","@id":"https:\/\/www.visit-ulcinj.com\/blog\/2010\/08\/15\/ubytovani-pokojucobi-6e-ulcinj-cerna-hora\/#webpage","url":"https:\/\/www.visit-ulcinj.com\/blog\/2010\/08\/15\/ubytovani-pokojucobi-6e-ulcinj-cerna-hora\/","name":"Ubytov\u00e1n\u00ed pokoj\u016f ,7\u20ac - Ulcinj - \u010cern\u00e1 Hora - Lajme nga Ulqini","isPartOf":{"@id":"https:\/\/www.visit-ulcinj.com\/blog\/#website"},"primaryImageOfPage":{"@id":"https:\/\/www.visit-ulcinj.com\/blog\/2010\/08\/15\/ubytovani-pokojucobi-6e-ulcinj-cerna-hora\/#primaryimage"},"datePublished":"2010-08-15T20:17:58+00:00","dateModified":"2022-06-13T12:30:18+00:00","author":{"@id":"https:\/\/www.visit-ulcinj.com\/blog\/#\/schema\/person\/dcab619c614d3038751c63bc2aadc06d"},"description":"Email: Holiday House@gmail.com Ubytov\u00e1n\u00ed v rodinn\u00e9m dom\u011b, 500m od mo\u0159e. P\u00edse\u010dn\u00e1 pl\u00e1\u017e. Ubytovatel mluv\u00ed tak\u00e9 anglicky a n\u011bmecky. Parkov\u00e1n\u00ed u objektu.","breadcrumb":{"@id":"https:\/\/www.visit-ulcinj.com\/blog\/2010\/08\/15\/ubytovani-pokojucobi-6e-ulcinj-cerna-hora\/#breadcrumb"},"inLanguage":"en-US","potentialAction":[{"@type":"ReadAction","target":["https:\/\/www.visit-ulcinj.com\/blog\/2010\/08\/15\/ubytovani-pokojucobi-6e-ulcinj-cerna-hora\/"]}]},{"@type":"BreadcrumbList","@id":"https:\/\/www.visit-ulcinj.com\/blog\/2010\/08\/15\/ubytovani-pokojucobi-6e-ulcinj-cerna-hora\/#breadcrumb","itemListElement":[{"@type":"ListItem","position":1,"name":"Ubytov\u00e1n\u00ed pokoj\u016f ,7\u20ac &#8211; Ulcinj &#8211; \u010cern\u00e1 Hora"}]},{"@type":"Person","@id":"https:\/\/www.visit-ulcinj.com\/blog\/#\/schema\/person\/dcab619c614d3038751c63bc2aadc06d","name":"ulqini","sameAs":["http:\/\/www.visit-ulcinj.com"],"url":"https:\/\/www.visit-ulcinj.com\/blog\/author\/admin\/"}]}},"jetpack_featured_media_url":"","jetpack_sharing_enabled":true,"jetpack_shortlink":"https:\/\/wp.me\/pe6lTn-9mj","_links":{"self":[{"href":"https:\/\/www.visit-ulcinj.com\/blog\/wp-json\/wp\/v2\/posts\/35979"}],"collection":[{"href":"https:\/\/www.visit-ulcinj.com\/blog\/wp-json\/wp\/v2\/posts"}],"about":[{"href":"https:\/\/www.visit-ulcinj.com\/blog\/wp-json\/wp\/v2\/types\/post"}],"author":[{"embeddable":true,"href":"https:\/\/www.visit-ulcinj.com\/blog\/wp-json\/wp\/v2\/users\/1"}],"replies":[{"embeddable":true,"href":"https:\/\/www.visit-ulcinj.com\/blog\/wp-json\/wp\/v2\/comments?post=35979"}],"version-history":[{"count":7,"href":"https:\/\/www.visit-ulcinj.com\/blog\/wp-json\/wp\/v2\/posts\/35979\/revisions"}],"predecessor-version":[{"id":106697,"href":"https:\/\/www.visit-ulcinj.com\/blog\/wp-json\/wp\/v2\/posts\/35979\/revisions\/106697"}],"wp:attachment":[{"href":"https:\/\/www.visit-ulcinj.com\/blog\/wp-json\/wp\/v2\/media?parent=35979"}],"wp:term":[{"taxonomy":"category","embeddable":true,"href":"https:\/\/www.visit-ulcinj.com\/blog\/wp-json\/wp\/v2\/categories?post=35979"},{"taxonomy":"post_tag","embeddable":true,"href":"https:\/\/www.visit-ulcinj.com\/blog\/wp-json\/wp\/v2\/tags?post=35979"}],"curies":[{"name":"wp","href":"https:\/\/api.w.org\/{rel}","templated":true}]}}