{"id":3598,"date":"2008-09-25T13:01:12","date_gmt":"2008-09-25T18:01:12","guid":{"rendered":"http:\/\/www.visit-ulcinj.com\/blog\/?p=3598"},"modified":"2008-10-17T14:10:22","modified_gmt":"2008-10-17T19:10:22","slug":"gradonacelnik-ulcinja-tvrdi-da-ce-biti-realizovane-obecane-investicije","status":"publish","type":"post","link":"https:\/\/www.visit-ulcinj.com\/blog\/2008\/09\/25\/gradonacelnik-ulcinja-tvrdi-da-ce-biti-realizovane-obecane-investicije\/","title":{"rendered":"Gradona?elnik Ulcinja tvrdi da ?e biti realizovane obe?ane investicije"},"content":{"rendered":"<p><a href=\"http:\/\/www.visit-ulcinj.com\/blog\/wp-content\/uploads\/2008\/09\/gzim-hajdinaga.jpg\"><img loading=\"lazy\" class=\"alignleft size-medium wp-image-3599\" title=\"gzim-hajdinaga\" src=\"http:\/\/www.visit-ulcinj.com\/blog\/wp-content\/uploads\/2008\/09\/gzim-hajdinaga-197x300.jpg\" alt=\"\" width=\"197\" height=\"300\" srcset=\"https:\/\/www.visit-ulcinj.com\/blog\/wp-content\/uploads\/2008\/09\/gzim-hajdinaga-197x300.jpg 197w, https:\/\/www.visit-ulcinj.com\/blog\/wp-content\/uploads\/2008\/09\/gzim-hajdinaga.jpg 422w\" sizes=\"(max-width: 197px) 100vw, 197px\" \/><\/a><strong>Drugi slave poraze, a mi pobjede<\/strong><br \/>\nUlcinj &#8211; Dok drugi obilje\u017eavaju poraze, mi slavimo pobjede &#8211; ovim rije?ima gradona?elnik Ulcinja Gzim Hajdinaga okon?ao je sino? maratonsku konferenciju za novinare povodom dvije godine od preuzimanja vlasti, aludiraju?i na nedavnu pres konferenciju lidera \u201cForce\u201d i svog protivkandidata na septembarskim izborima 2006, Nazifa Cungua.<br \/>\nOn je optu\u017eio opoziciju da \u201cobmanjuje javnost\u201d, iznose?i neistine o realizaciji krupnih infrastrukturnih projekata u gradu.<br \/>\n&#8211; Most na Port Mileni bi?e izgra?en u mom mandatu i pozivam opoziciju na skoru prezentaciju tog projekta &#8211; kazao je Hajdinaga. On je naglasio da je prvobitni projekat znatno revidiran jer se vodilo ra?una o plovnosti Port Milene.<br \/>\n-Da smo htjeli, most po tom projektu mogli smo izgraditi i do ove sezone, ali to bi zna?ilo ta?ku na plovnost Port Milene. Sada\u0161njim projektom, predvi?eno je da most bude dug 580, a visok osam metara, \u0161to je tri puta vi\u0161e nego prvim planom. Ima?e mogu?nost otvaranja, a investicija ?e od prvobitne planirane u iznosu od 2,3 miliona eura, biti barem 10 puta te\u017ea. Novi most bi?e simbol na\u0161eg grada &#8211; poru?io je Hajdinaga.<br \/>\nOn je naglasio da ?e tokom njegovog mandata biti izgra?ena i sportska hala.<br \/>\n&#8211; Na nedavnom sastanku sa predstavnicima Vlade, dogovoreno je da projekat izgradnje hale kandidujemo za kapitalne investicije Vlade. Vjerujem da ?emo konkretne rezultate na tom polju imati tokom naredne godine, a halu u mom mandatu &#8211; kazao je Hajdinaga.<a href=\"http:\/\/www.visit-ulcinj.com\/blog\/wp-content\/uploads\/2008\/09\/velika-plaza12.jpg\"><img loading=\"lazy\" class=\"alignright size-medium wp-image-3600\" title=\"velika-plaza12\" src=\"http:\/\/www.visit-ulcinj.com\/blog\/wp-content\/uploads\/2008\/09\/velika-plaza12-300x205.jpg\" alt=\"\" width=\"300\" height=\"205\" srcset=\"https:\/\/www.visit-ulcinj.com\/blog\/wp-content\/uploads\/2008\/09\/velika-plaza12-300x205.jpg 300w, https:\/\/www.visit-ulcinj.com\/blog\/wp-content\/uploads\/2008\/09\/velika-plaza12.jpg 977w\" sizes=\"(max-width: 300px) 100vw, 300px\" \/><\/a><br \/>\nOn je negirao tvrdnje opozicije da je lokalna vlast odustala od izgradnje puta kroz Liman, kao i marine u tom dijelu Ulcinja.<br \/>\n&#8211; \u017delim da poru?im gospodi iz opozicije da ova vlast nikad ne?e odustati od tog projekta &#8211; kazao je Hajdinaga, naglasiv\u0161i da je 600 hiljada eura preusmjereno na realizaciju drugih aktuelnih projekata u op\u0161tini. On se osvrnuo na rad lokalne vlasti u protekle dvije godine i naveo da je u proceduri izrada i usvajanje urbanisti?kih planova.<br \/>\n&#8211; GUP, u koji smo inkorporirali 95 odsto sugestija na\u0161ih gra?ana, ?eka na saglasnost Ministarstva za ekonomski razvoj. U fazi izrade su i brojni detaljni planovi ?ime se stvaraju kvalitetniji uslovi za zaustavljanje divlje gradnje &#8211; kazao je Hajdinaga podsje?aju?i da je nadle\u017eni sekretarijat do sada izdao 149 rje\u0161enja, od kojih 21 za ru\u0161enje i 8 za pe?a?enje, te da je podnio 4 krivi?ne prijave.<br \/>\n<strong>S.A.<br \/>\nIzvor \/ Vijesti<\/strong><\/p>\n<p style=\"text-align: center;\"><a href=\"http:\/\/www.visit-ulcinj.com\/?rub=taxicobi\"><img loading=\"lazy\" class=\"aligncenter size-full wp-image-2798\" title=\"taxi-cobi-ulqintaxi-cobi-ulcinjcrna-goramontenegromali-i-ziulqini\" src=\"http:\/\/www.visit-ulcinj.com\/blog\/wp-content\/uploads\/2008\/08\/taxi-cobi-ulqintaxi-cobi-ulcinjcrna-goramontenegromali-i-ziulqini.jpg\" alt=\"\" width=\"320\" height=\"150\" srcset=\"https:\/\/www.visit-ulcinj.com\/blog\/wp-content\/uploads\/2008\/08\/taxi-cobi-ulqintaxi-cobi-ulcinjcrna-goramontenegromali-i-ziulqini.jpg 320w, https:\/\/www.visit-ulcinj.com\/blog\/wp-content\/uploads\/2008\/08\/taxi-cobi-ulqintaxi-cobi-ulcinjcrna-goramontenegromali-i-ziulqini-300x140.jpg 300w\" sizes=\"(max-width: 320px) 100vw, 320px\" \/><\/a><\/p>\n","protected":false},"excerpt":{"rendered":"<p>Drugi slave poraze, a mi pobjede Ulcinj &#8211; Dok drugi obilje\u017eavaju poraze, mi slavimo pobjede &#8211; ovim rije?ima gradona?elnik Ulcinja Gzim Hajdinaga okon?ao je sino? maratonsku konferenciju za novinare povodom dvije godine od preuzimanja vlasti, aludiraju?i na nedavnu pres konferenciju lidera \u201cForce\u201d i svog protivkandidata na septembarskim izborima 2006, Nazifa Cungua. On je optu\u017eio opoziciju [&hellip;]<\/p>\n","protected":false},"author":1,"featured_media":0,"comment_status":"open","ping_status":"closed","sticky":false,"template":"","format":"standard","meta":{"spay_email":"","jetpack_publicize_message":"","jetpack_is_tweetstorm":false,"jetpack_publicize_feature_enabled":true},"categories":[6,12],"tags":[20,140,295,19],"jetpack_publicize_connections":[],"yoast_head":"<!-- This site is optimized with the Yoast SEO plugin v19.1 - https:\/\/yoast.com\/wordpress\/plugins\/seo\/ -->\n<title>Gradona?elnik Ulcinja tvrdi da ?e biti realizovane obe?ane investicije - Lajme nga Ulqini<\/title>\n<meta name=\"description\" content=\"Drugi slave poraze, a mi pobjede Ulcinj - Dok drugi obilje\u017eavaju poraze, mi slavimo pobjede - ovim rije?ima gradona?elnik Ulcinja Gzim Hajdinaga okon?ao\" \/>\n<meta name=\"robots\" content=\"index, follow, max-snippet:-1, max-image-preview:large, max-video-preview:-1\" \/>\n<link rel=\"canonical\" href=\"https:\/\/www.visit-ulcinj.com\/blog\/2008\/09\/25\/gradonacelnik-ulcinja-tvrdi-da-ce-biti-realizovane-obecane-investicije\/\" \/>\n<meta property=\"og:locale\" content=\"en_US\" \/>\n<meta property=\"og:type\" content=\"article\" \/>\n<meta property=\"og:title\" content=\"Gradona?elnik Ulcinja tvrdi da ?e biti realizovane obe?ane investicije - Lajme nga Ulqini\" \/>\n<meta property=\"og:description\" content=\"Drugi slave poraze, a mi pobjede Ulcinj - Dok drugi obilje\u017eavaju poraze, mi slavimo pobjede - ovim rije?ima gradona?elnik Ulcinja Gzim Hajdinaga okon?ao\" \/>\n<meta property=\"og:url\" content=\"https:\/\/www.visit-ulcinj.com\/blog\/2008\/09\/25\/gradonacelnik-ulcinja-tvrdi-da-ce-biti-realizovane-obecane-investicije\/\" \/>\n<meta property=\"og:site_name\" content=\"Lajme nga Ulqini\" \/>\n<meta property=\"article:published_time\" content=\"2008-09-25T18:01:12+00:00\" \/>\n<meta property=\"article:modified_time\" content=\"2008-10-17T19:10:22+00:00\" \/>\n<meta property=\"og:image\" content=\"http:\/\/www.visit-ulcinj.com\/blog\/wp-content\/uploads\/2008\/09\/gzim-hajdinaga-197x300.jpg\" \/>\n<meta name=\"twitter:label1\" content=\"Written by\" \/>\n\t<meta name=\"twitter:data1\" content=\"ulqini\" \/>\n\t<meta name=\"twitter:label2\" content=\"Est. reading time\" \/>\n\t<meta name=\"twitter:data2\" content=\"2 minutes\" \/>\n<script type=\"application\/ld+json\" class=\"yoast-schema-graph\">{\"@context\":\"https:\/\/schema.org\",\"@graph\":[{\"@type\":\"WebSite\",\"@id\":\"https:\/\/www.visit-ulcinj.com\/blog\/#website\",\"url\":\"https:\/\/www.visit-ulcinj.com\/blog\/\",\"name\":\"Lajme nga Ulqini\",\"description\":\"Lajme,Vijesti,Ulqini,Ulqin,Crna Gora,Mali i Zi\",\"potentialAction\":[{\"@type\":\"SearchAction\",\"target\":{\"@type\":\"EntryPoint\",\"urlTemplate\":\"https:\/\/www.visit-ulcinj.com\/blog\/?s={search_term_string}\"},\"query-input\":\"required name=search_term_string\"}],\"inLanguage\":\"en-US\"},{\"@type\":\"ImageObject\",\"inLanguage\":\"en-US\",\"@id\":\"https:\/\/www.visit-ulcinj.com\/blog\/2008\/09\/25\/gradonacelnik-ulcinja-tvrdi-da-ce-biti-realizovane-obecane-investicije\/#primaryimage\",\"url\":\"http:\/\/www.visit-ulcinj.com\/blog\/wp-content\/uploads\/2008\/09\/gzim-hajdinaga-197x300.jpg\",\"contentUrl\":\"http:\/\/www.visit-ulcinj.com\/blog\/wp-content\/uploads\/2008\/09\/gzim-hajdinaga-197x300.jpg\"},{\"@type\":\"WebPage\",\"@id\":\"https:\/\/www.visit-ulcinj.com\/blog\/2008\/09\/25\/gradonacelnik-ulcinja-tvrdi-da-ce-biti-realizovane-obecane-investicije\/#webpage\",\"url\":\"https:\/\/www.visit-ulcinj.com\/blog\/2008\/09\/25\/gradonacelnik-ulcinja-tvrdi-da-ce-biti-realizovane-obecane-investicije\/\",\"name\":\"Gradona?elnik Ulcinja tvrdi da ?e biti realizovane obe?ane investicije - Lajme nga Ulqini\",\"isPartOf\":{\"@id\":\"https:\/\/www.visit-ulcinj.com\/blog\/#website\"},\"primaryImageOfPage\":{\"@id\":\"https:\/\/www.visit-ulcinj.com\/blog\/2008\/09\/25\/gradonacelnik-ulcinja-tvrdi-da-ce-biti-realizovane-obecane-investicije\/#primaryimage\"},\"datePublished\":\"2008-09-25T18:01:12+00:00\",\"dateModified\":\"2008-10-17T19:10:22+00:00\",\"author\":{\"@id\":\"https:\/\/www.visit-ulcinj.com\/blog\/#\/schema\/person\/dcab619c614d3038751c63bc2aadc06d\"},\"description\":\"Drugi slave poraze, a mi pobjede Ulcinj - Dok drugi obilje\u017eavaju poraze, mi slavimo pobjede - ovim rije?ima gradona?elnik Ulcinja Gzim Hajdinaga okon?ao\",\"breadcrumb\":{\"@id\":\"https:\/\/www.visit-ulcinj.com\/blog\/2008\/09\/25\/gradonacelnik-ulcinja-tvrdi-da-ce-biti-realizovane-obecane-investicije\/#breadcrumb\"},\"inLanguage\":\"en-US\",\"potentialAction\":[{\"@type\":\"ReadAction\",\"target\":[\"https:\/\/www.visit-ulcinj.com\/blog\/2008\/09\/25\/gradonacelnik-ulcinja-tvrdi-da-ce-biti-realizovane-obecane-investicije\/\"]}]},{\"@type\":\"BreadcrumbList\",\"@id\":\"https:\/\/www.visit-ulcinj.com\/blog\/2008\/09\/25\/gradonacelnik-ulcinja-tvrdi-da-ce-biti-realizovane-obecane-investicije\/#breadcrumb\",\"itemListElement\":[{\"@type\":\"ListItem\",\"position\":1,\"name\":\"Gradona?elnik Ulcinja tvrdi da ?e biti realizovane obe?ane investicije\"}]},{\"@type\":\"Person\",\"@id\":\"https:\/\/www.visit-ulcinj.com\/blog\/#\/schema\/person\/dcab619c614d3038751c63bc2aadc06d\",\"name\":\"ulqini\",\"sameAs\":[\"http:\/\/www.visit-ulcinj.com\"],\"url\":\"https:\/\/www.visit-ulcinj.com\/blog\/author\/admin\/\"}]}<\/script>\n<!-- \/ Yoast SEO plugin. -->","yoast_head_json":{"title":"Gradona?elnik Ulcinja tvrdi da ?e biti realizovane obe?ane investicije - Lajme nga Ulqini","description":"Drugi slave poraze, a mi pobjede Ulcinj - Dok drugi obilje\u017eavaju poraze, mi slavimo pobjede - ovim rije?ima gradona?elnik Ulcinja Gzim Hajdinaga okon?ao","robots":{"index":"index","follow":"follow","max-snippet":"max-snippet:-1","max-image-preview":"max-image-preview:large","max-video-preview":"max-video-preview:-1"},"canonical":"https:\/\/www.visit-ulcinj.com\/blog\/2008\/09\/25\/gradonacelnik-ulcinja-tvrdi-da-ce-biti-realizovane-obecane-investicije\/","og_locale":"en_US","og_type":"article","og_title":"Gradona?elnik Ulcinja tvrdi da ?e biti realizovane obe?ane investicije - Lajme nga Ulqini","og_description":"Drugi slave poraze, a mi pobjede Ulcinj - Dok drugi obilje\u017eavaju poraze, mi slavimo pobjede - ovim rije?ima gradona?elnik Ulcinja Gzim Hajdinaga okon?ao","og_url":"https:\/\/www.visit-ulcinj.com\/blog\/2008\/09\/25\/gradonacelnik-ulcinja-tvrdi-da-ce-biti-realizovane-obecane-investicije\/","og_site_name":"Lajme nga Ulqini","article_published_time":"2008-09-25T18:01:12+00:00","article_modified_time":"2008-10-17T19:10:22+00:00","og_image":[{"url":"http:\/\/www.visit-ulcinj.com\/blog\/wp-content\/uploads\/2008\/09\/gzim-hajdinaga-197x300.jpg"}],"twitter_misc":{"Written by":"ulqini","Est. reading time":"2 minutes"},"schema":{"@context":"https:\/\/schema.org","@graph":[{"@type":"WebSite","@id":"https:\/\/www.visit-ulcinj.com\/blog\/#website","url":"https:\/\/www.visit-ulcinj.com\/blog\/","name":"Lajme nga Ulqini","description":"Lajme,Vijesti,Ulqini,Ulqin,Crna Gora,Mali i Zi","potentialAction":[{"@type":"SearchAction","target":{"@type":"EntryPoint","urlTemplate":"https:\/\/www.visit-ulcinj.com\/blog\/?s={search_term_string}"},"query-input":"required name=search_term_string"}],"inLanguage":"en-US"},{"@type":"ImageObject","inLanguage":"en-US","@id":"https:\/\/www.visit-ulcinj.com\/blog\/2008\/09\/25\/gradonacelnik-ulcinja-tvrdi-da-ce-biti-realizovane-obecane-investicije\/#primaryimage","url":"http:\/\/www.visit-ulcinj.com\/blog\/wp-content\/uploads\/2008\/09\/gzim-hajdinaga-197x300.jpg","contentUrl":"http:\/\/www.visit-ulcinj.com\/blog\/wp-content\/uploads\/2008\/09\/gzim-hajdinaga-197x300.jpg"},{"@type":"WebPage","@id":"https:\/\/www.visit-ulcinj.com\/blog\/2008\/09\/25\/gradonacelnik-ulcinja-tvrdi-da-ce-biti-realizovane-obecane-investicije\/#webpage","url":"https:\/\/www.visit-ulcinj.com\/blog\/2008\/09\/25\/gradonacelnik-ulcinja-tvrdi-da-ce-biti-realizovane-obecane-investicije\/","name":"Gradona?elnik Ulcinja tvrdi da ?e biti realizovane obe?ane investicije - Lajme nga Ulqini","isPartOf":{"@id":"https:\/\/www.visit-ulcinj.com\/blog\/#website"},"primaryImageOfPage":{"@id":"https:\/\/www.visit-ulcinj.com\/blog\/2008\/09\/25\/gradonacelnik-ulcinja-tvrdi-da-ce-biti-realizovane-obecane-investicije\/#primaryimage"},"datePublished":"2008-09-25T18:01:12+00:00","dateModified":"2008-10-17T19:10:22+00:00","author":{"@id":"https:\/\/www.visit-ulcinj.com\/blog\/#\/schema\/person\/dcab619c614d3038751c63bc2aadc06d"},"description":"Drugi slave poraze, a mi pobjede Ulcinj - Dok drugi obilje\u017eavaju poraze, mi slavimo pobjede - ovim rije?ima gradona?elnik Ulcinja Gzim Hajdinaga okon?ao","breadcrumb":{"@id":"https:\/\/www.visit-ulcinj.com\/blog\/2008\/09\/25\/gradonacelnik-ulcinja-tvrdi-da-ce-biti-realizovane-obecane-investicije\/#breadcrumb"},"inLanguage":"en-US","potentialAction":[{"@type":"ReadAction","target":["https:\/\/www.visit-ulcinj.com\/blog\/2008\/09\/25\/gradonacelnik-ulcinja-tvrdi-da-ce-biti-realizovane-obecane-investicije\/"]}]},{"@type":"BreadcrumbList","@id":"https:\/\/www.visit-ulcinj.com\/blog\/2008\/09\/25\/gradonacelnik-ulcinja-tvrdi-da-ce-biti-realizovane-obecane-investicije\/#breadcrumb","itemListElement":[{"@type":"ListItem","position":1,"name":"Gradona?elnik Ulcinja tvrdi da ?e biti realizovane obe?ane investicije"}]},{"@type":"Person","@id":"https:\/\/www.visit-ulcinj.com\/blog\/#\/schema\/person\/dcab619c614d3038751c63bc2aadc06d","name":"ulqini","sameAs":["http:\/\/www.visit-ulcinj.com"],"url":"https:\/\/www.visit-ulcinj.com\/blog\/author\/admin\/"}]}},"jetpack_featured_media_url":"","jetpack_sharing_enabled":true,"jetpack_shortlink":"https:\/\/wp.me\/pe6lTn-W2","_links":{"self":[{"href":"https:\/\/www.visit-ulcinj.com\/blog\/wp-json\/wp\/v2\/posts\/3598"}],"collection":[{"href":"https:\/\/www.visit-ulcinj.com\/blog\/wp-json\/wp\/v2\/posts"}],"about":[{"href":"https:\/\/www.visit-ulcinj.com\/blog\/wp-json\/wp\/v2\/types\/post"}],"author":[{"embeddable":true,"href":"https:\/\/www.visit-ulcinj.com\/blog\/wp-json\/wp\/v2\/users\/1"}],"replies":[{"embeddable":true,"href":"https:\/\/www.visit-ulcinj.com\/blog\/wp-json\/wp\/v2\/comments?post=3598"}],"version-history":[{"count":0,"href":"https:\/\/www.visit-ulcinj.com\/blog\/wp-json\/wp\/v2\/posts\/3598\/revisions"}],"wp:attachment":[{"href":"https:\/\/www.visit-ulcinj.com\/blog\/wp-json\/wp\/v2\/media?parent=3598"}],"wp:term":[{"taxonomy":"category","embeddable":true,"href":"https:\/\/www.visit-ulcinj.com\/blog\/wp-json\/wp\/v2\/categories?post=3598"},{"taxonomy":"post_tag","embeddable":true,"href":"https:\/\/www.visit-ulcinj.com\/blog\/wp-json\/wp\/v2\/tags?post=3598"}],"curies":[{"name":"wp","href":"https:\/\/api.w.org\/{rel}","templated":true}]}}