{"id":36003,"date":"2010-08-16T11:58:26","date_gmt":"2010-08-16T09:58:26","guid":{"rendered":"http:\/\/www.visit-ulcinj.com\/blog\/?p=36003"},"modified":"2010-08-16T11:58:26","modified_gmt":"2010-08-16T09:58:26","slug":"nga-kenga-te-dolce-gabbana","status":"publish","type":"post","link":"https:\/\/www.visit-ulcinj.com\/blog\/2010\/08\/16\/nga-kenga-te-dolce-gabbana\/","title":{"rendered":"Nga k\u00ebnga, te Dolce &#038; Gabbana"},"content":{"rendered":"<p><a href=\"http:\/\/www.visit-ulcinj.com\/blog\/wp-content\/uploads\/2010\/08\/Ekrem-Jevric.jpg\"><img loading=\"lazy\" class=\"alignleft size-full wp-image-36004\" title=\"Ekrem Jevric\" src=\"http:\/\/www.visit-ulcinj.com\/blog\/wp-content\/uploads\/2010\/08\/Ekrem-Jevric.jpg\" alt=\"\" width=\"490\" height=\"377\" \/><\/a>K\u00ebng\u00ebtari Ekrem Jevric, i njohur me k\u00ebng\u00ebn \u201cKuca posao\u201d, duket se \u00ebsht\u00eb shqiptar nga Plava e Malit t\u00eb Zi. Gruaja e tij quhet Igballe, nd\u00ebrsa f\u00ebmij\u00ebt quhen Enis, Nermin, Hajrudin dhe Berat. M\u00eb shum\u00eb se 3.5 milion\u00eb klikime t\u00eb video spotit t\u00eb tij kan\u00eb shtyr\u00eb firm\u00ebn Dolce &amp; Gabbana q\u00eb t\u00eb jet\u00eb n\u00eb foto e koleksionit Dim\u00ebr 2011.<br \/>\nDilemat se \u00e7far\u00eb nacionaliteti \u00ebsht\u00eb k\u00ebng\u00ebtari i k\u00ebng\u00ebs mjaft t\u00eb klikuar \u201cKuca Posao\u201d, Ekrem Jevric, i ka ardhur fundi.<br \/>\nAi nuk \u00ebsht\u00eb as malazez, e as boshnjak, por shqiptar nga Plava e Malit t\u00eb Zi.<br \/>\nK\u00ebnga e \u201cBoratit t\u00eb Ballkanit\u201d, si\u00e7 \u00ebsht\u00eb quajtur ky artisti i k\u00ebng\u00ebs \u201cKuca Posao\u201d, q\u00eb nga fundi i marsit, e deri sot, ka arritur m\u00eb shum\u00eb 3.5 milion\u00eb klikime.<br \/>\nN\u00eb wikipedia thuhet se Jevric ka lindur n\u00eb Plav\u00eb, nd\u00ebrsa n\u00eb vitin 1985 \u00ebsht\u00eb martuar me gruan e tij, Igballen.<br \/>\nN\u00eb vitin 1988, ky k\u00ebng\u00ebtar q\u00eb nuk ka ndonj\u00eb z\u00eb t\u00eb ve\u00e7ant\u00eb, por me nj\u00eb pamje mjaft qesharake, ka ikur n\u00eb SHBA. Jevric ka kat\u00ebr djem, Enisin, Nerminin, Hajrudinin dhe Beratin. K\u00ebnga \u201cKuca posao\u201d \u00ebsht\u00eb pjes\u00eb e albumit t\u00eb tij t\u00eb par\u00eb. N\u00eb nj\u00eb intervist\u00eb, ky k\u00ebng\u00ebtar tregon se k\u00ebnga \u00ebsht\u00eb kompozuar nga nj\u00eb shqiptar.<br \/>\nFrym\u00ebzimi p\u00ebr ta shkruar k\u00ebt\u00eb k\u00ebng\u00eb, sipas Jevricit, vjen pas nj\u00eb jete mjaft dinamike n\u00eb qytetin e New Yorkyt. Sht\u00ebpi &#8211; pun\u00eb apo anasjelltas, pun\u00eb \u2013 sht\u00ebpi.<br \/>\n\u201cShkova ta k\u00ebrkoj nj\u00eb njeri nd\u00ebrsa m\u00eb than\u00eb se \u00ebsht\u00eb n\u00eb pun\u00eb. T\u00eb nes\u00ebrmen shkova ta k\u00ebrkoj, nd\u00ebrsa m\u00eb than\u00eb prap\u00eb se \u00ebsht\u00eb n\u00eb pun\u00eb. Un\u00eb prap\u00eb e pyeta gruan e tij se ku \u00ebsht\u00eb, ajo m\u00eb tha n\u00eb pun\u00eb\u201d, tha Jevric.<br \/>\nMuzika e k\u00ebsaj, sipas Jevricit, \u00ebsht\u00eb kompozuar nga nj\u00eb shqiptar i quajtur Gjini. Klikimet e m\u00ebdha q\u00eb ka pasur kjo k\u00ebng\u00eb absurde p\u00ebr shum\u00ebk\u00ebnd, nd\u00ebrsa qesharake p\u00ebr t\u00eb tjer\u00ebt, ka b\u00ebr\u00eb q\u00eb Jevric t\u00eb z\u00ebr\u00eb interesimin e firm\u00ebs s\u00eb njohur t\u00eb mod\u00ebs Dolce&amp; Gabbana. N\u00eb k\u00ebt\u00eb seri t\u00eb fotografive, Ekremi luan rolin e nj\u00eb rrobaqep\u00ebsi.<\/p>\n<p><strong>Nga Milot Hasimja<br \/>\nYllpress<br \/>\n\n\t\t<style type=\"text\/css\">\n\t\t\t#gallery-1 {\n\t\t\t\tmargin: auto;\n\t\t\t}\n\t\t\t#gallery-1 .gallery-item {\n\t\t\t\tfloat: left;\n\t\t\t\tmargin-top: 10px;\n\t\t\t\ttext-align: center;\n\t\t\t\twidth: 33%;\n\t\t\t}\n\t\t\t#gallery-1 img {\n\t\t\t\tborder: 2px solid #cfcfcf;\n\t\t\t}\n\t\t\t#gallery-1 .gallery-caption {\n\t\t\t\tmargin-left: 0;\n\t\t\t}\n\t\t\t\/* see gallery_shortcode() in wp-includes\/media.php *\/\n\t\t<\/style>\n\t\t<div id='gallery-1' class='gallery galleryid-36003 gallery-columns-3 gallery-size-thumbnail'><dl class='gallery-item'>\n\t\t\t<dt class='gallery-icon landscape'>\n\t\t\t\t<a href='https:\/\/www.visit-ulcinj.com\/blog\/wp-content\/uploads\/2010\/08\/Ekrem-Jevric.2.jpg'><img width=\"150\" height=\"150\" src=\"https:\/\/www.visit-ulcinj.com\/blog\/wp-content\/uploads\/2010\/08\/Ekrem-Jevric.2-150x150.jpg\" class=\"attachment-thumbnail size-thumbnail\" alt=\"\" loading=\"lazy\" \/><\/a>\n\t\t\t<\/dt><\/dl>\n\t\t\t<br style='clear: both' \/>\n\t\t<\/div>\n<br \/>\n<!--YouTube Error: bad URL entered--><\/strong><\/p>\n","protected":false},"excerpt":{"rendered":"<p>K\u00ebng\u00ebtari Ekrem Jevric, i njohur me k\u00ebng\u00ebn \u201cKuca posao\u201d, duket se \u00ebsht\u00eb shqiptar nga Plava e Malit t\u00eb Zi. Gruaja e tij quhet Igballe, nd\u00ebrsa f\u00ebmij\u00ebt quhen Enis, Nermin, Hajrudin dhe Berat. M\u00eb shum\u00eb se 3.5 milion\u00eb klikime t\u00eb video spotit t\u00eb tij kan\u00eb shtyr\u00eb firm\u00ebn Dolce &amp; Gabbana q\u00eb t\u00eb jet\u00eb n\u00eb foto e [&hellip;]<\/p>\n","protected":false},"author":1,"featured_media":0,"comment_status":"open","ping_status":"closed","sticky":false,"template":"","format":"standard","meta":{"spay_email":"","jetpack_publicize_message":"","jetpack_is_tweetstorm":false,"jetpack_publicize_feature_enabled":true},"categories":[1],"tags":[14993,14988,14987,14990,14992,14989,14991],"jetpack_publicize_connections":[],"yoast_head":"<!-- This site is optimized with the Yoast SEO plugin v19.1 - https:\/\/yoast.com\/wordpress\/plugins\/seo\/ -->\n<title>Nga k\u00ebnga, te Dolce &amp; Gabbana - Lajme nga Ulqini<\/title>\n<meta name=\"description\" content=\"K\u00ebng\u00ebtari Ekrem Jevric, i njohur me k\u00ebng\u00ebn \u201cKuca posao\u201d, duket se \u00ebsht\u00eb shqiptar nga Plava e Malit t\u00eb Zi. Gruaja e tij quhet Igballe, nd\u00ebrsa f\u00ebmij\u00ebt quhen\" \/>\n<meta name=\"robots\" content=\"index, follow, max-snippet:-1, max-image-preview:large, max-video-preview:-1\" \/>\n<link rel=\"canonical\" href=\"https:\/\/www.visit-ulcinj.com\/blog\/2010\/08\/16\/nga-kenga-te-dolce-gabbana\/\" \/>\n<meta property=\"og:locale\" content=\"en_US\" \/>\n<meta property=\"og:type\" content=\"article\" \/>\n<meta property=\"og:title\" content=\"Nga k\u00ebnga, te Dolce &amp; Gabbana - Lajme nga Ulqini\" \/>\n<meta property=\"og:description\" content=\"K\u00ebng\u00ebtari Ekrem Jevric, i njohur me k\u00ebng\u00ebn \u201cKuca posao\u201d, duket se \u00ebsht\u00eb shqiptar nga Plava e Malit t\u00eb Zi. Gruaja e tij quhet Igballe, nd\u00ebrsa f\u00ebmij\u00ebt quhen\" \/>\n<meta property=\"og:url\" content=\"https:\/\/www.visit-ulcinj.com\/blog\/2010\/08\/16\/nga-kenga-te-dolce-gabbana\/\" \/>\n<meta property=\"og:site_name\" content=\"Lajme nga Ulqini\" \/>\n<meta property=\"article:published_time\" content=\"2010-08-16T09:58:26+00:00\" \/>\n<meta property=\"og:image\" content=\"https:\/\/www.visit-ulcinj.com\/blog\/wp-content\/uploads\/2010\/08\/Ekrem-Jevric-150x150.jpg\" \/>\n<meta name=\"twitter:label1\" content=\"Written by\" \/>\n\t<meta name=\"twitter:data1\" content=\"ulqini\" \/>\n\t<meta name=\"twitter:label2\" content=\"Est. reading time\" \/>\n\t<meta name=\"twitter:data2\" content=\"2 minutes\" \/>\n<script type=\"application\/ld+json\" class=\"yoast-schema-graph\">{\"@context\":\"https:\/\/schema.org\",\"@graph\":[{\"@type\":\"WebSite\",\"@id\":\"https:\/\/www.visit-ulcinj.com\/blog\/#website\",\"url\":\"https:\/\/www.visit-ulcinj.com\/blog\/\",\"name\":\"Lajme nga Ulqini\",\"description\":\"Lajme,Vijesti,Ulqini,Ulqin,Crna Gora,Mali i Zi\",\"potentialAction\":[{\"@type\":\"SearchAction\",\"target\":{\"@type\":\"EntryPoint\",\"urlTemplate\":\"https:\/\/www.visit-ulcinj.com\/blog\/?s={search_term_string}\"},\"query-input\":\"required name=search_term_string\"}],\"inLanguage\":\"en-US\"},{\"@type\":\"ImageObject\",\"inLanguage\":\"en-US\",\"@id\":\"https:\/\/www.visit-ulcinj.com\/blog\/2010\/08\/16\/nga-kenga-te-dolce-gabbana\/#primaryimage\",\"url\":\"http:\/\/www.visit-ulcinj.com\/blog\/wp-content\/uploads\/2010\/08\/Ekrem-Jevric.jpg\",\"contentUrl\":\"http:\/\/www.visit-ulcinj.com\/blog\/wp-content\/uploads\/2010\/08\/Ekrem-Jevric.jpg\"},{\"@type\":\"WebPage\",\"@id\":\"https:\/\/www.visit-ulcinj.com\/blog\/2010\/08\/16\/nga-kenga-te-dolce-gabbana\/#webpage\",\"url\":\"https:\/\/www.visit-ulcinj.com\/blog\/2010\/08\/16\/nga-kenga-te-dolce-gabbana\/\",\"name\":\"Nga k\u00ebnga, te Dolce & Gabbana - Lajme nga Ulqini\",\"isPartOf\":{\"@id\":\"https:\/\/www.visit-ulcinj.com\/blog\/#website\"},\"primaryImageOfPage\":{\"@id\":\"https:\/\/www.visit-ulcinj.com\/blog\/2010\/08\/16\/nga-kenga-te-dolce-gabbana\/#primaryimage\"},\"datePublished\":\"2010-08-16T09:58:26+00:00\",\"dateModified\":\"2010-08-16T09:58:26+00:00\",\"author\":{\"@id\":\"https:\/\/www.visit-ulcinj.com\/blog\/#\/schema\/person\/dcab619c614d3038751c63bc2aadc06d\"},\"description\":\"K\u00ebng\u00ebtari Ekrem Jevric, i njohur me k\u00ebng\u00ebn \u201cKuca posao\u201d, duket se \u00ebsht\u00eb shqiptar nga Plava e Malit t\u00eb Zi. Gruaja e tij quhet Igballe, nd\u00ebrsa f\u00ebmij\u00ebt quhen\",\"breadcrumb\":{\"@id\":\"https:\/\/www.visit-ulcinj.com\/blog\/2010\/08\/16\/nga-kenga-te-dolce-gabbana\/#breadcrumb\"},\"inLanguage\":\"en-US\",\"potentialAction\":[{\"@type\":\"ReadAction\",\"target\":[\"https:\/\/www.visit-ulcinj.com\/blog\/2010\/08\/16\/nga-kenga-te-dolce-gabbana\/\"]}]},{\"@type\":\"BreadcrumbList\",\"@id\":\"https:\/\/www.visit-ulcinj.com\/blog\/2010\/08\/16\/nga-kenga-te-dolce-gabbana\/#breadcrumb\",\"itemListElement\":[{\"@type\":\"ListItem\",\"position\":1,\"name\":\"Nga k\u00ebnga, te Dolce &#038; Gabbana\"}]},{\"@type\":\"Person\",\"@id\":\"https:\/\/www.visit-ulcinj.com\/blog\/#\/schema\/person\/dcab619c614d3038751c63bc2aadc06d\",\"name\":\"ulqini\",\"sameAs\":[\"http:\/\/www.visit-ulcinj.com\"],\"url\":\"https:\/\/www.visit-ulcinj.com\/blog\/author\/admin\/\"}]}<\/script>\n<!-- \/ Yoast SEO plugin. -->","yoast_head_json":{"title":"Nga k\u00ebnga, te Dolce & Gabbana - Lajme nga Ulqini","description":"K\u00ebng\u00ebtari Ekrem Jevric, i njohur me k\u00ebng\u00ebn \u201cKuca posao\u201d, duket se \u00ebsht\u00eb shqiptar nga Plava e Malit t\u00eb Zi. Gruaja e tij quhet Igballe, nd\u00ebrsa f\u00ebmij\u00ebt quhen","robots":{"index":"index","follow":"follow","max-snippet":"max-snippet:-1","max-image-preview":"max-image-preview:large","max-video-preview":"max-video-preview:-1"},"canonical":"https:\/\/www.visit-ulcinj.com\/blog\/2010\/08\/16\/nga-kenga-te-dolce-gabbana\/","og_locale":"en_US","og_type":"article","og_title":"Nga k\u00ebnga, te Dolce & Gabbana - Lajme nga Ulqini","og_description":"K\u00ebng\u00ebtari Ekrem Jevric, i njohur me k\u00ebng\u00ebn \u201cKuca posao\u201d, duket se \u00ebsht\u00eb shqiptar nga Plava e Malit t\u00eb Zi. Gruaja e tij quhet Igballe, nd\u00ebrsa f\u00ebmij\u00ebt quhen","og_url":"https:\/\/www.visit-ulcinj.com\/blog\/2010\/08\/16\/nga-kenga-te-dolce-gabbana\/","og_site_name":"Lajme nga Ulqini","article_published_time":"2010-08-16T09:58:26+00:00","og_image":[{"url":"https:\/\/www.visit-ulcinj.com\/blog\/wp-content\/uploads\/2010\/08\/Ekrem-Jevric-150x150.jpg"}],"twitter_misc":{"Written by":"ulqini","Est. reading time":"2 minutes"},"schema":{"@context":"https:\/\/schema.org","@graph":[{"@type":"WebSite","@id":"https:\/\/www.visit-ulcinj.com\/blog\/#website","url":"https:\/\/www.visit-ulcinj.com\/blog\/","name":"Lajme nga Ulqini","description":"Lajme,Vijesti,Ulqini,Ulqin,Crna Gora,Mali i Zi","potentialAction":[{"@type":"SearchAction","target":{"@type":"EntryPoint","urlTemplate":"https:\/\/www.visit-ulcinj.com\/blog\/?s={search_term_string}"},"query-input":"required name=search_term_string"}],"inLanguage":"en-US"},{"@type":"ImageObject","inLanguage":"en-US","@id":"https:\/\/www.visit-ulcinj.com\/blog\/2010\/08\/16\/nga-kenga-te-dolce-gabbana\/#primaryimage","url":"http:\/\/www.visit-ulcinj.com\/blog\/wp-content\/uploads\/2010\/08\/Ekrem-Jevric.jpg","contentUrl":"http:\/\/www.visit-ulcinj.com\/blog\/wp-content\/uploads\/2010\/08\/Ekrem-Jevric.jpg"},{"@type":"WebPage","@id":"https:\/\/www.visit-ulcinj.com\/blog\/2010\/08\/16\/nga-kenga-te-dolce-gabbana\/#webpage","url":"https:\/\/www.visit-ulcinj.com\/blog\/2010\/08\/16\/nga-kenga-te-dolce-gabbana\/","name":"Nga k\u00ebnga, te Dolce & Gabbana - Lajme nga Ulqini","isPartOf":{"@id":"https:\/\/www.visit-ulcinj.com\/blog\/#website"},"primaryImageOfPage":{"@id":"https:\/\/www.visit-ulcinj.com\/blog\/2010\/08\/16\/nga-kenga-te-dolce-gabbana\/#primaryimage"},"datePublished":"2010-08-16T09:58:26+00:00","dateModified":"2010-08-16T09:58:26+00:00","author":{"@id":"https:\/\/www.visit-ulcinj.com\/blog\/#\/schema\/person\/dcab619c614d3038751c63bc2aadc06d"},"description":"K\u00ebng\u00ebtari Ekrem Jevric, i njohur me k\u00ebng\u00ebn \u201cKuca posao\u201d, duket se \u00ebsht\u00eb shqiptar nga Plava e Malit t\u00eb Zi. Gruaja e tij quhet Igballe, nd\u00ebrsa f\u00ebmij\u00ebt quhen","breadcrumb":{"@id":"https:\/\/www.visit-ulcinj.com\/blog\/2010\/08\/16\/nga-kenga-te-dolce-gabbana\/#breadcrumb"},"inLanguage":"en-US","potentialAction":[{"@type":"ReadAction","target":["https:\/\/www.visit-ulcinj.com\/blog\/2010\/08\/16\/nga-kenga-te-dolce-gabbana\/"]}]},{"@type":"BreadcrumbList","@id":"https:\/\/www.visit-ulcinj.com\/blog\/2010\/08\/16\/nga-kenga-te-dolce-gabbana\/#breadcrumb","itemListElement":[{"@type":"ListItem","position":1,"name":"Nga k\u00ebnga, te Dolce &#038; Gabbana"}]},{"@type":"Person","@id":"https:\/\/www.visit-ulcinj.com\/blog\/#\/schema\/person\/dcab619c614d3038751c63bc2aadc06d","name":"ulqini","sameAs":["http:\/\/www.visit-ulcinj.com"],"url":"https:\/\/www.visit-ulcinj.com\/blog\/author\/admin\/"}]}},"jetpack_featured_media_url":"","jetpack_sharing_enabled":true,"jetpack_shortlink":"https:\/\/wp.me\/pe6lTn-9mH","_links":{"self":[{"href":"https:\/\/www.visit-ulcinj.com\/blog\/wp-json\/wp\/v2\/posts\/36003"}],"collection":[{"href":"https:\/\/www.visit-ulcinj.com\/blog\/wp-json\/wp\/v2\/posts"}],"about":[{"href":"https:\/\/www.visit-ulcinj.com\/blog\/wp-json\/wp\/v2\/types\/post"}],"author":[{"embeddable":true,"href":"https:\/\/www.visit-ulcinj.com\/blog\/wp-json\/wp\/v2\/users\/1"}],"replies":[{"embeddable":true,"href":"https:\/\/www.visit-ulcinj.com\/blog\/wp-json\/wp\/v2\/comments?post=36003"}],"version-history":[{"count":0,"href":"https:\/\/www.visit-ulcinj.com\/blog\/wp-json\/wp\/v2\/posts\/36003\/revisions"}],"wp:attachment":[{"href":"https:\/\/www.visit-ulcinj.com\/blog\/wp-json\/wp\/v2\/media?parent=36003"}],"wp:term":[{"taxonomy":"category","embeddable":true,"href":"https:\/\/www.visit-ulcinj.com\/blog\/wp-json\/wp\/v2\/categories?post=36003"},{"taxonomy":"post_tag","embeddable":true,"href":"https:\/\/www.visit-ulcinj.com\/blog\/wp-json\/wp\/v2\/tags?post=36003"}],"curies":[{"name":"wp","href":"https:\/\/api.w.org\/{rel}","templated":true}]}}