{"id":36009,"date":"2010-08-16T13:25:02","date_gmt":"2010-08-16T11:25:02","guid":{"rendered":"http:\/\/www.visit-ulcinj.com\/blog\/?p=36009"},"modified":"2010-08-16T13:25:02","modified_gmt":"2010-08-16T11:25:02","slug":"stoj-u-smecu","status":"publish","type":"post","link":"https:\/\/www.visit-ulcinj.com\/blog\/2010\/08\/16\/stoj-u-smecu\/","title":{"rendered":"\u0160toj u sme\u0107u"},"content":{"rendered":"<p><a href=\"http:\/\/www.visit-ulcinj.com\/blog\/wp-content\/uploads\/2010\/08\/Velika-plaza_grlo-port-milene_ulcinj.jpg\"><img loading=\"lazy\" class=\"alignleft size-full wp-image-36010\" title=\"Velika plaza_grlo port milene_ulcinj\" src=\"http:\/\/www.visit-ulcinj.com\/blog\/wp-content\/uploads\/2010\/08\/Velika-plaza_grlo-port-milene_ulcinj.jpg\" alt=\"\" width=\"490\" height=\"380\" \/><\/a>Najslabija ta\u010dka u infrastrukturi Ulcinja je \u2013 saobra\u0107aj. Gu\u017eve se stvaraju naj\u010de\u0161\u0107e u periodima odlaska i povratka turista sa pla\u017ee, mada ni tu nema pravila. Sredinom jula se de\u0161avalo da kolona po\u010dne pored Male pla\u017ee, a zavr\u0161ava \u010detiri kilometra dalje \u2013 na Velikoj pla\u017ei. Na takozvanom \u201euskom grlu\u201c u Port Mileni, gdje se bulevar su\u017eava sa \u010detiri na dvije trake, zastoja ima u prijepodnevnim i popodnevnim satima. U glavnoj ulici gu\u017eve ima pazarnim danima \u2013 utorkom i petkom. Saobra\u0107aj od kru\u017enog toka do kraja Male pla\u017ee je u ljetnjem periodu svakodnevno zatvoren od osam \u010dasova do jedan poslije pono\u0107i i taj dio koristi se kao \u0161etali\u0161te, dok vozila saobra\u0107aju okolnim jednosmjernim ulicama.<\/p>\n<p>Tokom jula i u prvoj nedjelji avgusta u ulcinjskoj op\u0161tini nije bilo ve\u0107ih problema sa strujom i vodom. U drugoj nedjelji avgusta, vi\u0161e no\u0107i zaredom, u pojedinim djelovima grada isklju\u010deno je napajanje struje na nekoliko sati. Ovakvi problemi su se mogli o\u010dekivati i ranije, jer u najju\u017enijoj op\u0161tini u ljetnjim mjesecima boravi petostruko ve\u0107i broj ljudi nego van sezone.<\/p>\n<p><a href=\"http:\/\/www.visit-ulcinj.com\/blog\/wp-content\/uploads\/2010\/08\/kapllan-muca.jpg\"><img loading=\"lazy\" class=\"alignleft size-medium wp-image-36014\" title=\"kapllan muca\" src=\"http:\/\/www.visit-ulcinj.com\/blog\/wp-content\/uploads\/2010\/08\/kapllan-muca-285x300.jpg\" alt=\"\" width=\"285\" height=\"300\" srcset=\"https:\/\/www.visit-ulcinj.com\/blog\/wp-content\/uploads\/2010\/08\/kapllan-muca-285x300.jpg 285w, https:\/\/www.visit-ulcinj.com\/blog\/wp-content\/uploads\/2010\/08\/kapllan-muca.jpg 504w\" sizes=\"(max-width: 285px) 100vw, 285px\" \/><\/a>Najvi\u0161e pritu\u017ebi gra\u0111ana i turista odnosi se na higijenu glavnog puta u naselju \u0160toj, odakle se sa jedne lokacije, prema tvrdnjama mje\u0161tana, sme\u0107e gotovo uop\u0161te ne odnosi. Direktor Komunalnog preduze\u0107a u Ulcinju Kaplan Mu\u010daj za Pobjedu, me\u0111utim, ka\u017ee da se sa te lokacije sme\u0107e odvozi i po nekoliko puta dnevno.<\/p>\n<p>&#8211; Zakupci pla\u017ea i vlasnici pojedinih objekata namjerno prave tamo \u201edeponiju\u201c sme\u0107a. Oni su du\u017eni da potpi\u0161u ugovor sa nama, a na Velikoj pla\u017ei ugovor postoji samo sa deset zakupaca. Iz svih djelova grada sme\u0107e se odvozi tri puta dnevno. Na\u0161i radnici su stalno na terenu. Tokom ove sezone imali smo dosta uobi\u010dajenih problema. Na prvom mjestu, imamo premali vozni park i od \u0161est vozila samo su dva nova. Jedan od problema tako\u0111e je \u0161to mnogo vremena izgubimo zbog nepropisno parkiranih vozila &#8211; ka\u017ee direktor Komunalnog.<\/p>\n<p><strong>A. \u017d.<br \/>\n<a href=\"http:\/\/www.pobjeda.co.me\/citanje.php?datum=2010-08-15&amp;id=190007\" target=\"_blank\">Pobjeda<br \/>\n\n\t\t<style type=\"text\/css\">\n\t\t\t#gallery-1 {\n\t\t\t\tmargin: auto;\n\t\t\t}\n\t\t\t#gallery-1 .gallery-item {\n\t\t\t\tfloat: left;\n\t\t\t\tmargin-top: 10px;\n\t\t\t\ttext-align: center;\n\t\t\t\twidth: 33%;\n\t\t\t}\n\t\t\t#gallery-1 img {\n\t\t\t\tborder: 2px solid #cfcfcf;\n\t\t\t}\n\t\t\t#gallery-1 .gallery-caption {\n\t\t\t\tmargin-left: 0;\n\t\t\t}\n\t\t\t\/* see gallery_shortcode() in wp-includes\/media.php *\/\n\t\t<\/style>\n\t\t<div id='gallery-1' class='gallery galleryid-36009 gallery-columns-3 gallery-size-thumbnail'><dl class='gallery-item'>\n\t\t\t<dt class='gallery-icon landscape'>\n\t\t\t\t<a href='https:\/\/www.visit-ulcinj.com\/blog\/wp-content\/uploads\/2010\/08\/Velika-plaza_grlo-port-milene_ulcinj.jpg'><img width=\"150\" height=\"150\" src=\"https:\/\/www.visit-ulcinj.com\/blog\/wp-content\/uploads\/2010\/08\/Velika-plaza_grlo-port-milene_ulcinj-150x150.jpg\" class=\"attachment-thumbnail size-thumbnail\" alt=\"\" loading=\"lazy\" \/><\/a>\n\t\t\t<\/dt><\/dl><dl class='gallery-item'>\n\t\t\t<dt class='gallery-icon portrait'>\n\t\t\t\t<a href='https:\/\/www.visit-ulcinj.com\/blog\/wp-content\/uploads\/2010\/08\/kapllan-muca.jpg'><img width=\"150\" height=\"150\" src=\"https:\/\/www.visit-ulcinj.com\/blog\/wp-content\/uploads\/2010\/08\/kapllan-muca-150x150.jpg\" class=\"attachment-thumbnail size-thumbnail\" alt=\"Foto sa Arhive\" loading=\"lazy\" \/><\/a>\n\t\t\t<\/dt><\/dl><dl class='gallery-item'>\n\t\t\t<dt class='gallery-icon landscape'>\n\t\t\t\t<a href='https:\/\/www.visit-ulcinj.com\/blog\/wp-content\/uploads\/2010\/08\/komunalno-ulcinj.jpg'><img width=\"150\" height=\"150\" src=\"https:\/\/www.visit-ulcinj.com\/blog\/wp-content\/uploads\/2010\/08\/komunalno-ulcinj-150x150.jpg\" class=\"attachment-thumbnail size-thumbnail\" alt=\"Foto sa Arhive\" loading=\"lazy\" \/><\/a>\n\t\t\t<\/dt><\/dl><br style=\"clear: both\" \/><dl class='gallery-item'>\n\t\t\t<dt class='gallery-icon landscape'>\n\t\t\t\t<a href='https:\/\/www.visit-ulcinj.com\/blog\/wp-content\/uploads\/2010\/08\/Stoj-u-smecu-_ulcinj.1.jpg'><img width=\"150\" height=\"150\" src=\"https:\/\/www.visit-ulcinj.com\/blog\/wp-content\/uploads\/2010\/08\/Stoj-u-smecu-_ulcinj.1-150x150.jpg\" class=\"attachment-thumbnail size-thumbnail\" alt=\"Foto sa Arhive\" loading=\"lazy\" \/><\/a>\n\t\t\t<\/dt><\/dl><dl class='gallery-item'>\n\t\t\t<dt class='gallery-icon landscape'>\n\t\t\t\t<a href='https:\/\/www.visit-ulcinj.com\/blog\/wp-content\/uploads\/2010\/08\/stoj-u-smecu-_ulcinj.jpg'><img width=\"150\" height=\"150\" src=\"https:\/\/www.visit-ulcinj.com\/blog\/wp-content\/uploads\/2010\/08\/stoj-u-smecu-_ulcinj-150x150.jpg\" class=\"attachment-thumbnail size-thumbnail\" alt=\"Foto sa Arhive\" loading=\"lazy\" \/><\/a>\n\t\t\t<\/dt><\/dl><dl class='gallery-item'>\n\t\t\t<dt class='gallery-icon landscape'>\n\t\t\t\t<a href='https:\/\/www.visit-ulcinj.com\/blog\/wp-content\/uploads\/2010\/08\/Stoj-u-smecu-_ulcinj.2.jpg'><img width=\"150\" height=\"150\" src=\"https:\/\/www.visit-ulcinj.com\/blog\/wp-content\/uploads\/2010\/08\/Stoj-u-smecu-_ulcinj.2-150x150.jpg\" class=\"attachment-thumbnail size-thumbnail\" alt=\"Foto sa Arhive\" loading=\"lazy\" \/><\/a>\n\t\t\t<\/dt><\/dl><br style=\"clear: both\" \/>\n\t\t<\/div>\n<br \/>\n<\/a><!--YouTube Error: bad URL entered--><a href=\"http:\/\/www.pobjeda.co.me\/citanje.php?datum=2010-08-15&amp;id=190007\" target=\"_blank\"><\/a><\/strong><\/p>\n","protected":false},"excerpt":{"rendered":"<p>Najslabija ta\u010dka u infrastrukturi Ulcinja je \u2013 saobra\u0107aj. Gu\u017eve se stvaraju naj\u010de\u0161\u0107e u periodima odlaska i povratka turista sa pla\u017ee, mada ni tu nema pravila. Sredinom jula se de\u0161avalo da kolona po\u010dne pored Male pla\u017ee, a zavr\u0161ava \u010detiri kilometra dalje \u2013 na Velikoj pla\u017ei. Na takozvanom \u201euskom grlu\u201c u Port Mileni, gdje se bulevar su\u017eava [&hellip;]<\/p>\n","protected":false},"author":1,"featured_media":0,"comment_status":"open","ping_status":"closed","sticky":false,"template":"","format":"standard","meta":{"spay_email":"","jetpack_publicize_message":"","jetpack_is_tweetstorm":false,"jetpack_publicize_feature_enabled":true},"categories":[6950],"tags":[14995,14994,14562,12585,3745],"jetpack_publicize_connections":[],"yoast_head":"<!-- This site is optimized with the Yoast SEO plugin v19.1 - https:\/\/yoast.com\/wordpress\/plugins\/seo\/ -->\n<title>\u0160toj u sme\u0107u - Lajme nga Ulqini<\/title>\n<meta name=\"description\" content=\"Najslabija ta\u010dka u infrastrukturi Ulcinja je \u2013 saobra\u0107aj. Gu\u017eve se stvaraju naj\u010de\u0161\u0107e u periodima odlaska i povratka turista sa pla\u017ee, mada ni tu nema\" \/>\n<meta name=\"robots\" content=\"index, follow, max-snippet:-1, max-image-preview:large, max-video-preview:-1\" \/>\n<link rel=\"canonical\" href=\"https:\/\/www.visit-ulcinj.com\/blog\/2010\/08\/16\/stoj-u-smecu\/\" \/>\n<meta property=\"og:locale\" content=\"en_US\" \/>\n<meta property=\"og:type\" content=\"article\" \/>\n<meta property=\"og:title\" content=\"\u0160toj u sme\u0107u - Lajme nga Ulqini\" \/>\n<meta property=\"og:description\" content=\"Najslabija ta\u010dka u infrastrukturi Ulcinja je \u2013 saobra\u0107aj. Gu\u017eve se stvaraju naj\u010de\u0161\u0107e u periodima odlaska i povratka turista sa pla\u017ee, mada ni tu nema\" \/>\n<meta property=\"og:url\" content=\"https:\/\/www.visit-ulcinj.com\/blog\/2010\/08\/16\/stoj-u-smecu\/\" \/>\n<meta property=\"og:site_name\" content=\"Lajme nga Ulqini\" \/>\n<meta property=\"article:published_time\" content=\"2010-08-16T11:25:02+00:00\" \/>\n<meta property=\"og:image\" content=\"https:\/\/www.visit-ulcinj.com\/blog\/wp-content\/uploads\/2010\/08\/Velika-plaza_grlo-port-milene_ulcinj-150x150.jpg\" \/>\n<meta name=\"twitter:label1\" content=\"Written by\" \/>\n\t<meta name=\"twitter:data1\" content=\"ulqini\" \/>\n\t<meta name=\"twitter:label2\" content=\"Est. reading time\" \/>\n\t<meta name=\"twitter:data2\" content=\"2 minutes\" \/>\n<script type=\"application\/ld+json\" class=\"yoast-schema-graph\">{\"@context\":\"https:\/\/schema.org\",\"@graph\":[{\"@type\":\"WebSite\",\"@id\":\"https:\/\/www.visit-ulcinj.com\/blog\/#website\",\"url\":\"https:\/\/www.visit-ulcinj.com\/blog\/\",\"name\":\"Lajme nga Ulqini\",\"description\":\"Lajme,Vijesti,Ulqini,Ulqin,Crna Gora,Mali i Zi\",\"potentialAction\":[{\"@type\":\"SearchAction\",\"target\":{\"@type\":\"EntryPoint\",\"urlTemplate\":\"https:\/\/www.visit-ulcinj.com\/blog\/?s={search_term_string}\"},\"query-input\":\"required name=search_term_string\"}],\"inLanguage\":\"en-US\"},{\"@type\":\"ImageObject\",\"inLanguage\":\"en-US\",\"@id\":\"https:\/\/www.visit-ulcinj.com\/blog\/2010\/08\/16\/stoj-u-smecu\/#primaryimage\",\"url\":\"https:\/\/www.visit-ulcinj.com\/blog\/wp-content\/uploads\/2010\/08\/Velika-plaza_grlo-port-milene_ulcinj.jpg\",\"contentUrl\":\"https:\/\/www.visit-ulcinj.com\/blog\/wp-content\/uploads\/2010\/08\/Velika-plaza_grlo-port-milene_ulcinj.jpg\",\"width\":\"978\",\"height\":\"654\"},{\"@type\":\"WebPage\",\"@id\":\"https:\/\/www.visit-ulcinj.com\/blog\/2010\/08\/16\/stoj-u-smecu\/#webpage\",\"url\":\"https:\/\/www.visit-ulcinj.com\/blog\/2010\/08\/16\/stoj-u-smecu\/\",\"name\":\"\u0160toj u sme\u0107u - Lajme nga Ulqini\",\"isPartOf\":{\"@id\":\"https:\/\/www.visit-ulcinj.com\/blog\/#website\"},\"primaryImageOfPage\":{\"@id\":\"https:\/\/www.visit-ulcinj.com\/blog\/2010\/08\/16\/stoj-u-smecu\/#primaryimage\"},\"datePublished\":\"2010-08-16T11:25:02+00:00\",\"dateModified\":\"2010-08-16T11:25:02+00:00\",\"author\":{\"@id\":\"https:\/\/www.visit-ulcinj.com\/blog\/#\/schema\/person\/dcab619c614d3038751c63bc2aadc06d\"},\"description\":\"Najslabija ta\u010dka u infrastrukturi Ulcinja je \u2013 saobra\u0107aj. Gu\u017eve se stvaraju naj\u010de\u0161\u0107e u periodima odlaska i povratka turista sa pla\u017ee, mada ni tu nema\",\"breadcrumb\":{\"@id\":\"https:\/\/www.visit-ulcinj.com\/blog\/2010\/08\/16\/stoj-u-smecu\/#breadcrumb\"},\"inLanguage\":\"en-US\",\"potentialAction\":[{\"@type\":\"ReadAction\",\"target\":[\"https:\/\/www.visit-ulcinj.com\/blog\/2010\/08\/16\/stoj-u-smecu\/\"]}]},{\"@type\":\"BreadcrumbList\",\"@id\":\"https:\/\/www.visit-ulcinj.com\/blog\/2010\/08\/16\/stoj-u-smecu\/#breadcrumb\",\"itemListElement\":[{\"@type\":\"ListItem\",\"position\":1,\"name\":\"\u0160toj u sme\u0107u\"}]},{\"@type\":\"Person\",\"@id\":\"https:\/\/www.visit-ulcinj.com\/blog\/#\/schema\/person\/dcab619c614d3038751c63bc2aadc06d\",\"name\":\"ulqini\",\"sameAs\":[\"http:\/\/www.visit-ulcinj.com\"],\"url\":\"https:\/\/www.visit-ulcinj.com\/blog\/author\/admin\/\"}]}<\/script>\n<!-- \/ Yoast SEO plugin. -->","yoast_head_json":{"title":"\u0160toj u sme\u0107u - Lajme nga Ulqini","description":"Najslabija ta\u010dka u infrastrukturi Ulcinja je \u2013 saobra\u0107aj. Gu\u017eve se stvaraju naj\u010de\u0161\u0107e u periodima odlaska i povratka turista sa pla\u017ee, mada ni tu nema","robots":{"index":"index","follow":"follow","max-snippet":"max-snippet:-1","max-image-preview":"max-image-preview:large","max-video-preview":"max-video-preview:-1"},"canonical":"https:\/\/www.visit-ulcinj.com\/blog\/2010\/08\/16\/stoj-u-smecu\/","og_locale":"en_US","og_type":"article","og_title":"\u0160toj u sme\u0107u - Lajme nga Ulqini","og_description":"Najslabija ta\u010dka u infrastrukturi Ulcinja je \u2013 saobra\u0107aj. Gu\u017eve se stvaraju naj\u010de\u0161\u0107e u periodima odlaska i povratka turista sa pla\u017ee, mada ni tu nema","og_url":"https:\/\/www.visit-ulcinj.com\/blog\/2010\/08\/16\/stoj-u-smecu\/","og_site_name":"Lajme nga Ulqini","article_published_time":"2010-08-16T11:25:02+00:00","og_image":[{"url":"https:\/\/www.visit-ulcinj.com\/blog\/wp-content\/uploads\/2010\/08\/Velika-plaza_grlo-port-milene_ulcinj-150x150.jpg"}],"twitter_misc":{"Written by":"ulqini","Est. reading time":"2 minutes"},"schema":{"@context":"https:\/\/schema.org","@graph":[{"@type":"WebSite","@id":"https:\/\/www.visit-ulcinj.com\/blog\/#website","url":"https:\/\/www.visit-ulcinj.com\/blog\/","name":"Lajme nga Ulqini","description":"Lajme,Vijesti,Ulqini,Ulqin,Crna Gora,Mali i Zi","potentialAction":[{"@type":"SearchAction","target":{"@type":"EntryPoint","urlTemplate":"https:\/\/www.visit-ulcinj.com\/blog\/?s={search_term_string}"},"query-input":"required name=search_term_string"}],"inLanguage":"en-US"},{"@type":"ImageObject","inLanguage":"en-US","@id":"https:\/\/www.visit-ulcinj.com\/blog\/2010\/08\/16\/stoj-u-smecu\/#primaryimage","url":"https:\/\/www.visit-ulcinj.com\/blog\/wp-content\/uploads\/2010\/08\/Velika-plaza_grlo-port-milene_ulcinj.jpg","contentUrl":"https:\/\/www.visit-ulcinj.com\/blog\/wp-content\/uploads\/2010\/08\/Velika-plaza_grlo-port-milene_ulcinj.jpg","width":"978","height":"654"},{"@type":"WebPage","@id":"https:\/\/www.visit-ulcinj.com\/blog\/2010\/08\/16\/stoj-u-smecu\/#webpage","url":"https:\/\/www.visit-ulcinj.com\/blog\/2010\/08\/16\/stoj-u-smecu\/","name":"\u0160toj u sme\u0107u - Lajme nga Ulqini","isPartOf":{"@id":"https:\/\/www.visit-ulcinj.com\/blog\/#website"},"primaryImageOfPage":{"@id":"https:\/\/www.visit-ulcinj.com\/blog\/2010\/08\/16\/stoj-u-smecu\/#primaryimage"},"datePublished":"2010-08-16T11:25:02+00:00","dateModified":"2010-08-16T11:25:02+00:00","author":{"@id":"https:\/\/www.visit-ulcinj.com\/blog\/#\/schema\/person\/dcab619c614d3038751c63bc2aadc06d"},"description":"Najslabija ta\u010dka u infrastrukturi Ulcinja je \u2013 saobra\u0107aj. Gu\u017eve se stvaraju naj\u010de\u0161\u0107e u periodima odlaska i povratka turista sa pla\u017ee, mada ni tu nema","breadcrumb":{"@id":"https:\/\/www.visit-ulcinj.com\/blog\/2010\/08\/16\/stoj-u-smecu\/#breadcrumb"},"inLanguage":"en-US","potentialAction":[{"@type":"ReadAction","target":["https:\/\/www.visit-ulcinj.com\/blog\/2010\/08\/16\/stoj-u-smecu\/"]}]},{"@type":"BreadcrumbList","@id":"https:\/\/www.visit-ulcinj.com\/blog\/2010\/08\/16\/stoj-u-smecu\/#breadcrumb","itemListElement":[{"@type":"ListItem","position":1,"name":"\u0160toj u sme\u0107u"}]},{"@type":"Person","@id":"https:\/\/www.visit-ulcinj.com\/blog\/#\/schema\/person\/dcab619c614d3038751c63bc2aadc06d","name":"ulqini","sameAs":["http:\/\/www.visit-ulcinj.com"],"url":"https:\/\/www.visit-ulcinj.com\/blog\/author\/admin\/"}]}},"jetpack_featured_media_url":"","jetpack_sharing_enabled":true,"jetpack_shortlink":"https:\/\/wp.me\/pe6lTn-9mN","_links":{"self":[{"href":"https:\/\/www.visit-ulcinj.com\/blog\/wp-json\/wp\/v2\/posts\/36009"}],"collection":[{"href":"https:\/\/www.visit-ulcinj.com\/blog\/wp-json\/wp\/v2\/posts"}],"about":[{"href":"https:\/\/www.visit-ulcinj.com\/blog\/wp-json\/wp\/v2\/types\/post"}],"author":[{"embeddable":true,"href":"https:\/\/www.visit-ulcinj.com\/blog\/wp-json\/wp\/v2\/users\/1"}],"replies":[{"embeddable":true,"href":"https:\/\/www.visit-ulcinj.com\/blog\/wp-json\/wp\/v2\/comments?post=36009"}],"version-history":[{"count":0,"href":"https:\/\/www.visit-ulcinj.com\/blog\/wp-json\/wp\/v2\/posts\/36009\/revisions"}],"wp:attachment":[{"href":"https:\/\/www.visit-ulcinj.com\/blog\/wp-json\/wp\/v2\/media?parent=36009"}],"wp:term":[{"taxonomy":"category","embeddable":true,"href":"https:\/\/www.visit-ulcinj.com\/blog\/wp-json\/wp\/v2\/categories?post=36009"},{"taxonomy":"post_tag","embeddable":true,"href":"https:\/\/www.visit-ulcinj.com\/blog\/wp-json\/wp\/v2\/tags?post=36009"}],"curies":[{"name":"wp","href":"https:\/\/api.w.org\/{rel}","templated":true}]}}