{"id":36047,"date":"2010-08-16T19:45:21","date_gmt":"2010-08-16T17:45:21","guid":{"rendered":"http:\/\/www.visit-ulcinj.com\/blog\/?p=36047"},"modified":"2010-08-16T20:21:03","modified_gmt":"2010-08-16T18:21:03","slug":"ljudska-nepaznja-izazvala-veliki-pozar-u-krucama-kod-ulcinja","status":"publish","type":"post","link":"https:\/\/www.visit-ulcinj.com\/blog\/2010\/08\/16\/ljudska-nepaznja-izazvala-veliki-pozar-u-krucama-kod-ulcinja\/","title":{"rendered":"Ljudska nepa\u017enja izazvala veliki po\u017ear u kru\u010dama kod Ulcinja"},"content":{"rendered":"<p><strong><a href=\"http:\/\/www.visit-ulcinj.com\/blog\/wp-content\/uploads\/2010\/08\/Fljamur-Selovic.jpg\"><img loading=\"lazy\" class=\"alignleft size-medium wp-image-36050\" title=\"Fljamur Selovic\" src=\"http:\/\/www.visit-ulcinj.com\/blog\/wp-content\/uploads\/2010\/08\/Fljamur-Selovic-222x300.jpg\" alt=\"\" width=\"222\" height=\"300\" srcset=\"https:\/\/www.visit-ulcinj.com\/blog\/wp-content\/uploads\/2010\/08\/Fljamur-Selovic-222x300.jpg 222w, https:\/\/www.visit-ulcinj.com\/blog\/wp-content\/uploads\/2010\/08\/Fljamur-Selovic.jpg 355w\" sizes=\"(max-width: 222px) 100vw, 222px\" \/><\/a>Zapalili pa pobjegli<\/strong><br \/>\nUlcinj \u2013 U velikom \u0161umskom po\u017earu koji je ju\u010de oko 15 sati i 30 minuta zahvatio mjesto Kru\u010de nadomak Ulcinja, nije bilo materijalne \u0161tete, ali vatrogasci do mraka nijesu uspjeli da lokalizuju vatrenu stihiju. Rukovodilac slu\u017ebe za\u0161tite i spasavanja Fljamur Selovi\u0107 kazao je \u201eVijestima\u201c da je po\u017ear izbio sa lijeve strane magistralnog puta prema Baru, neposredno prije skretanja za smetli\u0161te Hije, da je zahvatio teritoriju u du\u017eini od dva kilometra, te da je za\u0161ao duboko u predio prema Valdanosu.<br \/>\n\u201eCistijerne smo stacionirali blizu obli\u017enjih doma\u0107instava, kako bi na vrijeme intervenisali, ukoliko vjetar po\u017earu promijeni smjer\u201c, kazao je Selovi\u0107.<br \/>\nU dramati\u010dnoj akciji ulcinjski vatrogasci, kojima su pomagale kolege iz Podgorice sa dva aviona za ga\u0161enje po\u017eara, uspjeli su da spasu nekoliko vikendica koje su bile ugro\u017eene. Selovi\u0107 ka\u017ee da je poznat uzrok po\u017eara, koji mo\u017eda jo\u0161 danima ne\u0107e biti lokalizovan zbog nepristupa\u010dnog terena.<br \/>\n\u201eRije\u010d je o ljudima iz Bijelog Polja koji su na tom lokalitetu \u010distili svoje placeve uprkos upozorenju da to ne rade. Nakon \u0161to je po\u017ear izbio, oni su nestali\u201c, kazao je Selovi\u0107.<\/p>\n<p><strong>S.A.<br \/>\n<a href=\"http:\/\/www.vijesti.me\/\" target=\"_blank\">Vijesti<br \/>\n\n\t\t<style type=\"text\/css\">\n\t\t\t#gallery-1 {\n\t\t\t\tmargin: auto;\n\t\t\t}\n\t\t\t#gallery-1 .gallery-item {\n\t\t\t\tfloat: left;\n\t\t\t\tmargin-top: 10px;\n\t\t\t\ttext-align: center;\n\t\t\t\twidth: 33%;\n\t\t\t}\n\t\t\t#gallery-1 img {\n\t\t\t\tborder: 2px solid #cfcfcf;\n\t\t\t}\n\t\t\t#gallery-1 .gallery-caption {\n\t\t\t\tmargin-left: 0;\n\t\t\t}\n\t\t\t\/* see gallery_shortcode() in wp-includes\/media.php *\/\n\t\t<\/style>\n\t\t<div id='gallery-1' class='gallery galleryid-36047 gallery-columns-3 gallery-size-thumbnail'><dl class='gallery-item'>\n\t\t\t<dt class='gallery-icon portrait'>\n\t\t\t\t<a href='https:\/\/www.visit-ulcinj.com\/blog\/wp-content\/uploads\/2010\/08\/Fljamur-Selovic.jpg'><img width=\"150\" height=\"150\" src=\"https:\/\/www.visit-ulcinj.com\/blog\/wp-content\/uploads\/2010\/08\/Fljamur-Selovic-150x150.jpg\" class=\"attachment-thumbnail size-thumbnail\" alt=\"\" loading=\"lazy\" \/><\/a>\n\t\t\t<\/dt><\/dl><dl class='gallery-item'>\n\t\t\t<dt class='gallery-icon landscape'>\n\t\t\t\t<a href='https:\/\/www.visit-ulcinj.com\/blog\/wp-content\/uploads\/2010\/08\/Vatrogasno-Ulcinj.jpg'><img width=\"150\" height=\"150\" src=\"https:\/\/www.visit-ulcinj.com\/blog\/wp-content\/uploads\/2010\/08\/Vatrogasno-Ulcinj-150x150.jpg\" class=\"attachment-thumbnail size-thumbnail\" alt=\"\" loading=\"lazy\" \/><\/a>\n\t\t\t<\/dt><\/dl><dl class='gallery-item'>\n\t\t\t<dt class='gallery-icon landscape'>\n\t\t\t\t<a href='https:\/\/www.visit-ulcinj.com\/blog\/wp-content\/uploads\/2010\/08\/Vatrogasno-Ulcinj.1.jpg'><img width=\"150\" height=\"150\" src=\"https:\/\/www.visit-ulcinj.com\/blog\/wp-content\/uploads\/2010\/08\/Vatrogasno-Ulcinj.1-150x150.jpg\" class=\"attachment-thumbnail size-thumbnail\" alt=\"\" loading=\"lazy\" \/><\/a>\n\t\t\t<\/dt><\/dl><br style=\"clear: both\" \/>\n\t\t<\/div>\n<br \/>\n<\/a><!--YouTube Error: bad URL entered--><a href=\"http:\/\/www.vijesti.me\/\" target=\"_blank\"><\/a><\/strong><\/p>\n","protected":false},"excerpt":{"rendered":"<p>Zapalili pa pobjegli Ulcinj \u2013 U velikom \u0161umskom po\u017earu koji je ju\u010de oko 15 sati i 30 minuta zahvatio mjesto Kru\u010de nadomak Ulcinja, nije bilo materijalne \u0161tete, ali vatrogasci do mraka nijesu uspjeli da lokalizuju vatrenu stihiju. Rukovodilac slu\u017ebe za\u0161tite i spasavanja Fljamur Selovi\u0107 kazao je \u201eVijestima\u201c da je po\u017ear izbio sa lijeve strane magistralnog [&hellip;]<\/p>\n","protected":false},"author":1,"featured_media":0,"comment_status":"open","ping_status":"closed","sticky":false,"template":"","format":"standard","meta":{"spay_email":"","jetpack_publicize_message":"","jetpack_is_tweetstorm":false,"jetpack_publicize_feature_enabled":true},"categories":[5],"tags":[4468,15008,19,15007],"jetpack_publicize_connections":[],"yoast_head":"<!-- This site is optimized with the Yoast SEO plugin v19.1 - https:\/\/yoast.com\/wordpress\/plugins\/seo\/ -->\n<title>Ljudska nepa\u017enja izazvala veliki po\u017ear u kru\u010dama kod Ulcinja - Lajme nga Ulqini<\/title>\n<meta name=\"description\" content=\"Zapalili pa pobjegli Ulcinj \u2013 U velikom \u0161umskom po\u017earu koji je ju\u010de oko 15 sati i 30 minuta zahvatio mjesto Kru\u010de nadomak Ulcinja, nije bilo materijalne\" \/>\n<meta name=\"robots\" content=\"index, follow, max-snippet:-1, max-image-preview:large, max-video-preview:-1\" \/>\n<link rel=\"canonical\" href=\"https:\/\/www.visit-ulcinj.com\/blog\/2010\/08\/16\/ljudska-nepaznja-izazvala-veliki-pozar-u-krucama-kod-ulcinja\/\" \/>\n<meta property=\"og:locale\" content=\"en_US\" \/>\n<meta property=\"og:type\" content=\"article\" \/>\n<meta property=\"og:title\" content=\"Ljudska nepa\u017enja izazvala veliki po\u017ear u kru\u010dama kod Ulcinja - Lajme nga Ulqini\" \/>\n<meta property=\"og:description\" content=\"Zapalili pa pobjegli Ulcinj \u2013 U velikom \u0161umskom po\u017earu koji je ju\u010de oko 15 sati i 30 minuta zahvatio mjesto Kru\u010de nadomak Ulcinja, nije bilo materijalne\" \/>\n<meta property=\"og:url\" content=\"https:\/\/www.visit-ulcinj.com\/blog\/2010\/08\/16\/ljudska-nepaznja-izazvala-veliki-pozar-u-krucama-kod-ulcinja\/\" \/>\n<meta property=\"og:site_name\" content=\"Lajme nga Ulqini\" \/>\n<meta property=\"article:published_time\" content=\"2010-08-16T17:45:21+00:00\" \/>\n<meta property=\"article:modified_time\" content=\"2010-08-16T18:21:03+00:00\" \/>\n<meta property=\"og:image\" content=\"https:\/\/www.visit-ulcinj.com\/blog\/wp-content\/uploads\/2010\/08\/Fljamur-Selovic-150x150.jpg\" \/>\n<meta name=\"twitter:label1\" content=\"Written by\" \/>\n\t<meta name=\"twitter:data1\" content=\"ulqini\" \/>\n\t<meta name=\"twitter:label2\" content=\"Est. reading time\" \/>\n\t<meta name=\"twitter:data2\" content=\"1 minute\" \/>\n<script type=\"application\/ld+json\" class=\"yoast-schema-graph\">{\"@context\":\"https:\/\/schema.org\",\"@graph\":[{\"@type\":\"WebSite\",\"@id\":\"https:\/\/www.visit-ulcinj.com\/blog\/#website\",\"url\":\"https:\/\/www.visit-ulcinj.com\/blog\/\",\"name\":\"Lajme nga Ulqini\",\"description\":\"Lajme,Vijesti,Ulqini,Ulqin,Crna Gora,Mali i Zi\",\"potentialAction\":[{\"@type\":\"SearchAction\",\"target\":{\"@type\":\"EntryPoint\",\"urlTemplate\":\"https:\/\/www.visit-ulcinj.com\/blog\/?s={search_term_string}\"},\"query-input\":\"required name=search_term_string\"}],\"inLanguage\":\"en-US\"},{\"@type\":\"ImageObject\",\"inLanguage\":\"en-US\",\"@id\":\"https:\/\/www.visit-ulcinj.com\/blog\/2010\/08\/16\/ljudska-nepaznja-izazvala-veliki-pozar-u-krucama-kod-ulcinja\/#primaryimage\",\"url\":\"https:\/\/www.visit-ulcinj.com\/blog\/wp-content\/uploads\/2010\/08\/Fljamur-Selovic.jpg\",\"contentUrl\":\"https:\/\/www.visit-ulcinj.com\/blog\/wp-content\/uploads\/2010\/08\/Fljamur-Selovic.jpg\",\"width\":\"355\",\"height\":\"478\"},{\"@type\":\"WebPage\",\"@id\":\"https:\/\/www.visit-ulcinj.com\/blog\/2010\/08\/16\/ljudska-nepaznja-izazvala-veliki-pozar-u-krucama-kod-ulcinja\/#webpage\",\"url\":\"https:\/\/www.visit-ulcinj.com\/blog\/2010\/08\/16\/ljudska-nepaznja-izazvala-veliki-pozar-u-krucama-kod-ulcinja\/\",\"name\":\"Ljudska nepa\u017enja izazvala veliki po\u017ear u kru\u010dama kod Ulcinja - Lajme nga Ulqini\",\"isPartOf\":{\"@id\":\"https:\/\/www.visit-ulcinj.com\/blog\/#website\"},\"primaryImageOfPage\":{\"@id\":\"https:\/\/www.visit-ulcinj.com\/blog\/2010\/08\/16\/ljudska-nepaznja-izazvala-veliki-pozar-u-krucama-kod-ulcinja\/#primaryimage\"},\"datePublished\":\"2010-08-16T17:45:21+00:00\",\"dateModified\":\"2010-08-16T18:21:03+00:00\",\"author\":{\"@id\":\"https:\/\/www.visit-ulcinj.com\/blog\/#\/schema\/person\/dcab619c614d3038751c63bc2aadc06d\"},\"description\":\"Zapalili pa pobjegli Ulcinj \u2013 U velikom \u0161umskom po\u017earu koji je ju\u010de oko 15 sati i 30 minuta zahvatio mjesto Kru\u010de nadomak Ulcinja, nije bilo materijalne\",\"breadcrumb\":{\"@id\":\"https:\/\/www.visit-ulcinj.com\/blog\/2010\/08\/16\/ljudska-nepaznja-izazvala-veliki-pozar-u-krucama-kod-ulcinja\/#breadcrumb\"},\"inLanguage\":\"en-US\",\"potentialAction\":[{\"@type\":\"ReadAction\",\"target\":[\"https:\/\/www.visit-ulcinj.com\/blog\/2010\/08\/16\/ljudska-nepaznja-izazvala-veliki-pozar-u-krucama-kod-ulcinja\/\"]}]},{\"@type\":\"BreadcrumbList\",\"@id\":\"https:\/\/www.visit-ulcinj.com\/blog\/2010\/08\/16\/ljudska-nepaznja-izazvala-veliki-pozar-u-krucama-kod-ulcinja\/#breadcrumb\",\"itemListElement\":[{\"@type\":\"ListItem\",\"position\":1,\"name\":\"Ljudska nepa\u017enja izazvala veliki po\u017ear u kru\u010dama kod Ulcinja\"}]},{\"@type\":\"Person\",\"@id\":\"https:\/\/www.visit-ulcinj.com\/blog\/#\/schema\/person\/dcab619c614d3038751c63bc2aadc06d\",\"name\":\"ulqini\",\"sameAs\":[\"http:\/\/www.visit-ulcinj.com\"],\"url\":\"https:\/\/www.visit-ulcinj.com\/blog\/author\/admin\/\"}]}<\/script>\n<!-- \/ Yoast SEO plugin. -->","yoast_head_json":{"title":"Ljudska nepa\u017enja izazvala veliki po\u017ear u kru\u010dama kod Ulcinja - Lajme nga Ulqini","description":"Zapalili pa pobjegli Ulcinj \u2013 U velikom \u0161umskom po\u017earu koji je ju\u010de oko 15 sati i 30 minuta zahvatio mjesto Kru\u010de nadomak Ulcinja, nije bilo materijalne","robots":{"index":"index","follow":"follow","max-snippet":"max-snippet:-1","max-image-preview":"max-image-preview:large","max-video-preview":"max-video-preview:-1"},"canonical":"https:\/\/www.visit-ulcinj.com\/blog\/2010\/08\/16\/ljudska-nepaznja-izazvala-veliki-pozar-u-krucama-kod-ulcinja\/","og_locale":"en_US","og_type":"article","og_title":"Ljudska nepa\u017enja izazvala veliki po\u017ear u kru\u010dama kod Ulcinja - Lajme nga Ulqini","og_description":"Zapalili pa pobjegli Ulcinj \u2013 U velikom \u0161umskom po\u017earu koji je ju\u010de oko 15 sati i 30 minuta zahvatio mjesto Kru\u010de nadomak Ulcinja, nije bilo materijalne","og_url":"https:\/\/www.visit-ulcinj.com\/blog\/2010\/08\/16\/ljudska-nepaznja-izazvala-veliki-pozar-u-krucama-kod-ulcinja\/","og_site_name":"Lajme nga Ulqini","article_published_time":"2010-08-16T17:45:21+00:00","article_modified_time":"2010-08-16T18:21:03+00:00","og_image":[{"url":"https:\/\/www.visit-ulcinj.com\/blog\/wp-content\/uploads\/2010\/08\/Fljamur-Selovic-150x150.jpg"}],"twitter_misc":{"Written by":"ulqini","Est. reading time":"1 minute"},"schema":{"@context":"https:\/\/schema.org","@graph":[{"@type":"WebSite","@id":"https:\/\/www.visit-ulcinj.com\/blog\/#website","url":"https:\/\/www.visit-ulcinj.com\/blog\/","name":"Lajme nga Ulqini","description":"Lajme,Vijesti,Ulqini,Ulqin,Crna Gora,Mali i Zi","potentialAction":[{"@type":"SearchAction","target":{"@type":"EntryPoint","urlTemplate":"https:\/\/www.visit-ulcinj.com\/blog\/?s={search_term_string}"},"query-input":"required name=search_term_string"}],"inLanguage":"en-US"},{"@type":"ImageObject","inLanguage":"en-US","@id":"https:\/\/www.visit-ulcinj.com\/blog\/2010\/08\/16\/ljudska-nepaznja-izazvala-veliki-pozar-u-krucama-kod-ulcinja\/#primaryimage","url":"https:\/\/www.visit-ulcinj.com\/blog\/wp-content\/uploads\/2010\/08\/Fljamur-Selovic.jpg","contentUrl":"https:\/\/www.visit-ulcinj.com\/blog\/wp-content\/uploads\/2010\/08\/Fljamur-Selovic.jpg","width":"355","height":"478"},{"@type":"WebPage","@id":"https:\/\/www.visit-ulcinj.com\/blog\/2010\/08\/16\/ljudska-nepaznja-izazvala-veliki-pozar-u-krucama-kod-ulcinja\/#webpage","url":"https:\/\/www.visit-ulcinj.com\/blog\/2010\/08\/16\/ljudska-nepaznja-izazvala-veliki-pozar-u-krucama-kod-ulcinja\/","name":"Ljudska nepa\u017enja izazvala veliki po\u017ear u kru\u010dama kod Ulcinja - Lajme nga Ulqini","isPartOf":{"@id":"https:\/\/www.visit-ulcinj.com\/blog\/#website"},"primaryImageOfPage":{"@id":"https:\/\/www.visit-ulcinj.com\/blog\/2010\/08\/16\/ljudska-nepaznja-izazvala-veliki-pozar-u-krucama-kod-ulcinja\/#primaryimage"},"datePublished":"2010-08-16T17:45:21+00:00","dateModified":"2010-08-16T18:21:03+00:00","author":{"@id":"https:\/\/www.visit-ulcinj.com\/blog\/#\/schema\/person\/dcab619c614d3038751c63bc2aadc06d"},"description":"Zapalili pa pobjegli Ulcinj \u2013 U velikom \u0161umskom po\u017earu koji je ju\u010de oko 15 sati i 30 minuta zahvatio mjesto Kru\u010de nadomak Ulcinja, nije bilo materijalne","breadcrumb":{"@id":"https:\/\/www.visit-ulcinj.com\/blog\/2010\/08\/16\/ljudska-nepaznja-izazvala-veliki-pozar-u-krucama-kod-ulcinja\/#breadcrumb"},"inLanguage":"en-US","potentialAction":[{"@type":"ReadAction","target":["https:\/\/www.visit-ulcinj.com\/blog\/2010\/08\/16\/ljudska-nepaznja-izazvala-veliki-pozar-u-krucama-kod-ulcinja\/"]}]},{"@type":"BreadcrumbList","@id":"https:\/\/www.visit-ulcinj.com\/blog\/2010\/08\/16\/ljudska-nepaznja-izazvala-veliki-pozar-u-krucama-kod-ulcinja\/#breadcrumb","itemListElement":[{"@type":"ListItem","position":1,"name":"Ljudska nepa\u017enja izazvala veliki po\u017ear u kru\u010dama kod Ulcinja"}]},{"@type":"Person","@id":"https:\/\/www.visit-ulcinj.com\/blog\/#\/schema\/person\/dcab619c614d3038751c63bc2aadc06d","name":"ulqini","sameAs":["http:\/\/www.visit-ulcinj.com"],"url":"https:\/\/www.visit-ulcinj.com\/blog\/author\/admin\/"}]}},"jetpack_featured_media_url":"","jetpack_sharing_enabled":true,"jetpack_shortlink":"https:\/\/wp.me\/pe6lTn-9np","_links":{"self":[{"href":"https:\/\/www.visit-ulcinj.com\/blog\/wp-json\/wp\/v2\/posts\/36047"}],"collection":[{"href":"https:\/\/www.visit-ulcinj.com\/blog\/wp-json\/wp\/v2\/posts"}],"about":[{"href":"https:\/\/www.visit-ulcinj.com\/blog\/wp-json\/wp\/v2\/types\/post"}],"author":[{"embeddable":true,"href":"https:\/\/www.visit-ulcinj.com\/blog\/wp-json\/wp\/v2\/users\/1"}],"replies":[{"embeddable":true,"href":"https:\/\/www.visit-ulcinj.com\/blog\/wp-json\/wp\/v2\/comments?post=36047"}],"version-history":[{"count":0,"href":"https:\/\/www.visit-ulcinj.com\/blog\/wp-json\/wp\/v2\/posts\/36047\/revisions"}],"wp:attachment":[{"href":"https:\/\/www.visit-ulcinj.com\/blog\/wp-json\/wp\/v2\/media?parent=36047"}],"wp:term":[{"taxonomy":"category","embeddable":true,"href":"https:\/\/www.visit-ulcinj.com\/blog\/wp-json\/wp\/v2\/categories?post=36047"},{"taxonomy":"post_tag","embeddable":true,"href":"https:\/\/www.visit-ulcinj.com\/blog\/wp-json\/wp\/v2\/tags?post=36047"}],"curies":[{"name":"wp","href":"https:\/\/api.w.org\/{rel}","templated":true}]}}