{"id":36055,"date":"2010-08-16T20:21:30","date_gmt":"2010-08-16T18:21:30","guid":{"rendered":"http:\/\/www.visit-ulcinj.com\/blog\/?p=36055"},"modified":"2010-08-16T20:23:34","modified_gmt":"2010-08-16T18:23:34","slug":"imam-vise-klijenata-nego-forca-clanova","status":"publish","type":"post","link":"https:\/\/www.visit-ulcinj.com\/blog\/2010\/08\/16\/imam-vise-klijenata-nego-forca-clanova\/","title":{"rendered":"Piperovi\u0107: Imam vi\u0161e klijenata nego Forca \u010dlanova"},"content":{"rendered":"<p><strong><a href=\"http:\/\/www.visit-ulcinj.com\/blog\/wp-content\/uploads\/2010\/08\/zoran-piperovic.jpg\"><img loading=\"lazy\" class=\"alignleft size-full wp-image-36056\" title=\"Podgorica,26.03.2006 Advokat Zoran Piperovic  S.Prelevic  ------  drustvo  na 2\" src=\"http:\/\/www.visit-ulcinj.com\/blog\/wp-content\/uploads\/2010\/08\/zoran-piperovic.jpg\" alt=\"\" width=\"490\" height=\"321\" srcset=\"https:\/\/www.visit-ulcinj.com\/blog\/wp-content\/uploads\/2010\/08\/zoran-piperovic.jpg 490w, https:\/\/www.visit-ulcinj.com\/blog\/wp-content\/uploads\/2010\/08\/zoran-piperovic-300x196.jpg 300w\" sizes=\"(max-width: 490px) 100vw, 490px\" \/><\/a>Zoran Piperovi\u0107 odgovorio Genciju Nimanbeguu<\/strong><br \/>\nUlcinj &#8211; Advokat Zoran Piperovi\u0107 kazao je da je o\u010dekivao da \u0107e potpredsjednik Force Genci Nimanbegu u drugom reagovanju odbaciti tvrdnju da njegovu partiju nervira \u010dinjenica da su Crnogorci oslobodili Ulcinj od Turaka, a ne nastaviti sa uvredama na njegov ra\u010dun.<br \/>\n\u201cNe mogu da sa\u010duvam Nimanbegua od njega samoga. Moj benigni i spontani predlog, pretvorio je, ni\u010dim izazvan, vrlo namjerno, u polemiku koju iznova garnira uvredama, koriste\u0107i je i za predizborne poruke. Bilo je za o\u010dekivati da odmah decidno i energi\u010dno odbaci moju tvrdnju da Forcu nervira istorijska \u010dinjenica da su Crnogorci u 19. vijeku oslobodili Ulcinj i iznova ga vratili u svoje dr\u017eavno okrilje. On to ne radi jer misli upravo suprotno\u201d, naveo je Piperovi\u0107 u reagovanju na tekst \u201cU ovom slu\u010daju, ma\u010dka je most\u201d objavljenom u prekju\u010dera\u0161njim \u201cVijestima\u201d.<br \/>\nPiperovi\u0107 je nedavno pokrenuo inicijativu da novi most na Port Mileni dobije ime po kralju Nikoli Petrovi\u0107u.<br \/>\nNimanbegu se, u reagovanju na inicijativu, zalo\u017eio da to bude adekvatan istorijski toponim, ali da \u0107e kona\u010dnu rije\u010d dati ve\u0107ina u SO nakon sprovedene zakonske procedure.<br \/>\nPiperovi\u0107 je ocijenio da Nimanbegu cini\u010dno govori \u201co nekoj mojoj samopromociji, \u017eelji za medijskom pa\u017enjom i o ne znam kakvim predrasudama, prema Ulcinjanima\u201d, \u0161to je, kako tvrdi, \u201cpodvala najgore vrste\u201d.<\/p>\n<p>\u201cOn zna da ja znam za\u0161to preska\u010de moju tvrdnju da ih specijalno nervira \u201ckralj okupator\u201d. Ne zna da ja u Ulcinju imam vi\u0161e klijenata i prijatelja nego \u0161to Forca ima \u010dlanova. Ne sumnjam da je njegova partija, kako re\u010de, moderna kao \u0161to je ta\u010dno, kako je naglasio, da je nacionalno sna\u017ena. Imamo priliku da se u to uvjerimo za vrijeme izbora kada u predizbornim kolonama automobila u re\u017eiji Force ima na stotinu zastava, ali ni jedne jedine dr\u017eavne zastave \u201cljubljene\u201d mu Crne Gore, iako se ti izbori u njoj odr\u017eavaju. I kad spomenuh Nimanbeguov cinizam, poslu\u017ei\u0107u se Borislavom Peki\u0107em koji ka\u017ee da postoje dva cinizma. Jedan poti\u010de iz mr\u017enje, a drugi iz spoznaje ne\u010dega. Cinizam iz mr\u017enje uni\u0161tava onog ko ga koristi i vrije\u0111a onoga kome je upu\u0107en. Cinizam iz spoznaje i jednog i drugog u\u010di ograni\u010denju na\u0161ih istina. Zavr\u0161avaju\u0107i polemiku pitam Nimambegua na koju je ve\u0107inu mislio kada je kazao da \u0107e ona odlu\u010divati o imenu mosta? Na ve\u0107inu svih gra\u0111ana Crne Gore jer se most gradi dr\u017eavnim novcem ili mo\u017eda na lokalnu u kojoj on ne\u0107e participirati skoro\u201d, naveo je Piperovi\u0107 u reagovanju.<br \/>\n<strong>S.A.<br \/>\n***<br \/>\n<a href=\"http:\/\/www.rtcg.me\/\" target=\"_blank\">\u201eVijesti\u201d<\/a> ovim zavr\u0161avaju polemiku Piperovi\u0107a i Nimanbegua<\/strong><\/p>\n","protected":false},"excerpt":{"rendered":"<p>Zoran Piperovi\u0107 odgovorio Genciju Nimanbeguu Ulcinj &#8211; Advokat Zoran Piperovi\u0107 kazao je da je o\u010dekivao da \u0107e potpredsjednik Force Genci Nimanbegu u drugom reagovanju odbaciti tvrdnju da njegovu partiju nervira \u010dinjenica da su Crnogorci oslobodili Ulcinj od Turaka, a ne nastaviti sa uvredama na njegov ra\u010dun. \u201cNe mogu da sa\u010duvam Nimanbegua od njega samoga. Moj [&hellip;]<\/p>\n","protected":false},"author":1,"featured_media":0,"comment_status":"open","ping_status":"closed","sticky":false,"template":"","format":"standard","meta":{"spay_email":"","jetpack_publicize_message":"","jetpack_is_tweetstorm":false,"jetpack_publicize_feature_enabled":true},"categories":[8337],"tags":[117,15009,15010,2133],"jetpack_publicize_connections":[],"yoast_head":"<!-- This site is optimized with the Yoast SEO plugin v19.1 - https:\/\/yoast.com\/wordpress\/plugins\/seo\/ -->\n<title>Piperovi\u0107: Imam vi\u0161e klijenata nego Forca \u010dlanova - Lajme nga Ulqini<\/title>\n<meta name=\"description\" content=\"Zoran Piperovi\u0107 odgovorio Genciju Nimanbeguu Ulcinj - Advokat Zoran Piperovi\u0107 kazao je da je o\u010dekivao da \u0107e potpredsjednik Force Genci Nimanbegu u drugom\" \/>\n<meta name=\"robots\" content=\"index, follow, max-snippet:-1, max-image-preview:large, max-video-preview:-1\" \/>\n<link rel=\"canonical\" href=\"https:\/\/www.visit-ulcinj.com\/blog\/2010\/08\/16\/imam-vise-klijenata-nego-forca-clanova\/\" \/>\n<meta property=\"og:locale\" content=\"en_US\" \/>\n<meta property=\"og:type\" content=\"article\" \/>\n<meta property=\"og:title\" content=\"Piperovi\u0107: Imam vi\u0161e klijenata nego Forca \u010dlanova - Lajme nga Ulqini\" \/>\n<meta property=\"og:description\" content=\"Zoran Piperovi\u0107 odgovorio Genciju Nimanbeguu Ulcinj - Advokat Zoran Piperovi\u0107 kazao je da je o\u010dekivao da \u0107e potpredsjednik Force Genci Nimanbegu u drugom\" \/>\n<meta property=\"og:url\" content=\"https:\/\/www.visit-ulcinj.com\/blog\/2010\/08\/16\/imam-vise-klijenata-nego-forca-clanova\/\" \/>\n<meta property=\"og:site_name\" content=\"Lajme nga Ulqini\" \/>\n<meta property=\"article:published_time\" content=\"2010-08-16T18:21:30+00:00\" \/>\n<meta property=\"article:modified_time\" content=\"2010-08-16T18:23:34+00:00\" \/>\n<meta property=\"og:image\" content=\"http:\/\/www.visit-ulcinj.com\/blog\/wp-content\/uploads\/2010\/08\/zoran-piperovic.jpg\" \/>\n<meta name=\"twitter:label1\" content=\"Written by\" \/>\n\t<meta name=\"twitter:data1\" content=\"ulqini\" \/>\n\t<meta name=\"twitter:label2\" content=\"Est. reading time\" \/>\n\t<meta name=\"twitter:data2\" content=\"2 minutes\" \/>\n<script type=\"application\/ld+json\" class=\"yoast-schema-graph\">{\"@context\":\"https:\/\/schema.org\",\"@graph\":[{\"@type\":\"WebSite\",\"@id\":\"https:\/\/www.visit-ulcinj.com\/blog\/#website\",\"url\":\"https:\/\/www.visit-ulcinj.com\/blog\/\",\"name\":\"Lajme nga Ulqini\",\"description\":\"Lajme,Vijesti,Ulqini,Ulqin,Crna Gora,Mali i Zi\",\"potentialAction\":[{\"@type\":\"SearchAction\",\"target\":{\"@type\":\"EntryPoint\",\"urlTemplate\":\"https:\/\/www.visit-ulcinj.com\/blog\/?s={search_term_string}\"},\"query-input\":\"required name=search_term_string\"}],\"inLanguage\":\"en-US\"},{\"@type\":\"ImageObject\",\"inLanguage\":\"en-US\",\"@id\":\"https:\/\/www.visit-ulcinj.com\/blog\/2010\/08\/16\/imam-vise-klijenata-nego-forca-clanova\/#primaryimage\",\"url\":\"https:\/\/www.visit-ulcinj.com\/blog\/wp-content\/uploads\/2010\/08\/zoran-piperovic.jpg\",\"contentUrl\":\"https:\/\/www.visit-ulcinj.com\/blog\/wp-content\/uploads\/2010\/08\/zoran-piperovic.jpg\",\"width\":\"490\",\"height\":\"321\"},{\"@type\":\"WebPage\",\"@id\":\"https:\/\/www.visit-ulcinj.com\/blog\/2010\/08\/16\/imam-vise-klijenata-nego-forca-clanova\/#webpage\",\"url\":\"https:\/\/www.visit-ulcinj.com\/blog\/2010\/08\/16\/imam-vise-klijenata-nego-forca-clanova\/\",\"name\":\"Piperovi\u0107: Imam vi\u0161e klijenata nego Forca \u010dlanova - Lajme nga Ulqini\",\"isPartOf\":{\"@id\":\"https:\/\/www.visit-ulcinj.com\/blog\/#website\"},\"primaryImageOfPage\":{\"@id\":\"https:\/\/www.visit-ulcinj.com\/blog\/2010\/08\/16\/imam-vise-klijenata-nego-forca-clanova\/#primaryimage\"},\"datePublished\":\"2010-08-16T18:21:30+00:00\",\"dateModified\":\"2010-08-16T18:23:34+00:00\",\"author\":{\"@id\":\"https:\/\/www.visit-ulcinj.com\/blog\/#\/schema\/person\/dcab619c614d3038751c63bc2aadc06d\"},\"description\":\"Zoran Piperovi\u0107 odgovorio Genciju Nimanbeguu Ulcinj - Advokat Zoran Piperovi\u0107 kazao je da je o\u010dekivao da \u0107e potpredsjednik Force Genci Nimanbegu u drugom\",\"breadcrumb\":{\"@id\":\"https:\/\/www.visit-ulcinj.com\/blog\/2010\/08\/16\/imam-vise-klijenata-nego-forca-clanova\/#breadcrumb\"},\"inLanguage\":\"en-US\",\"potentialAction\":[{\"@type\":\"ReadAction\",\"target\":[\"https:\/\/www.visit-ulcinj.com\/blog\/2010\/08\/16\/imam-vise-klijenata-nego-forca-clanova\/\"]}]},{\"@type\":\"BreadcrumbList\",\"@id\":\"https:\/\/www.visit-ulcinj.com\/blog\/2010\/08\/16\/imam-vise-klijenata-nego-forca-clanova\/#breadcrumb\",\"itemListElement\":[{\"@type\":\"ListItem\",\"position\":1,\"name\":\"Piperovi\u0107: Imam vi\u0161e klijenata nego Forca \u010dlanova\"}]},{\"@type\":\"Person\",\"@id\":\"https:\/\/www.visit-ulcinj.com\/blog\/#\/schema\/person\/dcab619c614d3038751c63bc2aadc06d\",\"name\":\"ulqini\",\"sameAs\":[\"http:\/\/www.visit-ulcinj.com\"],\"url\":\"https:\/\/www.visit-ulcinj.com\/blog\/author\/admin\/\"}]}<\/script>\n<!-- \/ Yoast SEO plugin. -->","yoast_head_json":{"title":"Piperovi\u0107: Imam vi\u0161e klijenata nego Forca \u010dlanova - Lajme nga Ulqini","description":"Zoran Piperovi\u0107 odgovorio Genciju Nimanbeguu Ulcinj - Advokat Zoran Piperovi\u0107 kazao je da je o\u010dekivao da \u0107e potpredsjednik Force Genci Nimanbegu u drugom","robots":{"index":"index","follow":"follow","max-snippet":"max-snippet:-1","max-image-preview":"max-image-preview:large","max-video-preview":"max-video-preview:-1"},"canonical":"https:\/\/www.visit-ulcinj.com\/blog\/2010\/08\/16\/imam-vise-klijenata-nego-forca-clanova\/","og_locale":"en_US","og_type":"article","og_title":"Piperovi\u0107: Imam vi\u0161e klijenata nego Forca \u010dlanova - Lajme nga Ulqini","og_description":"Zoran Piperovi\u0107 odgovorio Genciju Nimanbeguu Ulcinj - Advokat Zoran Piperovi\u0107 kazao je da je o\u010dekivao da \u0107e potpredsjednik Force Genci Nimanbegu u drugom","og_url":"https:\/\/www.visit-ulcinj.com\/blog\/2010\/08\/16\/imam-vise-klijenata-nego-forca-clanova\/","og_site_name":"Lajme nga Ulqini","article_published_time":"2010-08-16T18:21:30+00:00","article_modified_time":"2010-08-16T18:23:34+00:00","og_image":[{"url":"http:\/\/www.visit-ulcinj.com\/blog\/wp-content\/uploads\/2010\/08\/zoran-piperovic.jpg"}],"twitter_misc":{"Written by":"ulqini","Est. reading time":"2 minutes"},"schema":{"@context":"https:\/\/schema.org","@graph":[{"@type":"WebSite","@id":"https:\/\/www.visit-ulcinj.com\/blog\/#website","url":"https:\/\/www.visit-ulcinj.com\/blog\/","name":"Lajme nga Ulqini","description":"Lajme,Vijesti,Ulqini,Ulqin,Crna Gora,Mali i Zi","potentialAction":[{"@type":"SearchAction","target":{"@type":"EntryPoint","urlTemplate":"https:\/\/www.visit-ulcinj.com\/blog\/?s={search_term_string}"},"query-input":"required name=search_term_string"}],"inLanguage":"en-US"},{"@type":"ImageObject","inLanguage":"en-US","@id":"https:\/\/www.visit-ulcinj.com\/blog\/2010\/08\/16\/imam-vise-klijenata-nego-forca-clanova\/#primaryimage","url":"https:\/\/www.visit-ulcinj.com\/blog\/wp-content\/uploads\/2010\/08\/zoran-piperovic.jpg","contentUrl":"https:\/\/www.visit-ulcinj.com\/blog\/wp-content\/uploads\/2010\/08\/zoran-piperovic.jpg","width":"490","height":"321"},{"@type":"WebPage","@id":"https:\/\/www.visit-ulcinj.com\/blog\/2010\/08\/16\/imam-vise-klijenata-nego-forca-clanova\/#webpage","url":"https:\/\/www.visit-ulcinj.com\/blog\/2010\/08\/16\/imam-vise-klijenata-nego-forca-clanova\/","name":"Piperovi\u0107: Imam vi\u0161e klijenata nego Forca \u010dlanova - Lajme nga Ulqini","isPartOf":{"@id":"https:\/\/www.visit-ulcinj.com\/blog\/#website"},"primaryImageOfPage":{"@id":"https:\/\/www.visit-ulcinj.com\/blog\/2010\/08\/16\/imam-vise-klijenata-nego-forca-clanova\/#primaryimage"},"datePublished":"2010-08-16T18:21:30+00:00","dateModified":"2010-08-16T18:23:34+00:00","author":{"@id":"https:\/\/www.visit-ulcinj.com\/blog\/#\/schema\/person\/dcab619c614d3038751c63bc2aadc06d"},"description":"Zoran Piperovi\u0107 odgovorio Genciju Nimanbeguu Ulcinj - Advokat Zoran Piperovi\u0107 kazao je da je o\u010dekivao da \u0107e potpredsjednik Force Genci Nimanbegu u drugom","breadcrumb":{"@id":"https:\/\/www.visit-ulcinj.com\/blog\/2010\/08\/16\/imam-vise-klijenata-nego-forca-clanova\/#breadcrumb"},"inLanguage":"en-US","potentialAction":[{"@type":"ReadAction","target":["https:\/\/www.visit-ulcinj.com\/blog\/2010\/08\/16\/imam-vise-klijenata-nego-forca-clanova\/"]}]},{"@type":"BreadcrumbList","@id":"https:\/\/www.visit-ulcinj.com\/blog\/2010\/08\/16\/imam-vise-klijenata-nego-forca-clanova\/#breadcrumb","itemListElement":[{"@type":"ListItem","position":1,"name":"Piperovi\u0107: Imam vi\u0161e klijenata nego Forca \u010dlanova"}]},{"@type":"Person","@id":"https:\/\/www.visit-ulcinj.com\/blog\/#\/schema\/person\/dcab619c614d3038751c63bc2aadc06d","name":"ulqini","sameAs":["http:\/\/www.visit-ulcinj.com"],"url":"https:\/\/www.visit-ulcinj.com\/blog\/author\/admin\/"}]}},"jetpack_featured_media_url":"","jetpack_sharing_enabled":true,"jetpack_shortlink":"https:\/\/wp.me\/pe6lTn-9nx","_links":{"self":[{"href":"https:\/\/www.visit-ulcinj.com\/blog\/wp-json\/wp\/v2\/posts\/36055"}],"collection":[{"href":"https:\/\/www.visit-ulcinj.com\/blog\/wp-json\/wp\/v2\/posts"}],"about":[{"href":"https:\/\/www.visit-ulcinj.com\/blog\/wp-json\/wp\/v2\/types\/post"}],"author":[{"embeddable":true,"href":"https:\/\/www.visit-ulcinj.com\/blog\/wp-json\/wp\/v2\/users\/1"}],"replies":[{"embeddable":true,"href":"https:\/\/www.visit-ulcinj.com\/blog\/wp-json\/wp\/v2\/comments?post=36055"}],"version-history":[{"count":0,"href":"https:\/\/www.visit-ulcinj.com\/blog\/wp-json\/wp\/v2\/posts\/36055\/revisions"}],"wp:attachment":[{"href":"https:\/\/www.visit-ulcinj.com\/blog\/wp-json\/wp\/v2\/media?parent=36055"}],"wp:term":[{"taxonomy":"category","embeddable":true,"href":"https:\/\/www.visit-ulcinj.com\/blog\/wp-json\/wp\/v2\/categories?post=36055"},{"taxonomy":"post_tag","embeddable":true,"href":"https:\/\/www.visit-ulcinj.com\/blog\/wp-json\/wp\/v2\/tags?post=36055"}],"curies":[{"name":"wp","href":"https:\/\/api.w.org\/{rel}","templated":true}]}}