{"id":36069,"date":"2010-08-17T00:01:18","date_gmt":"2010-08-16T22:01:18","guid":{"rendered":"http:\/\/www.visit-ulcinj.com\/blog\/?p=36069"},"modified":"2010-08-17T12:49:32","modified_gmt":"2010-08-17T10:49:32","slug":"izbori-u-ulcinju-17-oktobra","status":"publish","type":"post","link":"https:\/\/www.visit-ulcinj.com\/blog\/2010\/08\/17\/izbori-u-ulcinju-17-oktobra\/","title":{"rendered":"Izbori u Ulcinju 17. oktobra"},"content":{"rendered":"<p><a href=\"http:\/\/www.visit-ulcinj.com\/blog\/wp-content\/uploads\/2010\/08\/ZGJEDHJET_IZBORI_ULCINJ_ULQIN-2010.3.jpg\"><img loading=\"lazy\" class=\"alignleft size-medium wp-image-36104\" title=\"ZGJEDHJET_IZBORI_ULCINJ_ULQIN-2010.3\" src=\"http:\/\/www.visit-ulcinj.com\/blog\/wp-content\/uploads\/2010\/08\/ZGJEDHJET_IZBORI_ULCINJ_ULQIN-2010.3-265x300.jpg\" alt=\"\" width=\"265\" height=\"300\" srcset=\"https:\/\/www.visit-ulcinj.com\/blog\/wp-content\/uploads\/2010\/08\/ZGJEDHJET_IZBORI_ULCINJ_ULQIN-2010.3-265x300.jpg 265w, https:\/\/www.visit-ulcinj.com\/blog\/wp-content\/uploads\/2010\/08\/ZGJEDHJET_IZBORI_ULCINJ_ULQIN-2010.3-906x1024.jpg 906w, https:\/\/www.visit-ulcinj.com\/blog\/wp-content\/uploads\/2010\/08\/ZGJEDHJET_IZBORI_ULCINJ_ULQIN-2010.3.jpg 945w\" sizes=\"(max-width: 265px) 100vw, 265px\" \/><\/a>Podgorica, (MINA) &#8211; Izbori za odbornike u Skup\u0161tini op\u0161tine Ulcinj bi\u0107e odr\u017eani 17. oktobra, odlu\u010dio je danas crnogorski predsjednik Filip Vujanovi\u0107.<\/p>\n<p>Na izborima koji su odr\u017eani 23. maja nijedna partija ili koalicija nije osvojila potrebnu ve\u0107inu, a nije dogovorena ni postizborna saradnja za formiranje vlasti.<\/p>\n<p>Na tim izborima koalicija Demokratske partije socijalista i Demokratske unija Albanaca osvojila je 14 mandata, Forca 11.<\/p>\n<p>Socijaldemokratska partija, udru\u017eena opozicija, Partija demokratskog prosperiteta po dva, a po jedan Demokratski savez i Demokratsko jedinstvo Albanaca i Gra\u0111anska inicijativa Perspektiva.<\/p>\n<p>Rokovi za sprovo\u0111enje izbornih radnji po\u010dinju te\u0107i od 16.avgusta 2010.godine.<\/p>\n<p>Rok za dostavljanje izbornih lista Op\u0161tinskoj izbornoj komisiji za odbornike, po\u010dinje 5. septembra, a zavr\u0161ava se 22.<\/p>\n<p>Pravo na medijsko pra\u0107enje u predizbornoj kampanji po\u010dinje od dana potvr\u0111ivanja izbornih lista u\u010desnika predizborne kampanje, a prestaje 15. oktobra u 24 sata.<\/p>\n<p>I ponovljeni izbori za odbornike u Skup\u0161tini Gradske op\u0161tine Golubovci bi\u0107e odr\u017eani 17. oktobra.<\/p>\n<p><strong>(MINA)<\/strong><\/p>\n","protected":false},"excerpt":{"rendered":"<p>Podgorica, (MINA) &#8211; Izbori za odbornike u Skup\u0161tini op\u0161tine Ulcinj bi\u0107e odr\u017eani 17. oktobra, odlu\u010dio je danas crnogorski predsjednik Filip Vujanovi\u0107. Na izborima koji su odr\u017eani 23. maja nijedna partija ili koalicija nije osvojila potrebnu ve\u0107inu, a nije dogovorena ni postizborna saradnja za formiranje vlasti. Na tim izborima koalicija Demokratske partije socijalista i Demokratske unija [&hellip;]<\/p>\n","protected":false},"author":1,"featured_media":0,"comment_status":"open","ping_status":"closed","sticky":false,"template":"","format":"standard","meta":{"spay_email":"","jetpack_publicize_message":"","jetpack_is_tweetstorm":false,"jetpack_publicize_feature_enabled":true},"categories":[8337],"tags":[15015,15014,15016],"jetpack_publicize_connections":[],"yoast_head":"<!-- This site is optimized with the Yoast SEO plugin v19.1 - https:\/\/yoast.com\/wordpress\/plugins\/seo\/ -->\n<title>Izbori u Ulcinju 17. oktobra - Lajme nga Ulqini<\/title>\n<meta name=\"description\" content=\"Podgorica, (MINA) - Izbori za odbornike u Skup\u0161tini op\u0161tine Ulcinj bi\u0107e odr\u017eani 17. oktobra, odlu\u010dio je danas crnogorski predsjednik Filip Vujanovi\u0107. Na\" \/>\n<meta name=\"robots\" content=\"index, follow, max-snippet:-1, max-image-preview:large, max-video-preview:-1\" \/>\n<link rel=\"canonical\" href=\"https:\/\/www.visit-ulcinj.com\/blog\/2010\/08\/17\/izbori-u-ulcinju-17-oktobra\/\" \/>\n<meta property=\"og:locale\" content=\"en_US\" \/>\n<meta property=\"og:type\" content=\"article\" \/>\n<meta property=\"og:title\" content=\"Izbori u Ulcinju 17. oktobra - Lajme nga Ulqini\" \/>\n<meta property=\"og:description\" content=\"Podgorica, (MINA) - Izbori za odbornike u Skup\u0161tini op\u0161tine Ulcinj bi\u0107e odr\u017eani 17. oktobra, odlu\u010dio je danas crnogorski predsjednik Filip Vujanovi\u0107. Na\" \/>\n<meta property=\"og:url\" content=\"https:\/\/www.visit-ulcinj.com\/blog\/2010\/08\/17\/izbori-u-ulcinju-17-oktobra\/\" \/>\n<meta property=\"og:site_name\" content=\"Lajme nga Ulqini\" \/>\n<meta property=\"article:published_time\" content=\"2010-08-16T22:01:18+00:00\" \/>\n<meta property=\"article:modified_time\" content=\"2010-08-17T10:49:32+00:00\" \/>\n<meta property=\"og:image\" content=\"http:\/\/www.visit-ulcinj.com\/blog\/wp-content\/uploads\/2010\/08\/ZGJEDHJET_IZBORI_ULCINJ_ULQIN-2010.3-265x300.jpg\" \/>\n<meta name=\"twitter:label1\" content=\"Written by\" \/>\n\t<meta name=\"twitter:data1\" content=\"ulqini\" \/>\n\t<meta name=\"twitter:label2\" content=\"Est. reading time\" \/>\n\t<meta name=\"twitter:data2\" content=\"1 minute\" \/>\n<script type=\"application\/ld+json\" class=\"yoast-schema-graph\">{\"@context\":\"https:\/\/schema.org\",\"@graph\":[{\"@type\":\"WebSite\",\"@id\":\"https:\/\/www.visit-ulcinj.com\/blog\/#website\",\"url\":\"https:\/\/www.visit-ulcinj.com\/blog\/\",\"name\":\"Lajme nga Ulqini\",\"description\":\"Lajme,Vijesti,Ulqini,Ulqin,Crna Gora,Mali i Zi\",\"potentialAction\":[{\"@type\":\"SearchAction\",\"target\":{\"@type\":\"EntryPoint\",\"urlTemplate\":\"https:\/\/www.visit-ulcinj.com\/blog\/?s={search_term_string}\"},\"query-input\":\"required name=search_term_string\"}],\"inLanguage\":\"en-US\"},{\"@type\":\"ImageObject\",\"inLanguage\":\"en-US\",\"@id\":\"https:\/\/www.visit-ulcinj.com\/blog\/2010\/08\/17\/izbori-u-ulcinju-17-oktobra\/#primaryimage\",\"url\":\"https:\/\/www.visit-ulcinj.com\/blog\/wp-content\/uploads\/2010\/08\/ZGJEDHJET_IZBORI_ULCINJ_ULQIN-2010.3.jpg\",\"contentUrl\":\"https:\/\/www.visit-ulcinj.com\/blog\/wp-content\/uploads\/2010\/08\/ZGJEDHJET_IZBORI_ULCINJ_ULQIN-2010.3.jpg\",\"width\":\"945\",\"height\":\"1067\"},{\"@type\":\"WebPage\",\"@id\":\"https:\/\/www.visit-ulcinj.com\/blog\/2010\/08\/17\/izbori-u-ulcinju-17-oktobra\/#webpage\",\"url\":\"https:\/\/www.visit-ulcinj.com\/blog\/2010\/08\/17\/izbori-u-ulcinju-17-oktobra\/\",\"name\":\"Izbori u Ulcinju 17. oktobra - Lajme nga Ulqini\",\"isPartOf\":{\"@id\":\"https:\/\/www.visit-ulcinj.com\/blog\/#website\"},\"primaryImageOfPage\":{\"@id\":\"https:\/\/www.visit-ulcinj.com\/blog\/2010\/08\/17\/izbori-u-ulcinju-17-oktobra\/#primaryimage\"},\"datePublished\":\"2010-08-16T22:01:18+00:00\",\"dateModified\":\"2010-08-17T10:49:32+00:00\",\"author\":{\"@id\":\"https:\/\/www.visit-ulcinj.com\/blog\/#\/schema\/person\/dcab619c614d3038751c63bc2aadc06d\"},\"description\":\"Podgorica, (MINA) - Izbori za odbornike u Skup\u0161tini op\u0161tine Ulcinj bi\u0107e odr\u017eani 17. oktobra, odlu\u010dio je danas crnogorski predsjednik Filip Vujanovi\u0107. Na\",\"breadcrumb\":{\"@id\":\"https:\/\/www.visit-ulcinj.com\/blog\/2010\/08\/17\/izbori-u-ulcinju-17-oktobra\/#breadcrumb\"},\"inLanguage\":\"en-US\",\"potentialAction\":[{\"@type\":\"ReadAction\",\"target\":[\"https:\/\/www.visit-ulcinj.com\/blog\/2010\/08\/17\/izbori-u-ulcinju-17-oktobra\/\"]}]},{\"@type\":\"BreadcrumbList\",\"@id\":\"https:\/\/www.visit-ulcinj.com\/blog\/2010\/08\/17\/izbori-u-ulcinju-17-oktobra\/#breadcrumb\",\"itemListElement\":[{\"@type\":\"ListItem\",\"position\":1,\"name\":\"Izbori u Ulcinju 17. oktobra\"}]},{\"@type\":\"Person\",\"@id\":\"https:\/\/www.visit-ulcinj.com\/blog\/#\/schema\/person\/dcab619c614d3038751c63bc2aadc06d\",\"name\":\"ulqini\",\"sameAs\":[\"http:\/\/www.visit-ulcinj.com\"],\"url\":\"https:\/\/www.visit-ulcinj.com\/blog\/author\/admin\/\"}]}<\/script>\n<!-- \/ Yoast SEO plugin. -->","yoast_head_json":{"title":"Izbori u Ulcinju 17. oktobra - Lajme nga Ulqini","description":"Podgorica, (MINA) - Izbori za odbornike u Skup\u0161tini op\u0161tine Ulcinj bi\u0107e odr\u017eani 17. oktobra, odlu\u010dio je danas crnogorski predsjednik Filip Vujanovi\u0107. Na","robots":{"index":"index","follow":"follow","max-snippet":"max-snippet:-1","max-image-preview":"max-image-preview:large","max-video-preview":"max-video-preview:-1"},"canonical":"https:\/\/www.visit-ulcinj.com\/blog\/2010\/08\/17\/izbori-u-ulcinju-17-oktobra\/","og_locale":"en_US","og_type":"article","og_title":"Izbori u Ulcinju 17. oktobra - Lajme nga Ulqini","og_description":"Podgorica, (MINA) - Izbori za odbornike u Skup\u0161tini op\u0161tine Ulcinj bi\u0107e odr\u017eani 17. oktobra, odlu\u010dio je danas crnogorski predsjednik Filip Vujanovi\u0107. Na","og_url":"https:\/\/www.visit-ulcinj.com\/blog\/2010\/08\/17\/izbori-u-ulcinju-17-oktobra\/","og_site_name":"Lajme nga Ulqini","article_published_time":"2010-08-16T22:01:18+00:00","article_modified_time":"2010-08-17T10:49:32+00:00","og_image":[{"url":"http:\/\/www.visit-ulcinj.com\/blog\/wp-content\/uploads\/2010\/08\/ZGJEDHJET_IZBORI_ULCINJ_ULQIN-2010.3-265x300.jpg"}],"twitter_misc":{"Written by":"ulqini","Est. reading time":"1 minute"},"schema":{"@context":"https:\/\/schema.org","@graph":[{"@type":"WebSite","@id":"https:\/\/www.visit-ulcinj.com\/blog\/#website","url":"https:\/\/www.visit-ulcinj.com\/blog\/","name":"Lajme nga Ulqini","description":"Lajme,Vijesti,Ulqini,Ulqin,Crna Gora,Mali i Zi","potentialAction":[{"@type":"SearchAction","target":{"@type":"EntryPoint","urlTemplate":"https:\/\/www.visit-ulcinj.com\/blog\/?s={search_term_string}"},"query-input":"required name=search_term_string"}],"inLanguage":"en-US"},{"@type":"ImageObject","inLanguage":"en-US","@id":"https:\/\/www.visit-ulcinj.com\/blog\/2010\/08\/17\/izbori-u-ulcinju-17-oktobra\/#primaryimage","url":"https:\/\/www.visit-ulcinj.com\/blog\/wp-content\/uploads\/2010\/08\/ZGJEDHJET_IZBORI_ULCINJ_ULQIN-2010.3.jpg","contentUrl":"https:\/\/www.visit-ulcinj.com\/blog\/wp-content\/uploads\/2010\/08\/ZGJEDHJET_IZBORI_ULCINJ_ULQIN-2010.3.jpg","width":"945","height":"1067"},{"@type":"WebPage","@id":"https:\/\/www.visit-ulcinj.com\/blog\/2010\/08\/17\/izbori-u-ulcinju-17-oktobra\/#webpage","url":"https:\/\/www.visit-ulcinj.com\/blog\/2010\/08\/17\/izbori-u-ulcinju-17-oktobra\/","name":"Izbori u Ulcinju 17. oktobra - Lajme nga Ulqini","isPartOf":{"@id":"https:\/\/www.visit-ulcinj.com\/blog\/#website"},"primaryImageOfPage":{"@id":"https:\/\/www.visit-ulcinj.com\/blog\/2010\/08\/17\/izbori-u-ulcinju-17-oktobra\/#primaryimage"},"datePublished":"2010-08-16T22:01:18+00:00","dateModified":"2010-08-17T10:49:32+00:00","author":{"@id":"https:\/\/www.visit-ulcinj.com\/blog\/#\/schema\/person\/dcab619c614d3038751c63bc2aadc06d"},"description":"Podgorica, (MINA) - Izbori za odbornike u Skup\u0161tini op\u0161tine Ulcinj bi\u0107e odr\u017eani 17. oktobra, odlu\u010dio je danas crnogorski predsjednik Filip Vujanovi\u0107. Na","breadcrumb":{"@id":"https:\/\/www.visit-ulcinj.com\/blog\/2010\/08\/17\/izbori-u-ulcinju-17-oktobra\/#breadcrumb"},"inLanguage":"en-US","potentialAction":[{"@type":"ReadAction","target":["https:\/\/www.visit-ulcinj.com\/blog\/2010\/08\/17\/izbori-u-ulcinju-17-oktobra\/"]}]},{"@type":"BreadcrumbList","@id":"https:\/\/www.visit-ulcinj.com\/blog\/2010\/08\/17\/izbori-u-ulcinju-17-oktobra\/#breadcrumb","itemListElement":[{"@type":"ListItem","position":1,"name":"Izbori u Ulcinju 17. oktobra"}]},{"@type":"Person","@id":"https:\/\/www.visit-ulcinj.com\/blog\/#\/schema\/person\/dcab619c614d3038751c63bc2aadc06d","name":"ulqini","sameAs":["http:\/\/www.visit-ulcinj.com"],"url":"https:\/\/www.visit-ulcinj.com\/blog\/author\/admin\/"}]}},"jetpack_featured_media_url":"","jetpack_sharing_enabled":true,"jetpack_shortlink":"https:\/\/wp.me\/pe6lTn-9nL","_links":{"self":[{"href":"https:\/\/www.visit-ulcinj.com\/blog\/wp-json\/wp\/v2\/posts\/36069"}],"collection":[{"href":"https:\/\/www.visit-ulcinj.com\/blog\/wp-json\/wp\/v2\/posts"}],"about":[{"href":"https:\/\/www.visit-ulcinj.com\/blog\/wp-json\/wp\/v2\/types\/post"}],"author":[{"embeddable":true,"href":"https:\/\/www.visit-ulcinj.com\/blog\/wp-json\/wp\/v2\/users\/1"}],"replies":[{"embeddable":true,"href":"https:\/\/www.visit-ulcinj.com\/blog\/wp-json\/wp\/v2\/comments?post=36069"}],"version-history":[{"count":0,"href":"https:\/\/www.visit-ulcinj.com\/blog\/wp-json\/wp\/v2\/posts\/36069\/revisions"}],"wp:attachment":[{"href":"https:\/\/www.visit-ulcinj.com\/blog\/wp-json\/wp\/v2\/media?parent=36069"}],"wp:term":[{"taxonomy":"category","embeddable":true,"href":"https:\/\/www.visit-ulcinj.com\/blog\/wp-json\/wp\/v2\/categories?post=36069"},{"taxonomy":"post_tag","embeddable":true,"href":"https:\/\/www.visit-ulcinj.com\/blog\/wp-json\/wp\/v2\/tags?post=36069"}],"curies":[{"name":"wp","href":"https:\/\/api.w.org\/{rel}","templated":true}]}}