{"id":36094,"date":"2010-08-16T23:01:04","date_gmt":"2010-08-16T21:01:04","guid":{"rendered":"http:\/\/www.visit-ulcinj.com\/blog\/?p=36094"},"modified":"2010-08-16T23:01:04","modified_gmt":"2010-08-16T21:01:04","slug":"aurela-gace-emocionohem-kur-kendoj-para-publikut-ne-kosove","status":"publish","type":"post","link":"https:\/\/www.visit-ulcinj.com\/blog\/2010\/08\/16\/aurela-gace-emocionohem-kur-kendoj-para-publikut-ne-kosove\/","title":{"rendered":"Aurela Ga\u00e7e, Emocionohem kur k\u00ebndoj para publikut ne Kosove"},"content":{"rendered":"<p><a href=\"http:\/\/www.visit-ulcinj.com\/blog\/wp-content\/uploads\/2010\/08\/Aurela-Ga\u00e7e.1-2.jpg\"><img loading=\"lazy\" class=\"alignleft size-full wp-image-36096\" title=\"Aurela Ga\u00e7e.1 (2)\" src=\"http:\/\/www.visit-ulcinj.com\/blog\/wp-content\/uploads\/2010\/08\/Aurela-Ga\u00e7e.1-2.jpg\" alt=\"\" width=\"350\" height=\"551\" \/><\/a>K\u00ebnga \u201cOrigjinale\u201d e k\u00ebnduar nga Aurela Ga\u00e7e, Dr. Flori ft Marsel pa dyshim se ka qen\u00eb k\u00ebnga m\u00eb e d\u00ebgjuar n\u00eb tregun e muzik\u00ebs shqiptare p\u00ebr k\u00ebt\u00eb vit.K\u00ebng\u00ebtarja e mir\u00ebnjohur shqiptare, Aurela Ga\u00e7e suksesin e k\u00ebsaj k\u00ebng\u00eb e sheh n\u00eb bashk\u00ebpunimin e p\u00ebrbashk\u00ebt t\u00eb tre k\u00ebng\u00ebtar\u00ebve.<br \/>\n\u201cKur mendon t\u00eb b\u00ebsh nj\u00eb k\u00ebng\u00eb ndryshe, n\u00eb radh\u00eb t\u00eb par\u00eb duhet ta p\u00eblqesh vet. N\u00eb qoft\u00eb se ty nuk t\u00eb rri mir\u00eb n\u00eb l\u00ebkur\u00eb at\u00eb q\u00eb k\u00eb b\u00ebr\u00eb, do t\u00eb dal\u00ebsh fals. Nd\u00ebrsa, kur un\u00eb e p\u00eblqej at\u00eb gj\u00eb, do t\u00eb ia shes edhe publikut bukur, sepse e besoj vet at\u00eb q\u00eb e k\u00ebndoj. Suksesi n\u00eb radh\u00eb t\u00eb par\u00eb \u00ebsht\u00eb kombinimi i tre z\u00ebrave dhe karaktereve t\u00eb ndryshme si dhe thjesht\u00ebsia n\u00eb muzik\u00eb e n\u00eb tekste. Fjal\u00ebt jan\u00eb shum\u00eb t\u00eb thjeshta dhe shum\u00eb kuptimplote\u201d, thot\u00eb k\u00ebng\u00ebtarja e mir\u00ebnjohur shqiptare e cila shprehet se ideja p\u00ebr bashk\u00ebpunim \u00ebsht\u00eb ardhur krejt\u00ebsisht spontanisht.<\/p>\n<p>\u201cUn\u00eb jam duke punuar albumin te Flori Mumajesi. Kur kam shkuar n\u00eb studio t\u00eb Flori, i kam th\u00ebn\u00eb se dua k\u00ebng\u00eb t\u00eb thjeshta, q\u00eb kur shkon n\u00eb nj\u00eb klub t\u00eb k\u00ebrcej. Un\u00eb vet kur shkoj n\u00eb nj\u00eb klub nuk dua t\u00eb mendoj, por t\u00eb k\u00ebrcej. Rast\u00ebsisht e kam d\u00ebgjuar Marselin n\u00eb nj\u00eb incizim q\u00eb i kishte b\u00ebr\u00eb Flori dhe u interesova ta pyes se kush \u00ebsht\u00eb ky? Flori m\u00eb tha se \u201cjam duke ia p\u00ebrgatitur disa k\u00ebng\u00eb\u201d, dhe un\u00eb menj\u00ebher\u00eb i thash se k\u00ebt\u00eb djal\u00eb e dua n\u00eb k\u00ebng\u00eb. Nd\u00ebrkoh\u00eb, \u201cDr Flori\u201d \u00ebsht\u00eb duke punuar disa tekste p\u00ebr albumin tim, ashtu si\u00e7 e ka shkruar edhe tekstin e k\u00ebsaj k\u00ebng\u00eb. Hyrja e \u201cDr. Florit\u201d n\u00eb k\u00ebt\u00eb k\u00ebng\u00eb ka qen\u00eb si nj\u00eb impuls i momentit. Kemi qen\u00eb duke b\u00ebr\u00eb prova n\u00eb studio dhe gjat\u00eb t\u00ebr\u00eb koh\u00ebs i vinte impulsi t\u00eb b\u00ebnte rep n\u00eb moment, dhe vendos\u00ebm t\u00eb hyn\u00eb edhe ai n\u00eb k\u00ebng\u00eb, sepse i shkonte bukur\u201d, shprehet Ga\u00e7e.<\/p>\n<p>Aurela pranon se teksti i k\u00ebng\u00ebs \u201cOrigjinale\u201d u kushtohet disa koleg\u00ebve t\u00eb saj t\u00eb cil\u00ebt mundohen ta kopjojn\u00eb at\u00eb, por<br \/>\npa dh\u00ebn\u00eb ndonj\u00eb em\u00ebr konkret se p\u00ebr k\u00eb sakt\u00ebsisht e ka fjal\u00ebn.<\/p>\n<p>\u201cUn\u00eb nuk jam ajo q\u00eb vrapoj pas videoklipeve p\u00ebr \u00e7do muaj, por jam ajo qe e hedh n\u00eb treg dhe t\u00eb tjer\u00ebt vijn\u00eb pas meje. N\u00eb Kosov\u00eb nuk e kam par\u00eb dik\u00eb q\u00eb m\u00eb ka kopjuar, por n\u00eb Shqip\u00ebri po. Kam par\u00eb q\u00eb gj\u00ebrat q\u00eb i kam b\u00ebr\u00eb shum\u00eb vite m\u00eb p\u00ebrpara, m\u00eb kan\u00eb kopjuar n\u00eb p\u00ebrpik\u00ebri. N\u00eb fillim m\u00eb \u00ebsht\u00eb duke e lezetshme, por dikur nuk t\u00eb vjen mir\u00eb, sepse secili duhet ta gjej fytyr\u00ebn e vet. N\u00eb nj\u00eb m\u00ebnyr\u00eb kjo m\u00eb ka penguar dhe kam dashur q\u00eb t\u00eb flas\u201d, b\u00ebn me dije fituesja e tri her\u00eb e \u00e7mimeve t\u00eb para n\u00eb festivalet shqiptare.<\/p>\n<p><strong>Publiku kosovar \u00ebsht\u00eb i mrekulluesh\u00ebm<\/strong><\/p>\n<p>K\u00ebng\u00ebtarja Ga\u00e7e e cila q\u00eb mbi tet\u00eb vite jeton n\u00eb Kosov\u00eb, thot\u00eb se n\u00eb Kosov\u00eb ka k\u00ebnduar q\u00eb nga viti 1996. Ajo dit\u00eb m\u00eb par\u00eb ishte s\u00ebrish n\u00eb Prishtin\u00eb ku entuziazmoj publikun kosovar duke k\u00ebnduar k\u00ebng\u00eb t\u00eb zhanre t\u00eb ndryshme dhe t\u00eb gjitha \u201clive\u201d.<\/p>\n<p>\u201cKam kaluar shum\u00eb bukur. Publiku kosovar \u00ebsht\u00eb i mrekulluesh\u00ebm. Sa her\u00eb q\u00eb k\u00ebndoj, marr shum\u00eb dashuri dhe m\u00eb mbushin me energji pozitive. Gjithmon\u00eb k\u00ebndoj \u201clive\u201d.<\/p>\n<p>Nuk mund ta imagjinoj veten t\u00eb shkoj n\u00eb ndonj\u00eb koncert dhe ta marr CD me vete. Bashk\u00eb me publikun, dua t\u00eb k\u00ebnaqem edhe un\u00eb, n\u00eb qoft\u00eb se k\u00ebndoj me CD, at\u00ebher\u00eb un\u00eb nuk e ndiej, nuk e shijoj at\u00eb mbr\u00ebmje\u201d, thekson 36 vje\u00e7arja Ga\u00e7e e cila vazhdon t\u00eb jet\u00eb beqare.<\/p>\n<p>K\u00ebng\u00ebtarja Ga\u00e7e thot\u00eb se \u00ebsht\u00eb n\u00eb p\u00ebrgatitje t\u00eb albumit t\u00eb ri n\u00eb t\u00eb cilin do t\u00eb b\u00ebj pjes\u00eb edhe k\u00ebnga \u201cOrigjinale\u201d, mir\u00ebpo ajo nuk e jep nj\u00eb koh\u00eb t\u00eb caktuar se kur do t\u00eb jet\u00eb n\u00eb duart e publikut.<\/p>\n<p>\u201cN\u00eb krijimtari nuk ka ndonj\u00eb limit. Ka ndodh q\u00eb un\u00eb e kam b\u00ebr\u00eb k\u00ebng\u00ebn, dhe e kam kthyer, se nuk m\u00eb ka p\u00eblqyer. Kam k\u00ebrkuar k\u00ebng\u00eb tjet\u00ebr. Apo, para dy muajve kam marr nj\u00eb tekst, por sot nuk m\u00eb duket q\u00eb i p\u00ebrshtatet koh\u00ebs s\u00eb tashme dhe duhet nj\u00eb tekst tjet\u00ebr\u201d, p\u00ebrfundon bised\u00ebn ton\u00eb, nj\u00eb nga k\u00ebng\u00ebtar\u00ebt m\u00eb t\u00eb njohura n\u00eb tregun shqiptar\u00eb.<\/p>\n<p><strong>Arben Gjinaj <\/strong><strong><br \/>\n<\/strong><strong>Zeri<br \/>\n<br \/>\n<!--YouTube Error: bad URL entered--><\/strong><\/p>\n","protected":false},"excerpt":{"rendered":"<p>K\u00ebnga \u201cOrigjinale\u201d e k\u00ebnduar nga Aurela Ga\u00e7e, Dr. Flori ft Marsel pa dyshim se ka qen\u00eb k\u00ebnga m\u00eb e d\u00ebgjuar n\u00eb tregun e muzik\u00ebs shqiptare p\u00ebr k\u00ebt\u00eb vit.K\u00ebng\u00ebtarja e mir\u00ebnjohur shqiptare, Aurela Ga\u00e7e suksesin e k\u00ebsaj k\u00ebng\u00eb e sheh n\u00eb bashk\u00ebpunimin e p\u00ebrbashk\u00ebt t\u00eb tre k\u00ebng\u00ebtar\u00ebve. \u201cKur mendon t\u00eb b\u00ebsh nj\u00eb k\u00ebng\u00eb ndryshe, n\u00eb radh\u00eb [&hellip;]<\/p>\n","protected":false},"author":1,"featured_media":0,"comment_status":"open","ping_status":"closed","sticky":false,"template":"","format":"standard","meta":{"spay_email":"","jetpack_publicize_message":"","jetpack_is_tweetstorm":false,"jetpack_publicize_feature_enabled":true},"categories":[1],"tags":[5088],"jetpack_publicize_connections":[],"yoast_head":"<!-- This site is optimized with the Yoast SEO plugin v19.1 - https:\/\/yoast.com\/wordpress\/plugins\/seo\/ -->\n<title>Aurela Ga\u00e7e, Emocionohem kur k\u00ebndoj para publikut ne Kosove - Lajme nga Ulqini<\/title>\n<meta name=\"description\" content=\"K\u00ebnga \u201cOrigjinale\u201d e k\u00ebnduar nga Aurela Ga\u00e7e, Dr. Flori ft Marsel pa dyshim se ka qen\u00eb k\u00ebnga m\u00eb e d\u00ebgjuar n\u00eb tregun e muzik\u00ebs shqiptare p\u00ebr k\u00ebt\u00eb\" \/>\n<meta name=\"robots\" content=\"index, follow, max-snippet:-1, max-image-preview:large, max-video-preview:-1\" \/>\n<link rel=\"canonical\" href=\"https:\/\/www.visit-ulcinj.com\/blog\/2010\/08\/16\/aurela-gace-emocionohem-kur-kendoj-para-publikut-ne-kosove\/\" \/>\n<meta property=\"og:locale\" content=\"en_US\" \/>\n<meta property=\"og:type\" content=\"article\" \/>\n<meta property=\"og:title\" content=\"Aurela Ga\u00e7e, Emocionohem kur k\u00ebndoj para publikut ne Kosove - Lajme nga Ulqini\" \/>\n<meta property=\"og:description\" content=\"K\u00ebnga \u201cOrigjinale\u201d e k\u00ebnduar nga Aurela Ga\u00e7e, Dr. Flori ft Marsel pa dyshim se ka qen\u00eb k\u00ebnga m\u00eb e d\u00ebgjuar n\u00eb tregun e muzik\u00ebs shqiptare p\u00ebr k\u00ebt\u00eb\" \/>\n<meta property=\"og:url\" content=\"https:\/\/www.visit-ulcinj.com\/blog\/2010\/08\/16\/aurela-gace-emocionohem-kur-kendoj-para-publikut-ne-kosove\/\" \/>\n<meta property=\"og:site_name\" content=\"Lajme nga Ulqini\" \/>\n<meta property=\"article:published_time\" content=\"2010-08-16T21:01:04+00:00\" \/>\n<meta property=\"og:image\" content=\"https:\/\/www.visit-ulcinj.com\/blog\/wp-content\/uploads\/2010\/08\/Aurela-Ga\u00e7e.1-2-150x150.jpg\" \/>\n<meta name=\"twitter:label1\" content=\"Written by\" \/>\n\t<meta name=\"twitter:data1\" content=\"ulqini\" \/>\n\t<meta name=\"twitter:label2\" content=\"Est. reading time\" \/>\n\t<meta name=\"twitter:data2\" content=\"4 minutes\" \/>\n<script type=\"application\/ld+json\" class=\"yoast-schema-graph\">{\"@context\":\"https:\/\/schema.org\",\"@graph\":[{\"@type\":\"WebSite\",\"@id\":\"https:\/\/www.visit-ulcinj.com\/blog\/#website\",\"url\":\"https:\/\/www.visit-ulcinj.com\/blog\/\",\"name\":\"Lajme nga Ulqini\",\"description\":\"Lajme,Vijesti,Ulqini,Ulqin,Crna Gora,Mali i Zi\",\"potentialAction\":[{\"@type\":\"SearchAction\",\"target\":{\"@type\":\"EntryPoint\",\"urlTemplate\":\"https:\/\/www.visit-ulcinj.com\/blog\/?s={search_term_string}\"},\"query-input\":\"required name=search_term_string\"}],\"inLanguage\":\"en-US\"},{\"@type\":\"WebPage\",\"@id\":\"https:\/\/www.visit-ulcinj.com\/blog\/2010\/08\/16\/aurela-gace-emocionohem-kur-kendoj-para-publikut-ne-kosove\/#webpage\",\"url\":\"https:\/\/www.visit-ulcinj.com\/blog\/2010\/08\/16\/aurela-gace-emocionohem-kur-kendoj-para-publikut-ne-kosove\/\",\"name\":\"Aurela Ga\u00e7e, Emocionohem kur k\u00ebndoj para publikut ne Kosove - Lajme nga Ulqini\",\"isPartOf\":{\"@id\":\"https:\/\/www.visit-ulcinj.com\/blog\/#website\"},\"datePublished\":\"2010-08-16T21:01:04+00:00\",\"dateModified\":\"2010-08-16T21:01:04+00:00\",\"author\":{\"@id\":\"https:\/\/www.visit-ulcinj.com\/blog\/#\/schema\/person\/dcab619c614d3038751c63bc2aadc06d\"},\"description\":\"K\u00ebnga \u201cOrigjinale\u201d e k\u00ebnduar nga Aurela Ga\u00e7e, Dr. Flori ft Marsel pa dyshim se ka qen\u00eb k\u00ebnga m\u00eb e d\u00ebgjuar n\u00eb tregun e muzik\u00ebs shqiptare p\u00ebr k\u00ebt\u00eb\",\"breadcrumb\":{\"@id\":\"https:\/\/www.visit-ulcinj.com\/blog\/2010\/08\/16\/aurela-gace-emocionohem-kur-kendoj-para-publikut-ne-kosove\/#breadcrumb\"},\"inLanguage\":\"en-US\",\"potentialAction\":[{\"@type\":\"ReadAction\",\"target\":[\"https:\/\/www.visit-ulcinj.com\/blog\/2010\/08\/16\/aurela-gace-emocionohem-kur-kendoj-para-publikut-ne-kosove\/\"]}]},{\"@type\":\"BreadcrumbList\",\"@id\":\"https:\/\/www.visit-ulcinj.com\/blog\/2010\/08\/16\/aurela-gace-emocionohem-kur-kendoj-para-publikut-ne-kosove\/#breadcrumb\",\"itemListElement\":[{\"@type\":\"ListItem\",\"position\":1,\"name\":\"Aurela Ga\u00e7e, Emocionohem kur k\u00ebndoj para publikut ne Kosove\"}]},{\"@type\":\"Person\",\"@id\":\"https:\/\/www.visit-ulcinj.com\/blog\/#\/schema\/person\/dcab619c614d3038751c63bc2aadc06d\",\"name\":\"ulqini\",\"sameAs\":[\"http:\/\/www.visit-ulcinj.com\"],\"url\":\"https:\/\/www.visit-ulcinj.com\/blog\/author\/admin\/\"}]}<\/script>\n<!-- \/ Yoast SEO plugin. -->","yoast_head_json":{"title":"Aurela Ga\u00e7e, Emocionohem kur k\u00ebndoj para publikut ne Kosove - Lajme nga Ulqini","description":"K\u00ebnga \u201cOrigjinale\u201d e k\u00ebnduar nga Aurela Ga\u00e7e, Dr. Flori ft Marsel pa dyshim se ka qen\u00eb k\u00ebnga m\u00eb e d\u00ebgjuar n\u00eb tregun e muzik\u00ebs shqiptare p\u00ebr k\u00ebt\u00eb","robots":{"index":"index","follow":"follow","max-snippet":"max-snippet:-1","max-image-preview":"max-image-preview:large","max-video-preview":"max-video-preview:-1"},"canonical":"https:\/\/www.visit-ulcinj.com\/blog\/2010\/08\/16\/aurela-gace-emocionohem-kur-kendoj-para-publikut-ne-kosove\/","og_locale":"en_US","og_type":"article","og_title":"Aurela Ga\u00e7e, Emocionohem kur k\u00ebndoj para publikut ne Kosove - Lajme nga Ulqini","og_description":"K\u00ebnga \u201cOrigjinale\u201d e k\u00ebnduar nga Aurela Ga\u00e7e, Dr. Flori ft Marsel pa dyshim se ka qen\u00eb k\u00ebnga m\u00eb e d\u00ebgjuar n\u00eb tregun e muzik\u00ebs shqiptare p\u00ebr k\u00ebt\u00eb","og_url":"https:\/\/www.visit-ulcinj.com\/blog\/2010\/08\/16\/aurela-gace-emocionohem-kur-kendoj-para-publikut-ne-kosove\/","og_site_name":"Lajme nga Ulqini","article_published_time":"2010-08-16T21:01:04+00:00","og_image":[{"url":"https:\/\/www.visit-ulcinj.com\/blog\/wp-content\/uploads\/2010\/08\/Aurela-Ga\u00e7e.1-2-150x150.jpg"}],"twitter_misc":{"Written by":"ulqini","Est. reading time":"4 minutes"},"schema":{"@context":"https:\/\/schema.org","@graph":[{"@type":"WebSite","@id":"https:\/\/www.visit-ulcinj.com\/blog\/#website","url":"https:\/\/www.visit-ulcinj.com\/blog\/","name":"Lajme nga Ulqini","description":"Lajme,Vijesti,Ulqini,Ulqin,Crna Gora,Mali i Zi","potentialAction":[{"@type":"SearchAction","target":{"@type":"EntryPoint","urlTemplate":"https:\/\/www.visit-ulcinj.com\/blog\/?s={search_term_string}"},"query-input":"required name=search_term_string"}],"inLanguage":"en-US"},{"@type":"WebPage","@id":"https:\/\/www.visit-ulcinj.com\/blog\/2010\/08\/16\/aurela-gace-emocionohem-kur-kendoj-para-publikut-ne-kosove\/#webpage","url":"https:\/\/www.visit-ulcinj.com\/blog\/2010\/08\/16\/aurela-gace-emocionohem-kur-kendoj-para-publikut-ne-kosove\/","name":"Aurela Ga\u00e7e, Emocionohem kur k\u00ebndoj para publikut ne Kosove - Lajme nga Ulqini","isPartOf":{"@id":"https:\/\/www.visit-ulcinj.com\/blog\/#website"},"datePublished":"2010-08-16T21:01:04+00:00","dateModified":"2010-08-16T21:01:04+00:00","author":{"@id":"https:\/\/www.visit-ulcinj.com\/blog\/#\/schema\/person\/dcab619c614d3038751c63bc2aadc06d"},"description":"K\u00ebnga \u201cOrigjinale\u201d e k\u00ebnduar nga Aurela Ga\u00e7e, Dr. Flori ft Marsel pa dyshim se ka qen\u00eb k\u00ebnga m\u00eb e d\u00ebgjuar n\u00eb tregun e muzik\u00ebs shqiptare p\u00ebr k\u00ebt\u00eb","breadcrumb":{"@id":"https:\/\/www.visit-ulcinj.com\/blog\/2010\/08\/16\/aurela-gace-emocionohem-kur-kendoj-para-publikut-ne-kosove\/#breadcrumb"},"inLanguage":"en-US","potentialAction":[{"@type":"ReadAction","target":["https:\/\/www.visit-ulcinj.com\/blog\/2010\/08\/16\/aurela-gace-emocionohem-kur-kendoj-para-publikut-ne-kosove\/"]}]},{"@type":"BreadcrumbList","@id":"https:\/\/www.visit-ulcinj.com\/blog\/2010\/08\/16\/aurela-gace-emocionohem-kur-kendoj-para-publikut-ne-kosove\/#breadcrumb","itemListElement":[{"@type":"ListItem","position":1,"name":"Aurela Ga\u00e7e, Emocionohem kur k\u00ebndoj para publikut ne Kosove"}]},{"@type":"Person","@id":"https:\/\/www.visit-ulcinj.com\/blog\/#\/schema\/person\/dcab619c614d3038751c63bc2aadc06d","name":"ulqini","sameAs":["http:\/\/www.visit-ulcinj.com"],"url":"https:\/\/www.visit-ulcinj.com\/blog\/author\/admin\/"}]}},"jetpack_featured_media_url":"","jetpack_sharing_enabled":true,"jetpack_shortlink":"https:\/\/wp.me\/pe6lTn-9oa","_links":{"self":[{"href":"https:\/\/www.visit-ulcinj.com\/blog\/wp-json\/wp\/v2\/posts\/36094"}],"collection":[{"href":"https:\/\/www.visit-ulcinj.com\/blog\/wp-json\/wp\/v2\/posts"}],"about":[{"href":"https:\/\/www.visit-ulcinj.com\/blog\/wp-json\/wp\/v2\/types\/post"}],"author":[{"embeddable":true,"href":"https:\/\/www.visit-ulcinj.com\/blog\/wp-json\/wp\/v2\/users\/1"}],"replies":[{"embeddable":true,"href":"https:\/\/www.visit-ulcinj.com\/blog\/wp-json\/wp\/v2\/comments?post=36094"}],"version-history":[{"count":0,"href":"https:\/\/www.visit-ulcinj.com\/blog\/wp-json\/wp\/v2\/posts\/36094\/revisions"}],"wp:attachment":[{"href":"https:\/\/www.visit-ulcinj.com\/blog\/wp-json\/wp\/v2\/media?parent=36094"}],"wp:term":[{"taxonomy":"category","embeddable":true,"href":"https:\/\/www.visit-ulcinj.com\/blog\/wp-json\/wp\/v2\/categories?post=36094"},{"taxonomy":"post_tag","embeddable":true,"href":"https:\/\/www.visit-ulcinj.com\/blog\/wp-json\/wp\/v2\/tags?post=36094"}],"curies":[{"name":"wp","href":"https:\/\/api.w.org\/{rel}","templated":true}]}}