{"id":361,"date":"2008-02-02T09:36:13","date_gmt":"2008-02-02T14:36:13","guid":{"rendered":"http:\/\/www.visit-ulcinj.com\/blog\/2008\/02\/02\/kanceri-i-mushkerive-e-ben-kryeministrin-malazez-te-jape-doreheqjen\/"},"modified":"2008-02-12T20:27:50","modified_gmt":"2008-02-13T01:27:50","slug":"kanceri-i-mushkerive-e-ben-kryeministrin-malazez-te-jape-doreheqjen","status":"publish","type":"post","link":"https:\/\/www.visit-ulcinj.com\/blog\/2008\/02\/02\/kanceri-i-mushkerive-e-ben-kryeministrin-malazez-te-jape-doreheqjen\/","title":{"rendered":"Kanceri i mushk\u00ebrive e b\u00ebn kryeministrin malazez t\u00eb jap\u00eb dor\u00ebheqjen"},"content":{"rendered":"<p><img loading=\"lazy\" src=\"http:\/\/www.delo.si\/images\/iman\/2006_10\/pb_sturanovic_epa.jpg\" align=\"left\" height=\"128\" hspace=\"2\" vspace=\"2\" width=\"102\" \/>Podgoric\u00eb, Mali i Zi &#8212; Kryeministri Zheljko Sturanovi\u00e7 njoftoi dor\u00ebheqjen e tij t\u00eb enjten (31 janar) p\u00ebr shkak t\u00eb problemeve sh\u00ebndet\u00ebsore. Ai u diagnostikua muaj m\u00eb par\u00eb me nj\u00eb tip t\u00eb rrall\u00eb kanceri t\u00eb mushk\u00ebrive. Sturanovi\u00e7, 46 vje\u00e7, u b\u00eb kryeminist\u00ebr n\u00eb n\u00ebntor 2006. Burimet thon\u00eb se Milo Gjukanovi\u00e7, kreu i Partris\u00eb qeveris\u00ebse Demokratike t\u00eb Socialist\u00ebve<!--more-->, mund t\u00eb kthehet n\u00eb krye t\u00eb qeveris\u00eb. (AFP, RTCG, Mina, Vijesti, Antena M, Reuters, Beta, Tanjug, DPA &#8211; 31\/01\/08)<\/p>\n","protected":false},"excerpt":{"rendered":"<p><img loading=\"lazy\" src=\"http:\/\/www.delo.si\/images\/iman\/2006_10\/pb_sturanovic_epa.jpg\" height=\"140\" width=\"140\" \/><\/p>\n","protected":false},"author":1,"featured_media":0,"comment_status":"open","ping_status":"closed","sticky":false,"template":"","format":"standard","meta":{"spay_email":"","jetpack_publicize_message":"","jetpack_is_tweetstorm":false,"jetpack_publicize_feature_enabled":true},"categories":[1],"tags":[],"jetpack_publicize_connections":[],"yoast_head":"<!-- This site is optimized with the Yoast SEO plugin v19.1 - https:\/\/yoast.com\/wordpress\/plugins\/seo\/ -->\n<title>Kanceri i mushk\u00ebrive e b\u00ebn kryeministrin malazez t\u00eb jap\u00eb dor\u00ebheqjen - Lajme nga Ulqini<\/title>\n<meta name=\"robots\" content=\"index, follow, max-snippet:-1, max-image-preview:large, max-video-preview:-1\" \/>\n<link rel=\"canonical\" href=\"https:\/\/www.visit-ulcinj.com\/blog\/2008\/02\/02\/kanceri-i-mushkerive-e-ben-kryeministrin-malazez-te-jape-doreheqjen\/\" \/>\n<meta property=\"og:locale\" content=\"en_US\" \/>\n<meta property=\"og:type\" content=\"article\" \/>\n<meta property=\"og:title\" content=\"Kanceri i mushk\u00ebrive e b\u00ebn kryeministrin malazez t\u00eb jap\u00eb dor\u00ebheqjen - Lajme nga Ulqini\" \/>\n<meta property=\"og:url\" content=\"https:\/\/www.visit-ulcinj.com\/blog\/2008\/02\/02\/kanceri-i-mushkerive-e-ben-kryeministrin-malazez-te-jape-doreheqjen\/\" \/>\n<meta property=\"og:site_name\" content=\"Lajme nga Ulqini\" \/>\n<meta property=\"article:published_time\" content=\"2008-02-02T14:36:13+00:00\" \/>\n<meta property=\"article:modified_time\" content=\"2008-02-13T01:27:50+00:00\" \/>\n<meta property=\"og:image\" content=\"http:\/\/www.delo.si\/images\/iman\/2006_10\/pb_sturanovic_epa.jpg\" \/>\n<meta name=\"twitter:label1\" content=\"Written by\" \/>\n\t<meta name=\"twitter:data1\" content=\"ulqini\" \/>\n<script type=\"application\/ld+json\" class=\"yoast-schema-graph\">{\"@context\":\"https:\/\/schema.org\",\"@graph\":[{\"@type\":\"WebSite\",\"@id\":\"https:\/\/www.visit-ulcinj.com\/blog\/#website\",\"url\":\"https:\/\/www.visit-ulcinj.com\/blog\/\",\"name\":\"Lajme nga Ulqini\",\"description\":\"Lajme,Vijesti,Ulqini,Ulqin,Crna Gora,Mali i Zi\",\"potentialAction\":[{\"@type\":\"SearchAction\",\"target\":{\"@type\":\"EntryPoint\",\"urlTemplate\":\"https:\/\/www.visit-ulcinj.com\/blog\/?s={search_term_string}\"},\"query-input\":\"required name=search_term_string\"}],\"inLanguage\":\"en-US\"},{\"@type\":\"ImageObject\",\"inLanguage\":\"en-US\",\"@id\":\"https:\/\/www.visit-ulcinj.com\/blog\/2008\/02\/02\/kanceri-i-mushkerive-e-ben-kryeministrin-malazez-te-jape-doreheqjen\/#primaryimage\",\"url\":\"http:\/\/www.delo.si\/images\/iman\/2006_10\/pb_sturanovic_epa.jpg\",\"contentUrl\":\"http:\/\/www.delo.si\/images\/iman\/2006_10\/pb_sturanovic_epa.jpg\"},{\"@type\":\"WebPage\",\"@id\":\"https:\/\/www.visit-ulcinj.com\/blog\/2008\/02\/02\/kanceri-i-mushkerive-e-ben-kryeministrin-malazez-te-jape-doreheqjen\/#webpage\",\"url\":\"https:\/\/www.visit-ulcinj.com\/blog\/2008\/02\/02\/kanceri-i-mushkerive-e-ben-kryeministrin-malazez-te-jape-doreheqjen\/\",\"name\":\"Kanceri i mushk\u00ebrive e b\u00ebn kryeministrin malazez t\u00eb jap\u00eb dor\u00ebheqjen - Lajme nga Ulqini\",\"isPartOf\":{\"@id\":\"https:\/\/www.visit-ulcinj.com\/blog\/#website\"},\"primaryImageOfPage\":{\"@id\":\"https:\/\/www.visit-ulcinj.com\/blog\/2008\/02\/02\/kanceri-i-mushkerive-e-ben-kryeministrin-malazez-te-jape-doreheqjen\/#primaryimage\"},\"datePublished\":\"2008-02-02T14:36:13+00:00\",\"dateModified\":\"2008-02-13T01:27:50+00:00\",\"author\":{\"@id\":\"https:\/\/www.visit-ulcinj.com\/blog\/#\/schema\/person\/dcab619c614d3038751c63bc2aadc06d\"},\"breadcrumb\":{\"@id\":\"https:\/\/www.visit-ulcinj.com\/blog\/2008\/02\/02\/kanceri-i-mushkerive-e-ben-kryeministrin-malazez-te-jape-doreheqjen\/#breadcrumb\"},\"inLanguage\":\"en-US\",\"potentialAction\":[{\"@type\":\"ReadAction\",\"target\":[\"https:\/\/www.visit-ulcinj.com\/blog\/2008\/02\/02\/kanceri-i-mushkerive-e-ben-kryeministrin-malazez-te-jape-doreheqjen\/\"]}]},{\"@type\":\"BreadcrumbList\",\"@id\":\"https:\/\/www.visit-ulcinj.com\/blog\/2008\/02\/02\/kanceri-i-mushkerive-e-ben-kryeministrin-malazez-te-jape-doreheqjen\/#breadcrumb\",\"itemListElement\":[{\"@type\":\"ListItem\",\"position\":1,\"name\":\"Kanceri i mushk\u00ebrive e b\u00ebn kryeministrin malazez t\u00eb jap\u00eb dor\u00ebheqjen\"}]},{\"@type\":\"Person\",\"@id\":\"https:\/\/www.visit-ulcinj.com\/blog\/#\/schema\/person\/dcab619c614d3038751c63bc2aadc06d\",\"name\":\"ulqini\",\"sameAs\":[\"http:\/\/www.visit-ulcinj.com\"],\"url\":\"https:\/\/www.visit-ulcinj.com\/blog\/author\/admin\/\"}]}<\/script>\n<!-- \/ Yoast SEO plugin. -->","yoast_head_json":{"title":"Kanceri i mushk\u00ebrive e b\u00ebn kryeministrin malazez t\u00eb jap\u00eb dor\u00ebheqjen - Lajme nga Ulqini","robots":{"index":"index","follow":"follow","max-snippet":"max-snippet:-1","max-image-preview":"max-image-preview:large","max-video-preview":"max-video-preview:-1"},"canonical":"https:\/\/www.visit-ulcinj.com\/blog\/2008\/02\/02\/kanceri-i-mushkerive-e-ben-kryeministrin-malazez-te-jape-doreheqjen\/","og_locale":"en_US","og_type":"article","og_title":"Kanceri i mushk\u00ebrive e b\u00ebn kryeministrin malazez t\u00eb jap\u00eb dor\u00ebheqjen - Lajme nga Ulqini","og_url":"https:\/\/www.visit-ulcinj.com\/blog\/2008\/02\/02\/kanceri-i-mushkerive-e-ben-kryeministrin-malazez-te-jape-doreheqjen\/","og_site_name":"Lajme nga Ulqini","article_published_time":"2008-02-02T14:36:13+00:00","article_modified_time":"2008-02-13T01:27:50+00:00","og_image":[{"url":"http:\/\/www.delo.si\/images\/iman\/2006_10\/pb_sturanovic_epa.jpg"}],"twitter_misc":{"Written by":"ulqini"},"schema":{"@context":"https:\/\/schema.org","@graph":[{"@type":"WebSite","@id":"https:\/\/www.visit-ulcinj.com\/blog\/#website","url":"https:\/\/www.visit-ulcinj.com\/blog\/","name":"Lajme nga Ulqini","description":"Lajme,Vijesti,Ulqini,Ulqin,Crna Gora,Mali i Zi","potentialAction":[{"@type":"SearchAction","target":{"@type":"EntryPoint","urlTemplate":"https:\/\/www.visit-ulcinj.com\/blog\/?s={search_term_string}"},"query-input":"required name=search_term_string"}],"inLanguage":"en-US"},{"@type":"ImageObject","inLanguage":"en-US","@id":"https:\/\/www.visit-ulcinj.com\/blog\/2008\/02\/02\/kanceri-i-mushkerive-e-ben-kryeministrin-malazez-te-jape-doreheqjen\/#primaryimage","url":"http:\/\/www.delo.si\/images\/iman\/2006_10\/pb_sturanovic_epa.jpg","contentUrl":"http:\/\/www.delo.si\/images\/iman\/2006_10\/pb_sturanovic_epa.jpg"},{"@type":"WebPage","@id":"https:\/\/www.visit-ulcinj.com\/blog\/2008\/02\/02\/kanceri-i-mushkerive-e-ben-kryeministrin-malazez-te-jape-doreheqjen\/#webpage","url":"https:\/\/www.visit-ulcinj.com\/blog\/2008\/02\/02\/kanceri-i-mushkerive-e-ben-kryeministrin-malazez-te-jape-doreheqjen\/","name":"Kanceri i mushk\u00ebrive e b\u00ebn kryeministrin malazez t\u00eb jap\u00eb dor\u00ebheqjen - Lajme nga Ulqini","isPartOf":{"@id":"https:\/\/www.visit-ulcinj.com\/blog\/#website"},"primaryImageOfPage":{"@id":"https:\/\/www.visit-ulcinj.com\/blog\/2008\/02\/02\/kanceri-i-mushkerive-e-ben-kryeministrin-malazez-te-jape-doreheqjen\/#primaryimage"},"datePublished":"2008-02-02T14:36:13+00:00","dateModified":"2008-02-13T01:27:50+00:00","author":{"@id":"https:\/\/www.visit-ulcinj.com\/blog\/#\/schema\/person\/dcab619c614d3038751c63bc2aadc06d"},"breadcrumb":{"@id":"https:\/\/www.visit-ulcinj.com\/blog\/2008\/02\/02\/kanceri-i-mushkerive-e-ben-kryeministrin-malazez-te-jape-doreheqjen\/#breadcrumb"},"inLanguage":"en-US","potentialAction":[{"@type":"ReadAction","target":["https:\/\/www.visit-ulcinj.com\/blog\/2008\/02\/02\/kanceri-i-mushkerive-e-ben-kryeministrin-malazez-te-jape-doreheqjen\/"]}]},{"@type":"BreadcrumbList","@id":"https:\/\/www.visit-ulcinj.com\/blog\/2008\/02\/02\/kanceri-i-mushkerive-e-ben-kryeministrin-malazez-te-jape-doreheqjen\/#breadcrumb","itemListElement":[{"@type":"ListItem","position":1,"name":"Kanceri i mushk\u00ebrive e b\u00ebn kryeministrin malazez t\u00eb jap\u00eb dor\u00ebheqjen"}]},{"@type":"Person","@id":"https:\/\/www.visit-ulcinj.com\/blog\/#\/schema\/person\/dcab619c614d3038751c63bc2aadc06d","name":"ulqini","sameAs":["http:\/\/www.visit-ulcinj.com"],"url":"https:\/\/www.visit-ulcinj.com\/blog\/author\/admin\/"}]}},"jetpack_featured_media_url":"","jetpack_sharing_enabled":true,"jetpack_shortlink":"https:\/\/wp.me\/pe6lTn-5P","_links":{"self":[{"href":"https:\/\/www.visit-ulcinj.com\/blog\/wp-json\/wp\/v2\/posts\/361"}],"collection":[{"href":"https:\/\/www.visit-ulcinj.com\/blog\/wp-json\/wp\/v2\/posts"}],"about":[{"href":"https:\/\/www.visit-ulcinj.com\/blog\/wp-json\/wp\/v2\/types\/post"}],"author":[{"embeddable":true,"href":"https:\/\/www.visit-ulcinj.com\/blog\/wp-json\/wp\/v2\/users\/1"}],"replies":[{"embeddable":true,"href":"https:\/\/www.visit-ulcinj.com\/blog\/wp-json\/wp\/v2\/comments?post=361"}],"version-history":[{"count":0,"href":"https:\/\/www.visit-ulcinj.com\/blog\/wp-json\/wp\/v2\/posts\/361\/revisions"}],"wp:attachment":[{"href":"https:\/\/www.visit-ulcinj.com\/blog\/wp-json\/wp\/v2\/media?parent=361"}],"wp:term":[{"taxonomy":"category","embeddable":true,"href":"https:\/\/www.visit-ulcinj.com\/blog\/wp-json\/wp\/v2\/categories?post=361"},{"taxonomy":"post_tag","embeddable":true,"href":"https:\/\/www.visit-ulcinj.com\/blog\/wp-json\/wp\/v2\/tags?post=361"}],"curies":[{"name":"wp","href":"https:\/\/api.w.org\/{rel}","templated":true}]}}