{"id":3610,"date":"2008-09-27T02:49:57","date_gmt":"2008-09-27T07:49:57","guid":{"rendered":"http:\/\/www.visit-ulcinj.com\/blog\/?p=3610"},"modified":"2008-10-17T14:09:36","modified_gmt":"2008-10-17T19:09:36","slug":"propagatoret-fetare-te-luftes-dhe-barazia-para-ligjit","status":"publish","type":"post","link":"https:\/\/www.visit-ulcinj.com\/blog\/2008\/09\/27\/propagatoret-fetare-te-luftes-dhe-barazia-para-ligjit\/","title":{"rendered":"Propagator\u00ebt fetar\u00eb t\u00eb luft\u00ebs dhe barazia para Ligjit"},"content":{"rendered":"<p><a href=\"http:\/\/www.kohajavore.cg.yu\/slike\/1222067797.jpg\"><img loading=\"lazy\" class=\"alignleft\" title=\"Propagator\u00ebt fetar\u00eb\" src=\"http:\/\/www.kohajavore.cg.yu\/slike\/1222067797.jpg\" alt=\"\" width=\"174\" height=\"233\" \/><\/a><strong>Ligji i nj\u00ebjt\u00eb p\u00ebr t\u00eb gjith\u00eb p\u00ebr t\u00eb gjith\u00eb<\/strong><br \/>\nJav\u00ebn q\u00eb shkoi mediat e transmetuan deklarat\u00ebn e zyrtarit t\u00eb lart\u00eb t\u00eb pushtetit malazez se &#8220;\u00ebsht\u00eb nj\u00eb d\u00ebm i v\u00ebrtet\u00eb q\u00eb askush nga propaganduesit fetar\u00eb t\u00eb luft\u00ebs nuk \u00ebsht\u00eb p\u00ebrgjegjur para Tribunalit t\u00eb Hag\u00ebs&#8221;. Ai u shpreh k\u00ebshtu, duke e pasur parasysh mitropolitin e Kish\u00ebs Ortodokse Serbe n\u00eb Mal t\u00eb Zi, A. Radoviq, p\u00ebr t\u00eb cilin tha se ka qen\u00eb &#8220;simbol i tentimeve t\u00eb k\u00ebqija&#8221;. &#8220;Sa m\u00eb shum\u00eb q\u00eb i afrohemi Bashkimit Europian, njer\u00ebzit e till\u00eb do t\u00eb jen\u00eb gjithnj\u00eb e m\u00eb shum\u00eb n\u00eb sh\u00ebnjestr\u00ebn e Ligjit&#8221;, tha ai.<br \/>\nFjal\u00ebt e th\u00ebna n\u00eb k\u00ebt\u00eb deklarat\u00eb e sublimojn\u00eb at\u00eb q\u00eb \u00ebsht\u00eb mendimi i nj\u00eb numri t\u00eb madh t\u00eb qytetar\u00ebve t\u00eb k\u00ebtij vendi. Brenda nj\u00eb periudhe shum\u00eb t\u00eb gjat\u00eb q\u00eb matet jo me vite, por, edhe me decenie, shum\u00eb veprimtar\u00eb fetar\u00eb kan\u00eb qen\u00eb propagataror\u00eb t\u00eb luft\u00ebs dhe kan\u00eb qen\u00eb nxit\u00ebs aktiv\u00eb t\u00eb keq\u00ebsimit t\u00eb raporteve nd\u00ebrfetare. Besoj q\u00eb secili person normal ia ka shtruar vet\u00ebs pyetjen se si \u00ebsht\u00eb e mundur q\u00eb dikush t\u00eb jet\u00eb i protektuar nga ndjekja ligjore vet\u00ebm p\u00ebr shkak se \u00ebsht\u00eb zyrtar fetar. P\u00ebr an\u00ebn morale nuk do t\u00eb flasim. A shkojn\u00eb bashk\u00eb propagimi i vlerave t\u00eb larta humane mbi t\u00eb cilat, bazohen t\u00eb gjitha religjionet monoteiste, dhe nxitja e urrejtjes n\u00eb an\u00ebn tjet\u00ebr? Nuk shkojn\u00eb, p\u00ebr k\u00ebt\u00eb konstatim nuk duhet ndonj\u00eb inteligjenc\u00eb e ve\u00e7ant\u00eb. Por se, shpesh her\u00eb, teoria e nj\u00eb religjioni, cili do qoft\u00eb ai, dhe zbatimi i tij n\u00eb praktik\u00eb, nuk shkojn\u00eb bashk\u00eb, ajo \u00ebsht\u00eb gj\u00eb e ditur. \u00cbsht\u00eb v\u00ebrtetuar shum\u00eb her\u00eb gjat\u00eb historis\u00eb, v\u00ebrtetohet edhe sot. Madje, fitohet p\u00ebrshtypja se sa m\u00eb shum\u00eb q\u00eb t\u00eb thirresh n\u00eb parime fetare, aq m\u00eb pak i zbaton ato.<br \/>\nFilozofi i madh, Niccolo Machiavelli, ka pasur rast t\u00eb shoh\u00eb prej s\u00eb af\u00ebrti se si funksionon nj\u00eb pushtet i zhveshur, pasi q\u00eb i ka kaluar disa muaj si zyrtar n\u00eb pushtetin m\u00eb t\u00eb lart\u00eb n\u00eb Firenc\u00eb t\u00eb Italis\u00eb. Ai e ka cekur faktin se shum\u00eb logjv\u00ebn\u00ebs t\u00eb men\u00e7ur, kan\u00eb qen\u00eb t\u00eb detyruar q\u00eb t\u00eb thirren n\u00eb Hyun, sepse, ndryshe, populli nuk do t\u2019u bindej ligjeve. Ai konsideron se roli i fes\u00eb p\u00ebr zhvillimin e karakterit njer\u00ebzor dhe m\u00ebnyr\u00ebs s\u00eb veprimit, \u00ebsht\u00eb i madh p\u00ebr shkak se mund\u00ebsit\u00eb e ligjeve jan\u00eb t\u00eb kufizuara. Vet Machiavelli ka qen\u00eb i distancuar n\u00eb m\u00ebnyr\u00eb t\u00eb prer\u00eb nga feja.<br \/>\nP\u00ebr nj\u00eb vend t\u00eb vog\u00ebl si\u00e7 \u00ebsht\u00eb Mali i Zi, i cili, p\u00ebrve\u00e7 asaj, \u00ebsht\u00eb edhe vend i diversiteteve etnike, fetare dhe kulturore, q\u00eb \u00ebsht\u00eb nj\u00eb nga vlerat themelore t\u00eb Bashkimit Europian, n\u00eb t\u00eb cil\u00ebn p\u00ebrgatitet t\u00eb hyj\u00eb edhe Mali i Zi, pra, p\u00ebr shtet t\u00eb till\u00eb, \u00ebsht\u00eb gj\u00eb vet\u00ebvras\u00ebse q\u00eb t\u00eb lejohet q\u00eb cili do sistem religjioz (ose organizat\u00eb religjioze) t\u00eb sillet sikur t\u00eb ishte e privilegjuar n\u00eb shoq\u00ebri, (n\u00eb k\u00ebt\u00eb rast KOS &#8211; i). Ilustrimi m\u00eb i mir\u00eb i k\u00ebsaj ishte ajo q\u00eb ka ndodhur n\u00eb Rumi disa vjet m\u00eb par\u00eb dhe se askush nga pushteti laik nuk ka mundur ta k\u00ebpus\u00eb k\u00ebt\u00eb Nyje t\u00eb Gordit. Pse ? Nga shkaku i thjesht &#8211; se Kisha Ortodokse Serbe e ka z\u00ebn\u00eb pozicionin e till\u00eb n\u00eb skem\u00ebn e nj\u00eb sistemi shoq\u00ebror, sa q\u00eb ia ka arritur t\u00eb sillet si shteti mbi shtetin. Ose, disi n\u00eb t\u00eb nj\u00ebjten koh\u00eb, fjalimet e mitropolitit t\u00eb KOS\/ it, plot urrejtje, mbi rrezikun e personifikuar n\u00eb fytyren e &#8220;mbretit djall\u00ebzor Duklanas&#8221;. Kush ishte ky? Ishte ky Diokli, biri i nj\u00eb fshatari t\u00eb varf\u00ebr ilir nga Stridoni i Dalmacis\u00eb, t\u00eb cilin, kur u b\u00eb perandor romak e njoh\u00ebn si Dioklecian. Em\u00ebr i njohur, apo jo? Ky Diokli, kur e ka ngritur Pallatin n\u00eb Salon\u00eb (Spliti i sot\u00ebm n\u00eb Kroaci), si tentim q\u00eb emri i tij ta mbijetoj\u00eb koh\u00ebn, as q\u00eb ka \u00ebnd\u00ebrruar se 17 shekuj m\u00eb von\u00eb emrin e tij dikush do ta p\u00ebrdor\u00eb n\u00eb funksionin e shtrig\u00ebs me t\u00eb cil\u00ebn tremb\u00ebn f\u00ebmij\u00ebt para gjumit. Por, kjo duhet t\u00eb sh\u00ebrbej\u00eb p\u00ebr t\u00eb indukuar at\u00eb q\u00eb \u00ebsht\u00eb m\u00eb shum\u00eb se frik\u00eb para gjumit.<br \/>\nPo ashtu, nj\u00eb shtet bashk\u00ebkohor europian nuk mund t ia lejoj\u00eb vet\u00ebs luksin q\u00eb pushteti fetar t\u00eb p\u00ebrzihet n\u00eb pun\u00ebt q\u00eb i p\u00ebrkasin pushtetit laik. Kur \u00ebsht\u00eb fjala p\u00ebr KOS -in, ajo ka vepruar ashtu si thash\u00eb m\u00eb lart\u00eb, si shtet mbi shtetin, ose si shtet brenda shtetit. Procesi i ardhsh\u00ebm n\u00eb t\u00eb cilin do t\u00eb duhej t\u00eb aprovohen kriteret e Bashkimit Europian, pra, t\u00eb nj\u00eb shoq\u00ebrie me vlera t\u00eb larta civile, do t\u00eb b\u00ebj\u00eb q\u00eb t\u00eb mos ket\u00eb individ\u00eb t\u00eb protektuar nga p\u00ebrgjegj\u00ebsia p\u00ebr veprat e b\u00ebra dhe fjal\u00ebt e shprehura.<br \/>\n<strong><a href=\"xhoanaperkaj@yahoo.com\" target=\"_blank\">xhoanaperkaj@yahoo.com<\/a><\/strong><br \/>\n<strong>Xhoana M. Perkaj<br \/>\nKoha Javore<\/strong><\/p>\n<p style=\"text-align: center;\"><a class=\"aligncenter\" title=\"???? ????,?????,Ulcinj,Montenegru,??????????,\u00c7ernoqoriya,Besplatni internet oglasi,Besplatni oglasi,besplatni mali oglasi,besplatni turisti?ki oglasi,oglasi, usluge, turizam,Turisti?ke usluge,Doma?i turizam,Besplatni Oglasnik,Brzi Oglasi Besplatno,Besplatno OglasavanjeTurizam,besplatni oglasi sa slikom,Turisticki informator besplatni,li?ni-oglasi,BESPLATNI Turisticki OGLASI SA SLIKAMA,BESPLATNI Turisticki Oglasi saVideom,turisticki smestaj oglasi,Turisti?ki vodi? balkana,BESPLATNA REZERVACIJA SMESTAJA,Postavite besplatno Vas oglas,FREE TOURIST GUIDES,Izdavanje-Turizam oglasi,Balkan Turisticki vodic,shpallje turistike falas,Shpallje Falas,Shpallje falas per Komplekse Turistike,Lajmerime,Njoftime,shpallje shqip per shqiptaret ne shqiperi kosova maqedoni,mal te zi,???????????,Montenegiro,?ern\u00e1 Hora,??????????,Cz\u00f4rnog\u00f3ra,Cz\u00f4rn\u00f4 G\u00f3ra,Carna G\u00f3ra,T\u0161ernogooria,\u00c7ernogoriya,Montain\u00e9agr\u00f3,Montenegwo,?orna Hora,Montenegr\u00f3,M?ntenigro,Chernogoriya ,\u00c7\u00earnogor\u00ee ,?????????,????????? ,??????? ,Montes Nigrae,Mons Niger,M\u00f4ntenegr\u00f4,Muntenegru,??????????,Czarnog\u00f3ra,Muntinigru,Muntenegro,&lt;br &gt;&lt;\/a&gt; Muntenegru,\t?ierna Hora,Cxerngora,????????,?rna gora,Moontineegro,?ornog?ra,\u00c7ernogori\u00fda,Chernogoriya,Mont\u00f5negro,????? ???? ,?r?na Gora,?r?nogorije,?ernogorija,?arnahoryja,??????????,???????????????????? ,?ern\u00f4g\u00f4riy\u00e2,M\u00fbnt\u00een\u00ee?r\u00fb,????? ?????? ,????????,??????????,???????????,M\u00e2nten\u00eegro,???? ????? ,????????,M\u00f4ntenegr\u00f4,????????????,???????????,????????????, ??????????? ,????????????,??????????? ,\u008d\u2022?R\/?K?R ,\u0192\u201a\u0192\u201c\u0192e\u0192l\u0192O\u0192\u008d,\u00b8???\u00b3?\u00b1?\u00b7? ,Muntenegru, ????? ????, Montenegr?,chambres ? louer ? ulcinj, location de vacance, location saisonni?res, louer villa,location de vacance, Locations vacance, h?bergements vacances, locations villa, logements de vacances, location maison avec piscine, Location vacance, locations de vacance, h?bergements de vacances, location villa, locations entre particulier, logements vacance, vacances ? Mont?n?gro - location ? Ulcinj ,location  de bigorre,Urlaub in Ulcinj -Montenegro,Hotelbewertungen Ulcinj,Reisen Ulcinj, Urlaub Ulcinj,Hotel in Serbien und Montenegro von Urlaubern bewertet,Billig Urlaub in Ulcinj,ferienh?user,ferienwohnung,Billige Ferienh?user,Ferienwohnung ULCINJ,Ferien an der Adria,Urlaub im Ferienhaus ulcinjBilligreisen Ulcinj,Pauschalreisen,FKK Strand Ada Bojana ulcinj,Last Minute Angebote ulcinj,Preise f?r Lastminute,Kleinanzeigen gratis,Ausflug nach Ulcinj,FKK-Reisen ada bojana,FKK-Urlaub ulcinj,Privatni smje?taj,rezervacija smje?taja,apartmani,sobe,ku?e,odmor,sobe za odmor ulcinj,Pretra?ivanje privatnog smje?taja,rooms rent accommodation ulcinj, rentail private accommodation ulcinj,?elite rezervirati privatni smje?taj,Private accommodation,Smje?taj ulcinj,Pushime Verore ulqin,pushime t? lira n? ulqin,Pushime ne plazh,Pushime te kendshme,dhoma per pushime ulqin,dhoma me qera ulqin,dhoma te lira ulqin,pushime te lira ulqin,mali i zi,kosova,maqedoni,shqiperi,Pushime ne det te ulqinit,godi?nji odmor u ulcinj,odmor u ulcinj,Ku?a za odmor,kuda na odmor,ljetovanje u ulcinj,slobodne sobe,dhoma te lira,ku?a uz more,turisti?ka ponuda,odmor i zabava,povolne cene,sobe,usluge,Mjesto za Va? odmor , Place for Your holiday,Odmor portal,putovanaja,Iznajmljivanje soba ulcinj,odmor ulcinj info,Va?e mjesto za odmor ulcinj,nudisticka plaza ada bojana,smjestaj ponuda ulcinj,lokacioni i dhomave ulqin,deti,plazhet e bukura,diskoteka,zbavitja,.\" href=\"http:\/\/www.visit-ulcinj.com\/tourism\/\" target=\"_blank\"><img loading=\"lazy\" class=\"aligncenter\" title=\"SHPALLJE TURISTIKE FALAS,FREE TOURIST GUIDES,BESPLATNI TURISTI?KI OGLASI,balkan holiday rentals,ALBANIJA,ALBANIA,SHQIPERIJA,CRNA GORA,HRVATSKA,KROACIA,SLOVENIJA,MAKEDONIJA,MAKEDONIA,SRBIJA,MONTENEGRO,MALI I ZI,\" src=\"http:\/\/www.visit-ulcinj.com\/blog\/wp-content\/uploads\/2008\/09\/balkanholidayrentals.gif\" alt=\"Apatin,  Aran?elovac,  ?uprija,  ?a?ak,  ?apljina,  ?itluk,  ?abac,  ?ipovo,  ?iroki Brijeg,  ?ep?e,  ?ivinice,  Ba?ka Palanka,  Banja Luka,  Banovi?i,  Be?ej,  beograd,  Biha?,  Bijeljina,  Bor,  Bor?a,  Bosanska Gradi?ka,  Bosanska Krupa,  Bosanski ?amac,  Bosanski Brod,  Bosanski Novi,  Br?ko,  Bu?im,  Bugojno,  Cazin,  Crna Gora,  Derventa,  Doboj,  Donji Vakuf,  Drvar,  Dubrovnik,  Fo?a,  Fojnica,  Glamo?,  Gora?de,  Gornji Milanovac,  Gornji Vakuf,  gostivar,  Gra?anica,  Grada?ac,  Gradiska,  Grahovo,  Had?i?i,  Ilid?a,  In?ija,  Jablanica,  Jagodina,  Jajce,  Kakanj,  Kalu?erica,  Kikinda,  Klju?,  Konjic,  Kotor Varo?,  Kragujevac,  Kraljevo,  Kru?evac,  Kula,  Kupres,  Lakta?i,  Lazarevac,  Leskovac,  Livno,  Ljubinje,  ljublana,  Ljubu?ki,  Loznica,  Lukavac,  Maglaj,  Mladenovac,  Modri?a,  montenegro erlajnz,  mostar,  Mrkonji? Grad,  Neum,  Ni?,  Novi Pazar,  Novi Sad,  Novi Travnik,  Obrenovac,  Od?ak,  ohrid,  Ora?je,  Pale,  Pan?evo,  Para?in,  Pirot,  Po?arevac,  Podgorica,  Priboj,  Prijedor,  Prokuplje,  Prozor,  pula,  rijeka,  Ruma,  Sanski Most,  Sarajevo,  Senta,  serbija,  sibenik,  skopje,  Smederevo,  Smederevska Palanka,  Sokolac,  Sombor,  split,  Srebrenica,  Srebrenik,  Sremska Mitrovica,  Stolac,  Struga,  Subotica,  Temerin,  Tesli?,  tetovo,  Travnik,  Trebinje,  tuzla,  U?ice,  ulcinj,  Valjevo,  Velika Kladu?a,  Vi?egrad,  Visoko,  Vitez,  Vogo??a,  vojvodina,  Vranje,  Vr?ac,  Vrbas,  zadar,  Zagreb,  Zaje?ar,  Zavidovi?i,  Zenica,  Zrenjanin,  Zvornik,copacabana ulcinj,  h?tels,  hotel ulqin,  Kosova,  Mali i Zi,  Maqedonija,  Montenegro,  montenegro tourisme plage,  montenegro ulcinj,  Shpallje Falas,  Shpallje Falas per shitjen e shtepis se juaj,  Shpallje Falas per villat e juaj,  Shpallje Falas Real Estate,  Shpallje Falas turistike,  shqiperija,  tourisme,  Ulci?,  ulcinj,  ulqin,  ulqin hotel,  ulqini,  ulqini 2007,Ada Bojana,  Alba?czyk,  Cita di Dolcino,  Copacabana,  Czarnog?ra,  Czarnog?rzec,  Don Kichota,  Ma\u00b3a Pla?a,  Mandra,  MIGUEL DE SERVANTES,  p?\u00b3wyspy Marjan,  Pla?a Valdanos,  Rzeka Bojana,  Shas \/ ?as \/ Sva?,  Ulci?,  Ulcinjsk\u00b9 Riwier?,  Wielka Pla?a,  Wyspa Bojana,GORA,??????????,???????,??????????, ?ern? Hora,TO ULCINJ \/ ULQIN,MONTENEGRO, Czarnog?ra, Muntenegru, ????? ????, Montenegr?,villa ? louer ? ulcinj, location de vacance, location saisonni?res, louer chambres,location de vacance, Locations vacance, h?bergements vacances, locations villa, logements de vacances, location maison avec piscine, Location vacance, locations de vacance, h?bergements de vacances, location, locations entre particulier, logements vacance, vacances ? Mont?n?gro - location ? Ulcinj ,location  de bigorre,Albaniku,  Artana,  Bujanoci,  Burimi,  Dardana,  Dardan?,  De?an,  Dibra,  Drenas,  Drenasi,  Ferizaj,  Ferizaji,  Fush? Kosova,Besplatni internet oglasi,Besplatni oglasi,besplatni mali oglasi,besplatni turisti?ki oglasi,oglasi, usluge, turizam,Turisti?ke usluge,Doma?i turizam,Besplatni Oglasnik,Brzi Oglasi Besplatno,Besplatno OglasavanjeTurizam,besplatni oglasi sa slikom,Turisticki informator besplatni,li?ni-oglasi,BESPLATNI Turisticki OGLASI SA SLIKAMA,BESPLATNI Turisticki Oglasi saVideom,turisticki smestaj oglasi,Turisti?ki vodi? balkana,BESPLATNA REZERVACIJA SMESTAJA,Postavite besplatno Vas oglas,FREE TOURIST GUIDES,Izdavanje-Turizam oglasi,Balkan Turisticki vodic,shpallje turistike falas,Shpallje Falas,Shpallje falas per Komplekse Turistike,Lajmerime,Njoftime,shpallje shqip per shqiptaret ne shqiperi kosova maqedoni,mal te zi,Fush? Kosov?,  Gjakova,  Gjakov?,  Gjilan,  Gjilani,  Gostivari,  Istog,  Istog\u00b7,  Ka?anik,  Ka?aniku,  Kastrioti,  K?r?ova,  Klina,  Klin?,  Kumanova,  Leposaviq,  Leskovci,  Likova,  Lipjan,  Lipjani,  Malisheva,  Malishev?,  Manastiri,  Medvegja,  Mitrovica,  Mitrovic?,  Novob?rd?,  Obiliq\u00b7 Rahovec,  Ohri,  Peja,  Pej?,  Podujeva,  Podujev?,  Presheva,  Prishtina,  Prishtin?,  Prizren,  Prizreni,  Rahoveci,  Sharri,  Sharri (Kosov?),  Shkupi,  Sht?rpca,  Sht?rpc?,  Shtime,  Sk?nderaj,  Struga,  Tetova,  Theranda,  Therand?,  Triumf Riza,  Veleshta,  Viti,  Vitia,  Vushtrri,  Vushtrria,  Zubin Potok,  Zubin Potoku,  Zve?an,  Zve?ani,Struga,Gostivari,Gostivar,Ker?ova,Tirana,Durr?si,Elbasani,Shkodra,Tuzi,Vlora, Kor?a,Fieri,Berati,Lushnja ,Kavaja,Pogradeci,La?i,Gjirokastra,Patosi,Kruja,Ku?ova,Kuk?si,Lezha,Saranda,Peshkopia,Burreli,C?rriku,?orovoda,Shijaku,Librazhdi,Tepelena,Gramshi,Poli?ani,Bulqiza,P?rmeti,Fush?Kruja,Kamza,Rr?sheni,Ballshi,Mamurrasi,BajramCurri,Erseka,Peqini,Divjaka,Selenica,Bilishti,Roskoveci,Puka,Memaliaj,Rrogozhina,Ura Vajgurore,Himara,Delvina,Vora,Kopliku,Maliqi,P?rrenjasi,Kruma, Libohova,Orikumi,Fush?-Arr?za,Sh?ngjini,Rubiku,Miloti, Leskoviku,Konispoli,K?lcyra,Krasta,K?rraba,Manastiri,Hara?ina,Likova,Prilepi,Zajazi,Vrap?ishti,Bogovin?,\" width=\"420\" height=\"120\" \/><\/a><\/p>\n","protected":false},"excerpt":{"rendered":"<p>Ligji i nj\u00ebjt\u00eb p\u00ebr t\u00eb gjith\u00eb p\u00ebr t\u00eb gjith\u00eb Jav\u00ebn q\u00eb shkoi mediat e transmetuan deklarat\u00ebn e zyrtarit t\u00eb lart\u00eb t\u00eb pushtetit malazez se &#8220;\u00ebsht\u00eb nj\u00eb d\u00ebm i v\u00ebrtet\u00eb q\u00eb askush nga propaganduesit fetar\u00eb t\u00eb luft\u00ebs nuk \u00ebsht\u00eb p\u00ebrgjegjur para Tribunalit t\u00eb Hag\u00ebs&#8221;. Ai u shpreh k\u00ebshtu, duke e pasur parasysh mitropolitin e Kish\u00ebs Ortodokse [&hellip;]<\/p>\n","protected":false},"author":1,"featured_media":0,"comment_status":"open","ping_status":"closed","sticky":false,"template":"","format":"standard","meta":{"spay_email":"","jetpack_publicize_message":"","jetpack_is_tweetstorm":false,"jetpack_publicize_feature_enabled":true},"categories":[4,11,12],"tags":[95],"jetpack_publicize_connections":[],"yoast_head":"<!-- This site is optimized with the Yoast SEO plugin v19.1 - https:\/\/yoast.com\/wordpress\/plugins\/seo\/ -->\n<title>Propagator\u00ebt fetar\u00eb t\u00eb luft\u00ebs dhe barazia para Ligjit - Lajme nga Ulqini<\/title>\n<meta name=\"description\" content=\"Ligji i nj\u00ebjt\u00eb p\u00ebr t\u00eb gjith\u00eb p\u00ebr t\u00eb gjith\u00eb Jav\u00ebn q\u00eb shkoi mediat e transmetuan deklarat\u00ebn e zyrtarit t\u00eb lart\u00eb t\u00eb pushtetit malazez se &quot;\u00ebsht\u00eb nj\u00eb d\u00ebm i\" \/>\n<meta name=\"robots\" content=\"index, follow, max-snippet:-1, max-image-preview:large, max-video-preview:-1\" \/>\n<link rel=\"canonical\" href=\"https:\/\/www.visit-ulcinj.com\/blog\/2008\/09\/27\/propagatoret-fetare-te-luftes-dhe-barazia-para-ligjit\/\" \/>\n<meta property=\"og:locale\" content=\"en_US\" \/>\n<meta property=\"og:type\" content=\"article\" \/>\n<meta property=\"og:title\" content=\"Propagator\u00ebt fetar\u00eb t\u00eb luft\u00ebs dhe barazia para Ligjit - Lajme nga Ulqini\" \/>\n<meta property=\"og:description\" content=\"Ligji i nj\u00ebjt\u00eb p\u00ebr t\u00eb gjith\u00eb p\u00ebr t\u00eb gjith\u00eb Jav\u00ebn q\u00eb shkoi mediat e transmetuan deklarat\u00ebn e zyrtarit t\u00eb lart\u00eb t\u00eb pushtetit malazez se &quot;\u00ebsht\u00eb nj\u00eb d\u00ebm i\" \/>\n<meta property=\"og:url\" content=\"https:\/\/www.visit-ulcinj.com\/blog\/2008\/09\/27\/propagatoret-fetare-te-luftes-dhe-barazia-para-ligjit\/\" \/>\n<meta property=\"og:site_name\" content=\"Lajme nga Ulqini\" \/>\n<meta property=\"article:published_time\" content=\"2008-09-27T07:49:57+00:00\" \/>\n<meta property=\"article:modified_time\" content=\"2008-10-17T19:09:36+00:00\" \/>\n<meta property=\"og:image\" content=\"http:\/\/www.kohajavore.cg.yu\/slike\/1222067797.jpg\" \/>\n<meta name=\"twitter:label1\" content=\"Written by\" \/>\n\t<meta name=\"twitter:data1\" content=\"ulqini\" \/>\n\t<meta name=\"twitter:label2\" content=\"Est. reading time\" \/>\n\t<meta name=\"twitter:data2\" content=\"4 minutes\" \/>\n<script type=\"application\/ld+json\" class=\"yoast-schema-graph\">{\"@context\":\"https:\/\/schema.org\",\"@graph\":[{\"@type\":\"WebSite\",\"@id\":\"https:\/\/www.visit-ulcinj.com\/blog\/#website\",\"url\":\"https:\/\/www.visit-ulcinj.com\/blog\/\",\"name\":\"Lajme nga Ulqini\",\"description\":\"Lajme,Vijesti,Ulqini,Ulqin,Crna Gora,Mali i Zi\",\"potentialAction\":[{\"@type\":\"SearchAction\",\"target\":{\"@type\":\"EntryPoint\",\"urlTemplate\":\"https:\/\/www.visit-ulcinj.com\/blog\/?s={search_term_string}\"},\"query-input\":\"required name=search_term_string\"}],\"inLanguage\":\"en-US\"},{\"@type\":\"ImageObject\",\"inLanguage\":\"en-US\",\"@id\":\"https:\/\/www.visit-ulcinj.com\/blog\/2008\/09\/27\/propagatoret-fetare-te-luftes-dhe-barazia-para-ligjit\/#primaryimage\",\"url\":\"http:\/\/www.kohajavore.cg.yu\/slike\/1222067797.jpg\",\"contentUrl\":\"http:\/\/www.kohajavore.cg.yu\/slike\/1222067797.jpg\"},{\"@type\":\"WebPage\",\"@id\":\"https:\/\/www.visit-ulcinj.com\/blog\/2008\/09\/27\/propagatoret-fetare-te-luftes-dhe-barazia-para-ligjit\/#webpage\",\"url\":\"https:\/\/www.visit-ulcinj.com\/blog\/2008\/09\/27\/propagatoret-fetare-te-luftes-dhe-barazia-para-ligjit\/\",\"name\":\"Propagator\u00ebt fetar\u00eb t\u00eb luft\u00ebs dhe barazia para Ligjit - Lajme nga Ulqini\",\"isPartOf\":{\"@id\":\"https:\/\/www.visit-ulcinj.com\/blog\/#website\"},\"primaryImageOfPage\":{\"@id\":\"https:\/\/www.visit-ulcinj.com\/blog\/2008\/09\/27\/propagatoret-fetare-te-luftes-dhe-barazia-para-ligjit\/#primaryimage\"},\"datePublished\":\"2008-09-27T07:49:57+00:00\",\"dateModified\":\"2008-10-17T19:09:36+00:00\",\"author\":{\"@id\":\"https:\/\/www.visit-ulcinj.com\/blog\/#\/schema\/person\/dcab619c614d3038751c63bc2aadc06d\"},\"description\":\"Ligji i nj\u00ebjt\u00eb p\u00ebr t\u00eb gjith\u00eb p\u00ebr t\u00eb gjith\u00eb Jav\u00ebn q\u00eb shkoi mediat e transmetuan deklarat\u00ebn e zyrtarit t\u00eb lart\u00eb t\u00eb pushtetit malazez se \\\"\u00ebsht\u00eb nj\u00eb d\u00ebm i\",\"breadcrumb\":{\"@id\":\"https:\/\/www.visit-ulcinj.com\/blog\/2008\/09\/27\/propagatoret-fetare-te-luftes-dhe-barazia-para-ligjit\/#breadcrumb\"},\"inLanguage\":\"en-US\",\"potentialAction\":[{\"@type\":\"ReadAction\",\"target\":[\"https:\/\/www.visit-ulcinj.com\/blog\/2008\/09\/27\/propagatoret-fetare-te-luftes-dhe-barazia-para-ligjit\/\"]}]},{\"@type\":\"BreadcrumbList\",\"@id\":\"https:\/\/www.visit-ulcinj.com\/blog\/2008\/09\/27\/propagatoret-fetare-te-luftes-dhe-barazia-para-ligjit\/#breadcrumb\",\"itemListElement\":[{\"@type\":\"ListItem\",\"position\":1,\"name\":\"Propagator\u00ebt fetar\u00eb t\u00eb luft\u00ebs dhe barazia para Ligjit\"}]},{\"@type\":\"Person\",\"@id\":\"https:\/\/www.visit-ulcinj.com\/blog\/#\/schema\/person\/dcab619c614d3038751c63bc2aadc06d\",\"name\":\"ulqini\",\"sameAs\":[\"http:\/\/www.visit-ulcinj.com\"],\"url\":\"https:\/\/www.visit-ulcinj.com\/blog\/author\/admin\/\"}]}<\/script>\n<!-- \/ Yoast SEO plugin. -->","yoast_head_json":{"title":"Propagator\u00ebt fetar\u00eb t\u00eb luft\u00ebs dhe barazia para Ligjit - Lajme nga Ulqini","description":"Ligji i nj\u00ebjt\u00eb p\u00ebr t\u00eb gjith\u00eb p\u00ebr t\u00eb gjith\u00eb Jav\u00ebn q\u00eb shkoi mediat e transmetuan deklarat\u00ebn e zyrtarit t\u00eb lart\u00eb t\u00eb pushtetit malazez se \"\u00ebsht\u00eb nj\u00eb d\u00ebm i","robots":{"index":"index","follow":"follow","max-snippet":"max-snippet:-1","max-image-preview":"max-image-preview:large","max-video-preview":"max-video-preview:-1"},"canonical":"https:\/\/www.visit-ulcinj.com\/blog\/2008\/09\/27\/propagatoret-fetare-te-luftes-dhe-barazia-para-ligjit\/","og_locale":"en_US","og_type":"article","og_title":"Propagator\u00ebt fetar\u00eb t\u00eb luft\u00ebs dhe barazia para Ligjit - Lajme nga Ulqini","og_description":"Ligji i nj\u00ebjt\u00eb p\u00ebr t\u00eb gjith\u00eb p\u00ebr t\u00eb gjith\u00eb Jav\u00ebn q\u00eb shkoi mediat e transmetuan deklarat\u00ebn e zyrtarit t\u00eb lart\u00eb t\u00eb pushtetit malazez se \"\u00ebsht\u00eb nj\u00eb d\u00ebm i","og_url":"https:\/\/www.visit-ulcinj.com\/blog\/2008\/09\/27\/propagatoret-fetare-te-luftes-dhe-barazia-para-ligjit\/","og_site_name":"Lajme nga Ulqini","article_published_time":"2008-09-27T07:49:57+00:00","article_modified_time":"2008-10-17T19:09:36+00:00","og_image":[{"url":"http:\/\/www.kohajavore.cg.yu\/slike\/1222067797.jpg"}],"twitter_misc":{"Written by":"ulqini","Est. reading time":"4 minutes"},"schema":{"@context":"https:\/\/schema.org","@graph":[{"@type":"WebSite","@id":"https:\/\/www.visit-ulcinj.com\/blog\/#website","url":"https:\/\/www.visit-ulcinj.com\/blog\/","name":"Lajme nga Ulqini","description":"Lajme,Vijesti,Ulqini,Ulqin,Crna Gora,Mali i Zi","potentialAction":[{"@type":"SearchAction","target":{"@type":"EntryPoint","urlTemplate":"https:\/\/www.visit-ulcinj.com\/blog\/?s={search_term_string}"},"query-input":"required name=search_term_string"}],"inLanguage":"en-US"},{"@type":"ImageObject","inLanguage":"en-US","@id":"https:\/\/www.visit-ulcinj.com\/blog\/2008\/09\/27\/propagatoret-fetare-te-luftes-dhe-barazia-para-ligjit\/#primaryimage","url":"http:\/\/www.kohajavore.cg.yu\/slike\/1222067797.jpg","contentUrl":"http:\/\/www.kohajavore.cg.yu\/slike\/1222067797.jpg"},{"@type":"WebPage","@id":"https:\/\/www.visit-ulcinj.com\/blog\/2008\/09\/27\/propagatoret-fetare-te-luftes-dhe-barazia-para-ligjit\/#webpage","url":"https:\/\/www.visit-ulcinj.com\/blog\/2008\/09\/27\/propagatoret-fetare-te-luftes-dhe-barazia-para-ligjit\/","name":"Propagator\u00ebt fetar\u00eb t\u00eb luft\u00ebs dhe barazia para Ligjit - Lajme nga Ulqini","isPartOf":{"@id":"https:\/\/www.visit-ulcinj.com\/blog\/#website"},"primaryImageOfPage":{"@id":"https:\/\/www.visit-ulcinj.com\/blog\/2008\/09\/27\/propagatoret-fetare-te-luftes-dhe-barazia-para-ligjit\/#primaryimage"},"datePublished":"2008-09-27T07:49:57+00:00","dateModified":"2008-10-17T19:09:36+00:00","author":{"@id":"https:\/\/www.visit-ulcinj.com\/blog\/#\/schema\/person\/dcab619c614d3038751c63bc2aadc06d"},"description":"Ligji i nj\u00ebjt\u00eb p\u00ebr t\u00eb gjith\u00eb p\u00ebr t\u00eb gjith\u00eb Jav\u00ebn q\u00eb shkoi mediat e transmetuan deklarat\u00ebn e zyrtarit t\u00eb lart\u00eb t\u00eb pushtetit malazez se \"\u00ebsht\u00eb nj\u00eb d\u00ebm i","breadcrumb":{"@id":"https:\/\/www.visit-ulcinj.com\/blog\/2008\/09\/27\/propagatoret-fetare-te-luftes-dhe-barazia-para-ligjit\/#breadcrumb"},"inLanguage":"en-US","potentialAction":[{"@type":"ReadAction","target":["https:\/\/www.visit-ulcinj.com\/blog\/2008\/09\/27\/propagatoret-fetare-te-luftes-dhe-barazia-para-ligjit\/"]}]},{"@type":"BreadcrumbList","@id":"https:\/\/www.visit-ulcinj.com\/blog\/2008\/09\/27\/propagatoret-fetare-te-luftes-dhe-barazia-para-ligjit\/#breadcrumb","itemListElement":[{"@type":"ListItem","position":1,"name":"Propagator\u00ebt fetar\u00eb t\u00eb luft\u00ebs dhe barazia para Ligjit"}]},{"@type":"Person","@id":"https:\/\/www.visit-ulcinj.com\/blog\/#\/schema\/person\/dcab619c614d3038751c63bc2aadc06d","name":"ulqini","sameAs":["http:\/\/www.visit-ulcinj.com"],"url":"https:\/\/www.visit-ulcinj.com\/blog\/author\/admin\/"}]}},"jetpack_featured_media_url":"","jetpack_sharing_enabled":true,"jetpack_shortlink":"https:\/\/wp.me\/pe6lTn-We","_links":{"self":[{"href":"https:\/\/www.visit-ulcinj.com\/blog\/wp-json\/wp\/v2\/posts\/3610"}],"collection":[{"href":"https:\/\/www.visit-ulcinj.com\/blog\/wp-json\/wp\/v2\/posts"}],"about":[{"href":"https:\/\/www.visit-ulcinj.com\/blog\/wp-json\/wp\/v2\/types\/post"}],"author":[{"embeddable":true,"href":"https:\/\/www.visit-ulcinj.com\/blog\/wp-json\/wp\/v2\/users\/1"}],"replies":[{"embeddable":true,"href":"https:\/\/www.visit-ulcinj.com\/blog\/wp-json\/wp\/v2\/comments?post=3610"}],"version-history":[{"count":0,"href":"https:\/\/www.visit-ulcinj.com\/blog\/wp-json\/wp\/v2\/posts\/3610\/revisions"}],"wp:attachment":[{"href":"https:\/\/www.visit-ulcinj.com\/blog\/wp-json\/wp\/v2\/media?parent=3610"}],"wp:term":[{"taxonomy":"category","embeddable":true,"href":"https:\/\/www.visit-ulcinj.com\/blog\/wp-json\/wp\/v2\/categories?post=3610"},{"taxonomy":"post_tag","embeddable":true,"href":"https:\/\/www.visit-ulcinj.com\/blog\/wp-json\/wp\/v2\/tags?post=3610"}],"curies":[{"name":"wp","href":"https:\/\/api.w.org\/{rel}","templated":true}]}}