{"id":36111,"date":"2010-08-17T18:50:25","date_gmt":"2010-08-17T16:50:25","guid":{"rendered":"http:\/\/www.visit-ulcinj.com\/blog\/?p=36111"},"modified":"2010-08-17T18:50:25","modified_gmt":"2010-08-17T16:50:25","slug":"kampi-i-tenisit-ne-ulqin-21-deri-me-27-gusht","status":"publish","type":"post","link":"https:\/\/www.visit-ulcinj.com\/blog\/2010\/08\/17\/kampi-i-tenisit-ne-ulqin-21-deri-me-27-gusht\/","title":{"rendered":"Kampi i tenisit n\u00eb Ulqin 21 deri m\u00eb 27 gusht"},"content":{"rendered":"<p><a href=\"http:\/\/www.visit-ulcinj.com\/blog\/wp-content\/uploads\/2010\/08\/Kampi-i-tenisit-n\u00eb-Ulqin-2010_4.jpg\"><img loading=\"lazy\" class=\"alignleft size-full wp-image-36112\" title=\"Kampi i tenisit n\u00eb Ulqin  2010_4\" src=\"http:\/\/www.visit-ulcinj.com\/blog\/wp-content\/uploads\/2010\/08\/Kampi-i-tenisit-n\u00eb-Ulqin-2010_4.jpg\" alt=\"\" width=\"490\" height=\"387\" \/><\/a>Federata e tenisit t\u00eb Kosov\u00ebs (FTK) do t\u00eb organizoj\u00eb kamp t\u00eb tenisit p\u00ebr grupmoshat e reja n\u00eb Ulqin. Kampi do t\u00eb mbahet nga 21 deri m\u00eb 27 gusht, n\u00eb t\u00eb cilin do t\u00eb marrin pjes\u00eb 20 tenist nga gjith\u00eb Kosov\u00eb t\u00eb mosh\u00ebs 10 deri 16 vje\u00e7are. Kampi do t\u00eb mbahet n\u00eb klubin e tenisit \u201cBellvue\u201d n\u00eb Uqlin q\u00eb ka 7 terrene t\u00eb tenisit me sip\u00ebrfaqe t\u00eb dheut. Udh\u00ebheq\u00ebsi i kampit \u00ebsht\u00eb Jeton Had\u00ebrgjonaj, trajner i licencuar, nd\u00ebrsa me tenist\u00ebt e rinj do t\u00eb punojn\u00eb edhe trajner\u00ebt, Burim \u00c7itaku, Arsim Haxhishabani dhe Granit Bajraliu.<\/p>\n<p><strong>BOTA SOT<br \/>\n\n\t\t<style type=\"text\/css\">\n\t\t\t#gallery-1 {\n\t\t\t\tmargin: auto;\n\t\t\t}\n\t\t\t#gallery-1 .gallery-item {\n\t\t\t\tfloat: left;\n\t\t\t\tmargin-top: 10px;\n\t\t\t\ttext-align: center;\n\t\t\t\twidth: 33%;\n\t\t\t}\n\t\t\t#gallery-1 img {\n\t\t\t\tborder: 2px solid #cfcfcf;\n\t\t\t}\n\t\t\t#gallery-1 .gallery-caption {\n\t\t\t\tmargin-left: 0;\n\t\t\t}\n\t\t\t\/* see gallery_shortcode() in wp-includes\/media.php *\/\n\t\t<\/style>\n\t\t<div id='gallery-1' class='gallery galleryid-36111 gallery-columns-3 gallery-size-thumbnail'><dl class='gallery-item'>\n\t\t\t<dt class='gallery-icon landscape'>\n\t\t\t\t<a href='https:\/\/www.visit-ulcinj.com\/blog\/wp-content\/uploads\/2010\/08\/Kampi-i-tenisit-n\u00eb-Ulqin-2010_4.jpg'><img width=\"150\" height=\"150\" src=\"https:\/\/www.visit-ulcinj.com\/blog\/wp-content\/uploads\/2010\/08\/Kampi-i-tenisit-n\u00eb-Ulqin-2010_4-150x150.jpg\" class=\"attachment-thumbnail size-thumbnail\" alt=\"\" loading=\"lazy\" \/><\/a>\n\t\t\t<\/dt><\/dl><dl class='gallery-item'>\n\t\t\t<dt class='gallery-icon portrait'>\n\t\t\t\t<a href='https:\/\/www.visit-ulcinj.com\/blog\/wp-content\/uploads\/2010\/08\/Kampi-i-tenisit-n\u00eb-Ulqin-2010.jpg'><img width=\"150\" height=\"150\" src=\"https:\/\/www.visit-ulcinj.com\/blog\/wp-content\/uploads\/2010\/08\/Kampi-i-tenisit-n\u00eb-Ulqin-2010-150x150.jpg\" class=\"attachment-thumbnail size-thumbnail\" alt=\"\" loading=\"lazy\" \/><\/a>\n\t\t\t<\/dt><\/dl><dl class='gallery-item'>\n\t\t\t<dt class='gallery-icon landscape'>\n\t\t\t\t<a href='https:\/\/www.visit-ulcinj.com\/blog\/wp-content\/uploads\/2010\/08\/Kampi-i-tenisit-n\u00eb-Ulqin-2010_1.jpg'><img width=\"150\" height=\"150\" src=\"https:\/\/www.visit-ulcinj.com\/blog\/wp-content\/uploads\/2010\/08\/Kampi-i-tenisit-n\u00eb-Ulqin-2010_1-150x150.jpg\" class=\"attachment-thumbnail size-thumbnail\" alt=\"\" loading=\"lazy\" \/><\/a>\n\t\t\t<\/dt><\/dl><br style=\"clear: both\" \/><dl class='gallery-item'>\n\t\t\t<dt class='gallery-icon landscape'>\n\t\t\t\t<a href='https:\/\/www.visit-ulcinj.com\/blog\/wp-content\/uploads\/2010\/08\/Kampi-i-tenisit-n\u00eb-Ulqin-2010_2.jpg'><img width=\"150\" height=\"150\" src=\"https:\/\/www.visit-ulcinj.com\/blog\/wp-content\/uploads\/2010\/08\/Kampi-i-tenisit-n\u00eb-Ulqin-2010_2-150x150.jpg\" class=\"attachment-thumbnail size-thumbnail\" alt=\"\" loading=\"lazy\" \/><\/a>\n\t\t\t<\/dt><\/dl><dl class='gallery-item'>\n\t\t\t<dt class='gallery-icon landscape'>\n\t\t\t\t<a href='https:\/\/www.visit-ulcinj.com\/blog\/wp-content\/uploads\/2010\/08\/Kampi-i-tenisit-n\u00eb-Ulqin-2010_3.jpg'><img width=\"150\" height=\"150\" src=\"https:\/\/www.visit-ulcinj.com\/blog\/wp-content\/uploads\/2010\/08\/Kampi-i-tenisit-n\u00eb-Ulqin-2010_3-150x150.jpg\" class=\"attachment-thumbnail size-thumbnail\" alt=\"\" loading=\"lazy\" \/><\/a>\n\t\t\t<\/dt><\/dl><dl class='gallery-item'>\n\t\t\t<dt class='gallery-icon landscape'>\n\t\t\t\t<a href='https:\/\/www.visit-ulcinj.com\/blog\/wp-content\/uploads\/2010\/08\/Kampi-i-tenisit-n\u00eb-Ulqin-2010_5.jpg'><img width=\"150\" height=\"150\" src=\"https:\/\/www.visit-ulcinj.com\/blog\/wp-content\/uploads\/2010\/08\/Kampi-i-tenisit-n\u00eb-Ulqin-2010_5-150x150.jpg\" class=\"attachment-thumbnail size-thumbnail\" alt=\"\" loading=\"lazy\" \/><\/a>\n\t\t\t<\/dt><\/dl><br style=\"clear: both\" \/>\n\t\t<\/div>\n<br \/>\n<\/strong>[flv width=&#8221;490&#8243;   height=&#8221;400&#8243;]http:\/\/video.zoover.nl\/media\/play\/2010\/01\/20100125130811_025.flv[\/flv]<\/p>\n","protected":false},"excerpt":{"rendered":"<p>Federata e tenisit t\u00eb Kosov\u00ebs (FTK) do t\u00eb organizoj\u00eb kamp t\u00eb tenisit p\u00ebr grupmoshat e reja n\u00eb Ulqin. Kampi do t\u00eb mbahet nga 21 deri m\u00eb 27 gusht, n\u00eb t\u00eb cilin do t\u00eb marrin pjes\u00eb 20 tenist nga gjith\u00eb Kosov\u00eb t\u00eb mosh\u00ebs 10 deri 16 vje\u00e7are. Kampi do t\u00eb mbahet n\u00eb klubin e tenisit \u201cBellvue\u201d [&hellip;]<\/p>\n","protected":false},"author":1,"featured_media":0,"comment_status":"open","ping_status":"closed","sticky":false,"template":"","format":"standard","meta":{"spay_email":"","jetpack_publicize_message":"","jetpack_is_tweetstorm":false,"jetpack_publicize_feature_enabled":true},"categories":[3],"tags":[15029,15028,15026,15030,15027,9996,15031,200,18],"jetpack_publicize_connections":[],"yoast_head":"<!-- This site is optimized with the Yoast SEO plugin v19.1 - https:\/\/yoast.com\/wordpress\/plugins\/seo\/ -->\n<title>Kampi i tenisit n\u00eb Ulqin 21 deri m\u00eb 27 gusht - Lajme nga Ulqini<\/title>\n<meta name=\"description\" content=\"Federata e tenisit t\u00eb Kosov\u00ebs (FTK) do t\u00eb organizoj\u00eb kamp t\u00eb tenisit p\u00ebr grupmoshat e reja n\u00eb Ulqin. Kampi do t\u00eb mbahet nga 21 deri m\u00eb 27 gusht, n\u00eb t\u00eb\" \/>\n<meta name=\"robots\" content=\"index, follow, max-snippet:-1, max-image-preview:large, max-video-preview:-1\" \/>\n<link rel=\"canonical\" href=\"https:\/\/www.visit-ulcinj.com\/blog\/2010\/08\/17\/kampi-i-tenisit-ne-ulqin-21-deri-me-27-gusht\/\" \/>\n<meta property=\"og:locale\" content=\"en_US\" \/>\n<meta property=\"og:type\" content=\"article\" \/>\n<meta property=\"og:title\" content=\"Kampi i tenisit n\u00eb Ulqin 21 deri m\u00eb 27 gusht - Lajme nga Ulqini\" \/>\n<meta property=\"og:description\" content=\"Federata e tenisit t\u00eb Kosov\u00ebs (FTK) do t\u00eb organizoj\u00eb kamp t\u00eb tenisit p\u00ebr grupmoshat e reja n\u00eb Ulqin. Kampi do t\u00eb mbahet nga 21 deri m\u00eb 27 gusht, n\u00eb t\u00eb\" \/>\n<meta property=\"og:url\" content=\"https:\/\/www.visit-ulcinj.com\/blog\/2010\/08\/17\/kampi-i-tenisit-ne-ulqin-21-deri-me-27-gusht\/\" \/>\n<meta property=\"og:site_name\" content=\"Lajme nga Ulqini\" \/>\n<meta property=\"article:published_time\" content=\"2010-08-17T16:50:25+00:00\" \/>\n<meta property=\"og:image\" content=\"https:\/\/www.visit-ulcinj.com\/blog\/wp-content\/uploads\/2010\/08\/Kampi-i-tenisit-n\u00eb-Ulqin-2010_4-150x150.jpg\" \/>\n<meta name=\"twitter:label1\" content=\"Written by\" \/>\n\t<meta name=\"twitter:data1\" content=\"ulqini\" \/>\n\t<meta name=\"twitter:label2\" content=\"Est. reading time\" \/>\n\t<meta name=\"twitter:data2\" content=\"1 minute\" \/>\n<script type=\"application\/ld+json\" class=\"yoast-schema-graph\">{\"@context\":\"https:\/\/schema.org\",\"@graph\":[{\"@type\":\"WebSite\",\"@id\":\"https:\/\/www.visit-ulcinj.com\/blog\/#website\",\"url\":\"https:\/\/www.visit-ulcinj.com\/blog\/\",\"name\":\"Lajme nga Ulqini\",\"description\":\"Lajme,Vijesti,Ulqini,Ulqin,Crna Gora,Mali i Zi\",\"potentialAction\":[{\"@type\":\"SearchAction\",\"target\":{\"@type\":\"EntryPoint\",\"urlTemplate\":\"https:\/\/www.visit-ulcinj.com\/blog\/?s={search_term_string}\"},\"query-input\":\"required name=search_term_string\"}],\"inLanguage\":\"en-US\"},{\"@type\":\"WebPage\",\"@id\":\"https:\/\/www.visit-ulcinj.com\/blog\/2010\/08\/17\/kampi-i-tenisit-ne-ulqin-21-deri-me-27-gusht\/#webpage\",\"url\":\"https:\/\/www.visit-ulcinj.com\/blog\/2010\/08\/17\/kampi-i-tenisit-ne-ulqin-21-deri-me-27-gusht\/\",\"name\":\"Kampi i tenisit n\u00eb Ulqin 21 deri m\u00eb 27 gusht - Lajme nga Ulqini\",\"isPartOf\":{\"@id\":\"https:\/\/www.visit-ulcinj.com\/blog\/#website\"},\"datePublished\":\"2010-08-17T16:50:25+00:00\",\"dateModified\":\"2010-08-17T16:50:25+00:00\",\"author\":{\"@id\":\"https:\/\/www.visit-ulcinj.com\/blog\/#\/schema\/person\/dcab619c614d3038751c63bc2aadc06d\"},\"description\":\"Federata e tenisit t\u00eb Kosov\u00ebs (FTK) do t\u00eb organizoj\u00eb kamp t\u00eb tenisit p\u00ebr grupmoshat e reja n\u00eb Ulqin. Kampi do t\u00eb mbahet nga 21 deri m\u00eb 27 gusht, n\u00eb t\u00eb\",\"breadcrumb\":{\"@id\":\"https:\/\/www.visit-ulcinj.com\/blog\/2010\/08\/17\/kampi-i-tenisit-ne-ulqin-21-deri-me-27-gusht\/#breadcrumb\"},\"inLanguage\":\"en-US\",\"potentialAction\":[{\"@type\":\"ReadAction\",\"target\":[\"https:\/\/www.visit-ulcinj.com\/blog\/2010\/08\/17\/kampi-i-tenisit-ne-ulqin-21-deri-me-27-gusht\/\"]}]},{\"@type\":\"BreadcrumbList\",\"@id\":\"https:\/\/www.visit-ulcinj.com\/blog\/2010\/08\/17\/kampi-i-tenisit-ne-ulqin-21-deri-me-27-gusht\/#breadcrumb\",\"itemListElement\":[{\"@type\":\"ListItem\",\"position\":1,\"name\":\"Kampi i tenisit n\u00eb Ulqin 21 deri m\u00eb 27 gusht\"}]},{\"@type\":\"Person\",\"@id\":\"https:\/\/www.visit-ulcinj.com\/blog\/#\/schema\/person\/dcab619c614d3038751c63bc2aadc06d\",\"name\":\"ulqini\",\"sameAs\":[\"http:\/\/www.visit-ulcinj.com\"],\"url\":\"https:\/\/www.visit-ulcinj.com\/blog\/author\/admin\/\"}]}<\/script>\n<!-- \/ Yoast SEO plugin. -->","yoast_head_json":{"title":"Kampi i tenisit n\u00eb Ulqin 21 deri m\u00eb 27 gusht - Lajme nga Ulqini","description":"Federata e tenisit t\u00eb Kosov\u00ebs (FTK) do t\u00eb organizoj\u00eb kamp t\u00eb tenisit p\u00ebr grupmoshat e reja n\u00eb Ulqin. Kampi do t\u00eb mbahet nga 21 deri m\u00eb 27 gusht, n\u00eb t\u00eb","robots":{"index":"index","follow":"follow","max-snippet":"max-snippet:-1","max-image-preview":"max-image-preview:large","max-video-preview":"max-video-preview:-1"},"canonical":"https:\/\/www.visit-ulcinj.com\/blog\/2010\/08\/17\/kampi-i-tenisit-ne-ulqin-21-deri-me-27-gusht\/","og_locale":"en_US","og_type":"article","og_title":"Kampi i tenisit n\u00eb Ulqin 21 deri m\u00eb 27 gusht - Lajme nga Ulqini","og_description":"Federata e tenisit t\u00eb Kosov\u00ebs (FTK) do t\u00eb organizoj\u00eb kamp t\u00eb tenisit p\u00ebr grupmoshat e reja n\u00eb Ulqin. Kampi do t\u00eb mbahet nga 21 deri m\u00eb 27 gusht, n\u00eb t\u00eb","og_url":"https:\/\/www.visit-ulcinj.com\/blog\/2010\/08\/17\/kampi-i-tenisit-ne-ulqin-21-deri-me-27-gusht\/","og_site_name":"Lajme nga Ulqini","article_published_time":"2010-08-17T16:50:25+00:00","og_image":[{"url":"https:\/\/www.visit-ulcinj.com\/blog\/wp-content\/uploads\/2010\/08\/Kampi-i-tenisit-n\u00eb-Ulqin-2010_4-150x150.jpg"}],"twitter_misc":{"Written by":"ulqini","Est. reading time":"1 minute"},"schema":{"@context":"https:\/\/schema.org","@graph":[{"@type":"WebSite","@id":"https:\/\/www.visit-ulcinj.com\/blog\/#website","url":"https:\/\/www.visit-ulcinj.com\/blog\/","name":"Lajme nga Ulqini","description":"Lajme,Vijesti,Ulqini,Ulqin,Crna Gora,Mali i Zi","potentialAction":[{"@type":"SearchAction","target":{"@type":"EntryPoint","urlTemplate":"https:\/\/www.visit-ulcinj.com\/blog\/?s={search_term_string}"},"query-input":"required name=search_term_string"}],"inLanguage":"en-US"},{"@type":"WebPage","@id":"https:\/\/www.visit-ulcinj.com\/blog\/2010\/08\/17\/kampi-i-tenisit-ne-ulqin-21-deri-me-27-gusht\/#webpage","url":"https:\/\/www.visit-ulcinj.com\/blog\/2010\/08\/17\/kampi-i-tenisit-ne-ulqin-21-deri-me-27-gusht\/","name":"Kampi i tenisit n\u00eb Ulqin 21 deri m\u00eb 27 gusht - Lajme nga Ulqini","isPartOf":{"@id":"https:\/\/www.visit-ulcinj.com\/blog\/#website"},"datePublished":"2010-08-17T16:50:25+00:00","dateModified":"2010-08-17T16:50:25+00:00","author":{"@id":"https:\/\/www.visit-ulcinj.com\/blog\/#\/schema\/person\/dcab619c614d3038751c63bc2aadc06d"},"description":"Federata e tenisit t\u00eb Kosov\u00ebs (FTK) do t\u00eb organizoj\u00eb kamp t\u00eb tenisit p\u00ebr grupmoshat e reja n\u00eb Ulqin. Kampi do t\u00eb mbahet nga 21 deri m\u00eb 27 gusht, n\u00eb t\u00eb","breadcrumb":{"@id":"https:\/\/www.visit-ulcinj.com\/blog\/2010\/08\/17\/kampi-i-tenisit-ne-ulqin-21-deri-me-27-gusht\/#breadcrumb"},"inLanguage":"en-US","potentialAction":[{"@type":"ReadAction","target":["https:\/\/www.visit-ulcinj.com\/blog\/2010\/08\/17\/kampi-i-tenisit-ne-ulqin-21-deri-me-27-gusht\/"]}]},{"@type":"BreadcrumbList","@id":"https:\/\/www.visit-ulcinj.com\/blog\/2010\/08\/17\/kampi-i-tenisit-ne-ulqin-21-deri-me-27-gusht\/#breadcrumb","itemListElement":[{"@type":"ListItem","position":1,"name":"Kampi i tenisit n\u00eb Ulqin 21 deri m\u00eb 27 gusht"}]},{"@type":"Person","@id":"https:\/\/www.visit-ulcinj.com\/blog\/#\/schema\/person\/dcab619c614d3038751c63bc2aadc06d","name":"ulqini","sameAs":["http:\/\/www.visit-ulcinj.com"],"url":"https:\/\/www.visit-ulcinj.com\/blog\/author\/admin\/"}]}},"jetpack_featured_media_url":"","jetpack_sharing_enabled":true,"jetpack_shortlink":"https:\/\/wp.me\/pe6lTn-9or","_links":{"self":[{"href":"https:\/\/www.visit-ulcinj.com\/blog\/wp-json\/wp\/v2\/posts\/36111"}],"collection":[{"href":"https:\/\/www.visit-ulcinj.com\/blog\/wp-json\/wp\/v2\/posts"}],"about":[{"href":"https:\/\/www.visit-ulcinj.com\/blog\/wp-json\/wp\/v2\/types\/post"}],"author":[{"embeddable":true,"href":"https:\/\/www.visit-ulcinj.com\/blog\/wp-json\/wp\/v2\/users\/1"}],"replies":[{"embeddable":true,"href":"https:\/\/www.visit-ulcinj.com\/blog\/wp-json\/wp\/v2\/comments?post=36111"}],"version-history":[{"count":0,"href":"https:\/\/www.visit-ulcinj.com\/blog\/wp-json\/wp\/v2\/posts\/36111\/revisions"}],"wp:attachment":[{"href":"https:\/\/www.visit-ulcinj.com\/blog\/wp-json\/wp\/v2\/media?parent=36111"}],"wp:term":[{"taxonomy":"category","embeddable":true,"href":"https:\/\/www.visit-ulcinj.com\/blog\/wp-json\/wp\/v2\/categories?post=36111"},{"taxonomy":"post_tag","embeddable":true,"href":"https:\/\/www.visit-ulcinj.com\/blog\/wp-json\/wp\/v2\/tags?post=36111"}],"curies":[{"name":"wp","href":"https:\/\/api.w.org\/{rel}","templated":true}]}}