{"id":36120,"date":"2010-08-17T18:58:22","date_gmt":"2010-08-17T16:58:22","guid":{"rendered":"http:\/\/www.visit-ulcinj.com\/blog\/?p=36120"},"modified":"2010-08-17T19:43:18","modified_gmt":"2010-08-17T17:43:18","slug":"dps-sad-hoce-sam","status":"publish","type":"post","link":"https:\/\/www.visit-ulcinj.com\/blog\/2010\/08\/17\/dps-sad-hoce-sam\/","title":{"rendered":"DPS sad ho\u0107e sam"},"content":{"rendered":"<p><strong><a href=\"http:\/\/www.visit-ulcinj.com\/blog\/wp-content\/uploads\/2010\/08\/ZGJEDHJET_IZBORI_ULCINJ_ULQIN-2010.31.jpg\"><img loading=\"lazy\" class=\"alignleft size-medium wp-image-36107\" title=\"ZGJEDHJET_IZBORI_ULCINJ_ULQIN-2010.3\" src=\"http:\/\/www.visit-ulcinj.com\/blog\/wp-content\/uploads\/2010\/08\/ZGJEDHJET_IZBORI_ULCINJ_ULQIN-2010.31-265x300.jpg\" alt=\"\" width=\"330\" height=\"382\" \/><\/a>Za 17. oktobar raspisani novi izbori u Ulcinju<br \/>\n<\/strong>Ulcinj &#8211; Predsjednik Filip Vujanovi\u0107 raspisao je za 17. oktobar vanredne izbore u Ulcinju, jer ni nakon tri mjeseca od pro\u0161log glasanja nijedna lista nije uspjela da formira parlamentarnu ve\u0107inu.<br \/>\nNa izborima 23. maja koalicija DUA-DPS osvojila je 14 mandata, Forca 11, SDP, PDP i Ujedinjena opozicija po 2, a DS-DJA i Perspektiva po jedan mandat. Dugo su trajali pregovori koalicije DUA-DPS i PDP sa jedne, i SDP-a, s druge strane, o formiranju ve\u0107ine, ali je funkcija predsjednika Skup\u0161tine op\u0161tine bila nerje\u0161iva enigma. Mjesto \u0161efa lokalnog parlamenta tra\u017eio je DPS, shodno predizbornom sporazumu sa DUA, ali su u SDP-u cijenili da takvi dogovori ne obavezuju postizborne saveze i da ta funkcija njima pripada.<br \/>\nOdluka \u0161efa dr\u017eave nije iznenadila glavne aktere ulcinjske politi\u010dke pozornice, koji vjeruju u isti ili bolji izborni rezultat nego 23. maja. \u0160ef ulcinjskog DPS-a Ljui\u0111 \u0160krelja kazao je da je to logi\u010dan potez predsjednika Vujanovi\u0107a.<br \/>\n\u201cZbog neuspjeha u formiranju parlamentarne ve\u0107ine i nefunkcionisanja Skup\u0161tine op\u0161tine u du\u017eem periodu jedino logi\u010dno rje\u0161enje bilo je raspisivanje vanrednih izbora. Ta\u010dno je da imamo koaliciju sa DUA i SDP na svim nivoima, ali je isto tako ta\u010dno da i te kako vodimo ra\u010duna o dr\u017eavnim interesima\u201d, kazao je \u0160krelja za \u201eVijesti\u201d.<br \/>\nOn nije precizno odgovorio da li \u0107e DPS i\u0107i sam na izbore, kako je to \u201eVijestima\u201d nedavno saop\u0161tio visoki funkcioner njegove partije. \u201cRano je o tome govoriti\u201d, kazao je \u0160krelja.<br \/>\nVisoki funkcioner DUA Gzim Hajdinaga ipak je izrazio uvjerenje da \u0107e njegova partija ponovo napraviti predizborni savez sa DPS-om.<br \/>\n\u201cDo sada je koalicija funkcionisala kako treba i bila u funkciji gra\u0111ana. Ne vidim razloga da prekinemo saradnju\u201d, kazao je Hajdinaga, koji o\u010dekuje da \u0107e koalicija DUA-DPS na oktobarskim izborima osvojiti vi\u0161e mandata nego u maju.<br \/>\n\u0160ef ulcinjskog SDP-a Selim Reslubegovi\u0107 izrazio je \u017ealjenje \u0161to nije uspostavljena parlamentarna ve\u0107ina u pregovorima u kojima je njegova partija sa dva mandata bila tas na vagi.<br \/>\n\u201cNa\u017ealost, nijesmo uspjeli da se dogovorimo. U svakom slu\u010daju, u oktobru ne o\u010dekujem lo\u0161iji izborni rezutlat nego u maju\u201d, kazao je Resulbegovi\u0107.<br \/>\nLider Force Nazif Cungu ocijenio je da je izbore trebalo raspisati mnogo ranije: \u201cGra\u0111ani su 23. maja jasno rekli \\&#8217;ne\\&#8217; ovoj izvr\u0161noj vlasti. Ovo je \u010disti gubitak vremena i nastavak sunovrata Ulcinja, \u0161to potvr\u0111uje i neadekvatno pripremljena i neorganizovana sezona. Mi \u0107emo imati vi\u0161e mandata nego 23. maja. To pokazuju sva istra\u017eivanja\u201d.<br \/>\nI izbori u Golubovcima bi\u0107e ponovljeni 27. oktobra.<\/p>\n<p><a href=\"http:\/\/www.vijesti.me\/\" target=\"_blank\"><strong>Vijesti<\/strong><\/a><\/p>\n","protected":false},"excerpt":{"rendered":"<p>Za 17. oktobar raspisani novi izbori u Ulcinju Ulcinj &#8211; Predsjednik Filip Vujanovi\u0107 raspisao je za 17. oktobar vanredne izbore u Ulcinju, jer ni nakon tri mjeseca od pro\u0161log glasanja nijedna lista nije uspjela da formira parlamentarnu ve\u0107inu. Na izborima 23. maja koalicija DUA-DPS osvojila je 14 mandata, Forca 11, SDP, PDP i Ujedinjena opozicija [&hellip;]<\/p>\n","protected":false},"author":1,"featured_media":0,"comment_status":"open","ping_status":"closed","sticky":false,"template":"","format":"standard","meta":{"spay_email":"","jetpack_publicize_message":"","jetpack_is_tweetstorm":false,"jetpack_publicize_feature_enabled":true},"categories":[8337],"tags":[15032,15014],"jetpack_publicize_connections":[],"yoast_head":"<!-- This site is optimized with the Yoast SEO plugin v19.1 - https:\/\/yoast.com\/wordpress\/plugins\/seo\/ -->\n<title>DPS sad ho\u0107e sam - Lajme nga Ulqini<\/title>\n<meta name=\"description\" content=\"Za 17. oktobar raspisani novi izbori u Ulcinju Ulcinj - Predsjednik Filip Vujanovi\u0107 raspisao je za 17. oktobar vanredne izbore u Ulcinju, jer ni nakon tri\" \/>\n<meta name=\"robots\" content=\"index, follow, max-snippet:-1, max-image-preview:large, max-video-preview:-1\" \/>\n<link rel=\"canonical\" href=\"https:\/\/www.visit-ulcinj.com\/blog\/2010\/08\/17\/dps-sad-hoce-sam\/\" \/>\n<meta property=\"og:locale\" content=\"en_US\" \/>\n<meta property=\"og:type\" content=\"article\" \/>\n<meta property=\"og:title\" content=\"DPS sad ho\u0107e sam - Lajme nga Ulqini\" \/>\n<meta property=\"og:description\" content=\"Za 17. oktobar raspisani novi izbori u Ulcinju Ulcinj - Predsjednik Filip Vujanovi\u0107 raspisao je za 17. oktobar vanredne izbore u Ulcinju, jer ni nakon tri\" \/>\n<meta property=\"og:url\" content=\"https:\/\/www.visit-ulcinj.com\/blog\/2010\/08\/17\/dps-sad-hoce-sam\/\" \/>\n<meta property=\"og:site_name\" content=\"Lajme nga Ulqini\" \/>\n<meta property=\"article:published_time\" content=\"2010-08-17T16:58:22+00:00\" \/>\n<meta property=\"article:modified_time\" content=\"2010-08-17T17:43:18+00:00\" \/>\n<meta property=\"og:image\" content=\"http:\/\/www.visit-ulcinj.com\/blog\/wp-content\/uploads\/2010\/08\/ZGJEDHJET_IZBORI_ULCINJ_ULQIN-2010.31-265x300.jpg\" \/>\n<meta name=\"twitter:label1\" content=\"Written by\" \/>\n\t<meta name=\"twitter:data1\" content=\"ulqini\" \/>\n\t<meta name=\"twitter:label2\" content=\"Est. reading time\" \/>\n\t<meta name=\"twitter:data2\" content=\"2 minutes\" \/>\n<script type=\"application\/ld+json\" class=\"yoast-schema-graph\">{\"@context\":\"https:\/\/schema.org\",\"@graph\":[{\"@type\":\"WebSite\",\"@id\":\"https:\/\/www.visit-ulcinj.com\/blog\/#website\",\"url\":\"https:\/\/www.visit-ulcinj.com\/blog\/\",\"name\":\"Lajme nga Ulqini\",\"description\":\"Lajme,Vijesti,Ulqini,Ulqin,Crna Gora,Mali i Zi\",\"potentialAction\":[{\"@type\":\"SearchAction\",\"target\":{\"@type\":\"EntryPoint\",\"urlTemplate\":\"https:\/\/www.visit-ulcinj.com\/blog\/?s={search_term_string}\"},\"query-input\":\"required name=search_term_string\"}],\"inLanguage\":\"en-US\"},{\"@type\":\"ImageObject\",\"inLanguage\":\"en-US\",\"@id\":\"https:\/\/www.visit-ulcinj.com\/blog\/2010\/08\/17\/dps-sad-hoce-sam\/#primaryimage\",\"url\":\"https:\/\/www.visit-ulcinj.com\/blog\/wp-content\/uploads\/2010\/08\/ZGJEDHJET_IZBORI_ULCINJ_ULQIN-2010.31.jpg\",\"contentUrl\":\"https:\/\/www.visit-ulcinj.com\/blog\/wp-content\/uploads\/2010\/08\/ZGJEDHJET_IZBORI_ULCINJ_ULQIN-2010.31.jpg\",\"width\":\"945\",\"height\":\"1067\"},{\"@type\":\"WebPage\",\"@id\":\"https:\/\/www.visit-ulcinj.com\/blog\/2010\/08\/17\/dps-sad-hoce-sam\/#webpage\",\"url\":\"https:\/\/www.visit-ulcinj.com\/blog\/2010\/08\/17\/dps-sad-hoce-sam\/\",\"name\":\"DPS sad ho\u0107e sam - Lajme nga Ulqini\",\"isPartOf\":{\"@id\":\"https:\/\/www.visit-ulcinj.com\/blog\/#website\"},\"primaryImageOfPage\":{\"@id\":\"https:\/\/www.visit-ulcinj.com\/blog\/2010\/08\/17\/dps-sad-hoce-sam\/#primaryimage\"},\"datePublished\":\"2010-08-17T16:58:22+00:00\",\"dateModified\":\"2010-08-17T17:43:18+00:00\",\"author\":{\"@id\":\"https:\/\/www.visit-ulcinj.com\/blog\/#\/schema\/person\/dcab619c614d3038751c63bc2aadc06d\"},\"description\":\"Za 17. oktobar raspisani novi izbori u Ulcinju Ulcinj - Predsjednik Filip Vujanovi\u0107 raspisao je za 17. oktobar vanredne izbore u Ulcinju, jer ni nakon tri\",\"breadcrumb\":{\"@id\":\"https:\/\/www.visit-ulcinj.com\/blog\/2010\/08\/17\/dps-sad-hoce-sam\/#breadcrumb\"},\"inLanguage\":\"en-US\",\"potentialAction\":[{\"@type\":\"ReadAction\",\"target\":[\"https:\/\/www.visit-ulcinj.com\/blog\/2010\/08\/17\/dps-sad-hoce-sam\/\"]}]},{\"@type\":\"BreadcrumbList\",\"@id\":\"https:\/\/www.visit-ulcinj.com\/blog\/2010\/08\/17\/dps-sad-hoce-sam\/#breadcrumb\",\"itemListElement\":[{\"@type\":\"ListItem\",\"position\":1,\"name\":\"DPS sad ho\u0107e sam\"}]},{\"@type\":\"Person\",\"@id\":\"https:\/\/www.visit-ulcinj.com\/blog\/#\/schema\/person\/dcab619c614d3038751c63bc2aadc06d\",\"name\":\"ulqini\",\"sameAs\":[\"http:\/\/www.visit-ulcinj.com\"],\"url\":\"https:\/\/www.visit-ulcinj.com\/blog\/author\/admin\/\"}]}<\/script>\n<!-- \/ Yoast SEO plugin. -->","yoast_head_json":{"title":"DPS sad ho\u0107e sam - Lajme nga Ulqini","description":"Za 17. oktobar raspisani novi izbori u Ulcinju Ulcinj - Predsjednik Filip Vujanovi\u0107 raspisao je za 17. oktobar vanredne izbore u Ulcinju, jer ni nakon tri","robots":{"index":"index","follow":"follow","max-snippet":"max-snippet:-1","max-image-preview":"max-image-preview:large","max-video-preview":"max-video-preview:-1"},"canonical":"https:\/\/www.visit-ulcinj.com\/blog\/2010\/08\/17\/dps-sad-hoce-sam\/","og_locale":"en_US","og_type":"article","og_title":"DPS sad ho\u0107e sam - Lajme nga Ulqini","og_description":"Za 17. oktobar raspisani novi izbori u Ulcinju Ulcinj - Predsjednik Filip Vujanovi\u0107 raspisao je za 17. oktobar vanredne izbore u Ulcinju, jer ni nakon tri","og_url":"https:\/\/www.visit-ulcinj.com\/blog\/2010\/08\/17\/dps-sad-hoce-sam\/","og_site_name":"Lajme nga Ulqini","article_published_time":"2010-08-17T16:58:22+00:00","article_modified_time":"2010-08-17T17:43:18+00:00","og_image":[{"url":"http:\/\/www.visit-ulcinj.com\/blog\/wp-content\/uploads\/2010\/08\/ZGJEDHJET_IZBORI_ULCINJ_ULQIN-2010.31-265x300.jpg"}],"twitter_misc":{"Written by":"ulqini","Est. reading time":"2 minutes"},"schema":{"@context":"https:\/\/schema.org","@graph":[{"@type":"WebSite","@id":"https:\/\/www.visit-ulcinj.com\/blog\/#website","url":"https:\/\/www.visit-ulcinj.com\/blog\/","name":"Lajme nga Ulqini","description":"Lajme,Vijesti,Ulqini,Ulqin,Crna Gora,Mali i Zi","potentialAction":[{"@type":"SearchAction","target":{"@type":"EntryPoint","urlTemplate":"https:\/\/www.visit-ulcinj.com\/blog\/?s={search_term_string}"},"query-input":"required name=search_term_string"}],"inLanguage":"en-US"},{"@type":"ImageObject","inLanguage":"en-US","@id":"https:\/\/www.visit-ulcinj.com\/blog\/2010\/08\/17\/dps-sad-hoce-sam\/#primaryimage","url":"https:\/\/www.visit-ulcinj.com\/blog\/wp-content\/uploads\/2010\/08\/ZGJEDHJET_IZBORI_ULCINJ_ULQIN-2010.31.jpg","contentUrl":"https:\/\/www.visit-ulcinj.com\/blog\/wp-content\/uploads\/2010\/08\/ZGJEDHJET_IZBORI_ULCINJ_ULQIN-2010.31.jpg","width":"945","height":"1067"},{"@type":"WebPage","@id":"https:\/\/www.visit-ulcinj.com\/blog\/2010\/08\/17\/dps-sad-hoce-sam\/#webpage","url":"https:\/\/www.visit-ulcinj.com\/blog\/2010\/08\/17\/dps-sad-hoce-sam\/","name":"DPS sad ho\u0107e sam - Lajme nga Ulqini","isPartOf":{"@id":"https:\/\/www.visit-ulcinj.com\/blog\/#website"},"primaryImageOfPage":{"@id":"https:\/\/www.visit-ulcinj.com\/blog\/2010\/08\/17\/dps-sad-hoce-sam\/#primaryimage"},"datePublished":"2010-08-17T16:58:22+00:00","dateModified":"2010-08-17T17:43:18+00:00","author":{"@id":"https:\/\/www.visit-ulcinj.com\/blog\/#\/schema\/person\/dcab619c614d3038751c63bc2aadc06d"},"description":"Za 17. oktobar raspisani novi izbori u Ulcinju Ulcinj - Predsjednik Filip Vujanovi\u0107 raspisao je za 17. oktobar vanredne izbore u Ulcinju, jer ni nakon tri","breadcrumb":{"@id":"https:\/\/www.visit-ulcinj.com\/blog\/2010\/08\/17\/dps-sad-hoce-sam\/#breadcrumb"},"inLanguage":"en-US","potentialAction":[{"@type":"ReadAction","target":["https:\/\/www.visit-ulcinj.com\/blog\/2010\/08\/17\/dps-sad-hoce-sam\/"]}]},{"@type":"BreadcrumbList","@id":"https:\/\/www.visit-ulcinj.com\/blog\/2010\/08\/17\/dps-sad-hoce-sam\/#breadcrumb","itemListElement":[{"@type":"ListItem","position":1,"name":"DPS sad ho\u0107e sam"}]},{"@type":"Person","@id":"https:\/\/www.visit-ulcinj.com\/blog\/#\/schema\/person\/dcab619c614d3038751c63bc2aadc06d","name":"ulqini","sameAs":["http:\/\/www.visit-ulcinj.com"],"url":"https:\/\/www.visit-ulcinj.com\/blog\/author\/admin\/"}]}},"jetpack_featured_media_url":"","jetpack_sharing_enabled":true,"jetpack_shortlink":"https:\/\/wp.me\/pe6lTn-9oA","_links":{"self":[{"href":"https:\/\/www.visit-ulcinj.com\/blog\/wp-json\/wp\/v2\/posts\/36120"}],"collection":[{"href":"https:\/\/www.visit-ulcinj.com\/blog\/wp-json\/wp\/v2\/posts"}],"about":[{"href":"https:\/\/www.visit-ulcinj.com\/blog\/wp-json\/wp\/v2\/types\/post"}],"author":[{"embeddable":true,"href":"https:\/\/www.visit-ulcinj.com\/blog\/wp-json\/wp\/v2\/users\/1"}],"replies":[{"embeddable":true,"href":"https:\/\/www.visit-ulcinj.com\/blog\/wp-json\/wp\/v2\/comments?post=36120"}],"version-history":[{"count":0,"href":"https:\/\/www.visit-ulcinj.com\/blog\/wp-json\/wp\/v2\/posts\/36120\/revisions"}],"wp:attachment":[{"href":"https:\/\/www.visit-ulcinj.com\/blog\/wp-json\/wp\/v2\/media?parent=36120"}],"wp:term":[{"taxonomy":"category","embeddable":true,"href":"https:\/\/www.visit-ulcinj.com\/blog\/wp-json\/wp\/v2\/categories?post=36120"},{"taxonomy":"post_tag","embeddable":true,"href":"https:\/\/www.visit-ulcinj.com\/blog\/wp-json\/wp\/v2\/tags?post=36120"}],"curies":[{"name":"wp","href":"https:\/\/api.w.org\/{rel}","templated":true}]}}