{"id":36127,"date":"2010-08-18T08:56:15","date_gmt":"2010-08-18T06:56:15","guid":{"rendered":"http:\/\/www.visit-ulcinj.com\/blog\/?p=36127"},"modified":"2010-08-21T10:44:15","modified_gmt":"2010-08-21T08:44:15","slug":"forca-konference-per-shtyp","status":"publish","type":"post","link":"https:\/\/www.visit-ulcinj.com\/blog\/2010\/08\/18\/forca-konference-per-shtyp\/","title":{"rendered":"Forca: Konferenc\u00eb p\u00ebr shtyp"},"content":{"rendered":"<p><strong><a href=\"http:\/\/www.visit-ulcinj.com\/blog\/wp-content\/uploads\/2009\/05\/nazif-cungu.jpg\"><img loading=\"lazy\" class=\"alignleft size-full wp-image-20455\" title=\"nazif-cungu\" src=\"http:\/\/www.visit-ulcinj.com\/blog\/wp-content\/uploads\/2009\/05\/nazif-cungu.jpg\" alt=\"\" width=\"490\" height=\"350\" \/><\/a>KONFERENC\u00cb P\u00cbR MEDIA<\/strong><\/p>\n<p style=\"text-align: right;\"><strong>Ulqin 17.08.2010<\/strong><\/p>\n<p style=\"text-align: right;\"><strong>Nr.127\/10<\/strong><\/p>\n<p><strong>T\u00eb nderuar qytetar\u00eb,<\/strong><br \/>\nForca edhe m\u00eb heret ka konstatuar se rruga m\u00eb e mire p\u00ebr zgjidhjen e situates politike n\u00eb Ulqin \u00ebsht\u00eb kthimi i mandatit votues\u00ebve, prandaj e p\u00ebrsh\u00ebndesim vendimin e fundit p\u00ebr shpalljen e zgjedhjeve t\u00eb parakohshme n\u00eb Komun\u00ebn e Ulqinit.<\/p>\n<p>Sikurse jemi t\u00eb gjith\u00eb d\u00ebshmitar, qeverisja n\u00eb Komun\u00eb ka ardhur vet\u00ebm duke u keq\u00ebsuar dhe duke e zhytur buxhetin e komun\u00ebs n\u00eb miliona euro borxhe, sh\u00ebrbimet publike kan\u00eb arritur nj\u00eb nivel\u00a0 kritik,\u00a0 kuvendi komunal nuk ka funksionuar aspak gjat\u00eb gjith\u00eb k\u00ebtij viti duke b\u00ebr\u00eb q\u00eb komuna t\u00eb drejtohet pa transparenc\u00eb e llogari. Vendimi p\u00ebr p\u00ebrs\u00ebritjen e zgjedhjeve komunale d\u00ebshmon qart\u00eb rezultatin e zgjedhjeve t\u00eb majit duke d\u00ebshmuar se qytetar\u00ebt e Ulqinit qart kan\u00eb votuar kund\u00ebr qeverisjes ekzistuese. Zgjedhjet e kaluara treguan se ishin nj\u00eb vot\u00eb mosbesimi ndaj pushtetit t\u00eb deritanish\u00ebm kurse tash ne besojm\u00eb se zgjedhjet e ardhshme do t\u00eb jen\u00eb vendimtare p\u00ebr nj\u00eb pushtet\u00a0 t\u00eb ri i cili do ta ndal\u00eb k\u00ebt\u00eb gjendje kaotike n\u00eb Komun\u00ebn ton\u00eb.<\/p>\n<p>Forca e Re Demokratike \u00ebsht\u00eb e sigurt\u00eb se qytetar\u00ebt e Komun\u00ebs s\u00eb Ulqinit besojn\u00eb n\u00eb m\u00ebnyr\u00eb masive tek programi, kuadrot dhe vizioni i FORC\u00ebS dhe b\u00ebn thirrje p\u00ebr organizimin e nj\u00eb fushate dinjitoze t\u00eb mb\u00ebshtetur n\u00eb ballafaqimin e alternativave dhe programeve dhe jo n\u00eb shantazhime dhe investime elektorale sikurse ka ndodhur deri sot.<\/p>\n<p>Ne e dim\u00eb q\u00eb FORCA e ka fitoren t\u00eb sigurt\u00eb n\u00ebse fushata dhe procesi zgjedhor shkojn\u00eb n\u00eb m\u00ebnyr\u00eb rigoroze mir\u00ebpo n\u00eb zgjedhjen e kaluar jan\u00eb v\u00ebrejtur shum\u00eb parregull\u00ebsi dhe veprimtari t\u00eb dyshimta.<\/p>\n<p>Ne kemi par\u00eb hapjen e vendeve fiktive t\u00eb pun\u00ebs vet\u00ebm p\u00ebr t\u00eb t\u00ebrhequr vota, investime sip\u00ebrfaq\u00ebsore elektorale,nd\u00ebrtimin e copave t\u00eb rrug\u00ebve 4-5 dit\u00eb para votimeve, shp\u00ebrndarjen e \u00e7imentos, hekrit, zhurit, vendosjen e shtyllave p\u00ebr ndri\u00e7im\u00eb publik\u00eb, shantazhime me heqje nga puna e t\u00eb tjera aktivitete q\u00eb kan\u00eb synuar blerjen e votave. Edhe ato investime t\u00eb cilat jan\u00eb b\u00ebr\u00eb para votimeve akoma jan\u00eb t\u00eb pa paguara, pra jan\u00eb borxhe q\u00eb ne duhet t\u00eb i paguajm.<\/p>\n<p>Rezultati disfatist q\u00eb ky pushtet ka p\u00ebsuar n\u00eb maj e ka b\u00ebr\u00eb t\u00eb qart\u00eb q\u00eb ata e kan\u00eb humbur besimin n\u00eb popull dhe n\u00eb kushtet e d\u00ebshp\u00ebrimit mund t&#8217;i \u00e7oj\u00eb q\u00eb t\u00eb shtojn\u00eb p\u00ebrpjekjet p\u00ebr t\u00eb manipuluar fushat\u00ebn dhe procesin zgjedhor.<\/p>\n<p>Prandaj,FORCA i b\u00ebn\u00eb thirrje komunitetit nd\u00ebrkomb\u00ebtar t\u00eb pranish\u00ebm n\u00eb Malin e Zi, shoq\u00ebris\u00eb civile malazeze dhe mediave\u00a0 q\u00eb t\u00eb v\u00ebzhgojn\u00eb me kujdes t\u00eb madh k\u00ebto zgjedhje. Ne gjithashtu i b\u00ebjm\u00eb thirrje edhe qytetar\u00ebve t\u00eb Ulqinit q\u00eb t\u00eb tregohen vigjilent, ta mbrojn\u00eb vot\u00ebn e tyre dhe mos t\u00eb tolerojn\u00eb asnj\u00eb shkelje nga pushtetar\u00ebt.<\/p>\n<p>Qytetar t\u00eb nderuar, ju jeni ato q\u00eb me 23 maj keni vendosur p\u00ebr ndryshime dhe \u00a0tash \u00ebsht\u00eb ofruar \u00a0nj\u00eb shans i ri p\u00ebr t&#8217;i th\u00ebn\u00eb edhe nj\u00ebher\u00eb qartas k\u00ebtij pushteti t\u00eb paaft\u00eb \u2013 boll, \u00a0dhe me 17 tetor le t\u00eb b\u00ebhemi bashk\u00eb t\u00eb gjith\u00eb q\u00eb t\u00eb garantojm\u00eb zgjedhje sa m\u00eb cil\u00ebsore dhe t\u00eb ndershme duke i siguruar f\u00ebmij\u00ebve tan\u00eb nj\u00eb t\u00eb ardhme m\u00eb t\u00eb ndritur.<\/p>\n<p><strong>Kryetari<\/strong><\/p>\n<p><strong>Nazif Cungu<br \/>\n<a href=\"http:\/\/www.forca.me\/program_2010\/FORCA_Programi_Zgjedhore_2010-2014.pdf\" target=\"_blank\"><img loading=\"lazy\" class=\"alignleft size-full wp-image-36212\" title=\"Programi zgjedhor i Forces_ulqin\" src=\"http:\/\/www.visit-ulcinj.com\/blog\/wp-content\/uploads\/2010\/08\/Programi-zgjedhor-i-Forces_ulqin.jpg\" alt=\"\" width=\"490\" height=\"340\" \/><\/a><\/strong><\/p>\n","protected":false},"excerpt":{"rendered":"<p>KONFERENC\u00cb P\u00cbR MEDIA Ulqin 17.08.2010 Nr.127\/10 T\u00eb nderuar qytetar\u00eb, Forca edhe m\u00eb heret ka konstatuar se rruga m\u00eb e mire p\u00ebr zgjidhjen e situates politike n\u00eb Ulqin \u00ebsht\u00eb kthimi i mandatit votues\u00ebve, prandaj e p\u00ebrsh\u00ebndesim vendimin e fundit p\u00ebr shpalljen e zgjedhjeve t\u00eb parakohshme n\u00eb Komun\u00ebn e Ulqinit. Sikurse jemi t\u00eb gjith\u00eb d\u00ebshmitar, qeverisja n\u00eb [&hellip;]<\/p>\n","protected":false},"author":1,"featured_media":0,"comment_status":"open","ping_status":"closed","sticky":false,"template":"","format":"standard","meta":{"spay_email":"","jetpack_publicize_message":"","jetpack_is_tweetstorm":false,"jetpack_publicize_feature_enabled":true},"categories":[6],"tags":[117,672,118,200,18],"jetpack_publicize_connections":[],"yoast_head":"<!-- This site is optimized with the Yoast SEO plugin v19.1 - https:\/\/yoast.com\/wordpress\/plugins\/seo\/ -->\n<title>Forca: Konferenc\u00eb p\u00ebr shtyp - Lajme nga Ulqini<\/title>\n<meta name=\"description\" content=\"KONFERENC\u00cb P\u00cbR MEDIA Ulqin 17.08.2010 Nr.127\/10 T\u00eb nderuar qytetar\u00eb, Forca edhe m\u00eb heret ka konstatuar se rruga m\u00eb e mire p\u00ebr zgjidhjen e situates\" \/>\n<meta name=\"robots\" content=\"index, follow, max-snippet:-1, max-image-preview:large, max-video-preview:-1\" \/>\n<link rel=\"canonical\" href=\"https:\/\/www.visit-ulcinj.com\/blog\/2010\/08\/18\/forca-konference-per-shtyp\/\" \/>\n<meta property=\"og:locale\" content=\"en_US\" \/>\n<meta property=\"og:type\" content=\"article\" \/>\n<meta property=\"og:title\" content=\"Forca: Konferenc\u00eb p\u00ebr shtyp - Lajme nga Ulqini\" \/>\n<meta property=\"og:description\" content=\"KONFERENC\u00cb P\u00cbR MEDIA Ulqin 17.08.2010 Nr.127\/10 T\u00eb nderuar qytetar\u00eb, Forca edhe m\u00eb heret ka konstatuar se rruga m\u00eb e mire p\u00ebr zgjidhjen e situates\" \/>\n<meta property=\"og:url\" content=\"https:\/\/www.visit-ulcinj.com\/blog\/2010\/08\/18\/forca-konference-per-shtyp\/\" \/>\n<meta property=\"og:site_name\" content=\"Lajme nga Ulqini\" \/>\n<meta property=\"article:published_time\" content=\"2010-08-18T06:56:15+00:00\" \/>\n<meta property=\"article:modified_time\" content=\"2010-08-21T08:44:15+00:00\" \/>\n<meta property=\"og:image\" content=\"http:\/\/www.visit-ulcinj.com\/blog\/wp-content\/uploads\/2009\/05\/nazif-cungu.jpg\" \/>\n<meta name=\"twitter:label1\" content=\"Written by\" \/>\n\t<meta name=\"twitter:data1\" content=\"ulqini\" \/>\n\t<meta name=\"twitter:label2\" content=\"Est. reading time\" \/>\n\t<meta name=\"twitter:data2\" content=\"3 minutes\" \/>\n<script type=\"application\/ld+json\" class=\"yoast-schema-graph\">{\"@context\":\"https:\/\/schema.org\",\"@graph\":[{\"@type\":\"WebSite\",\"@id\":\"https:\/\/www.visit-ulcinj.com\/blog\/#website\",\"url\":\"https:\/\/www.visit-ulcinj.com\/blog\/\",\"name\":\"Lajme nga Ulqini\",\"description\":\"Lajme,Vijesti,Ulqini,Ulqin,Crna Gora,Mali i Zi\",\"potentialAction\":[{\"@type\":\"SearchAction\",\"target\":{\"@type\":\"EntryPoint\",\"urlTemplate\":\"https:\/\/www.visit-ulcinj.com\/blog\/?s={search_term_string}\"},\"query-input\":\"required name=search_term_string\"}],\"inLanguage\":\"en-US\"},{\"@type\":\"ImageObject\",\"inLanguage\":\"en-US\",\"@id\":\"https:\/\/www.visit-ulcinj.com\/blog\/2010\/08\/18\/forca-konference-per-shtyp\/#primaryimage\",\"url\":\"https:\/\/www.visit-ulcinj.com\/blog\/wp-content\/uploads\/2009\/05\/nazif-cungu.jpg\",\"contentUrl\":\"https:\/\/www.visit-ulcinj.com\/blog\/wp-content\/uploads\/2009\/05\/nazif-cungu.jpg\",\"width\":\"320\",\"height\":\"240\"},{\"@type\":\"WebPage\",\"@id\":\"https:\/\/www.visit-ulcinj.com\/blog\/2010\/08\/18\/forca-konference-per-shtyp\/#webpage\",\"url\":\"https:\/\/www.visit-ulcinj.com\/blog\/2010\/08\/18\/forca-konference-per-shtyp\/\",\"name\":\"Forca: Konferenc\u00eb p\u00ebr shtyp - Lajme nga Ulqini\",\"isPartOf\":{\"@id\":\"https:\/\/www.visit-ulcinj.com\/blog\/#website\"},\"primaryImageOfPage\":{\"@id\":\"https:\/\/www.visit-ulcinj.com\/blog\/2010\/08\/18\/forca-konference-per-shtyp\/#primaryimage\"},\"datePublished\":\"2010-08-18T06:56:15+00:00\",\"dateModified\":\"2010-08-21T08:44:15+00:00\",\"author\":{\"@id\":\"https:\/\/www.visit-ulcinj.com\/blog\/#\/schema\/person\/dcab619c614d3038751c63bc2aadc06d\"},\"description\":\"KONFERENC\u00cb P\u00cbR MEDIA Ulqin 17.08.2010 Nr.127\/10 T\u00eb nderuar qytetar\u00eb, Forca edhe m\u00eb heret ka konstatuar se rruga m\u00eb e mire p\u00ebr zgjidhjen e situates\",\"breadcrumb\":{\"@id\":\"https:\/\/www.visit-ulcinj.com\/blog\/2010\/08\/18\/forca-konference-per-shtyp\/#breadcrumb\"},\"inLanguage\":\"en-US\",\"potentialAction\":[{\"@type\":\"ReadAction\",\"target\":[\"https:\/\/www.visit-ulcinj.com\/blog\/2010\/08\/18\/forca-konference-per-shtyp\/\"]}]},{\"@type\":\"BreadcrumbList\",\"@id\":\"https:\/\/www.visit-ulcinj.com\/blog\/2010\/08\/18\/forca-konference-per-shtyp\/#breadcrumb\",\"itemListElement\":[{\"@type\":\"ListItem\",\"position\":1,\"name\":\"Forca: Konferenc\u00eb p\u00ebr shtyp\"}]},{\"@type\":\"Person\",\"@id\":\"https:\/\/www.visit-ulcinj.com\/blog\/#\/schema\/person\/dcab619c614d3038751c63bc2aadc06d\",\"name\":\"ulqini\",\"sameAs\":[\"http:\/\/www.visit-ulcinj.com\"],\"url\":\"https:\/\/www.visit-ulcinj.com\/blog\/author\/admin\/\"}]}<\/script>\n<!-- \/ Yoast SEO plugin. -->","yoast_head_json":{"title":"Forca: Konferenc\u00eb p\u00ebr shtyp - Lajme nga Ulqini","description":"KONFERENC\u00cb P\u00cbR MEDIA Ulqin 17.08.2010 Nr.127\/10 T\u00eb nderuar qytetar\u00eb, Forca edhe m\u00eb heret ka konstatuar se rruga m\u00eb e mire p\u00ebr zgjidhjen e situates","robots":{"index":"index","follow":"follow","max-snippet":"max-snippet:-1","max-image-preview":"max-image-preview:large","max-video-preview":"max-video-preview:-1"},"canonical":"https:\/\/www.visit-ulcinj.com\/blog\/2010\/08\/18\/forca-konference-per-shtyp\/","og_locale":"en_US","og_type":"article","og_title":"Forca: Konferenc\u00eb p\u00ebr shtyp - Lajme nga Ulqini","og_description":"KONFERENC\u00cb P\u00cbR MEDIA Ulqin 17.08.2010 Nr.127\/10 T\u00eb nderuar qytetar\u00eb, Forca edhe m\u00eb heret ka konstatuar se rruga m\u00eb e mire p\u00ebr zgjidhjen e situates","og_url":"https:\/\/www.visit-ulcinj.com\/blog\/2010\/08\/18\/forca-konference-per-shtyp\/","og_site_name":"Lajme nga Ulqini","article_published_time":"2010-08-18T06:56:15+00:00","article_modified_time":"2010-08-21T08:44:15+00:00","og_image":[{"url":"http:\/\/www.visit-ulcinj.com\/blog\/wp-content\/uploads\/2009\/05\/nazif-cungu.jpg"}],"twitter_misc":{"Written by":"ulqini","Est. reading time":"3 minutes"},"schema":{"@context":"https:\/\/schema.org","@graph":[{"@type":"WebSite","@id":"https:\/\/www.visit-ulcinj.com\/blog\/#website","url":"https:\/\/www.visit-ulcinj.com\/blog\/","name":"Lajme nga Ulqini","description":"Lajme,Vijesti,Ulqini,Ulqin,Crna Gora,Mali i Zi","potentialAction":[{"@type":"SearchAction","target":{"@type":"EntryPoint","urlTemplate":"https:\/\/www.visit-ulcinj.com\/blog\/?s={search_term_string}"},"query-input":"required name=search_term_string"}],"inLanguage":"en-US"},{"@type":"ImageObject","inLanguage":"en-US","@id":"https:\/\/www.visit-ulcinj.com\/blog\/2010\/08\/18\/forca-konference-per-shtyp\/#primaryimage","url":"https:\/\/www.visit-ulcinj.com\/blog\/wp-content\/uploads\/2009\/05\/nazif-cungu.jpg","contentUrl":"https:\/\/www.visit-ulcinj.com\/blog\/wp-content\/uploads\/2009\/05\/nazif-cungu.jpg","width":"320","height":"240"},{"@type":"WebPage","@id":"https:\/\/www.visit-ulcinj.com\/blog\/2010\/08\/18\/forca-konference-per-shtyp\/#webpage","url":"https:\/\/www.visit-ulcinj.com\/blog\/2010\/08\/18\/forca-konference-per-shtyp\/","name":"Forca: Konferenc\u00eb p\u00ebr shtyp - Lajme nga Ulqini","isPartOf":{"@id":"https:\/\/www.visit-ulcinj.com\/blog\/#website"},"primaryImageOfPage":{"@id":"https:\/\/www.visit-ulcinj.com\/blog\/2010\/08\/18\/forca-konference-per-shtyp\/#primaryimage"},"datePublished":"2010-08-18T06:56:15+00:00","dateModified":"2010-08-21T08:44:15+00:00","author":{"@id":"https:\/\/www.visit-ulcinj.com\/blog\/#\/schema\/person\/dcab619c614d3038751c63bc2aadc06d"},"description":"KONFERENC\u00cb P\u00cbR MEDIA Ulqin 17.08.2010 Nr.127\/10 T\u00eb nderuar qytetar\u00eb, Forca edhe m\u00eb heret ka konstatuar se rruga m\u00eb e mire p\u00ebr zgjidhjen e situates","breadcrumb":{"@id":"https:\/\/www.visit-ulcinj.com\/blog\/2010\/08\/18\/forca-konference-per-shtyp\/#breadcrumb"},"inLanguage":"en-US","potentialAction":[{"@type":"ReadAction","target":["https:\/\/www.visit-ulcinj.com\/blog\/2010\/08\/18\/forca-konference-per-shtyp\/"]}]},{"@type":"BreadcrumbList","@id":"https:\/\/www.visit-ulcinj.com\/blog\/2010\/08\/18\/forca-konference-per-shtyp\/#breadcrumb","itemListElement":[{"@type":"ListItem","position":1,"name":"Forca: Konferenc\u00eb p\u00ebr shtyp"}]},{"@type":"Person","@id":"https:\/\/www.visit-ulcinj.com\/blog\/#\/schema\/person\/dcab619c614d3038751c63bc2aadc06d","name":"ulqini","sameAs":["http:\/\/www.visit-ulcinj.com"],"url":"https:\/\/www.visit-ulcinj.com\/blog\/author\/admin\/"}]}},"jetpack_featured_media_url":"","jetpack_sharing_enabled":true,"jetpack_shortlink":"https:\/\/wp.me\/pe6lTn-9oH","_links":{"self":[{"href":"https:\/\/www.visit-ulcinj.com\/blog\/wp-json\/wp\/v2\/posts\/36127"}],"collection":[{"href":"https:\/\/www.visit-ulcinj.com\/blog\/wp-json\/wp\/v2\/posts"}],"about":[{"href":"https:\/\/www.visit-ulcinj.com\/blog\/wp-json\/wp\/v2\/types\/post"}],"author":[{"embeddable":true,"href":"https:\/\/www.visit-ulcinj.com\/blog\/wp-json\/wp\/v2\/users\/1"}],"replies":[{"embeddable":true,"href":"https:\/\/www.visit-ulcinj.com\/blog\/wp-json\/wp\/v2\/comments?post=36127"}],"version-history":[{"count":0,"href":"https:\/\/www.visit-ulcinj.com\/blog\/wp-json\/wp\/v2\/posts\/36127\/revisions"}],"wp:attachment":[{"href":"https:\/\/www.visit-ulcinj.com\/blog\/wp-json\/wp\/v2\/media?parent=36127"}],"wp:term":[{"taxonomy":"category","embeddable":true,"href":"https:\/\/www.visit-ulcinj.com\/blog\/wp-json\/wp\/v2\/categories?post=36127"},{"taxonomy":"post_tag","embeddable":true,"href":"https:\/\/www.visit-ulcinj.com\/blog\/wp-json\/wp\/v2\/tags?post=36127"}],"curies":[{"name":"wp","href":"https:\/\/api.w.org\/{rel}","templated":true}]}}