{"id":36136,"date":"2010-08-18T18:57:18","date_gmt":"2010-08-18T16:57:18","guid":{"rendered":"http:\/\/www.visit-ulcinj.com\/blog\/?p=36136"},"modified":"2010-08-18T18:57:18","modified_gmt":"2010-08-18T16:57:18","slug":"posta-u-stoju-zatvorena-usred-turisticke-sezone","status":"publish","type":"post","link":"https:\/\/www.visit-ulcinj.com\/blog\/2010\/08\/18\/posta-u-stoju-zatvorena-usred-turisticke-sezone\/","title":{"rendered":"Po\u0161ta u \u0160toju zatvorena usred turisti\u010dke sezone"},"content":{"rendered":"<p><strong><a href=\"http:\/\/www.visit-ulcinj.com\/blog\/wp-content\/uploads\/2010\/08\/crna-gora-posta_ulcinj.jpg\"><img loading=\"lazy\" class=\"alignleft size-full wp-image-36138\" title=\"crna gora posta_ulcinj\" src=\"http:\/\/www.visit-ulcinj.com\/blog\/wp-content\/uploads\/2010\/08\/crna-gora-posta_ulcinj.jpg\" alt=\"\" width=\"490\" height=\"200\" \/><\/a>Protest mje\u0161tana i turista u ulcinjskom naselju<\/strong><br \/>\nUlcinj &#8211; Mje\u0161tani i turisti \u0160toja protestuju \u0161to je nakon 30 godina neprekidnog rada, po\u0161ta u tom mjestu zatvorena ove sezone i \u0161to, da bi izmirili svoje obaveze prema dr\u017eavi, distribuciji, mobilnoj i fiksnoj telefoniji i kablovskim TV, moraju i\u0107i u grad i \u010dekati u kilometarskim gu\u017evama i do dva sata u jednom pravcu.<br \/>\nU \u0160toju, sa oko 300 doma\u0107instava i preko \u010detiri hiljade vikendica u kojima boravi vi\u0161e od 30 hiljada turista, ima oko 1.400 telefonskih pretplatnika, 5.000 priklju\u010daka na elektromre\u017eu, oko 500 korisnika mobilne telefonije i oko 150 onih koji koriste usluge kablovske televizije.<br \/>\n\u201cStoga se s pravom pitamo kome je bilo u interesu da li\u0161i gra\u0111ane i turiste po\u0161tanskih usluga u \u0160toju. Zar Po\u0161ta nije, izme\u0111u ostalog, i servis turizma\u201d, pitaju se gra\u0111ani i brojni turisti.<br \/>\nRazlog za\u0161to su se tek sada oglasili pisanim dopisom, kako ka\u017eu mje\u0161tani i turisti, izme\u0111u ostalog je i taj \u0161to nijesu vjerovali da \u0107e odluka o \u201cneotvararnju po\u0161te\u201d, imati du\u017ei rok trajanja.<br \/>\n\u201cTako\u0111e, na zboru gra\u0111ana prije ljeta, \u010delnici lokalne uprave, odbornici i poslanici iz Ulcinja, uvjeravali su nas da \u0107e preduzeti sve da se to pitanje rije\u0161i u sklopu priprema za sezonu. Istovremeno, htjeli smo i djelimi\u010dno da uva\u017eimo sugestiju ministra turizma Predraga Nenezi\u0107a da se u toku trajanja sezone izbjegne izno\u0161enje negativnih pojava i propusta\u201d, naveli su mje\u0161tani i turisti u dopisu. Oni su pozvali \u010delnike Po\u0161te i lokalne samouprave da prisustvuju vanrednom zboru gra\u0111ana \u0160toja, obrazlo\u017ee odluku o zatvaranju po\u0161te i ka\u017eu koji su uslovi za njeno ponovno otvaranje.<\/p>\n<p><strong>S.A.<\/strong><\/p>\n<p><strong><a href=\"http:\/\/www.vijesti.me\/\" target=\"_blank\">Vijesti<\/a><\/strong><\/p>\n","protected":false},"excerpt":{"rendered":"<p>Protest mje\u0161tana i turista u ulcinjskom naselju Ulcinj &#8211; Mje\u0161tani i turisti \u0160toja protestuju \u0161to je nakon 30 godina neprekidnog rada, po\u0161ta u tom mjestu zatvorena ove sezone i \u0161to, da bi izmirili svoje obaveze prema dr\u017eavi, distribuciji, mobilnoj i fiksnoj telefoniji i kablovskim TV, moraju i\u0107i u grad i \u010dekati u kilometarskim gu\u017evama i [&hellip;]<\/p>\n","protected":false},"author":1,"featured_media":0,"comment_status":"open","ping_status":"closed","sticky":false,"template":"","format":"standard","meta":{"spay_email":"","jetpack_publicize_message":"","jetpack_is_tweetstorm":false,"jetpack_publicize_feature_enabled":true},"categories":[6950],"tags":[20,15038,15037,19],"jetpack_publicize_connections":[],"yoast_head":"<!-- This site is optimized with the Yoast SEO plugin v19.1 - https:\/\/yoast.com\/wordpress\/plugins\/seo\/ -->\n<title>Po\u0161ta u \u0160toju zatvorena usred turisti\u010dke sezone - Lajme nga Ulqini<\/title>\n<meta name=\"description\" content=\"Protest mje\u0161tana i turista u ulcinjskom naselju Ulcinj - Mje\u0161tani i turisti \u0160toja protestuju \u0161to je nakon 30 godina neprekidnog rada, po\u0161ta u tom mjestu\" \/>\n<meta name=\"robots\" content=\"index, follow, max-snippet:-1, max-image-preview:large, max-video-preview:-1\" \/>\n<link rel=\"canonical\" href=\"https:\/\/www.visit-ulcinj.com\/blog\/2010\/08\/18\/posta-u-stoju-zatvorena-usred-turisticke-sezone\/\" \/>\n<meta property=\"og:locale\" content=\"en_US\" \/>\n<meta property=\"og:type\" content=\"article\" \/>\n<meta property=\"og:title\" content=\"Po\u0161ta u \u0160toju zatvorena usred turisti\u010dke sezone - Lajme nga Ulqini\" \/>\n<meta property=\"og:description\" content=\"Protest mje\u0161tana i turista u ulcinjskom naselju Ulcinj - Mje\u0161tani i turisti \u0160toja protestuju \u0161to je nakon 30 godina neprekidnog rada, po\u0161ta u tom mjestu\" \/>\n<meta property=\"og:url\" content=\"https:\/\/www.visit-ulcinj.com\/blog\/2010\/08\/18\/posta-u-stoju-zatvorena-usred-turisticke-sezone\/\" \/>\n<meta property=\"og:site_name\" content=\"Lajme nga Ulqini\" \/>\n<meta property=\"article:published_time\" content=\"2010-08-18T16:57:18+00:00\" \/>\n<meta property=\"og:image\" content=\"http:\/\/www.visit-ulcinj.com\/blog\/wp-content\/uploads\/2010\/08\/crna-gora-posta_ulcinj.jpg\" \/>\n<meta name=\"twitter:label1\" content=\"Written by\" \/>\n\t<meta name=\"twitter:data1\" content=\"ulqini\" \/>\n\t<meta name=\"twitter:label2\" content=\"Est. reading time\" \/>\n\t<meta name=\"twitter:data2\" content=\"1 minute\" \/>\n<script type=\"application\/ld+json\" class=\"yoast-schema-graph\">{\"@context\":\"https:\/\/schema.org\",\"@graph\":[{\"@type\":\"WebSite\",\"@id\":\"https:\/\/www.visit-ulcinj.com\/blog\/#website\",\"url\":\"https:\/\/www.visit-ulcinj.com\/blog\/\",\"name\":\"Lajme nga Ulqini\",\"description\":\"Lajme,Vijesti,Ulqini,Ulqin,Crna Gora,Mali i Zi\",\"potentialAction\":[{\"@type\":\"SearchAction\",\"target\":{\"@type\":\"EntryPoint\",\"urlTemplate\":\"https:\/\/www.visit-ulcinj.com\/blog\/?s={search_term_string}\"},\"query-input\":\"required name=search_term_string\"}],\"inLanguage\":\"en-US\"},{\"@type\":\"ImageObject\",\"inLanguage\":\"en-US\",\"@id\":\"https:\/\/www.visit-ulcinj.com\/blog\/2010\/08\/18\/posta-u-stoju-zatvorena-usred-turisticke-sezone\/#primaryimage\",\"url\":\"http:\/\/www.visit-ulcinj.com\/blog\/wp-content\/uploads\/2010\/08\/crna-gora-posta_ulcinj.jpg\",\"contentUrl\":\"http:\/\/www.visit-ulcinj.com\/blog\/wp-content\/uploads\/2010\/08\/crna-gora-posta_ulcinj.jpg\"},{\"@type\":\"WebPage\",\"@id\":\"https:\/\/www.visit-ulcinj.com\/blog\/2010\/08\/18\/posta-u-stoju-zatvorena-usred-turisticke-sezone\/#webpage\",\"url\":\"https:\/\/www.visit-ulcinj.com\/blog\/2010\/08\/18\/posta-u-stoju-zatvorena-usred-turisticke-sezone\/\",\"name\":\"Po\u0161ta u \u0160toju zatvorena usred turisti\u010dke sezone - Lajme nga Ulqini\",\"isPartOf\":{\"@id\":\"https:\/\/www.visit-ulcinj.com\/blog\/#website\"},\"primaryImageOfPage\":{\"@id\":\"https:\/\/www.visit-ulcinj.com\/blog\/2010\/08\/18\/posta-u-stoju-zatvorena-usred-turisticke-sezone\/#primaryimage\"},\"datePublished\":\"2010-08-18T16:57:18+00:00\",\"dateModified\":\"2010-08-18T16:57:18+00:00\",\"author\":{\"@id\":\"https:\/\/www.visit-ulcinj.com\/blog\/#\/schema\/person\/dcab619c614d3038751c63bc2aadc06d\"},\"description\":\"Protest mje\u0161tana i turista u ulcinjskom naselju Ulcinj - Mje\u0161tani i turisti \u0160toja protestuju \u0161to je nakon 30 godina neprekidnog rada, po\u0161ta u tom mjestu\",\"breadcrumb\":{\"@id\":\"https:\/\/www.visit-ulcinj.com\/blog\/2010\/08\/18\/posta-u-stoju-zatvorena-usred-turisticke-sezone\/#breadcrumb\"},\"inLanguage\":\"en-US\",\"potentialAction\":[{\"@type\":\"ReadAction\",\"target\":[\"https:\/\/www.visit-ulcinj.com\/blog\/2010\/08\/18\/posta-u-stoju-zatvorena-usred-turisticke-sezone\/\"]}]},{\"@type\":\"BreadcrumbList\",\"@id\":\"https:\/\/www.visit-ulcinj.com\/blog\/2010\/08\/18\/posta-u-stoju-zatvorena-usred-turisticke-sezone\/#breadcrumb\",\"itemListElement\":[{\"@type\":\"ListItem\",\"position\":1,\"name\":\"Po\u0161ta u \u0160toju zatvorena usred turisti\u010dke sezone\"}]},{\"@type\":\"Person\",\"@id\":\"https:\/\/www.visit-ulcinj.com\/blog\/#\/schema\/person\/dcab619c614d3038751c63bc2aadc06d\",\"name\":\"ulqini\",\"sameAs\":[\"http:\/\/www.visit-ulcinj.com\"],\"url\":\"https:\/\/www.visit-ulcinj.com\/blog\/author\/admin\/\"}]}<\/script>\n<!-- \/ Yoast SEO plugin. -->","yoast_head_json":{"title":"Po\u0161ta u \u0160toju zatvorena usred turisti\u010dke sezone - Lajme nga Ulqini","description":"Protest mje\u0161tana i turista u ulcinjskom naselju Ulcinj - Mje\u0161tani i turisti \u0160toja protestuju \u0161to je nakon 30 godina neprekidnog rada, po\u0161ta u tom mjestu","robots":{"index":"index","follow":"follow","max-snippet":"max-snippet:-1","max-image-preview":"max-image-preview:large","max-video-preview":"max-video-preview:-1"},"canonical":"https:\/\/www.visit-ulcinj.com\/blog\/2010\/08\/18\/posta-u-stoju-zatvorena-usred-turisticke-sezone\/","og_locale":"en_US","og_type":"article","og_title":"Po\u0161ta u \u0160toju zatvorena usred turisti\u010dke sezone - Lajme nga Ulqini","og_description":"Protest mje\u0161tana i turista u ulcinjskom naselju Ulcinj - Mje\u0161tani i turisti \u0160toja protestuju \u0161to je nakon 30 godina neprekidnog rada, po\u0161ta u tom mjestu","og_url":"https:\/\/www.visit-ulcinj.com\/blog\/2010\/08\/18\/posta-u-stoju-zatvorena-usred-turisticke-sezone\/","og_site_name":"Lajme nga Ulqini","article_published_time":"2010-08-18T16:57:18+00:00","og_image":[{"url":"http:\/\/www.visit-ulcinj.com\/blog\/wp-content\/uploads\/2010\/08\/crna-gora-posta_ulcinj.jpg"}],"twitter_misc":{"Written by":"ulqini","Est. reading time":"1 minute"},"schema":{"@context":"https:\/\/schema.org","@graph":[{"@type":"WebSite","@id":"https:\/\/www.visit-ulcinj.com\/blog\/#website","url":"https:\/\/www.visit-ulcinj.com\/blog\/","name":"Lajme nga Ulqini","description":"Lajme,Vijesti,Ulqini,Ulqin,Crna Gora,Mali i Zi","potentialAction":[{"@type":"SearchAction","target":{"@type":"EntryPoint","urlTemplate":"https:\/\/www.visit-ulcinj.com\/blog\/?s={search_term_string}"},"query-input":"required name=search_term_string"}],"inLanguage":"en-US"},{"@type":"ImageObject","inLanguage":"en-US","@id":"https:\/\/www.visit-ulcinj.com\/blog\/2010\/08\/18\/posta-u-stoju-zatvorena-usred-turisticke-sezone\/#primaryimage","url":"http:\/\/www.visit-ulcinj.com\/blog\/wp-content\/uploads\/2010\/08\/crna-gora-posta_ulcinj.jpg","contentUrl":"http:\/\/www.visit-ulcinj.com\/blog\/wp-content\/uploads\/2010\/08\/crna-gora-posta_ulcinj.jpg"},{"@type":"WebPage","@id":"https:\/\/www.visit-ulcinj.com\/blog\/2010\/08\/18\/posta-u-stoju-zatvorena-usred-turisticke-sezone\/#webpage","url":"https:\/\/www.visit-ulcinj.com\/blog\/2010\/08\/18\/posta-u-stoju-zatvorena-usred-turisticke-sezone\/","name":"Po\u0161ta u \u0160toju zatvorena usred turisti\u010dke sezone - Lajme nga Ulqini","isPartOf":{"@id":"https:\/\/www.visit-ulcinj.com\/blog\/#website"},"primaryImageOfPage":{"@id":"https:\/\/www.visit-ulcinj.com\/blog\/2010\/08\/18\/posta-u-stoju-zatvorena-usred-turisticke-sezone\/#primaryimage"},"datePublished":"2010-08-18T16:57:18+00:00","dateModified":"2010-08-18T16:57:18+00:00","author":{"@id":"https:\/\/www.visit-ulcinj.com\/blog\/#\/schema\/person\/dcab619c614d3038751c63bc2aadc06d"},"description":"Protest mje\u0161tana i turista u ulcinjskom naselju Ulcinj - Mje\u0161tani i turisti \u0160toja protestuju \u0161to je nakon 30 godina neprekidnog rada, po\u0161ta u tom mjestu","breadcrumb":{"@id":"https:\/\/www.visit-ulcinj.com\/blog\/2010\/08\/18\/posta-u-stoju-zatvorena-usred-turisticke-sezone\/#breadcrumb"},"inLanguage":"en-US","potentialAction":[{"@type":"ReadAction","target":["https:\/\/www.visit-ulcinj.com\/blog\/2010\/08\/18\/posta-u-stoju-zatvorena-usred-turisticke-sezone\/"]}]},{"@type":"BreadcrumbList","@id":"https:\/\/www.visit-ulcinj.com\/blog\/2010\/08\/18\/posta-u-stoju-zatvorena-usred-turisticke-sezone\/#breadcrumb","itemListElement":[{"@type":"ListItem","position":1,"name":"Po\u0161ta u \u0160toju zatvorena usred turisti\u010dke sezone"}]},{"@type":"Person","@id":"https:\/\/www.visit-ulcinj.com\/blog\/#\/schema\/person\/dcab619c614d3038751c63bc2aadc06d","name":"ulqini","sameAs":["http:\/\/www.visit-ulcinj.com"],"url":"https:\/\/www.visit-ulcinj.com\/blog\/author\/admin\/"}]}},"jetpack_featured_media_url":"","jetpack_sharing_enabled":true,"jetpack_shortlink":"https:\/\/wp.me\/pe6lTn-9oQ","_links":{"self":[{"href":"https:\/\/www.visit-ulcinj.com\/blog\/wp-json\/wp\/v2\/posts\/36136"}],"collection":[{"href":"https:\/\/www.visit-ulcinj.com\/blog\/wp-json\/wp\/v2\/posts"}],"about":[{"href":"https:\/\/www.visit-ulcinj.com\/blog\/wp-json\/wp\/v2\/types\/post"}],"author":[{"embeddable":true,"href":"https:\/\/www.visit-ulcinj.com\/blog\/wp-json\/wp\/v2\/users\/1"}],"replies":[{"embeddable":true,"href":"https:\/\/www.visit-ulcinj.com\/blog\/wp-json\/wp\/v2\/comments?post=36136"}],"version-history":[{"count":0,"href":"https:\/\/www.visit-ulcinj.com\/blog\/wp-json\/wp\/v2\/posts\/36136\/revisions"}],"wp:attachment":[{"href":"https:\/\/www.visit-ulcinj.com\/blog\/wp-json\/wp\/v2\/media?parent=36136"}],"wp:term":[{"taxonomy":"category","embeddable":true,"href":"https:\/\/www.visit-ulcinj.com\/blog\/wp-json\/wp\/v2\/categories?post=36136"},{"taxonomy":"post_tag","embeddable":true,"href":"https:\/\/www.visit-ulcinj.com\/blog\/wp-json\/wp\/v2\/tags?post=36136"}],"curies":[{"name":"wp","href":"https:\/\/api.w.org\/{rel}","templated":true}]}}