{"id":36141,"date":"2010-08-18T19:03:27","date_gmt":"2010-08-18T17:03:27","guid":{"rendered":"http:\/\/www.visit-ulcinj.com\/blog\/?p=36141"},"modified":"2010-08-18T19:03:27","modified_gmt":"2010-08-18T17:03:27","slug":"cungu-zove-posmatrace","status":"publish","type":"post","link":"https:\/\/www.visit-ulcinj.com\/blog\/2010\/08\/18\/cungu-zove-posmatrace\/","title":{"rendered":"Cungu zove posmatra\u010de"},"content":{"rendered":"<p><strong><a href=\"http:\/\/www.visit-ulcinj.com\/blog\/wp-content\/uploads\/2009\/09\/nazif-cungu.jpg\"><img loading=\"lazy\" class=\"alignleft size-full wp-image-25950\" title=\"nazif-cungu\" src=\"http:\/\/www.visit-ulcinj.com\/blog\/wp-content\/uploads\/2009\/09\/nazif-cungu.jpg\" alt=\"\" width=\"490\" height=\"390\" \/><\/a>Forca po\u010dela predizbornu kampanju, lider partije o\u010dekuje dostojanstven izborni proces<\/strong><br \/>\nUlcinj \u2013 Lider Force Nazif Cungu izrazio je uvjerenje da \u0107e njegova partija trijumfovati na vandrednim lokalnim izborima zakazanim za 17. oktobar \u201cukoliko kampanja i izborni proces proteknu u regularnom ambijentu\u201d.<br \/>\nOn je na ju\u010dera\u0161njoj konferenciji za novinare kazao da su aktivisti Force na pro\u0161lim izborima 23. maja uo\u010dili brojne neregularnosti i sumnjive aktivnosti.<br \/>\n\u201cZnamo za otvaranje fiktivnih radnih mjesta radi pridobijanja glasa\u010da, povr\u0161ne predizborne investicije, izgradnju puteva \u010detiri-pet dana prije izbora zatim za raspodjelu d\u017eakova cementa, \u017eeljeza, \u0161ljunka i postavljanja stubova javne rasvjete, razne zloupotrebe poput udaljavanja sa posla kao i druge aktivnosti vezane za kupovinu glasova. Investicije koje su vr\u0161ene prije izbora, jo\u0161 su finansijski nepokrivene. To su novi dugovi koje \u0107emo mi morati da vratimo\u201d, kazao je Cungu.<br \/>\nOn je pozvao gra\u0111ane Ulcinja \u201cda zajedno organizujemo dostojanstvenu kampanju u kojoj \u0107emo su\u010deliti alternative i programe bez podmetanja i predizbornih investicija kao \u0161to se de\u0161avalo do sada\u201d.<br \/>\n\u201cPora\u017eavaju\u0107i rezultati koje je ova vlast do\u017eivjela na majskim izborima, jasno pokazuju da su oni izgubili povjerenje naroda i da ih ovaj o\u010daj mo\u017ee navesti da poja\u010daju napore kako bi izmanipulisali tok kampanje i izborni proces. Zato Forca poziva me\u0111unarodne organizacije prisutne u Crnoj Gori, doma\u0107e organizacije civilnog dru\u0161tva i medije, da sa velikom pa\u017enjom prate ove izbore. Tako\u0111e pozivamo i gra\u0111ane Ulcinja da poka\u017eu opreznost u odbrani svog glasa i da ne dozvole pritiske koji mogu do\u0107i s pozicija vlasti\u201d, istakao je Cungu.<br \/>\nOn je konstatovao \u201cda je lokalna vlast u Ulcinju sve gora i da sve vi\u0161e optere\u0107uju bud\u017eet op\u0161tine milionima eura duga, te da su javna preduze\u0107a do\u0161la u kriti\u010dnu poziciju\u201d.<br \/>\n\u201cOdluka o ponavljanju lokalnih izbora jasno je potvrdila volju gra\u0111ana Ulcinja od 23. maja koji su glasali protiv postoje\u0107e vlasti. Vjerujemo da \u0107e predstoje\u0107i izbori pokazati jasnu odlu\u010dnost bira\u010da za konstituisanje nove vlasti koja \u0107e zaustaviti haos u na\u0161oj op\u0161tini. Zato pozivam gra\u0111ane da ovoj nesposobnoj vlasti i u oktobru ka\u017eu \u201cdosta je bilo\u201d, poru\u010dio je Cungu.<\/p>\n<p><strong>SNP za koaliciju<\/strong><br \/>\nSocijalisti\u010dka narodna partija (SNP) trebalo bi na predstoje\u0107im izborima u Ulcinju da nastupi u koaliciji Bolji Ulcinj, Bolja Crna Gora, saop\u0161tio je danas funkcioner te stranke Andrija \u0106etkovi\u0107.<br \/>\n\u201eNe postoji nijedan razlog da i na narednim izborima ne iza\u0111emo u okviru koalicije Bolji Ulcinj, Bolja Crna Gora. Tako da je vrlo izvjesno da \u0107e tako i biti\u201c, kazao je agenciji MINA \u0106etkovi\u0107, koji je na majskim izborima bio nosilac koalicione liste u Ulcinju. On je rekao da u koaliciji o\u010dekuju da \u0107e izborni rezultat na narednim izborima biti bolji, izme\u0111u ostalog i zbog toga \u0161to sve vi\u0161e gra\u0111ana Ulcinja prihvata \u201egra\u0111ansku opciju kao najbolje rje\u0161enje\u201c za razvoj tog grada.<br \/>\n\u0106etkovi\u0107 je naveo da je koalicija Bolji Ulcinj, Bolja Crna Gora dominantno gra\u0111anski profilisana.<br \/>\n\u201eU periodu nakon majskih izbora pokazali smo da nama nijesu va\u017ene funkcije i li\u010dni interes, da su nama uvijek na prvom mjestu interesi gra\u0111ana i grada. Za razliku od nas, neki drugi, koji sebe vole da nazivaju klju\u010dnim politi\u010dkim faktorima, su uvijek u prvi plan stavljali svoje fotelje i li\u010dne interese\u201c, ocijenio je on.<br \/>\n\u0106etkovi\u0107 vjeruje da su to gra\u0111ani u prethodnom periodu prepoznali i da \u0107e tu \u010dinjeniciu znati da vrednuju na pravi na\u010din. Prema njegovim rije\u010dima, \u201eglavni pregovara\u010di\u201c su u prethodnom periodu pokazali \u201eveliku dozu neozbiljnosti i tako, umnogome, sebe diskvalifikovali kao ozbiljne pregovara\u010de u nekom narednom periodu\u201c.<\/p>\n<p><strong>S.A.<br \/>\n<a href=\"http:\/\/www.vijesti.me\/\" target=\"_blank\">Vijesti<\/a><\/strong><\/p>\n","protected":false},"excerpt":{"rendered":"<p>Forca po\u010dela predizbornu kampanju, lider partije o\u010dekuje dostojanstven izborni proces Ulcinj \u2013 Lider Force Nazif Cungu izrazio je uvjerenje da \u0107e njegova partija trijumfovati na vandrednim lokalnim izborima zakazanim za 17. oktobar \u201cukoliko kampanja i izborni proces proteknu u regularnom ambijentu\u201d. On je na ju\u010dera\u0161njoj konferenciji za novinare kazao da su aktivisti Force na pro\u0161lim [&hellip;]<\/p>\n","protected":false},"author":1,"featured_media":0,"comment_status":"open","ping_status":"closed","sticky":false,"template":"","format":"standard","meta":{"spay_email":"","jetpack_publicize_message":"","jetpack_is_tweetstorm":false,"jetpack_publicize_feature_enabled":true},"categories":[8337],"tags":[20,824,19],"jetpack_publicize_connections":[],"yoast_head":"<!-- This site is optimized with the Yoast SEO plugin v19.1 - https:\/\/yoast.com\/wordpress\/plugins\/seo\/ -->\n<title>Cungu zove posmatra\u010de - Lajme nga Ulqini<\/title>\n<meta name=\"description\" content=\"Forca po\u010dela predizbornu kampanju, lider partije o\u010dekuje dostojanstven izborni proces Ulcinj \u2013 Lider Force Nazif Cungu izrazio je uvjerenje da \u0107e njegova\" \/>\n<meta name=\"robots\" content=\"index, follow, max-snippet:-1, max-image-preview:large, max-video-preview:-1\" \/>\n<link rel=\"canonical\" href=\"https:\/\/www.visit-ulcinj.com\/blog\/2010\/08\/18\/cungu-zove-posmatrace\/\" \/>\n<meta property=\"og:locale\" content=\"en_US\" \/>\n<meta property=\"og:type\" content=\"article\" \/>\n<meta property=\"og:title\" content=\"Cungu zove posmatra\u010de - Lajme nga Ulqini\" \/>\n<meta property=\"og:description\" content=\"Forca po\u010dela predizbornu kampanju, lider partije o\u010dekuje dostojanstven izborni proces Ulcinj \u2013 Lider Force Nazif Cungu izrazio je uvjerenje da \u0107e njegova\" \/>\n<meta property=\"og:url\" content=\"https:\/\/www.visit-ulcinj.com\/blog\/2010\/08\/18\/cungu-zove-posmatrace\/\" \/>\n<meta property=\"og:site_name\" content=\"Lajme nga Ulqini\" \/>\n<meta property=\"article:published_time\" content=\"2010-08-18T17:03:27+00:00\" \/>\n<meta property=\"og:image\" content=\"http:\/\/www.visit-ulcinj.com\/blog\/wp-content\/uploads\/2009\/09\/nazif-cungu.jpg\" \/>\n<meta name=\"twitter:label1\" content=\"Written by\" \/>\n\t<meta name=\"twitter:data1\" content=\"ulqini\" \/>\n\t<meta name=\"twitter:label2\" content=\"Est. reading time\" \/>\n\t<meta name=\"twitter:data2\" content=\"3 minutes\" \/>\n<script type=\"application\/ld+json\" class=\"yoast-schema-graph\">{\"@context\":\"https:\/\/schema.org\",\"@graph\":[{\"@type\":\"WebSite\",\"@id\":\"https:\/\/www.visit-ulcinj.com\/blog\/#website\",\"url\":\"https:\/\/www.visit-ulcinj.com\/blog\/\",\"name\":\"Lajme nga Ulqini\",\"description\":\"Lajme,Vijesti,Ulqini,Ulqin,Crna Gora,Mali i Zi\",\"potentialAction\":[{\"@type\":\"SearchAction\",\"target\":{\"@type\":\"EntryPoint\",\"urlTemplate\":\"https:\/\/www.visit-ulcinj.com\/blog\/?s={search_term_string}\"},\"query-input\":\"required name=search_term_string\"}],\"inLanguage\":\"en-US\"},{\"@type\":\"ImageObject\",\"inLanguage\":\"en-US\",\"@id\":\"https:\/\/www.visit-ulcinj.com\/blog\/2010\/08\/18\/cungu-zove-posmatrace\/#primaryimage\",\"url\":\"https:\/\/www.visit-ulcinj.com\/blog\/wp-content\/uploads\/2009\/09\/nazif-cungu.jpg\",\"contentUrl\":\"https:\/\/www.visit-ulcinj.com\/blog\/wp-content\/uploads\/2009\/09\/nazif-cungu.jpg\",\"width\":\"500\",\"height\":\"400\"},{\"@type\":\"WebPage\",\"@id\":\"https:\/\/www.visit-ulcinj.com\/blog\/2010\/08\/18\/cungu-zove-posmatrace\/#webpage\",\"url\":\"https:\/\/www.visit-ulcinj.com\/blog\/2010\/08\/18\/cungu-zove-posmatrace\/\",\"name\":\"Cungu zove posmatra\u010de - Lajme nga Ulqini\",\"isPartOf\":{\"@id\":\"https:\/\/www.visit-ulcinj.com\/blog\/#website\"},\"primaryImageOfPage\":{\"@id\":\"https:\/\/www.visit-ulcinj.com\/blog\/2010\/08\/18\/cungu-zove-posmatrace\/#primaryimage\"},\"datePublished\":\"2010-08-18T17:03:27+00:00\",\"dateModified\":\"2010-08-18T17:03:27+00:00\",\"author\":{\"@id\":\"https:\/\/www.visit-ulcinj.com\/blog\/#\/schema\/person\/dcab619c614d3038751c63bc2aadc06d\"},\"description\":\"Forca po\u010dela predizbornu kampanju, lider partije o\u010dekuje dostojanstven izborni proces Ulcinj \u2013 Lider Force Nazif Cungu izrazio je uvjerenje da \u0107e njegova\",\"breadcrumb\":{\"@id\":\"https:\/\/www.visit-ulcinj.com\/blog\/2010\/08\/18\/cungu-zove-posmatrace\/#breadcrumb\"},\"inLanguage\":\"en-US\",\"potentialAction\":[{\"@type\":\"ReadAction\",\"target\":[\"https:\/\/www.visit-ulcinj.com\/blog\/2010\/08\/18\/cungu-zove-posmatrace\/\"]}]},{\"@type\":\"BreadcrumbList\",\"@id\":\"https:\/\/www.visit-ulcinj.com\/blog\/2010\/08\/18\/cungu-zove-posmatrace\/#breadcrumb\",\"itemListElement\":[{\"@type\":\"ListItem\",\"position\":1,\"name\":\"Cungu zove posmatra\u010de\"}]},{\"@type\":\"Person\",\"@id\":\"https:\/\/www.visit-ulcinj.com\/blog\/#\/schema\/person\/dcab619c614d3038751c63bc2aadc06d\",\"name\":\"ulqini\",\"sameAs\":[\"http:\/\/www.visit-ulcinj.com\"],\"url\":\"https:\/\/www.visit-ulcinj.com\/blog\/author\/admin\/\"}]}<\/script>\n<!-- \/ Yoast SEO plugin. -->","yoast_head_json":{"title":"Cungu zove posmatra\u010de - Lajme nga Ulqini","description":"Forca po\u010dela predizbornu kampanju, lider partije o\u010dekuje dostojanstven izborni proces Ulcinj \u2013 Lider Force Nazif Cungu izrazio je uvjerenje da \u0107e njegova","robots":{"index":"index","follow":"follow","max-snippet":"max-snippet:-1","max-image-preview":"max-image-preview:large","max-video-preview":"max-video-preview:-1"},"canonical":"https:\/\/www.visit-ulcinj.com\/blog\/2010\/08\/18\/cungu-zove-posmatrace\/","og_locale":"en_US","og_type":"article","og_title":"Cungu zove posmatra\u010de - Lajme nga Ulqini","og_description":"Forca po\u010dela predizbornu kampanju, lider partije o\u010dekuje dostojanstven izborni proces Ulcinj \u2013 Lider Force Nazif Cungu izrazio je uvjerenje da \u0107e njegova","og_url":"https:\/\/www.visit-ulcinj.com\/blog\/2010\/08\/18\/cungu-zove-posmatrace\/","og_site_name":"Lajme nga Ulqini","article_published_time":"2010-08-18T17:03:27+00:00","og_image":[{"url":"http:\/\/www.visit-ulcinj.com\/blog\/wp-content\/uploads\/2009\/09\/nazif-cungu.jpg"}],"twitter_misc":{"Written by":"ulqini","Est. reading time":"3 minutes"},"schema":{"@context":"https:\/\/schema.org","@graph":[{"@type":"WebSite","@id":"https:\/\/www.visit-ulcinj.com\/blog\/#website","url":"https:\/\/www.visit-ulcinj.com\/blog\/","name":"Lajme nga Ulqini","description":"Lajme,Vijesti,Ulqini,Ulqin,Crna Gora,Mali i Zi","potentialAction":[{"@type":"SearchAction","target":{"@type":"EntryPoint","urlTemplate":"https:\/\/www.visit-ulcinj.com\/blog\/?s={search_term_string}"},"query-input":"required name=search_term_string"}],"inLanguage":"en-US"},{"@type":"ImageObject","inLanguage":"en-US","@id":"https:\/\/www.visit-ulcinj.com\/blog\/2010\/08\/18\/cungu-zove-posmatrace\/#primaryimage","url":"https:\/\/www.visit-ulcinj.com\/blog\/wp-content\/uploads\/2009\/09\/nazif-cungu.jpg","contentUrl":"https:\/\/www.visit-ulcinj.com\/blog\/wp-content\/uploads\/2009\/09\/nazif-cungu.jpg","width":"500","height":"400"},{"@type":"WebPage","@id":"https:\/\/www.visit-ulcinj.com\/blog\/2010\/08\/18\/cungu-zove-posmatrace\/#webpage","url":"https:\/\/www.visit-ulcinj.com\/blog\/2010\/08\/18\/cungu-zove-posmatrace\/","name":"Cungu zove posmatra\u010de - Lajme nga Ulqini","isPartOf":{"@id":"https:\/\/www.visit-ulcinj.com\/blog\/#website"},"primaryImageOfPage":{"@id":"https:\/\/www.visit-ulcinj.com\/blog\/2010\/08\/18\/cungu-zove-posmatrace\/#primaryimage"},"datePublished":"2010-08-18T17:03:27+00:00","dateModified":"2010-08-18T17:03:27+00:00","author":{"@id":"https:\/\/www.visit-ulcinj.com\/blog\/#\/schema\/person\/dcab619c614d3038751c63bc2aadc06d"},"description":"Forca po\u010dela predizbornu kampanju, lider partije o\u010dekuje dostojanstven izborni proces Ulcinj \u2013 Lider Force Nazif Cungu izrazio je uvjerenje da \u0107e njegova","breadcrumb":{"@id":"https:\/\/www.visit-ulcinj.com\/blog\/2010\/08\/18\/cungu-zove-posmatrace\/#breadcrumb"},"inLanguage":"en-US","potentialAction":[{"@type":"ReadAction","target":["https:\/\/www.visit-ulcinj.com\/blog\/2010\/08\/18\/cungu-zove-posmatrace\/"]}]},{"@type":"BreadcrumbList","@id":"https:\/\/www.visit-ulcinj.com\/blog\/2010\/08\/18\/cungu-zove-posmatrace\/#breadcrumb","itemListElement":[{"@type":"ListItem","position":1,"name":"Cungu zove posmatra\u010de"}]},{"@type":"Person","@id":"https:\/\/www.visit-ulcinj.com\/blog\/#\/schema\/person\/dcab619c614d3038751c63bc2aadc06d","name":"ulqini","sameAs":["http:\/\/www.visit-ulcinj.com"],"url":"https:\/\/www.visit-ulcinj.com\/blog\/author\/admin\/"}]}},"jetpack_featured_media_url":"","jetpack_sharing_enabled":true,"jetpack_shortlink":"https:\/\/wp.me\/pe6lTn-9oV","_links":{"self":[{"href":"https:\/\/www.visit-ulcinj.com\/blog\/wp-json\/wp\/v2\/posts\/36141"}],"collection":[{"href":"https:\/\/www.visit-ulcinj.com\/blog\/wp-json\/wp\/v2\/posts"}],"about":[{"href":"https:\/\/www.visit-ulcinj.com\/blog\/wp-json\/wp\/v2\/types\/post"}],"author":[{"embeddable":true,"href":"https:\/\/www.visit-ulcinj.com\/blog\/wp-json\/wp\/v2\/users\/1"}],"replies":[{"embeddable":true,"href":"https:\/\/www.visit-ulcinj.com\/blog\/wp-json\/wp\/v2\/comments?post=36141"}],"version-history":[{"count":0,"href":"https:\/\/www.visit-ulcinj.com\/blog\/wp-json\/wp\/v2\/posts\/36141\/revisions"}],"wp:attachment":[{"href":"https:\/\/www.visit-ulcinj.com\/blog\/wp-json\/wp\/v2\/media?parent=36141"}],"wp:term":[{"taxonomy":"category","embeddable":true,"href":"https:\/\/www.visit-ulcinj.com\/blog\/wp-json\/wp\/v2\/categories?post=36141"},{"taxonomy":"post_tag","embeddable":true,"href":"https:\/\/www.visit-ulcinj.com\/blog\/wp-json\/wp\/v2\/tags?post=36141"}],"curies":[{"name":"wp","href":"https:\/\/api.w.org\/{rel}","templated":true}]}}