{"id":36149,"date":"2010-08-19T19:39:43","date_gmt":"2010-08-19T17:39:43","guid":{"rendered":"http:\/\/www.visit-ulcinj.com\/blog\/?p=36149"},"modified":"2010-08-20T14:26:18","modified_gmt":"2010-08-20T12:26:18","slug":"almira-sukalic-na-mojoj-strani-je-mladost","status":"publish","type":"post","link":"https:\/\/www.visit-ulcinj.com\/blog\/2010\/08\/19\/almira-sukalic-na-mojoj-strani-je-mladost\/","title":{"rendered":"Almira Sukali\u0107: Na mojoj strani je mladost"},"content":{"rendered":"<p><strong><a href=\"http:\/\/www.visit-ulcinj.com\/blog\/wp-content\/uploads\/2010\/08\/Almira-Sukalic.jpg\"><img loading=\"lazy\" class=\"alignleft size-full wp-image-36150\" title=\"Almira Sukalic\" src=\"http:\/\/www.visit-ulcinj.com\/blog\/wp-content\/uploads\/2010\/08\/Almira-Sukalic.jpg\" alt=\"\" width=\"353\" height=\"604\" \/><\/a>Na\u0161 gost: Almira Sukali\u0107, najmla\u0111a direktorka u istoriji ulcinjskog hotelijerstva<br \/>\n<\/strong>U hotelu je zaposleno 50 radnika i svi su stariji od mene. Zato se trudim da odr\u017eim balans izme\u0111u nare\u0111enja, autoriteta i po\u0161tovanja prema starijima. Oni imaju veliko iskustvo, tako da se u ve\u0107ini stvari potpuno razumijemo \u2013 ka\u017ee Almira Sukali\u0107<\/p>\n<p>Ulcinj \u2013 Dvadeset trogodi\u0161nja Ulcinjanka Almira Sukali\u0107 razbila je sve predrasude sredine u kojoj \u017eivi. Iako se od djevojaka u ranim dvadesetim godinama u albanskim porodicama, prije svega, o\u010dekuje da se udaju i rode potomstvo, Almira se prihvatila funkcije u hotelu Olympic i postala najmla\u0111a direktorica u istoriji ulcinjskog hotelijerstva. Prethodno je magistrirala na Fakultetu ekonomskih nauka u Podgorici. Razgovarale smo o tome kako se sna\u0161la na funkciji koju obavlja ve\u0107 dva mjeseca, o problemima i lijepim stranama njenog posla.<\/p>\n<p><strong>Pobjeda: Kako je va\u0161a porodica prihvatila vijest o imenovanju za direktora? <\/strong><\/p>\n<p>Sukali\u0107: Vremena se mijenjaju \u2013 danas ve\u0107ina djevojaka upisuje fakultete. Ja nijesam jo\u0161 udata i to mi je olak\u0161avaju\u0107a okolnost, jer mogu mnogo vi\u0161e vremena provesti na poslu. Roditelji su ponosni i \u010dak su sa vi\u0161e entuzijazma primili vijest o mojoj funkciji nego ja sama. Oni i moje dvije sestre su mi najve\u0107a podr\u0161ka i daju mi snagu da uvijek idem naprijed.<\/p>\n<p><strong>Pobjeda: Kako se djevojka od 23 godine snalazi u izdavanju nare\u0111enja duplo starijima? <\/strong><\/p>\n<p>Sukali\u0107: Moja sre\u0107a je \u0161to sve radnike ve\u0107 poznajem jer sam radila kao pripravnik u \u201eUlcinjskoj rivijeri\u201d. U hotelu je zaposleno 50 radnika i svi su stariji od mene. Zato se trudim da odr\u017eim balans izme\u0111u nare\u0111enja, autoriteta i po\u0161tovanja prema starijima. Oni imaju veliko iskustvo, tako da se u ve\u0107ini stvari potpuno razumijemo i, \u0161to je najva\u017enije, odli\u010dno su me prihvatili.<\/p>\n<p><strong>Pobjeda: Nakon mjesec dana rada, \u0161ta se mo\u017ee pripisati vama kao zasluga? <\/strong><\/p>\n<p>Sukali\u0107: Kada sam do\u0161la na ovo radno mjesto prvo sam gledala koje su kriti\u010dne ta\u010dke u hotelu koje bi trebalo popraviti, a da radovi ne smetaju gostima. Uo\u010dila sam da je kuhinja bila dosta zanemarena prilikom pripreme hotela u predsezoni, tako da smo je naknadno renovirali. U svakom slu\u010daju, olak\u0161avaju\u0107a okolnost je ta \u0161to je hotel ve\u0107 bio adaptiran i bilo mi je mnogo lak\u0161e nego prethodnom direktoru.<\/p>\n<p><strong>Pobjeda: Od juna mjeseca hotel Olympic je konstantno pun. Odakle dolaze gosti? <\/strong><\/p>\n<p>Sukali\u0107: Dosta je promijenjena struktura gostiju ove godine. Ve\u0107ina dolazi iz \u010ce\u0161ke, Poljske, Njema\u010dke, Rusije, BiH i dijaspore Kosova. Promjena strukture je zasluga \u010ditavog preduze\u0107a. Ja sam tu do\u0161la u jeku sezone i na meni je da nastavim dobru praksu.<\/p>\n<p><strong>Pobjeda: Kako pamtite prvi radni dan u fotelji direktora? <\/strong><\/p>\n<p>Sukali\u0107: Kao najzanimljiviji. Tada sam imala priliku da koordiniram organizovanje seminara. Upoznala sam brojne profesore iz \u010ditave ex Jugoslavije i imala sam \u010dast da prisustvujem sve\u010danom otvaranju. Dobila sam i zahvalnicu kao dobar organizator.<\/p>\n<p><strong>Pobjeda: Kako se snalazite sa poslovima administracije? <\/strong><\/p>\n<p>Sukali\u0107: Kao pripravnik, radila sam u sektoru za finansije, a imam i dobre radne navike, tako da su mi najmanji problem administrativni poslovi. Trudim se da budem svuda prisutna. Cilj mi je da iza\u0111em u susret i radnicima i gostima hotela. Jako je va\u017ena dobra komunikacija sa gostima \u2013 da oni osjete gostoprimstvo i da se ovdje osje\u0107aju kao kod svoje ku\u0107e.<\/p>\n<p><strong>Pobjeda: \u0160ta biste istakli kao prednost ovog posla i kako vam sve sada izgleda? <\/strong><\/p>\n<p>Sukali\u0107: Jedna od prednosti ovog posla je \u0161to upoznajem interesantne ljude. Vjerovala sam u sebe, ambiciozna sam i zahvalna na povjerenju. Krenulo mi je dobro i nadam se da \u0107u istrajati. Na mojoj strani je mladost, a iskustvo se sti\u010de vremenom.<br \/>\n<strong>A. \u017divanovi\u0107<br \/>\n<a href=\"http:\/\/www.pobjeda.co.me\/citanje.php?datum=2010-08-18&amp;id=190143\" target=\"_blank\">Pobjeda<br \/>\n\n\t\t<style type=\"text\/css\">\n\t\t\t#gallery-1 {\n\t\t\t\tmargin: auto;\n\t\t\t}\n\t\t\t#gallery-1 .gallery-item {\n\t\t\t\tfloat: left;\n\t\t\t\tmargin-top: 10px;\n\t\t\t\ttext-align: center;\n\t\t\t\twidth: 33%;\n\t\t\t}\n\t\t\t#gallery-1 img {\n\t\t\t\tborder: 2px solid #cfcfcf;\n\t\t\t}\n\t\t\t#gallery-1 .gallery-caption {\n\t\t\t\tmargin-left: 0;\n\t\t\t}\n\t\t\t\/* see gallery_shortcode() in wp-includes\/media.php *\/\n\t\t<\/style>\n\t\t<div id='gallery-1' class='gallery galleryid-36149 gallery-columns-3 gallery-size-thumbnail'><dl class='gallery-item'>\n\t\t\t<dt class='gallery-icon landscape'>\n\t\t\t\t<a href='https:\/\/www.visit-ulcinj.com\/blog\/wp-content\/uploads\/2010\/08\/Hotel-Olympic-ulcinj.jpg'><img width=\"150\" height=\"150\" src=\"https:\/\/www.visit-ulcinj.com\/blog\/wp-content\/uploads\/2010\/08\/Hotel-Olympic-ulcinj-150x150.jpg\" class=\"attachment-thumbnail size-thumbnail\" alt=\"\" loading=\"lazy\" \/><\/a>\n\t\t\t<\/dt><\/dl><dl class='gallery-item'>\n\t\t\t<dt class='gallery-icon landscape'>\n\t\t\t\t<a href='https:\/\/www.visit-ulcinj.com\/blog\/wp-content\/uploads\/2010\/08\/Hotel-Olympic-ulcinj.1.jpg'><img width=\"150\" height=\"150\" src=\"https:\/\/www.visit-ulcinj.com\/blog\/wp-content\/uploads\/2010\/08\/Hotel-Olympic-ulcinj.1-150x150.jpg\" class=\"attachment-thumbnail size-thumbnail\" alt=\"\" loading=\"lazy\" \/><\/a>\n\t\t\t<\/dt><\/dl>\n\t\t\t<br style='clear: both' \/>\n\t\t<\/div>\n<br \/>\n<\/a><!--YouTube Error: bad URL entered--><a href=\"http:\/\/www.pobjeda.co.me\/citanje.php?datum=2010-08-18&amp;id=190143\" target=\"_blank\"><\/a><\/strong><\/p>\n","protected":false},"excerpt":{"rendered":"<p>Na\u0161 gost: Almira Sukali\u0107, najmla\u0111a direktorka u istoriji ulcinjskog hotelijerstva U hotelu je zaposleno 50 radnika i svi su stariji od mene. Zato se trudim da odr\u017eim balans izme\u0111u nare\u0111enja, autoriteta i po\u0161tovanja prema starijima. Oni imaju veliko iskustvo, tako da se u ve\u0107ini stvari potpuno razumijemo \u2013 ka\u017ee Almira Sukali\u0107 Ulcinj \u2013 Dvadeset trogodi\u0161nja [&hellip;]<\/p>\n","protected":false},"author":1,"featured_media":0,"comment_status":"open","ping_status":"closed","sticky":false,"template":"","format":"standard","meta":{"spay_email":"","jetpack_publicize_message":"","jetpack_is_tweetstorm":false,"jetpack_publicize_feature_enabled":true},"categories":[6950],"tags":[15039,15040,15041,19],"jetpack_publicize_connections":[],"yoast_head":"<!-- This site is optimized with the Yoast SEO plugin v19.1 - https:\/\/yoast.com\/wordpress\/plugins\/seo\/ -->\n<title>Almira Sukali\u0107: Na mojoj strani je mladost - Lajme nga Ulqini<\/title>\n<meta name=\"description\" content=\"Na\u0161 gost: Almira Sukali\u0107, najmla\u0111a direktorka u istoriji ulcinjskog hotelijerstva U hotelu je zaposleno 50 radnika i svi su stariji od mene. Zato se\" \/>\n<meta name=\"robots\" content=\"index, follow, max-snippet:-1, max-image-preview:large, max-video-preview:-1\" \/>\n<link rel=\"canonical\" href=\"https:\/\/www.visit-ulcinj.com\/blog\/2010\/08\/19\/almira-sukalic-na-mojoj-strani-je-mladost\/\" \/>\n<meta property=\"og:locale\" content=\"en_US\" \/>\n<meta property=\"og:type\" content=\"article\" \/>\n<meta property=\"og:title\" content=\"Almira Sukali\u0107: Na mojoj strani je mladost - Lajme nga Ulqini\" \/>\n<meta property=\"og:description\" content=\"Na\u0161 gost: Almira Sukali\u0107, najmla\u0111a direktorka u istoriji ulcinjskog hotelijerstva U hotelu je zaposleno 50 radnika i svi su stariji od mene. Zato se\" \/>\n<meta property=\"og:url\" content=\"https:\/\/www.visit-ulcinj.com\/blog\/2010\/08\/19\/almira-sukalic-na-mojoj-strani-je-mladost\/\" \/>\n<meta property=\"og:site_name\" content=\"Lajme nga Ulqini\" \/>\n<meta property=\"article:published_time\" content=\"2010-08-19T17:39:43+00:00\" \/>\n<meta property=\"article:modified_time\" content=\"2010-08-20T12:26:18+00:00\" \/>\n<meta property=\"og:image\" content=\"https:\/\/www.visit-ulcinj.com\/blog\/wp-content\/uploads\/2010\/08\/Almira-Sukalic-150x150.jpg\" \/>\n<meta name=\"twitter:label1\" content=\"Written by\" \/>\n\t<meta name=\"twitter:data1\" content=\"ulqini\" \/>\n\t<meta name=\"twitter:label2\" content=\"Est. reading time\" \/>\n\t<meta name=\"twitter:data2\" content=\"3 minutes\" \/>\n<script type=\"application\/ld+json\" class=\"yoast-schema-graph\">{\"@context\":\"https:\/\/schema.org\",\"@graph\":[{\"@type\":\"WebSite\",\"@id\":\"https:\/\/www.visit-ulcinj.com\/blog\/#website\",\"url\":\"https:\/\/www.visit-ulcinj.com\/blog\/\",\"name\":\"Lajme nga Ulqini\",\"description\":\"Lajme,Vijesti,Ulqini,Ulqin,Crna Gora,Mali i Zi\",\"potentialAction\":[{\"@type\":\"SearchAction\",\"target\":{\"@type\":\"EntryPoint\",\"urlTemplate\":\"https:\/\/www.visit-ulcinj.com\/blog\/?s={search_term_string}\"},\"query-input\":\"required name=search_term_string\"}],\"inLanguage\":\"en-US\"},{\"@type\":\"ImageObject\",\"inLanguage\":\"en-US\",\"@id\":\"https:\/\/www.visit-ulcinj.com\/blog\/2010\/08\/19\/almira-sukalic-na-mojoj-strani-je-mladost\/#primaryimage\",\"url\":\"http:\/\/www.visit-ulcinj.com\/blog\/wp-content\/uploads\/2010\/08\/Almira-Sukalic.jpg\",\"contentUrl\":\"http:\/\/www.visit-ulcinj.com\/blog\/wp-content\/uploads\/2010\/08\/Almira-Sukalic.jpg\"},{\"@type\":\"WebPage\",\"@id\":\"https:\/\/www.visit-ulcinj.com\/blog\/2010\/08\/19\/almira-sukalic-na-mojoj-strani-je-mladost\/#webpage\",\"url\":\"https:\/\/www.visit-ulcinj.com\/blog\/2010\/08\/19\/almira-sukalic-na-mojoj-strani-je-mladost\/\",\"name\":\"Almira Sukali\u0107: Na mojoj strani je mladost - Lajme nga Ulqini\",\"isPartOf\":{\"@id\":\"https:\/\/www.visit-ulcinj.com\/blog\/#website\"},\"primaryImageOfPage\":{\"@id\":\"https:\/\/www.visit-ulcinj.com\/blog\/2010\/08\/19\/almira-sukalic-na-mojoj-strani-je-mladost\/#primaryimage\"},\"datePublished\":\"2010-08-19T17:39:43+00:00\",\"dateModified\":\"2010-08-20T12:26:18+00:00\",\"author\":{\"@id\":\"https:\/\/www.visit-ulcinj.com\/blog\/#\/schema\/person\/dcab619c614d3038751c63bc2aadc06d\"},\"description\":\"Na\u0161 gost: Almira Sukali\u0107, najmla\u0111a direktorka u istoriji ulcinjskog hotelijerstva U hotelu je zaposleno 50 radnika i svi su stariji od mene. Zato se\",\"breadcrumb\":{\"@id\":\"https:\/\/www.visit-ulcinj.com\/blog\/2010\/08\/19\/almira-sukalic-na-mojoj-strani-je-mladost\/#breadcrumb\"},\"inLanguage\":\"en-US\",\"potentialAction\":[{\"@type\":\"ReadAction\",\"target\":[\"https:\/\/www.visit-ulcinj.com\/blog\/2010\/08\/19\/almira-sukalic-na-mojoj-strani-je-mladost\/\"]}]},{\"@type\":\"BreadcrumbList\",\"@id\":\"https:\/\/www.visit-ulcinj.com\/blog\/2010\/08\/19\/almira-sukalic-na-mojoj-strani-je-mladost\/#breadcrumb\",\"itemListElement\":[{\"@type\":\"ListItem\",\"position\":1,\"name\":\"Almira Sukali\u0107: Na mojoj strani je mladost\"}]},{\"@type\":\"Person\",\"@id\":\"https:\/\/www.visit-ulcinj.com\/blog\/#\/schema\/person\/dcab619c614d3038751c63bc2aadc06d\",\"name\":\"ulqini\",\"sameAs\":[\"http:\/\/www.visit-ulcinj.com\"],\"url\":\"https:\/\/www.visit-ulcinj.com\/blog\/author\/admin\/\"}]}<\/script>\n<!-- \/ Yoast SEO plugin. -->","yoast_head_json":{"title":"Almira Sukali\u0107: Na mojoj strani je mladost - Lajme nga Ulqini","description":"Na\u0161 gost: Almira Sukali\u0107, najmla\u0111a direktorka u istoriji ulcinjskog hotelijerstva U hotelu je zaposleno 50 radnika i svi su stariji od mene. Zato se","robots":{"index":"index","follow":"follow","max-snippet":"max-snippet:-1","max-image-preview":"max-image-preview:large","max-video-preview":"max-video-preview:-1"},"canonical":"https:\/\/www.visit-ulcinj.com\/blog\/2010\/08\/19\/almira-sukalic-na-mojoj-strani-je-mladost\/","og_locale":"en_US","og_type":"article","og_title":"Almira Sukali\u0107: Na mojoj strani je mladost - Lajme nga Ulqini","og_description":"Na\u0161 gost: Almira Sukali\u0107, najmla\u0111a direktorka u istoriji ulcinjskog hotelijerstva U hotelu je zaposleno 50 radnika i svi su stariji od mene. Zato se","og_url":"https:\/\/www.visit-ulcinj.com\/blog\/2010\/08\/19\/almira-sukalic-na-mojoj-strani-je-mladost\/","og_site_name":"Lajme nga Ulqini","article_published_time":"2010-08-19T17:39:43+00:00","article_modified_time":"2010-08-20T12:26:18+00:00","og_image":[{"url":"https:\/\/www.visit-ulcinj.com\/blog\/wp-content\/uploads\/2010\/08\/Almira-Sukalic-150x150.jpg"}],"twitter_misc":{"Written by":"ulqini","Est. reading time":"3 minutes"},"schema":{"@context":"https:\/\/schema.org","@graph":[{"@type":"WebSite","@id":"https:\/\/www.visit-ulcinj.com\/blog\/#website","url":"https:\/\/www.visit-ulcinj.com\/blog\/","name":"Lajme nga Ulqini","description":"Lajme,Vijesti,Ulqini,Ulqin,Crna Gora,Mali i Zi","potentialAction":[{"@type":"SearchAction","target":{"@type":"EntryPoint","urlTemplate":"https:\/\/www.visit-ulcinj.com\/blog\/?s={search_term_string}"},"query-input":"required name=search_term_string"}],"inLanguage":"en-US"},{"@type":"ImageObject","inLanguage":"en-US","@id":"https:\/\/www.visit-ulcinj.com\/blog\/2010\/08\/19\/almira-sukalic-na-mojoj-strani-je-mladost\/#primaryimage","url":"http:\/\/www.visit-ulcinj.com\/blog\/wp-content\/uploads\/2010\/08\/Almira-Sukalic.jpg","contentUrl":"http:\/\/www.visit-ulcinj.com\/blog\/wp-content\/uploads\/2010\/08\/Almira-Sukalic.jpg"},{"@type":"WebPage","@id":"https:\/\/www.visit-ulcinj.com\/blog\/2010\/08\/19\/almira-sukalic-na-mojoj-strani-je-mladost\/#webpage","url":"https:\/\/www.visit-ulcinj.com\/blog\/2010\/08\/19\/almira-sukalic-na-mojoj-strani-je-mladost\/","name":"Almira Sukali\u0107: Na mojoj strani je mladost - Lajme nga Ulqini","isPartOf":{"@id":"https:\/\/www.visit-ulcinj.com\/blog\/#website"},"primaryImageOfPage":{"@id":"https:\/\/www.visit-ulcinj.com\/blog\/2010\/08\/19\/almira-sukalic-na-mojoj-strani-je-mladost\/#primaryimage"},"datePublished":"2010-08-19T17:39:43+00:00","dateModified":"2010-08-20T12:26:18+00:00","author":{"@id":"https:\/\/www.visit-ulcinj.com\/blog\/#\/schema\/person\/dcab619c614d3038751c63bc2aadc06d"},"description":"Na\u0161 gost: Almira Sukali\u0107, najmla\u0111a direktorka u istoriji ulcinjskog hotelijerstva U hotelu je zaposleno 50 radnika i svi su stariji od mene. Zato se","breadcrumb":{"@id":"https:\/\/www.visit-ulcinj.com\/blog\/2010\/08\/19\/almira-sukalic-na-mojoj-strani-je-mladost\/#breadcrumb"},"inLanguage":"en-US","potentialAction":[{"@type":"ReadAction","target":["https:\/\/www.visit-ulcinj.com\/blog\/2010\/08\/19\/almira-sukalic-na-mojoj-strani-je-mladost\/"]}]},{"@type":"BreadcrumbList","@id":"https:\/\/www.visit-ulcinj.com\/blog\/2010\/08\/19\/almira-sukalic-na-mojoj-strani-je-mladost\/#breadcrumb","itemListElement":[{"@type":"ListItem","position":1,"name":"Almira Sukali\u0107: Na mojoj strani je mladost"}]},{"@type":"Person","@id":"https:\/\/www.visit-ulcinj.com\/blog\/#\/schema\/person\/dcab619c614d3038751c63bc2aadc06d","name":"ulqini","sameAs":["http:\/\/www.visit-ulcinj.com"],"url":"https:\/\/www.visit-ulcinj.com\/blog\/author\/admin\/"}]}},"jetpack_featured_media_url":"","jetpack_sharing_enabled":true,"jetpack_shortlink":"https:\/\/wp.me\/pe6lTn-9p3","_links":{"self":[{"href":"https:\/\/www.visit-ulcinj.com\/blog\/wp-json\/wp\/v2\/posts\/36149"}],"collection":[{"href":"https:\/\/www.visit-ulcinj.com\/blog\/wp-json\/wp\/v2\/posts"}],"about":[{"href":"https:\/\/www.visit-ulcinj.com\/blog\/wp-json\/wp\/v2\/types\/post"}],"author":[{"embeddable":true,"href":"https:\/\/www.visit-ulcinj.com\/blog\/wp-json\/wp\/v2\/users\/1"}],"replies":[{"embeddable":true,"href":"https:\/\/www.visit-ulcinj.com\/blog\/wp-json\/wp\/v2\/comments?post=36149"}],"version-history":[{"count":0,"href":"https:\/\/www.visit-ulcinj.com\/blog\/wp-json\/wp\/v2\/posts\/36149\/revisions"}],"wp:attachment":[{"href":"https:\/\/www.visit-ulcinj.com\/blog\/wp-json\/wp\/v2\/media?parent=36149"}],"wp:term":[{"taxonomy":"category","embeddable":true,"href":"https:\/\/www.visit-ulcinj.com\/blog\/wp-json\/wp\/v2\/categories?post=36149"},{"taxonomy":"post_tag","embeddable":true,"href":"https:\/\/www.visit-ulcinj.com\/blog\/wp-json\/wp\/v2\/tags?post=36149"}],"curies":[{"name":"wp","href":"https:\/\/api.w.org\/{rel}","templated":true}]}}