{"id":36157,"date":"2010-08-20T14:25:37","date_gmt":"2010-08-20T12:25:37","guid":{"rendered":"http:\/\/www.visit-ulcinj.com\/blog\/?p=36157"},"modified":"2010-08-20T15:34:36","modified_gmt":"2010-08-20T13:34:36","slug":"pdp-nijesmo-odgovorni-za-ponavljanje-izbora","status":"publish","type":"post","link":"https:\/\/www.visit-ulcinj.com\/blog\/2010\/08\/20\/pdp-nijesmo-odgovorni-za-ponavljanje-izbora\/","title":{"rendered":"PDP: Nijesmo odgovorni za ponavljanje izbora"},"content":{"rendered":"<p><img loading=\"lazy\" class=\"alignleft\" title=\"Ali Redza_Partija demokratskog prosperiteta\" src=\"http:\/\/www.visit-ulcinj.com\/blog\/wp-content\/uploads\/2010\/04\/Ali-Rexha_Lideri-i-PPD_se.jpg.1.jpg\" alt=\"\" width=\"490\" height=\"380\" \/>Povodom raspisivanja lokalnih izbora u Op\u0161tini Ulcinj reagovala je i Partija demokratskog prosperiteta. U saop\u0161tenju te partije isti\u010de se da je funkcija predsjednika SO Ulcinja glavni uzrok neuspjeha u formiranju parlamentarne ve\u0107ine u najju\u017enijoj op\u0161tini.<br \/>\n\u2013 PDP bila je otvorena za koaliciju sa svim politi\u010dkim subjektima, sa ciljem da se izbjegne politi\u010dka kriza. Oficijalnu ponudu za formiranje vlasti dobili smo jedino od Koalicije \u201eZa evropski Ulcinj, ali pod uslovom da na\u0161a partija ne insistira na mjestu prvog \u010dovjeka lokalne skup\u0161tine. U cilju izbjegavanja politi\u010dke krize i efikasnog rada lokalnog parlamenta i izvr\u0161ne vlasti, a za dobrobit gra\u0111ana prihvatili smo takvu ponudu. Za sve \u0161to se potom de\u0161avalo ne osje\u0107amo se odgovornim, stoji u saop\u0161tenju. Dalje se navodi da \u0107e PDP nastaviti da vodi politiku koja rje\u0161ava a ne izaziva probleme. \u2013 Cijenimo da partije sa malim brojem mandata nemaju moralno pravo da proizvode krizu, kao \u0161to je bio slu\u010daj u Ulcinju. To mnogo ko\u0161ta Ulcinjane i lokalnu samoupravu u cjelini, navodi se u reagovanju<\/p>\n<p><strong>PDP.<\/strong><\/p>\n<p><strong><a href=\"http:\/\/www.dan.co.me\/?nivo=3&amp;rubrika=Regioni&amp;clanak=243283&amp;najdatum=2010-08-18&amp;datum=2010-08-19\" target=\"_blank\">DAN<\/a><br \/>\n<\/strong><\/p>\n","protected":false},"excerpt":{"rendered":"<p>Povodom raspisivanja lokalnih izbora u Op\u0161tini Ulcinj reagovala je i Partija demokratskog prosperiteta. U saop\u0161tenju te partije isti\u010de se da je funkcija predsjednika SO Ulcinja glavni uzrok neuspjeha u formiranju parlamentarne ve\u0107ine u najju\u017enijoj op\u0161tini. \u2013 PDP bila je otvorena za koaliciju sa svim politi\u010dkim subjektima, sa ciljem da se izbjegne politi\u010dka kriza. Oficijalnu ponudu [&hellip;]<\/p>\n","protected":false},"author":1,"featured_media":0,"comment_status":"open","ping_status":"closed","sticky":false,"template":"","format":"standard","meta":{"spay_email":"","jetpack_publicize_message":"","jetpack_is_tweetstorm":false,"jetpack_publicize_feature_enabled":true},"categories":[14249],"tags":[9724,15042,1302],"jetpack_publicize_connections":[],"yoast_head":"<!-- This site is optimized with the Yoast SEO plugin v19.1 - https:\/\/yoast.com\/wordpress\/plugins\/seo\/ -->\n<title>PDP: Nijesmo odgovorni za ponavljanje izbora - Lajme nga Ulqini<\/title>\n<meta name=\"description\" content=\"Povodom raspisivanja lokalnih izbora u Op\u0161tini Ulcinj reagovala je i Partija demokratskog prosperiteta. U saop\u0161tenju te partije isti\u010de se da je funkcija\" \/>\n<meta name=\"robots\" content=\"index, follow, max-snippet:-1, max-image-preview:large, max-video-preview:-1\" \/>\n<link rel=\"canonical\" href=\"https:\/\/www.visit-ulcinj.com\/blog\/2010\/08\/20\/pdp-nijesmo-odgovorni-za-ponavljanje-izbora\/\" \/>\n<meta property=\"og:locale\" content=\"en_US\" \/>\n<meta property=\"og:type\" content=\"article\" \/>\n<meta property=\"og:title\" content=\"PDP: Nijesmo odgovorni za ponavljanje izbora - Lajme nga Ulqini\" \/>\n<meta property=\"og:description\" content=\"Povodom raspisivanja lokalnih izbora u Op\u0161tini Ulcinj reagovala je i Partija demokratskog prosperiteta. U saop\u0161tenju te partije isti\u010de se da je funkcija\" \/>\n<meta property=\"og:url\" content=\"https:\/\/www.visit-ulcinj.com\/blog\/2010\/08\/20\/pdp-nijesmo-odgovorni-za-ponavljanje-izbora\/\" \/>\n<meta property=\"og:site_name\" content=\"Lajme nga Ulqini\" \/>\n<meta property=\"article:published_time\" content=\"2010-08-20T12:25:37+00:00\" \/>\n<meta property=\"article:modified_time\" content=\"2010-08-20T13:34:36+00:00\" \/>\n<meta property=\"og:image\" content=\"http:\/\/www.visit-ulcinj.com\/blog\/wp-content\/uploads\/2010\/04\/Ali-Rexha_Lideri-i-PPD_se.jpg.1.jpg\" \/>\n<meta name=\"twitter:label1\" content=\"Written by\" \/>\n\t<meta name=\"twitter:data1\" content=\"ulqini\" \/>\n\t<meta name=\"twitter:label2\" content=\"Est. reading time\" \/>\n\t<meta name=\"twitter:data2\" content=\"1 minute\" \/>\n<script type=\"application\/ld+json\" class=\"yoast-schema-graph\">{\"@context\":\"https:\/\/schema.org\",\"@graph\":[{\"@type\":\"WebSite\",\"@id\":\"https:\/\/www.visit-ulcinj.com\/blog\/#website\",\"url\":\"https:\/\/www.visit-ulcinj.com\/blog\/\",\"name\":\"Lajme nga Ulqini\",\"description\":\"Lajme,Vijesti,Ulqini,Ulqin,Crna Gora,Mali i Zi\",\"potentialAction\":[{\"@type\":\"SearchAction\",\"target\":{\"@type\":\"EntryPoint\",\"urlTemplate\":\"https:\/\/www.visit-ulcinj.com\/blog\/?s={search_term_string}\"},\"query-input\":\"required name=search_term_string\"}],\"inLanguage\":\"en-US\"},{\"@type\":\"ImageObject\",\"inLanguage\":\"en-US\",\"@id\":\"https:\/\/www.visit-ulcinj.com\/blog\/2010\/08\/20\/pdp-nijesmo-odgovorni-za-ponavljanje-izbora\/#primaryimage\",\"url\":\"https:\/\/www.visit-ulcinj.com\/blog\/wp-content\/uploads\/2010\/04\/Ali-Rexha_Lideri-i-PPD_se.jpg.1.jpg\",\"contentUrl\":\"https:\/\/www.visit-ulcinj.com\/blog\/wp-content\/uploads\/2010\/04\/Ali-Rexha_Lideri-i-PPD_se.jpg.1.jpg\",\"width\":\"1024\",\"height\":\"768\"},{\"@type\":\"WebPage\",\"@id\":\"https:\/\/www.visit-ulcinj.com\/blog\/2010\/08\/20\/pdp-nijesmo-odgovorni-za-ponavljanje-izbora\/#webpage\",\"url\":\"https:\/\/www.visit-ulcinj.com\/blog\/2010\/08\/20\/pdp-nijesmo-odgovorni-za-ponavljanje-izbora\/\",\"name\":\"PDP: Nijesmo odgovorni za ponavljanje izbora - Lajme nga Ulqini\",\"isPartOf\":{\"@id\":\"https:\/\/www.visit-ulcinj.com\/blog\/#website\"},\"primaryImageOfPage\":{\"@id\":\"https:\/\/www.visit-ulcinj.com\/blog\/2010\/08\/20\/pdp-nijesmo-odgovorni-za-ponavljanje-izbora\/#primaryimage\"},\"datePublished\":\"2010-08-20T12:25:37+00:00\",\"dateModified\":\"2010-08-20T13:34:36+00:00\",\"author\":{\"@id\":\"https:\/\/www.visit-ulcinj.com\/blog\/#\/schema\/person\/dcab619c614d3038751c63bc2aadc06d\"},\"description\":\"Povodom raspisivanja lokalnih izbora u Op\u0161tini Ulcinj reagovala je i Partija demokratskog prosperiteta. U saop\u0161tenju te partije isti\u010de se da je funkcija\",\"breadcrumb\":{\"@id\":\"https:\/\/www.visit-ulcinj.com\/blog\/2010\/08\/20\/pdp-nijesmo-odgovorni-za-ponavljanje-izbora\/#breadcrumb\"},\"inLanguage\":\"en-US\",\"potentialAction\":[{\"@type\":\"ReadAction\",\"target\":[\"https:\/\/www.visit-ulcinj.com\/blog\/2010\/08\/20\/pdp-nijesmo-odgovorni-za-ponavljanje-izbora\/\"]}]},{\"@type\":\"BreadcrumbList\",\"@id\":\"https:\/\/www.visit-ulcinj.com\/blog\/2010\/08\/20\/pdp-nijesmo-odgovorni-za-ponavljanje-izbora\/#breadcrumb\",\"itemListElement\":[{\"@type\":\"ListItem\",\"position\":1,\"name\":\"PDP: Nijesmo odgovorni za ponavljanje izbora\"}]},{\"@type\":\"Person\",\"@id\":\"https:\/\/www.visit-ulcinj.com\/blog\/#\/schema\/person\/dcab619c614d3038751c63bc2aadc06d\",\"name\":\"ulqini\",\"sameAs\":[\"http:\/\/www.visit-ulcinj.com\"],\"url\":\"https:\/\/www.visit-ulcinj.com\/blog\/author\/admin\/\"}]}<\/script>\n<!-- \/ Yoast SEO plugin. -->","yoast_head_json":{"title":"PDP: Nijesmo odgovorni za ponavljanje izbora - Lajme nga Ulqini","description":"Povodom raspisivanja lokalnih izbora u Op\u0161tini Ulcinj reagovala je i Partija demokratskog prosperiteta. U saop\u0161tenju te partije isti\u010de se da je funkcija","robots":{"index":"index","follow":"follow","max-snippet":"max-snippet:-1","max-image-preview":"max-image-preview:large","max-video-preview":"max-video-preview:-1"},"canonical":"https:\/\/www.visit-ulcinj.com\/blog\/2010\/08\/20\/pdp-nijesmo-odgovorni-za-ponavljanje-izbora\/","og_locale":"en_US","og_type":"article","og_title":"PDP: Nijesmo odgovorni za ponavljanje izbora - Lajme nga Ulqini","og_description":"Povodom raspisivanja lokalnih izbora u Op\u0161tini Ulcinj reagovala je i Partija demokratskog prosperiteta. U saop\u0161tenju te partije isti\u010de se da je funkcija","og_url":"https:\/\/www.visit-ulcinj.com\/blog\/2010\/08\/20\/pdp-nijesmo-odgovorni-za-ponavljanje-izbora\/","og_site_name":"Lajme nga Ulqini","article_published_time":"2010-08-20T12:25:37+00:00","article_modified_time":"2010-08-20T13:34:36+00:00","og_image":[{"url":"http:\/\/www.visit-ulcinj.com\/blog\/wp-content\/uploads\/2010\/04\/Ali-Rexha_Lideri-i-PPD_se.jpg.1.jpg"}],"twitter_misc":{"Written by":"ulqini","Est. reading time":"1 minute"},"schema":{"@context":"https:\/\/schema.org","@graph":[{"@type":"WebSite","@id":"https:\/\/www.visit-ulcinj.com\/blog\/#website","url":"https:\/\/www.visit-ulcinj.com\/blog\/","name":"Lajme nga Ulqini","description":"Lajme,Vijesti,Ulqini,Ulqin,Crna Gora,Mali i Zi","potentialAction":[{"@type":"SearchAction","target":{"@type":"EntryPoint","urlTemplate":"https:\/\/www.visit-ulcinj.com\/blog\/?s={search_term_string}"},"query-input":"required name=search_term_string"}],"inLanguage":"en-US"},{"@type":"ImageObject","inLanguage":"en-US","@id":"https:\/\/www.visit-ulcinj.com\/blog\/2010\/08\/20\/pdp-nijesmo-odgovorni-za-ponavljanje-izbora\/#primaryimage","url":"https:\/\/www.visit-ulcinj.com\/blog\/wp-content\/uploads\/2010\/04\/Ali-Rexha_Lideri-i-PPD_se.jpg.1.jpg","contentUrl":"https:\/\/www.visit-ulcinj.com\/blog\/wp-content\/uploads\/2010\/04\/Ali-Rexha_Lideri-i-PPD_se.jpg.1.jpg","width":"1024","height":"768"},{"@type":"WebPage","@id":"https:\/\/www.visit-ulcinj.com\/blog\/2010\/08\/20\/pdp-nijesmo-odgovorni-za-ponavljanje-izbora\/#webpage","url":"https:\/\/www.visit-ulcinj.com\/blog\/2010\/08\/20\/pdp-nijesmo-odgovorni-za-ponavljanje-izbora\/","name":"PDP: Nijesmo odgovorni za ponavljanje izbora - Lajme nga Ulqini","isPartOf":{"@id":"https:\/\/www.visit-ulcinj.com\/blog\/#website"},"primaryImageOfPage":{"@id":"https:\/\/www.visit-ulcinj.com\/blog\/2010\/08\/20\/pdp-nijesmo-odgovorni-za-ponavljanje-izbora\/#primaryimage"},"datePublished":"2010-08-20T12:25:37+00:00","dateModified":"2010-08-20T13:34:36+00:00","author":{"@id":"https:\/\/www.visit-ulcinj.com\/blog\/#\/schema\/person\/dcab619c614d3038751c63bc2aadc06d"},"description":"Povodom raspisivanja lokalnih izbora u Op\u0161tini Ulcinj reagovala je i Partija demokratskog prosperiteta. U saop\u0161tenju te partije isti\u010de se da je funkcija","breadcrumb":{"@id":"https:\/\/www.visit-ulcinj.com\/blog\/2010\/08\/20\/pdp-nijesmo-odgovorni-za-ponavljanje-izbora\/#breadcrumb"},"inLanguage":"en-US","potentialAction":[{"@type":"ReadAction","target":["https:\/\/www.visit-ulcinj.com\/blog\/2010\/08\/20\/pdp-nijesmo-odgovorni-za-ponavljanje-izbora\/"]}]},{"@type":"BreadcrumbList","@id":"https:\/\/www.visit-ulcinj.com\/blog\/2010\/08\/20\/pdp-nijesmo-odgovorni-za-ponavljanje-izbora\/#breadcrumb","itemListElement":[{"@type":"ListItem","position":1,"name":"PDP: Nijesmo odgovorni za ponavljanje izbora"}]},{"@type":"Person","@id":"https:\/\/www.visit-ulcinj.com\/blog\/#\/schema\/person\/dcab619c614d3038751c63bc2aadc06d","name":"ulqini","sameAs":["http:\/\/www.visit-ulcinj.com"],"url":"https:\/\/www.visit-ulcinj.com\/blog\/author\/admin\/"}]}},"jetpack_featured_media_url":"","jetpack_sharing_enabled":true,"jetpack_shortlink":"https:\/\/wp.me\/pe6lTn-9pb","_links":{"self":[{"href":"https:\/\/www.visit-ulcinj.com\/blog\/wp-json\/wp\/v2\/posts\/36157"}],"collection":[{"href":"https:\/\/www.visit-ulcinj.com\/blog\/wp-json\/wp\/v2\/posts"}],"about":[{"href":"https:\/\/www.visit-ulcinj.com\/blog\/wp-json\/wp\/v2\/types\/post"}],"author":[{"embeddable":true,"href":"https:\/\/www.visit-ulcinj.com\/blog\/wp-json\/wp\/v2\/users\/1"}],"replies":[{"embeddable":true,"href":"https:\/\/www.visit-ulcinj.com\/blog\/wp-json\/wp\/v2\/comments?post=36157"}],"version-history":[{"count":0,"href":"https:\/\/www.visit-ulcinj.com\/blog\/wp-json\/wp\/v2\/posts\/36157\/revisions"}],"wp:attachment":[{"href":"https:\/\/www.visit-ulcinj.com\/blog\/wp-json\/wp\/v2\/media?parent=36157"}],"wp:term":[{"taxonomy":"category","embeddable":true,"href":"https:\/\/www.visit-ulcinj.com\/blog\/wp-json\/wp\/v2\/categories?post=36157"},{"taxonomy":"post_tag","embeddable":true,"href":"https:\/\/www.visit-ulcinj.com\/blog\/wp-json\/wp\/v2\/tags?post=36157"}],"curies":[{"name":"wp","href":"https:\/\/api.w.org\/{rel}","templated":true}]}}