{"id":36172,"date":"2010-08-20T15:15:50","date_gmt":"2010-08-20T13:15:50","guid":{"rendered":"http:\/\/www.visit-ulcinj.com\/blog\/?p=36172"},"modified":"2010-08-20T15:16:56","modified_gmt":"2010-08-20T13:16:56","slug":"sdp-nece-sa-dps-om","status":"publish","type":"post","link":"https:\/\/www.visit-ulcinj.com\/blog\/2010\/08\/20\/sdp-nece-sa-dps-om\/","title":{"rendered":"SDP ne\u0107e sa DPS-om"},"content":{"rendered":"<p><strong><a href=\"http:\/\/www.visit-ulcinj.com\/blog\/wp-content\/uploads\/2010\/08\/Selim-Resulbegoviq.jpg\"><img loading=\"lazy\" class=\"alignleft size-full wp-image-35745\" title=\"Selim Resulbegoviq_Selim Rasulbegovi\u0107\" src=\"http:\/\/www.visit-ulcinj.com\/blog\/wp-content\/uploads\/2010\/08\/Selim-Resulbegoviq.jpg\" alt=\"\" width=\"350\" height=\"518\" \/><\/a>Manji \u010dlan koalicije na vlasti, Forca, DS i PDP vjerovatno idu samostalno na ulcinjske izbore<br \/>\nZnaju\u0107i raspolo\u017eenje u \u010dlanstvu, stranci i op\u0161tinskom odboru, samostalni izlazak je izgledan, tvrdi Selim Rasulbegovi\u0107, \u010delnik ulcinjskog SDP-a.<\/strong><br \/>\nPredsjednik ulcinjskog odbora SDP-a Selim Rasulbegovi\u0107 kazao je ju\u010de &#8220;Danu&#8221; da \u0107e ta stranka, najvjerovatnije, na lokalnim izborima u najju\u017enijoj op\u0161tini, 17. oktobra, nastupiti samostalno. On je za &#8220;Dan&#8221; saop\u0161tio kako Socijaldemokratska partija bilje\u017ei konstantan rast podr\u0161ke u Ulcinju.<br \/>\n&#8211; Najvjerovatnije \u0107emo nastupiti samostalno, mada ostavljamo mogu\u0107nost da do\u0111e do neke koalicije. Ali, kako sada stvari stoje, \u0161to se nas ti\u010de, najvjerovatnije \u0107e do\u0107i do jo\u0161 jednog samostalnog nastupa &#8211; kazao je Rasulbegovi\u0107.<br \/>\nOn je rekao da je SDP pobolj\u0161ala za tri puta broj svojih glasova u Ulcinju u odnosu na rezulate izbora iz kraja 90-ih godina. Ponovio je da nakon prvih ovogodi\u0161njih lokalnih izbora, 23. maja, nije do\u0161lo do formiranja vlasti zato \u0161to nijesu uspjeli pregovori sa DPS-om.<br \/>\n&#8211; Mi smo najvi\u0161e razgovarali o funkciji predsjednika Skup\u0161tine op\u0161tine, za nas je to jako bitno mjesto, ono osigurava bolje odnose sa ostalim partijama. Kada su razgovori zavr\u0161eni, postalo je sasvim jasno da oni nikako ne \u017eele da se razgovara o imenovanju na\u0161eg kandidata za tu funkciju &#8211; kazao je Rasulbegovi\u0107.<br \/>\nU politici, smatra on, mo\u017ee se sve dogoditi i dosta toga iznenada promijeniti, ali nagla\u0161ava da SDP zasad ima plan da samostalno nastupi.<br \/>\n&#8211; Jednostavno, znaju\u0107i raspolo\u017eenje u \u010dlanstvu, stranci i op\u0161tinskom odboru, mislim da je samostalni izlazak izgledan, mada, ka\u017eem, ostavljamo mogu\u0107nost da se dogodi neka koalcija &#8211; rekao je Rasulbegovi\u0107.<br \/>\nPrema sada\u0161im kombinacijama u Ulcinju, opozicione stranke zadr\u017eavaju koaliciju i idu zajedno i na ove izbore. Predstavnik SNP-a Andrija \u0106etkovi\u0107 kazao je nedavno da nema razloga da se ne nastupi zajedno, istovremeno optu\u017euju\u0107i DPS i SDP da nijesu iskazale ozbiljnost.<br \/>\n&#8211; Glavni pregovara\u010di su u prethodnom periodu pokazali veliku dozu neozbiljnosti i tako, u mnogome, sebe diskvalifikovali kao ozbiljne pregovara\u010de u nekom narednom periodu. Vjerujem da su to gra\u0111ani u prepoznali i da \u0107e tu \u010dinjenicu znati da vrednuju na pravi na\u010din &#8211; istakao je \u0106etkovi\u0107.<br \/>\nTako\u0111e, albanske stranke FORCA, Partija demokratskog prosperiteta i Demokratski savez Albanaca najvjerovatnije \u0107e samostalno nastupiti na izborima, a 17. oktobra, shodno ranijoj odluci predsjednika dr\u017eave, bi\u0107e odr\u017eano ponovljeno glasanje i u Gradskoj op\u0161tini Golubovci.<br \/>\nNa izborima koji su odr\u017eani 23. maja, kada i u ostalih 13 op\u0161tina, koalicija DPS-DUA \u201eZa evropski Ulcinj&#8221; osvojila je 14 mandata. FORCA je osvojila 11 odborni\u010dkih mandata, opoziciona koalicija &#8220;Bolji Ulcinj-Bolja Crna Gora&#8221; dva, SDP i Partija demokratskog prosperiteta tako\u0111e po dva, dok su koalicija &#8220;Perspektiva&#8221;, i Demokratski savez Albanaca, osvojili po jedan mandat.<br \/>\n<strong>M.V.<\/strong><\/p>\n<p><strong>\u0160krelja na odmoru <\/strong><br \/>\nPredsjednik Op\u0161tinskog odbora DPS-a u Ulcinju Ljui\u0111 \u0160krelja kazao je ju\u010de da jo\u0161 nije donijeta odluka o nastupu na ponovljenim lokalnim izborima.<br \/>\n&#8211; Trenutno sam na odmoru, a odluka jo\u0161 nije donijeta. Vidje\u0107emo \u0161ta dalje, i kako \u0107emo nastupiti &#8211; kazao je \u0160krelja.<\/p>\n<p><strong>M.K.<br \/>\n<a href=\"http:\/\/www.dan.co.me\/?nivo=3&amp;rubrika=Politika&amp;clanak=243345&amp;datum=2010-08-19\" target=\"_blank\">DAN<\/a><\/strong><\/p>\n","protected":false},"excerpt":{"rendered":"<p>Manji \u010dlan koalicije na vlasti, Forca, DS i PDP vjerovatno idu samostalno na ulcinjske izbore Znaju\u0107i raspolo\u017eenje u \u010dlanstvu, stranci i op\u0161tinskom odboru, samostalni izlazak je izgledan, tvrdi Selim Rasulbegovi\u0107, \u010delnik ulcinjskog SDP-a. Predsjednik ulcinjskog odbora SDP-a Selim Rasulbegovi\u0107 kazao je ju\u010de &#8220;Danu&#8221; da \u0107e ta stranka, najvjerovatnije, na lokalnim izborima u najju\u017enijoj op\u0161tini, 17. [&hellip;]<\/p>\n","protected":false},"author":1,"featured_media":0,"comment_status":"open","ping_status":"closed","sticky":false,"template":"","format":"standard","meta":{"spay_email":"","jetpack_publicize_message":"","jetpack_is_tweetstorm":false,"jetpack_publicize_feature_enabled":true},"categories":[8337],"tags":[703,117,941,702,15048,15049,14821,19],"jetpack_publicize_connections":[],"yoast_head":"<!-- This site is optimized with the Yoast SEO plugin v19.1 - https:\/\/yoast.com\/wordpress\/plugins\/seo\/ -->\n<title>SDP ne\u0107e sa DPS-om - Lajme nga Ulqini<\/title>\n<meta name=\"description\" content=\"Manji \u010dlan koalicije na vlasti, Forca, DS i PDP vjerovatno idu samostalno na ulcinjske izbore Znaju\u0107i raspolo\u017eenje u \u010dlanstvu, stranci i op\u0161tinskom\" \/>\n<meta name=\"robots\" content=\"index, follow, max-snippet:-1, max-image-preview:large, max-video-preview:-1\" \/>\n<link rel=\"canonical\" href=\"https:\/\/www.visit-ulcinj.com\/blog\/2010\/08\/20\/sdp-nece-sa-dps-om\/\" \/>\n<meta property=\"og:locale\" content=\"en_US\" \/>\n<meta property=\"og:type\" content=\"article\" \/>\n<meta property=\"og:title\" content=\"SDP ne\u0107e sa DPS-om - Lajme nga Ulqini\" \/>\n<meta property=\"og:description\" content=\"Manji \u010dlan koalicije na vlasti, Forca, DS i PDP vjerovatno idu samostalno na ulcinjske izbore Znaju\u0107i raspolo\u017eenje u \u010dlanstvu, stranci i op\u0161tinskom\" \/>\n<meta property=\"og:url\" content=\"https:\/\/www.visit-ulcinj.com\/blog\/2010\/08\/20\/sdp-nece-sa-dps-om\/\" \/>\n<meta property=\"og:site_name\" content=\"Lajme nga Ulqini\" \/>\n<meta property=\"article:published_time\" content=\"2010-08-20T13:15:50+00:00\" \/>\n<meta property=\"article:modified_time\" content=\"2010-08-20T13:16:56+00:00\" \/>\n<meta property=\"og:image\" content=\"http:\/\/www.visit-ulcinj.com\/blog\/wp-content\/uploads\/2010\/08\/Selim-Resulbegoviq.jpg\" \/>\n<meta name=\"twitter:label1\" content=\"Written by\" \/>\n\t<meta name=\"twitter:data1\" content=\"ulqini\" \/>\n\t<meta name=\"twitter:label2\" content=\"Est. reading time\" \/>\n\t<meta name=\"twitter:data2\" content=\"3 minutes\" \/>\n<script type=\"application\/ld+json\" class=\"yoast-schema-graph\">{\"@context\":\"https:\/\/schema.org\",\"@graph\":[{\"@type\":\"WebSite\",\"@id\":\"https:\/\/www.visit-ulcinj.com\/blog\/#website\",\"url\":\"https:\/\/www.visit-ulcinj.com\/blog\/\",\"name\":\"Lajme nga Ulqini\",\"description\":\"Lajme,Vijesti,Ulqini,Ulqin,Crna Gora,Mali i Zi\",\"potentialAction\":[{\"@type\":\"SearchAction\",\"target\":{\"@type\":\"EntryPoint\",\"urlTemplate\":\"https:\/\/www.visit-ulcinj.com\/blog\/?s={search_term_string}\"},\"query-input\":\"required name=search_term_string\"}],\"inLanguage\":\"en-US\"},{\"@type\":\"ImageObject\",\"inLanguage\":\"en-US\",\"@id\":\"https:\/\/www.visit-ulcinj.com\/blog\/2010\/08\/20\/sdp-nece-sa-dps-om\/#primaryimage\",\"url\":\"https:\/\/www.visit-ulcinj.com\/blog\/wp-content\/uploads\/2010\/08\/Selim-Resulbegoviq.jpg\",\"contentUrl\":\"https:\/\/www.visit-ulcinj.com\/blog\/wp-content\/uploads\/2010\/08\/Selim-Resulbegoviq.jpg\",\"width\":\"490\",\"height\":\"518\"},{\"@type\":\"WebPage\",\"@id\":\"https:\/\/www.visit-ulcinj.com\/blog\/2010\/08\/20\/sdp-nece-sa-dps-om\/#webpage\",\"url\":\"https:\/\/www.visit-ulcinj.com\/blog\/2010\/08\/20\/sdp-nece-sa-dps-om\/\",\"name\":\"SDP ne\u0107e sa DPS-om - Lajme nga Ulqini\",\"isPartOf\":{\"@id\":\"https:\/\/www.visit-ulcinj.com\/blog\/#website\"},\"primaryImageOfPage\":{\"@id\":\"https:\/\/www.visit-ulcinj.com\/blog\/2010\/08\/20\/sdp-nece-sa-dps-om\/#primaryimage\"},\"datePublished\":\"2010-08-20T13:15:50+00:00\",\"dateModified\":\"2010-08-20T13:16:56+00:00\",\"author\":{\"@id\":\"https:\/\/www.visit-ulcinj.com\/blog\/#\/schema\/person\/dcab619c614d3038751c63bc2aadc06d\"},\"description\":\"Manji \u010dlan koalicije na vlasti, Forca, DS i PDP vjerovatno idu samostalno na ulcinjske izbore Znaju\u0107i raspolo\u017eenje u \u010dlanstvu, stranci i op\u0161tinskom\",\"breadcrumb\":{\"@id\":\"https:\/\/www.visit-ulcinj.com\/blog\/2010\/08\/20\/sdp-nece-sa-dps-om\/#breadcrumb\"},\"inLanguage\":\"en-US\",\"potentialAction\":[{\"@type\":\"ReadAction\",\"target\":[\"https:\/\/www.visit-ulcinj.com\/blog\/2010\/08\/20\/sdp-nece-sa-dps-om\/\"]}]},{\"@type\":\"BreadcrumbList\",\"@id\":\"https:\/\/www.visit-ulcinj.com\/blog\/2010\/08\/20\/sdp-nece-sa-dps-om\/#breadcrumb\",\"itemListElement\":[{\"@type\":\"ListItem\",\"position\":1,\"name\":\"SDP ne\u0107e sa DPS-om\"}]},{\"@type\":\"Person\",\"@id\":\"https:\/\/www.visit-ulcinj.com\/blog\/#\/schema\/person\/dcab619c614d3038751c63bc2aadc06d\",\"name\":\"ulqini\",\"sameAs\":[\"http:\/\/www.visit-ulcinj.com\"],\"url\":\"https:\/\/www.visit-ulcinj.com\/blog\/author\/admin\/\"}]}<\/script>\n<!-- \/ Yoast SEO plugin. -->","yoast_head_json":{"title":"SDP ne\u0107e sa DPS-om - Lajme nga Ulqini","description":"Manji \u010dlan koalicije na vlasti, Forca, DS i PDP vjerovatno idu samostalno na ulcinjske izbore Znaju\u0107i raspolo\u017eenje u \u010dlanstvu, stranci i op\u0161tinskom","robots":{"index":"index","follow":"follow","max-snippet":"max-snippet:-1","max-image-preview":"max-image-preview:large","max-video-preview":"max-video-preview:-1"},"canonical":"https:\/\/www.visit-ulcinj.com\/blog\/2010\/08\/20\/sdp-nece-sa-dps-om\/","og_locale":"en_US","og_type":"article","og_title":"SDP ne\u0107e sa DPS-om - Lajme nga Ulqini","og_description":"Manji \u010dlan koalicije na vlasti, Forca, DS i PDP vjerovatno idu samostalno na ulcinjske izbore Znaju\u0107i raspolo\u017eenje u \u010dlanstvu, stranci i op\u0161tinskom","og_url":"https:\/\/www.visit-ulcinj.com\/blog\/2010\/08\/20\/sdp-nece-sa-dps-om\/","og_site_name":"Lajme nga Ulqini","article_published_time":"2010-08-20T13:15:50+00:00","article_modified_time":"2010-08-20T13:16:56+00:00","og_image":[{"url":"http:\/\/www.visit-ulcinj.com\/blog\/wp-content\/uploads\/2010\/08\/Selim-Resulbegoviq.jpg"}],"twitter_misc":{"Written by":"ulqini","Est. reading time":"3 minutes"},"schema":{"@context":"https:\/\/schema.org","@graph":[{"@type":"WebSite","@id":"https:\/\/www.visit-ulcinj.com\/blog\/#website","url":"https:\/\/www.visit-ulcinj.com\/blog\/","name":"Lajme nga Ulqini","description":"Lajme,Vijesti,Ulqini,Ulqin,Crna Gora,Mali i Zi","potentialAction":[{"@type":"SearchAction","target":{"@type":"EntryPoint","urlTemplate":"https:\/\/www.visit-ulcinj.com\/blog\/?s={search_term_string}"},"query-input":"required name=search_term_string"}],"inLanguage":"en-US"},{"@type":"ImageObject","inLanguage":"en-US","@id":"https:\/\/www.visit-ulcinj.com\/blog\/2010\/08\/20\/sdp-nece-sa-dps-om\/#primaryimage","url":"https:\/\/www.visit-ulcinj.com\/blog\/wp-content\/uploads\/2010\/08\/Selim-Resulbegoviq.jpg","contentUrl":"https:\/\/www.visit-ulcinj.com\/blog\/wp-content\/uploads\/2010\/08\/Selim-Resulbegoviq.jpg","width":"490","height":"518"},{"@type":"WebPage","@id":"https:\/\/www.visit-ulcinj.com\/blog\/2010\/08\/20\/sdp-nece-sa-dps-om\/#webpage","url":"https:\/\/www.visit-ulcinj.com\/blog\/2010\/08\/20\/sdp-nece-sa-dps-om\/","name":"SDP ne\u0107e sa DPS-om - Lajme nga Ulqini","isPartOf":{"@id":"https:\/\/www.visit-ulcinj.com\/blog\/#website"},"primaryImageOfPage":{"@id":"https:\/\/www.visit-ulcinj.com\/blog\/2010\/08\/20\/sdp-nece-sa-dps-om\/#primaryimage"},"datePublished":"2010-08-20T13:15:50+00:00","dateModified":"2010-08-20T13:16:56+00:00","author":{"@id":"https:\/\/www.visit-ulcinj.com\/blog\/#\/schema\/person\/dcab619c614d3038751c63bc2aadc06d"},"description":"Manji \u010dlan koalicije na vlasti, Forca, DS i PDP vjerovatno idu samostalno na ulcinjske izbore Znaju\u0107i raspolo\u017eenje u \u010dlanstvu, stranci i op\u0161tinskom","breadcrumb":{"@id":"https:\/\/www.visit-ulcinj.com\/blog\/2010\/08\/20\/sdp-nece-sa-dps-om\/#breadcrumb"},"inLanguage":"en-US","potentialAction":[{"@type":"ReadAction","target":["https:\/\/www.visit-ulcinj.com\/blog\/2010\/08\/20\/sdp-nece-sa-dps-om\/"]}]},{"@type":"BreadcrumbList","@id":"https:\/\/www.visit-ulcinj.com\/blog\/2010\/08\/20\/sdp-nece-sa-dps-om\/#breadcrumb","itemListElement":[{"@type":"ListItem","position":1,"name":"SDP ne\u0107e sa DPS-om"}]},{"@type":"Person","@id":"https:\/\/www.visit-ulcinj.com\/blog\/#\/schema\/person\/dcab619c614d3038751c63bc2aadc06d","name":"ulqini","sameAs":["http:\/\/www.visit-ulcinj.com"],"url":"https:\/\/www.visit-ulcinj.com\/blog\/author\/admin\/"}]}},"jetpack_featured_media_url":"","jetpack_sharing_enabled":true,"jetpack_shortlink":"https:\/\/wp.me\/pe6lTn-9pq","_links":{"self":[{"href":"https:\/\/www.visit-ulcinj.com\/blog\/wp-json\/wp\/v2\/posts\/36172"}],"collection":[{"href":"https:\/\/www.visit-ulcinj.com\/blog\/wp-json\/wp\/v2\/posts"}],"about":[{"href":"https:\/\/www.visit-ulcinj.com\/blog\/wp-json\/wp\/v2\/types\/post"}],"author":[{"embeddable":true,"href":"https:\/\/www.visit-ulcinj.com\/blog\/wp-json\/wp\/v2\/users\/1"}],"replies":[{"embeddable":true,"href":"https:\/\/www.visit-ulcinj.com\/blog\/wp-json\/wp\/v2\/comments?post=36172"}],"version-history":[{"count":0,"href":"https:\/\/www.visit-ulcinj.com\/blog\/wp-json\/wp\/v2\/posts\/36172\/revisions"}],"wp:attachment":[{"href":"https:\/\/www.visit-ulcinj.com\/blog\/wp-json\/wp\/v2\/media?parent=36172"}],"wp:term":[{"taxonomy":"category","embeddable":true,"href":"https:\/\/www.visit-ulcinj.com\/blog\/wp-json\/wp\/v2\/categories?post=36172"},{"taxonomy":"post_tag","embeddable":true,"href":"https:\/\/www.visit-ulcinj.com\/blog\/wp-json\/wp\/v2\/tags?post=36172"}],"curies":[{"name":"wp","href":"https:\/\/api.w.org\/{rel}","templated":true}]}}