{"id":36208,"date":"2010-08-21T10:45:30","date_gmt":"2010-08-21T08:45:30","guid":{"rendered":"http:\/\/www.visit-ulcinj.com\/blog\/?p=36208"},"modified":"2010-08-21T10:48:02","modified_gmt":"2010-08-21T08:48:02","slug":"mirsa-kerceli-album-me-kenge-popullore","status":"publish","type":"post","link":"https:\/\/www.visit-ulcinj.com\/blog\/2010\/08\/21\/mirsa-kerceli-album-me-kenge-popullore\/","title":{"rendered":"Mirsa K\u00ebr\u00e7eli, album me k\u00ebng\u00eb popullore"},"content":{"rendered":"<p><a href=\"http:\/\/www.visit-ulcinj.com\/blog\/wp-content\/uploads\/2010\/08\/Mirsa-K\u00ebr\u00e7eli.jpg\"><img loading=\"lazy\" class=\"alignleft size-full wp-image-36209\" title=\"Mirsa K\u00ebr\u00e7eli\" src=\"http:\/\/www.visit-ulcinj.com\/blog\/wp-content\/uploads\/2010\/08\/Mirsa-K\u00ebr\u00e7eli.jpg\" alt=\"\" width=\"490\" height=\"380\" \/><\/a>Dita dit\u00ebs duket q\u00eb muzika popullore po bie n\u00eb binar\u00eb. Pavar\u00ebsisht zhanreve t\u00eb reja q\u00eb po zhvillohen n\u00eb tregun ton\u00eb muzikor\u00eb, k\u00ebng\u00ebtar\u00ebt nuk e harrojn\u00eb as k\u00ebng\u00ebt e vjetra popullore. K\u00ebsaj rruge iu \u00ebsht\u00eb bashkangjitur edhe k\u00ebng\u00ebtarja Mirsa K\u00ebr\u00e7eli e cila dit\u00eb m\u00eb par\u00eb ka realizuar nj\u00eb album me k\u00ebng\u00eb t\u00eb p\u00ebrpunuara popullore.<\/p>\n<p>Mirsa b\u00ebn me dije se k\u00ebt\u00eb zhan\u00ebr t\u00eb muzik\u00ebs e p\u00eblqen q\u00eb nga f\u00ebmij\u00ebria dhe gjithnj\u00eb e ka pasur d\u00ebshir\u00eb q\u00eb t\u00eb realizon nj\u00eb album m\u00eb k\u00ebng\u00eb popullore.<\/p>\n<p>\u201cEdhe pse kam k\u00ebnduar zhanre t\u00eb ndryshme n\u00eb muzik\u00eb kam pasur d\u00ebshir\u00eb ta sprovoj veten edhe n\u00eb k\u00ebt\u00eb zhan\u00ebr. Album titullohet \u201cDuro zem\u00ebr\u201d. Kjo k\u00ebng\u00eb \u00ebsht\u00eb e re e imja, nd\u00ebrsa k\u00ebng\u00ebt e tjera jan\u00eb t\u00eb p\u00ebrpunuara. Albumi \u00ebsht\u00eb punuar komplet t\u00eb Dritero Shaqiri. N\u00eb album ka k\u00ebng\u00eb si: \u201cKqyrni shoqe\u201d, \u201cPo t\u00eb p\u00ebrbej pash per\u00ebndin\u00eb\u201d, \u201cVet me the t\u00eb dua\u201d e t\u00eb tjera\u201d, u shpreh k\u00ebng\u00ebtarja K\u00ebr\u00e7eli.<\/p>\n<p>Ndon\u00ebse ka realizuar k\u00ebt\u00eb album, Mirsa zotohet se nuk e ka b\u00ebr\u00eb p\u00ebr \u00e7\u00ebshtje komerciale dhe as nuk \u00ebsht\u00eb arsyeje q\u00eb ajo t\u00eb k\u00ebndoj n\u00ebp\u00ebr ahengje familjare. \u201cNuk e kam b\u00ebr\u00eb p\u00ebr asnj\u00eb q\u00ebllim, por vet\u00ebm p\u00ebr d\u00ebshir\u00ebn time. Deri m\u00eb tash nuk kam k\u00ebnduar n\u00ebp\u00ebr ahengje familjare, por edhe n\u00ebse k\u00ebndoj nuk do t\u00eb ishte keq. Kam k\u00ebnduar n\u00ebp\u00ebr disa gazmendet e familjes time dhe jam pritur shum\u00eb mir\u00eb\u201d, thot\u00eb ajo duke pohuar se n\u00eb t\u00eb gjitha zhanret ndihet mir\u00eb, por m\u00eb shum\u00eb i fle shpirti te zhanri \u201cRNB\u201d.<\/p>\n<p>Angazhimet e shumta, nuk e lejuan q\u00eb t\u00eb realizoj k\u00ebng\u00eb t\u00eb re.<\/p>\n<p>Prej k\u00ebng\u00ebs \u201cStatus quo\u201d e cila p\u00ebr muaj t\u00eb t\u00ebr\u00eb \u00ebsht\u00eb d\u00ebgjuar nga publiku, Mirsa nuk ka sjell ndonj\u00eb k\u00ebng\u00eb t\u00eb re n\u00eb zhanrin e saj muzikor\u00eb. K\u00ebng\u00ebtarja gjilanas shprehet se angazhimet e shumta muzikore nuk ia kan\u00eb mund\u00ebsuar q\u00eb t\u00eb punoj ndonj\u00eb k\u00ebng\u00eb tjet\u00ebr t\u00eb re p\u00ebr sezonin veror\u00eb.<\/p>\n<p>\u201cKam pasur shum\u00eb angazhime gjat\u00eb k\u00ebtij sezoni veror\u00eb dhe nuk gjeta koh\u00eb q\u00eb t\u00eb punoj ndonj\u00eb k\u00ebng\u00eb tjet\u00ebr t\u00eb re. Mir\u00ebpo, jam duke punuar q\u00eb shum\u00eb shpejt t\u00eb vij m\u00eb nj\u00eb k\u00ebng\u00eb t\u00eb re t\u00eb cil\u00ebs shpresoj se do t\u00eb ia realizoj edhe videoklipin\u201d, pohoi K\u00ebr\u00e7eli duke shtuar se ende nuk ka vendos q\u00eb a do t\u00eb jet\u00eb pjes\u00eb e festivaleve muzikore.<\/p>\n<p>\u201cNuk e di a do t\u00eb marr pjes\u00eb. Festivalet jan\u00eb shum\u00eb t\u00eb mira p\u00ebr t\u00eb promovuar k\u00ebng\u00ebn dhe un\u00eb gjithmon\u00eb kam kujtime t\u00eb bukura. Por, ende nuk kam vendosur se \u00e7far\u00eb do t\u00eb b\u00ebj p\u00ebr k\u00ebt\u00eb vit\u201d. Tutje k\u00ebng\u00ebtarja K\u00ebr\u00e7eli pohoi se akoma nuk ka qen\u00eb n\u00eb pushime verore por ajo mendon se jav\u00ebn tjet\u00ebr do t\u00eb shkoj p\u00ebr disa dit\u00eb.<\/p>\n<p><strong>Shqipmedia<br \/>\n<br \/>\n<!--YouTube Error: bad URL entered--><\/strong><\/p>\n<p><strong> <\/strong><\/p>\n","protected":false},"excerpt":{"rendered":"<p>Dita dit\u00ebs duket q\u00eb muzika popullore po bie n\u00eb binar\u00eb. Pavar\u00ebsisht zhanreve t\u00eb reja q\u00eb po zhvillohen n\u00eb tregun ton\u00eb muzikor\u00eb, k\u00ebng\u00ebtar\u00ebt nuk e harrojn\u00eb as k\u00ebng\u00ebt e vjetra popullore. K\u00ebsaj rruge iu \u00ebsht\u00eb bashkangjitur edhe k\u00ebng\u00ebtarja Mirsa K\u00ebr\u00e7eli e cila dit\u00eb m\u00eb par\u00eb ka realizuar nj\u00eb album me k\u00ebng\u00eb t\u00eb p\u00ebrpunuara popullore. Mirsa b\u00ebn [&hellip;]<\/p>\n","protected":false},"author":1,"featured_media":0,"comment_status":"open","ping_status":"closed","sticky":false,"template":"","format":"standard","meta":{"spay_email":"","jetpack_publicize_message":"","jetpack_is_tweetstorm":false,"jetpack_publicize_feature_enabled":true},"categories":[1],"tags":[8998],"jetpack_publicize_connections":[],"yoast_head":"<!-- This site is optimized with the Yoast SEO plugin v19.1 - https:\/\/yoast.com\/wordpress\/plugins\/seo\/ -->\n<title>Mirsa K\u00ebr\u00e7eli, album me k\u00ebng\u00eb popullore - Lajme nga Ulqini<\/title>\n<meta name=\"description\" content=\"Dita dit\u00ebs duket q\u00eb muzika popullore po bie n\u00eb binar\u00eb. Pavar\u00ebsisht zhanreve t\u00eb reja q\u00eb po zhvillohen n\u00eb tregun ton\u00eb muzikor\u00eb, k\u00ebng\u00ebtar\u00ebt nuk e harrojn\u00eb as\" \/>\n<meta name=\"robots\" content=\"index, follow, max-snippet:-1, max-image-preview:large, max-video-preview:-1\" \/>\n<link rel=\"canonical\" href=\"https:\/\/www.visit-ulcinj.com\/blog\/2010\/08\/21\/mirsa-kerceli-album-me-kenge-popullore\/\" \/>\n<meta property=\"og:locale\" content=\"en_US\" \/>\n<meta property=\"og:type\" content=\"article\" \/>\n<meta property=\"og:title\" content=\"Mirsa K\u00ebr\u00e7eli, album me k\u00ebng\u00eb popullore - Lajme nga Ulqini\" \/>\n<meta property=\"og:description\" content=\"Dita dit\u00ebs duket q\u00eb muzika popullore po bie n\u00eb binar\u00eb. Pavar\u00ebsisht zhanreve t\u00eb reja q\u00eb po zhvillohen n\u00eb tregun ton\u00eb muzikor\u00eb, k\u00ebng\u00ebtar\u00ebt nuk e harrojn\u00eb as\" \/>\n<meta property=\"og:url\" content=\"https:\/\/www.visit-ulcinj.com\/blog\/2010\/08\/21\/mirsa-kerceli-album-me-kenge-popullore\/\" \/>\n<meta property=\"og:site_name\" content=\"Lajme nga Ulqini\" \/>\n<meta property=\"article:published_time\" content=\"2010-08-21T08:45:30+00:00\" \/>\n<meta property=\"article:modified_time\" content=\"2010-08-21T08:48:02+00:00\" \/>\n<meta property=\"og:image\" content=\"https:\/\/www.visit-ulcinj.com\/blog\/wp-content\/uploads\/2010\/08\/Mirsa-K\u00ebr\u00e7eli-150x150.jpg\" \/>\n<meta name=\"twitter:label1\" content=\"Written by\" \/>\n\t<meta name=\"twitter:data1\" content=\"ulqini\" \/>\n\t<meta name=\"twitter:label2\" content=\"Est. reading time\" \/>\n\t<meta name=\"twitter:data2\" content=\"3 minutes\" \/>\n<script type=\"application\/ld+json\" class=\"yoast-schema-graph\">{\"@context\":\"https:\/\/schema.org\",\"@graph\":[{\"@type\":\"WebSite\",\"@id\":\"https:\/\/www.visit-ulcinj.com\/blog\/#website\",\"url\":\"https:\/\/www.visit-ulcinj.com\/blog\/\",\"name\":\"Lajme nga Ulqini\",\"description\":\"Lajme,Vijesti,Ulqini,Ulqin,Crna Gora,Mali i Zi\",\"potentialAction\":[{\"@type\":\"SearchAction\",\"target\":{\"@type\":\"EntryPoint\",\"urlTemplate\":\"https:\/\/www.visit-ulcinj.com\/blog\/?s={search_term_string}\"},\"query-input\":\"required name=search_term_string\"}],\"inLanguage\":\"en-US\"},{\"@type\":\"WebPage\",\"@id\":\"https:\/\/www.visit-ulcinj.com\/blog\/2010\/08\/21\/mirsa-kerceli-album-me-kenge-popullore\/#webpage\",\"url\":\"https:\/\/www.visit-ulcinj.com\/blog\/2010\/08\/21\/mirsa-kerceli-album-me-kenge-popullore\/\",\"name\":\"Mirsa K\u00ebr\u00e7eli, album me k\u00ebng\u00eb popullore - Lajme nga Ulqini\",\"isPartOf\":{\"@id\":\"https:\/\/www.visit-ulcinj.com\/blog\/#website\"},\"datePublished\":\"2010-08-21T08:45:30+00:00\",\"dateModified\":\"2010-08-21T08:48:02+00:00\",\"author\":{\"@id\":\"https:\/\/www.visit-ulcinj.com\/blog\/#\/schema\/person\/dcab619c614d3038751c63bc2aadc06d\"},\"description\":\"Dita dit\u00ebs duket q\u00eb muzika popullore po bie n\u00eb binar\u00eb. Pavar\u00ebsisht zhanreve t\u00eb reja q\u00eb po zhvillohen n\u00eb tregun ton\u00eb muzikor\u00eb, k\u00ebng\u00ebtar\u00ebt nuk e harrojn\u00eb as\",\"breadcrumb\":{\"@id\":\"https:\/\/www.visit-ulcinj.com\/blog\/2010\/08\/21\/mirsa-kerceli-album-me-kenge-popullore\/#breadcrumb\"},\"inLanguage\":\"en-US\",\"potentialAction\":[{\"@type\":\"ReadAction\",\"target\":[\"https:\/\/www.visit-ulcinj.com\/blog\/2010\/08\/21\/mirsa-kerceli-album-me-kenge-popullore\/\"]}]},{\"@type\":\"BreadcrumbList\",\"@id\":\"https:\/\/www.visit-ulcinj.com\/blog\/2010\/08\/21\/mirsa-kerceli-album-me-kenge-popullore\/#breadcrumb\",\"itemListElement\":[{\"@type\":\"ListItem\",\"position\":1,\"name\":\"Mirsa K\u00ebr\u00e7eli, album me k\u00ebng\u00eb popullore\"}]},{\"@type\":\"Person\",\"@id\":\"https:\/\/www.visit-ulcinj.com\/blog\/#\/schema\/person\/dcab619c614d3038751c63bc2aadc06d\",\"name\":\"ulqini\",\"sameAs\":[\"http:\/\/www.visit-ulcinj.com\"],\"url\":\"https:\/\/www.visit-ulcinj.com\/blog\/author\/admin\/\"}]}<\/script>\n<!-- \/ Yoast SEO plugin. -->","yoast_head_json":{"title":"Mirsa K\u00ebr\u00e7eli, album me k\u00ebng\u00eb popullore - Lajme nga Ulqini","description":"Dita dit\u00ebs duket q\u00eb muzika popullore po bie n\u00eb binar\u00eb. Pavar\u00ebsisht zhanreve t\u00eb reja q\u00eb po zhvillohen n\u00eb tregun ton\u00eb muzikor\u00eb, k\u00ebng\u00ebtar\u00ebt nuk e harrojn\u00eb as","robots":{"index":"index","follow":"follow","max-snippet":"max-snippet:-1","max-image-preview":"max-image-preview:large","max-video-preview":"max-video-preview:-1"},"canonical":"https:\/\/www.visit-ulcinj.com\/blog\/2010\/08\/21\/mirsa-kerceli-album-me-kenge-popullore\/","og_locale":"en_US","og_type":"article","og_title":"Mirsa K\u00ebr\u00e7eli, album me k\u00ebng\u00eb popullore - Lajme nga Ulqini","og_description":"Dita dit\u00ebs duket q\u00eb muzika popullore po bie n\u00eb binar\u00eb. Pavar\u00ebsisht zhanreve t\u00eb reja q\u00eb po zhvillohen n\u00eb tregun ton\u00eb muzikor\u00eb, k\u00ebng\u00ebtar\u00ebt nuk e harrojn\u00eb as","og_url":"https:\/\/www.visit-ulcinj.com\/blog\/2010\/08\/21\/mirsa-kerceli-album-me-kenge-popullore\/","og_site_name":"Lajme nga Ulqini","article_published_time":"2010-08-21T08:45:30+00:00","article_modified_time":"2010-08-21T08:48:02+00:00","og_image":[{"url":"https:\/\/www.visit-ulcinj.com\/blog\/wp-content\/uploads\/2010\/08\/Mirsa-K\u00ebr\u00e7eli-150x150.jpg"}],"twitter_misc":{"Written by":"ulqini","Est. reading time":"3 minutes"},"schema":{"@context":"https:\/\/schema.org","@graph":[{"@type":"WebSite","@id":"https:\/\/www.visit-ulcinj.com\/blog\/#website","url":"https:\/\/www.visit-ulcinj.com\/blog\/","name":"Lajme nga Ulqini","description":"Lajme,Vijesti,Ulqini,Ulqin,Crna Gora,Mali i Zi","potentialAction":[{"@type":"SearchAction","target":{"@type":"EntryPoint","urlTemplate":"https:\/\/www.visit-ulcinj.com\/blog\/?s={search_term_string}"},"query-input":"required name=search_term_string"}],"inLanguage":"en-US"},{"@type":"WebPage","@id":"https:\/\/www.visit-ulcinj.com\/blog\/2010\/08\/21\/mirsa-kerceli-album-me-kenge-popullore\/#webpage","url":"https:\/\/www.visit-ulcinj.com\/blog\/2010\/08\/21\/mirsa-kerceli-album-me-kenge-popullore\/","name":"Mirsa K\u00ebr\u00e7eli, album me k\u00ebng\u00eb popullore - Lajme nga Ulqini","isPartOf":{"@id":"https:\/\/www.visit-ulcinj.com\/blog\/#website"},"datePublished":"2010-08-21T08:45:30+00:00","dateModified":"2010-08-21T08:48:02+00:00","author":{"@id":"https:\/\/www.visit-ulcinj.com\/blog\/#\/schema\/person\/dcab619c614d3038751c63bc2aadc06d"},"description":"Dita dit\u00ebs duket q\u00eb muzika popullore po bie n\u00eb binar\u00eb. Pavar\u00ebsisht zhanreve t\u00eb reja q\u00eb po zhvillohen n\u00eb tregun ton\u00eb muzikor\u00eb, k\u00ebng\u00ebtar\u00ebt nuk e harrojn\u00eb as","breadcrumb":{"@id":"https:\/\/www.visit-ulcinj.com\/blog\/2010\/08\/21\/mirsa-kerceli-album-me-kenge-popullore\/#breadcrumb"},"inLanguage":"en-US","potentialAction":[{"@type":"ReadAction","target":["https:\/\/www.visit-ulcinj.com\/blog\/2010\/08\/21\/mirsa-kerceli-album-me-kenge-popullore\/"]}]},{"@type":"BreadcrumbList","@id":"https:\/\/www.visit-ulcinj.com\/blog\/2010\/08\/21\/mirsa-kerceli-album-me-kenge-popullore\/#breadcrumb","itemListElement":[{"@type":"ListItem","position":1,"name":"Mirsa K\u00ebr\u00e7eli, album me k\u00ebng\u00eb popullore"}]},{"@type":"Person","@id":"https:\/\/www.visit-ulcinj.com\/blog\/#\/schema\/person\/dcab619c614d3038751c63bc2aadc06d","name":"ulqini","sameAs":["http:\/\/www.visit-ulcinj.com"],"url":"https:\/\/www.visit-ulcinj.com\/blog\/author\/admin\/"}]}},"jetpack_featured_media_url":"","jetpack_sharing_enabled":true,"jetpack_shortlink":"https:\/\/wp.me\/pe6lTn-9q0","_links":{"self":[{"href":"https:\/\/www.visit-ulcinj.com\/blog\/wp-json\/wp\/v2\/posts\/36208"}],"collection":[{"href":"https:\/\/www.visit-ulcinj.com\/blog\/wp-json\/wp\/v2\/posts"}],"about":[{"href":"https:\/\/www.visit-ulcinj.com\/blog\/wp-json\/wp\/v2\/types\/post"}],"author":[{"embeddable":true,"href":"https:\/\/www.visit-ulcinj.com\/blog\/wp-json\/wp\/v2\/users\/1"}],"replies":[{"embeddable":true,"href":"https:\/\/www.visit-ulcinj.com\/blog\/wp-json\/wp\/v2\/comments?post=36208"}],"version-history":[{"count":0,"href":"https:\/\/www.visit-ulcinj.com\/blog\/wp-json\/wp\/v2\/posts\/36208\/revisions"}],"wp:attachment":[{"href":"https:\/\/www.visit-ulcinj.com\/blog\/wp-json\/wp\/v2\/media?parent=36208"}],"wp:term":[{"taxonomy":"category","embeddable":true,"href":"https:\/\/www.visit-ulcinj.com\/blog\/wp-json\/wp\/v2\/categories?post=36208"},{"taxonomy":"post_tag","embeddable":true,"href":"https:\/\/www.visit-ulcinj.com\/blog\/wp-json\/wp\/v2\/tags?post=36208"}],"curies":[{"name":"wp","href":"https:\/\/api.w.org\/{rel}","templated":true}]}}