{"id":36231,"date":"2010-08-21T13:02:57","date_gmt":"2010-08-21T11:02:57","guid":{"rendered":"http:\/\/www.visit-ulcinj.com\/blog\/?p=36231"},"modified":"2010-09-05T19:29:44","modified_gmt":"2010-09-05T17:29:44","slug":"kombinatorika-politike-ne-sezonin-veror","status":"publish","type":"post","link":"https:\/\/www.visit-ulcinj.com\/blog\/2010\/08\/21\/kombinatorika-politike-ne-sezonin-veror\/","title":{"rendered":"Kombinatorika politike n\u00eb sezonin veror"},"content":{"rendered":"<p><strong><img loading=\"lazy\" class=\"alignleft\" title=\"sezonin veror ne ulqin\" src=\"http:\/\/www.visit-ulcinj.com\/blog\/wp-content\/uploads\/2009\/11\/Pushimet-ne-Ulqin.jpg\" alt=\"\" width=\"350\" height=\"378\" \/>Nuk mund t\u00eb themi q\u00eb kemi p\u00ebrparuar\u00a0mjaft p\u00ebr nga oferta turistike, por\u00a0si duket me k\u00ebt\u00eb ofert\u00eb jan\u00eb m\u00ebsuar\u00a0edhe mysafir\u00ebt edhe vet\u00eb vendasit,\u00a0k\u00ebshtu q\u00eb nga ky aspekt nuk ka\u00a0ndonj\u00eb v\u00ebrejtje serioze<\/strong><em><strong>.<\/strong><br \/>\n<\/em>Skena politike n\u00eb komun\u00ebn e Ulqinit ende\u00a0duket e turbullt.Edhepse zgjedhjet kan\u00eb mbaruar\u00a0tash sa koh\u00eb, ende nuk shihet drita n\u00eb fund t\u00eb\u00a0tunelit dhe ende nuk \u00ebsht\u00eb formuar shumica\u00a0qeveris\u00ebse.Si duket partit\u00eb duke luajtur me\u00a0kombinimet e veta politike apo kuazipolitike\u00a0apo pse jo edhe lojra politike, nuk po i japin\u00a0fund k\u00ebtij ankthi politik n\u00eb sken\u00ebn e\u00a0Ulqinit.Edhepse sezoni turistik \u00ebsht\u00eb n\u00eb kulmin\u00a0e vet\u00eb,edhepse mund t\u00eb jemi t\u00eb k\u00ebnaqur me\u00a0numrin e vizitor\u00ebve ,por ndoshta jo edhe me t\u00eb\u00a0ardhurat,por si\u00e7 thuhet gjith\u00e7ka \u00ebsht\u00eb relative e\u00a0jo absolute,andaj ashtu duhet marrur edhe t\u00eb\u00a0dh\u00ebnat zyrtare si dhe impresionet e e vet\u00eb qiradh\u00ebn\u00ebsve\u00a0dhe vet\u00eb qytetar\u00ebve t\u00eb Ulqinit.N\u00eb k\u00ebt\u00eb\u00a0v\u00ebrshim turistik kryesisht nga Kosova,mund ti\u00a0fal\u00ebnderohemi pik s\u00eb pari autostrad\u00ebs moderne\u00a0Prizren \u2013Durr\u00ebs, e cila ka shkurtuar rrug\u00ebn ve\u00e7\u00a0p\u00ebr disa or\u00eb.Para disa dit\u00ebsh piva kafe me nj\u00eb\u00a0turist kosovar, i cili m\u00eb tha q\u00eb \u00ebsht\u00eb e\u00a0paimagjinueshme q\u00eb tash\u00eb mund t\u00eb vim\u00eb n\u00eb\u00a0Ulqin vet\u00ebm p\u00ebr uikend dhe t\u00eb kthehemi n\u00eb\u00a0sht\u00ebpi.Kjo p\u00ebrpara ka qen\u00eb e pamundur dhe ky\u00a0fakt normalisht g\u00ebzon edhe kosovar\u00ebt edhe\u00a0ulqinak\u00ebt. Nuk mund t\u00eb themi q\u00eb kemi p\u00ebrparuar\u00a0mjaft p\u00ebr nga oferta turistike , por si duket\u00a0me k\u00ebt\u00eb ofert\u00eb jan\u00eb m\u00ebsuar edhe mysafir\u00ebt edhe\u00a0vet\u00eb vendasit, k\u00ebshtu q\u00eb nga ky aspekt nuk ka\u00a0ndonj\u00eb v\u00ebrejtje seioze.\u00a0N\u00eb k\u00ebto momente q\u00eb jam\u00eb duke e shkruar k\u00ebt\u00eb\u00a0tekst,me siguri do ti jepet zgjidhja ng\u00ebr\u00e7it politik\u00a0n\u00eb sken\u00ebn politike t\u00eb Ulqinit. Ose do t\u00eb jet\u00eb\u00a0formuar shumica qeveris\u00ebse, ose do t\u00eb shkohet\u00a0n\u00eb zgjedhje t\u00eb reja. Por, aty nuk \u00ebsht\u00ebpoenta.\u00a0Poenta \u00ebsht\u00eb q\u00eb qytetar\u00ebt jan\u00eb ende n\u00ebn impresionet\u00a0dhe me ato premtime si m\u00eb par\u00eb.\u00a0Investime t\u00eb panum\u00ebrta, pun\u00ebsime, hotele t\u00eb\u00a0reja, dhe infrastruktur\u00eb moderne. V\u00ebshtir\u00eb se\u00a0tashm\u00eb populli i m\u00ebsuar me k\u00ebsi premtimesh,\u00a0do t\u00eb bij\u00eb n\u00eb po t\u00eb nj\u00ebjt\u00ebn grack\u00eb. Populli \u00ebsht\u00eb\u00a0i vet\u00ebdijsh\u00ebm q\u00eb nomenklatura politike e\u00a0Ulqinit duhet ti sillet qytetarit,ulqinakut. Duhet\u00a0ti sillet Ulqinit. Vet\u00ebm at\u00ebher\u00eb kur ta ndjer\u00eb \u00e7do\u00a0gur t\u00eb kalldramit t\u00eb Kalas\u00eb dhe t\u00eb bedenave t\u00eb\u00a0saj\u00eb t\u00eb mo\u00e7me si t\u00eb vetin, vet\u00ebm at\u00ebher\u00eb kur\u00a0edhe rrug\u00ebt dhe qyteti t\u00eb nd\u00ebrtohet n\u00eb nj\u00eb qytet\u00a0bashk\u00ebkohor\u00eb modern bregdetar dhe ta kuptojn\u00eb\u00a0k\u00ebt\u00eb politikan\u00ebt tan\u00eb,at\u00ebher\u00eb nuk do t\u00eb kemi\u00a0fjal\u00eb dhe premtime boshe pa perspektiv\u00eb dhe pa\u00a0nj\u00eb vizion t\u00eb qart\u00eb zhvillimor. Besojm\u00eb q\u00eb politikan\u00ebt\u00a0tan\u00eb e p\u00ebrjetojn\u00eb Ulqinin si t\u00eb vetin dhe\u00a0e duan at\u00eb sikur oborret e sht\u00ebpive t\u00eb tyre dhe\u00a0do t\u00eb jen\u00eb koshient dhe me nj\u00eb mas\u00eb t\u00eb lart\u00eb t\u00eb\u00a0p\u00ebrgjegj\u00ebsis\u00eb p\u00ebr k\u00ebt\u00eb qytet t\u00eb lasht\u00eb. Do t\u00eb\u00a0ken\u00eb dashuri p\u00ebr k\u00ebt\u00eb vend aq\u00eb t\u00eb begat\u00eb dhe t\u00eb\u00a0cilit Zoti nuk i ka lan\u00eb kusur.\u00a0Shpresojm\u00eb dhe presim.\u00a0Pik\u00ebpamjet e shprehura n\u00eb faqet opinione &amp;<br \/>\nPopulli \u00ebsht\u00eb i vet\u00ebdijsh\u00ebm q\u00eb nomenklatura politike e Ulqinit duhet ti sillet\u00a0qytetarit,ulqinakut. Duhet ti sillet Ulqinit. Vet\u00ebm at\u00ebher\u00eb kur ta ndjer\u00eb \u00e7do\u00a0gur t\u00eb kalldramit t\u00eb Kalas\u00eb dhe t\u00eb bedenave t\u00eb saj\u00eb t\u00eb mo\u00e7me si t\u00eb vetin,\u00a0vet\u00ebm at\u00ebher\u00eb kur edhe rrug\u00ebt dhe qyteti t\u00eb nd\u00ebrtohet n\u00eb nj\u00eb qytet\u00a0bashk\u00ebkohor\u00eb modern bregdetar dhe ta kuptojn\u00eb k\u00ebt\u00eb politikan\u00ebt\u00a0tan\u00eb,at\u00ebher\u00eb nuk do t\u00eb kemi fjal\u00eb dhe premtime boshe pa perspektiv\u00eb dhe\u00a0pa nj\u00eb vizion t\u00eb qart\u00eb zhvillimor.<\/p>\n<p><strong>Enver Mollabeqiri \u2013 Eno<br \/>\nKoha Javore<br \/>\n<!--YouTube Error: bad URL entered--><\/strong><\/p>\n","protected":false},"excerpt":{"rendered":"<p>Nuk mund t\u00eb themi q\u00eb kemi p\u00ebrparuar\u00a0mjaft p\u00ebr nga oferta turistike, por\u00a0si duket me k\u00ebt\u00eb ofert\u00eb jan\u00eb m\u00ebsuar\u00a0edhe mysafir\u00ebt edhe vet\u00eb vendasit,\u00a0k\u00ebshtu q\u00eb nga ky aspekt nuk ka\u00a0ndonj\u00eb v\u00ebrejtje serioze. Skena politike n\u00eb komun\u00ebn e Ulqinit ende\u00a0duket e turbullt.Edhepse zgjedhjet kan\u00eb mbaruar\u00a0tash sa koh\u00eb, ende nuk shihet drita n\u00eb fund t\u00eb\u00a0tunelit dhe ende nuk \u00ebsht\u00eb [&hellip;]<\/p>\n","protected":false},"author":1,"featured_media":0,"comment_status":"open","ping_status":"closed","sticky":false,"template":"","format":"standard","meta":{"spay_email":"","jetpack_publicize_message":"","jetpack_is_tweetstorm":false,"jetpack_publicize_feature_enabled":true},"categories":[10],"tags":[22016,15061],"jetpack_publicize_connections":[],"yoast_head":"<!-- This site is optimized with the Yoast SEO plugin v19.1 - https:\/\/yoast.com\/wordpress\/plugins\/seo\/ -->\n<title>Kombinatorika politike n\u00eb sezonin veror - Lajme nga Ulqini<\/title>\n<meta name=\"description\" content=\"Nuk mund t\u00eb themi q\u00eb kemi p\u00ebrparuar\u00a0mjaft p\u00ebr nga oferta turistike, por\u00a0si duket me k\u00ebt\u00eb ofert\u00eb jan\u00eb m\u00ebsuar\u00a0edhe mysafir\u00ebt edhe vet\u00eb vendasit,\u00a0k\u00ebshtu q\u00eb\" \/>\n<meta name=\"robots\" content=\"index, follow, max-snippet:-1, max-image-preview:large, max-video-preview:-1\" \/>\n<link rel=\"canonical\" href=\"https:\/\/www.visit-ulcinj.com\/blog\/2010\/08\/21\/kombinatorika-politike-ne-sezonin-veror\/\" \/>\n<meta property=\"og:locale\" content=\"en_US\" \/>\n<meta property=\"og:type\" content=\"article\" \/>\n<meta property=\"og:title\" content=\"Kombinatorika politike n\u00eb sezonin veror - Lajme nga Ulqini\" \/>\n<meta property=\"og:description\" content=\"Nuk mund t\u00eb themi q\u00eb kemi p\u00ebrparuar\u00a0mjaft p\u00ebr nga oferta turistike, por\u00a0si duket me k\u00ebt\u00eb ofert\u00eb jan\u00eb m\u00ebsuar\u00a0edhe mysafir\u00ebt edhe vet\u00eb vendasit,\u00a0k\u00ebshtu q\u00eb\" \/>\n<meta property=\"og:url\" content=\"https:\/\/www.visit-ulcinj.com\/blog\/2010\/08\/21\/kombinatorika-politike-ne-sezonin-veror\/\" \/>\n<meta property=\"og:site_name\" content=\"Lajme nga Ulqini\" \/>\n<meta property=\"article:published_time\" content=\"2010-08-21T11:02:57+00:00\" \/>\n<meta property=\"article:modified_time\" content=\"2010-09-05T17:29:44+00:00\" \/>\n<meta property=\"og:image\" content=\"http:\/\/www.visit-ulcinj.com\/blog\/wp-content\/uploads\/2009\/11\/Pushimet-ne-Ulqin.jpg\" \/>\n<meta name=\"twitter:label1\" content=\"Written by\" \/>\n\t<meta name=\"twitter:data1\" content=\"ulqini\" \/>\n\t<meta name=\"twitter:label2\" content=\"Est. reading time\" \/>\n\t<meta name=\"twitter:data2\" content=\"3 minutes\" \/>\n<script type=\"application\/ld+json\" class=\"yoast-schema-graph\">{\"@context\":\"https:\/\/schema.org\",\"@graph\":[{\"@type\":\"WebSite\",\"@id\":\"https:\/\/www.visit-ulcinj.com\/blog\/#website\",\"url\":\"https:\/\/www.visit-ulcinj.com\/blog\/\",\"name\":\"Lajme nga Ulqini\",\"description\":\"Lajme,Vijesti,Ulqini,Ulqin,Crna Gora,Mali i Zi\",\"potentialAction\":[{\"@type\":\"SearchAction\",\"target\":{\"@type\":\"EntryPoint\",\"urlTemplate\":\"https:\/\/www.visit-ulcinj.com\/blog\/?s={search_term_string}\"},\"query-input\":\"required name=search_term_string\"}],\"inLanguage\":\"en-US\"},{\"@type\":\"ImageObject\",\"inLanguage\":\"en-US\",\"@id\":\"https:\/\/www.visit-ulcinj.com\/blog\/2010\/08\/21\/kombinatorika-politike-ne-sezonin-veror\/#primaryimage\",\"url\":\"https:\/\/www.visit-ulcinj.com\/blog\/wp-content\/uploads\/2009\/11\/Pushimet-ne-Ulqin.jpg\",\"contentUrl\":\"https:\/\/www.visit-ulcinj.com\/blog\/wp-content\/uploads\/2009\/11\/Pushimet-ne-Ulqin.jpg\",\"width\":\"380\",\"height\":\"378\"},{\"@type\":\"WebPage\",\"@id\":\"https:\/\/www.visit-ulcinj.com\/blog\/2010\/08\/21\/kombinatorika-politike-ne-sezonin-veror\/#webpage\",\"url\":\"https:\/\/www.visit-ulcinj.com\/blog\/2010\/08\/21\/kombinatorika-politike-ne-sezonin-veror\/\",\"name\":\"Kombinatorika politike n\u00eb sezonin veror - Lajme nga Ulqini\",\"isPartOf\":{\"@id\":\"https:\/\/www.visit-ulcinj.com\/blog\/#website\"},\"primaryImageOfPage\":{\"@id\":\"https:\/\/www.visit-ulcinj.com\/blog\/2010\/08\/21\/kombinatorika-politike-ne-sezonin-veror\/#primaryimage\"},\"datePublished\":\"2010-08-21T11:02:57+00:00\",\"dateModified\":\"2010-09-05T17:29:44+00:00\",\"author\":{\"@id\":\"https:\/\/www.visit-ulcinj.com\/blog\/#\/schema\/person\/dcab619c614d3038751c63bc2aadc06d\"},\"description\":\"Nuk mund t\u00eb themi q\u00eb kemi p\u00ebrparuar\u00a0mjaft p\u00ebr nga oferta turistike, por\u00a0si duket me k\u00ebt\u00eb ofert\u00eb jan\u00eb m\u00ebsuar\u00a0edhe mysafir\u00ebt edhe vet\u00eb vendasit,\u00a0k\u00ebshtu q\u00eb\",\"breadcrumb\":{\"@id\":\"https:\/\/www.visit-ulcinj.com\/blog\/2010\/08\/21\/kombinatorika-politike-ne-sezonin-veror\/#breadcrumb\"},\"inLanguage\":\"en-US\",\"potentialAction\":[{\"@type\":\"ReadAction\",\"target\":[\"https:\/\/www.visit-ulcinj.com\/blog\/2010\/08\/21\/kombinatorika-politike-ne-sezonin-veror\/\"]}]},{\"@type\":\"BreadcrumbList\",\"@id\":\"https:\/\/www.visit-ulcinj.com\/blog\/2010\/08\/21\/kombinatorika-politike-ne-sezonin-veror\/#breadcrumb\",\"itemListElement\":[{\"@type\":\"ListItem\",\"position\":1,\"name\":\"Kombinatorika politike n\u00eb sezonin veror\"}]},{\"@type\":\"Person\",\"@id\":\"https:\/\/www.visit-ulcinj.com\/blog\/#\/schema\/person\/dcab619c614d3038751c63bc2aadc06d\",\"name\":\"ulqini\",\"sameAs\":[\"http:\/\/www.visit-ulcinj.com\"],\"url\":\"https:\/\/www.visit-ulcinj.com\/blog\/author\/admin\/\"}]}<\/script>\n<!-- \/ Yoast SEO plugin. -->","yoast_head_json":{"title":"Kombinatorika politike n\u00eb sezonin veror - Lajme nga Ulqini","description":"Nuk mund t\u00eb themi q\u00eb kemi p\u00ebrparuar\u00a0mjaft p\u00ebr nga oferta turistike, por\u00a0si duket me k\u00ebt\u00eb ofert\u00eb jan\u00eb m\u00ebsuar\u00a0edhe mysafir\u00ebt edhe vet\u00eb vendasit,\u00a0k\u00ebshtu q\u00eb","robots":{"index":"index","follow":"follow","max-snippet":"max-snippet:-1","max-image-preview":"max-image-preview:large","max-video-preview":"max-video-preview:-1"},"canonical":"https:\/\/www.visit-ulcinj.com\/blog\/2010\/08\/21\/kombinatorika-politike-ne-sezonin-veror\/","og_locale":"en_US","og_type":"article","og_title":"Kombinatorika politike n\u00eb sezonin veror - Lajme nga Ulqini","og_description":"Nuk mund t\u00eb themi q\u00eb kemi p\u00ebrparuar\u00a0mjaft p\u00ebr nga oferta turistike, por\u00a0si duket me k\u00ebt\u00eb ofert\u00eb jan\u00eb m\u00ebsuar\u00a0edhe mysafir\u00ebt edhe vet\u00eb vendasit,\u00a0k\u00ebshtu q\u00eb","og_url":"https:\/\/www.visit-ulcinj.com\/blog\/2010\/08\/21\/kombinatorika-politike-ne-sezonin-veror\/","og_site_name":"Lajme nga Ulqini","article_published_time":"2010-08-21T11:02:57+00:00","article_modified_time":"2010-09-05T17:29:44+00:00","og_image":[{"url":"http:\/\/www.visit-ulcinj.com\/blog\/wp-content\/uploads\/2009\/11\/Pushimet-ne-Ulqin.jpg"}],"twitter_misc":{"Written by":"ulqini","Est. reading time":"3 minutes"},"schema":{"@context":"https:\/\/schema.org","@graph":[{"@type":"WebSite","@id":"https:\/\/www.visit-ulcinj.com\/blog\/#website","url":"https:\/\/www.visit-ulcinj.com\/blog\/","name":"Lajme nga Ulqini","description":"Lajme,Vijesti,Ulqini,Ulqin,Crna Gora,Mali i Zi","potentialAction":[{"@type":"SearchAction","target":{"@type":"EntryPoint","urlTemplate":"https:\/\/www.visit-ulcinj.com\/blog\/?s={search_term_string}"},"query-input":"required name=search_term_string"}],"inLanguage":"en-US"},{"@type":"ImageObject","inLanguage":"en-US","@id":"https:\/\/www.visit-ulcinj.com\/blog\/2010\/08\/21\/kombinatorika-politike-ne-sezonin-veror\/#primaryimage","url":"https:\/\/www.visit-ulcinj.com\/blog\/wp-content\/uploads\/2009\/11\/Pushimet-ne-Ulqin.jpg","contentUrl":"https:\/\/www.visit-ulcinj.com\/blog\/wp-content\/uploads\/2009\/11\/Pushimet-ne-Ulqin.jpg","width":"380","height":"378"},{"@type":"WebPage","@id":"https:\/\/www.visit-ulcinj.com\/blog\/2010\/08\/21\/kombinatorika-politike-ne-sezonin-veror\/#webpage","url":"https:\/\/www.visit-ulcinj.com\/blog\/2010\/08\/21\/kombinatorika-politike-ne-sezonin-veror\/","name":"Kombinatorika politike n\u00eb sezonin veror - Lajme nga Ulqini","isPartOf":{"@id":"https:\/\/www.visit-ulcinj.com\/blog\/#website"},"primaryImageOfPage":{"@id":"https:\/\/www.visit-ulcinj.com\/blog\/2010\/08\/21\/kombinatorika-politike-ne-sezonin-veror\/#primaryimage"},"datePublished":"2010-08-21T11:02:57+00:00","dateModified":"2010-09-05T17:29:44+00:00","author":{"@id":"https:\/\/www.visit-ulcinj.com\/blog\/#\/schema\/person\/dcab619c614d3038751c63bc2aadc06d"},"description":"Nuk mund t\u00eb themi q\u00eb kemi p\u00ebrparuar\u00a0mjaft p\u00ebr nga oferta turistike, por\u00a0si duket me k\u00ebt\u00eb ofert\u00eb jan\u00eb m\u00ebsuar\u00a0edhe mysafir\u00ebt edhe vet\u00eb vendasit,\u00a0k\u00ebshtu q\u00eb","breadcrumb":{"@id":"https:\/\/www.visit-ulcinj.com\/blog\/2010\/08\/21\/kombinatorika-politike-ne-sezonin-veror\/#breadcrumb"},"inLanguage":"en-US","potentialAction":[{"@type":"ReadAction","target":["https:\/\/www.visit-ulcinj.com\/blog\/2010\/08\/21\/kombinatorika-politike-ne-sezonin-veror\/"]}]},{"@type":"BreadcrumbList","@id":"https:\/\/www.visit-ulcinj.com\/blog\/2010\/08\/21\/kombinatorika-politike-ne-sezonin-veror\/#breadcrumb","itemListElement":[{"@type":"ListItem","position":1,"name":"Kombinatorika politike n\u00eb sezonin veror"}]},{"@type":"Person","@id":"https:\/\/www.visit-ulcinj.com\/blog\/#\/schema\/person\/dcab619c614d3038751c63bc2aadc06d","name":"ulqini","sameAs":["http:\/\/www.visit-ulcinj.com"],"url":"https:\/\/www.visit-ulcinj.com\/blog\/author\/admin\/"}]}},"jetpack_featured_media_url":"","jetpack_sharing_enabled":true,"jetpack_shortlink":"https:\/\/wp.me\/pe6lTn-9qn","_links":{"self":[{"href":"https:\/\/www.visit-ulcinj.com\/blog\/wp-json\/wp\/v2\/posts\/36231"}],"collection":[{"href":"https:\/\/www.visit-ulcinj.com\/blog\/wp-json\/wp\/v2\/posts"}],"about":[{"href":"https:\/\/www.visit-ulcinj.com\/blog\/wp-json\/wp\/v2\/types\/post"}],"author":[{"embeddable":true,"href":"https:\/\/www.visit-ulcinj.com\/blog\/wp-json\/wp\/v2\/users\/1"}],"replies":[{"embeddable":true,"href":"https:\/\/www.visit-ulcinj.com\/blog\/wp-json\/wp\/v2\/comments?post=36231"}],"version-history":[{"count":0,"href":"https:\/\/www.visit-ulcinj.com\/blog\/wp-json\/wp\/v2\/posts\/36231\/revisions"}],"wp:attachment":[{"href":"https:\/\/www.visit-ulcinj.com\/blog\/wp-json\/wp\/v2\/media?parent=36231"}],"wp:term":[{"taxonomy":"category","embeddable":true,"href":"https:\/\/www.visit-ulcinj.com\/blog\/wp-json\/wp\/v2\/categories?post=36231"},{"taxonomy":"post_tag","embeddable":true,"href":"https:\/\/www.visit-ulcinj.com\/blog\/wp-json\/wp\/v2\/tags?post=36231"}],"curies":[{"name":"wp","href":"https:\/\/api.w.org\/{rel}","templated":true}]}}