{"id":36238,"date":"2010-08-21T13:46:40","date_gmt":"2010-08-21T11:46:40","guid":{"rendered":"http:\/\/www.visit-ulcinj.com\/blog\/?p=36238"},"modified":"2010-08-21T13:51:18","modified_gmt":"2010-08-21T11:51:18","slug":"ana-malit-trashegimia-ilire-qe-pret-doren-e-arkeologeve","status":"publish","type":"post","link":"https:\/\/www.visit-ulcinj.com\/blog\/2010\/08\/21\/ana-malit-trashegimia-ilire-qe-pret-doren-e-arkeologeve\/","title":{"rendered":"Ana Malit: Trash\u00ebgimia ilire q\u00eb pret dor\u00ebn e arkeolog\u00ebve &#8211; Video"},"content":{"rendered":"<p><strong><a href=\"http:\/\/www.visit-ulcinj.com\/blog\/wp-content\/uploads\/2010\/08\/Ana-Malit.jpg\"><img loading=\"lazy\" class=\"alignleft size-full wp-image-36239\" title=\"Ana Malit\" src=\"http:\/\/www.visit-ulcinj.com\/blog\/wp-content\/uploads\/2010\/08\/Ana-Malit.jpg\" alt=\"\" width=\"490\" height=\"380\" \/><\/a>ANA MALIT<\/strong><br \/>\nN\u00eb nj\u00eb reliev t\u00eb mahnitsh\u00ebm, t\u00eb cilin e pash\u00eb p\u00ebr her\u00eb t\u00eb par\u00eb si n\u00eb p\u00ebll\u00ebmb\u00eb\u00a0t\u00eb dor\u00ebs nga Shtegvasha, nj\u00eb vend ku harmonizohen bukur, mali,\u00a0fusha, lumi, liqeni, dielli, qielli, klima e nj\u00eb list\u00eb e gjat\u00eb detajesh t\u00eb tjera\u00a0t\u00eb mrekullueshme ndodhet Ana e Malit, vend q\u00eb, me gjith\u00eb zem\u00ebr, do t\u00eb\u00a0d\u00ebshironte \u00e7do vizitor a kalimtar i rastit vendas apo i huaj.<\/p>\n<p>N\u00eb nj\u00eb reliev t\u00eb mahnitsh\u00ebm, t\u00eb cilin e pash\u00eb\u00a0p\u00ebr her\u00eb t\u00eb par\u00eb si n\u00eb p\u00ebll\u00ebmb\u00eb t\u00eb dor\u00ebs nga\u00a0Shtegvasha, nj\u00eb vend ku harmonizohen bukur,\u00a0mali, fusha, lumi, liqeni, dielli, qielli, klima e\u00a0nj\u00eb list\u00eb e gjat\u00eb detajesh t\u00eb tjera t\u00eb mrekullueshme\u00a0ndodhet Ana e Malit, vend q\u00eb, me\u00a0gjith\u00eb zem\u00ebr, do t\u00eb d\u00ebshironte \u00e7do vizitor a\u00a0kalimtar i rastit vendas apo i huaj.\u00a0Gjurmimet arkeologjike tregojn\u00eb se kjo trev\u00eb\u00a0ka nj\u00eb lasht\u00ebsi t\u00eb hershme ilire, ndon\u00ebse nuk\u00a0ka t\u00eb dh\u00ebna t\u00eb sakta gojore as t\u00eb shkruara se kur\u00a0u themelua dhe kush ishte i pari i saj.\u00a0N\u00eb kontaktin tim t\u00eb par\u00eb me banor\u00ebt e k\u00ebsaj\u00a0ane, para gati nj\u00ebzet vitesh, u binda se njer\u00ebzit\u00a0e k\u00ebtush\u00ebm jan\u00eb pun\u00ebtor\u00eb dhe fjal\u00ebpak\u00ebt, por\u00a0shum\u00eb t\u00eb dashur dhe mikprit\u00ebs e t\u00eb gjindsh\u00ebm.<\/p>\n<p><strong>Pozita &#8211; shtrirja gjeografike<\/strong><\/p>\n<p>Magjistri i shkencave gjeografike, Nexhad\u00a0Avdiu, nga fshati Sukubin\u00eb thot\u00eb se ky vendbanim,\u00a0i banuar qind p\u00ebr qind me shqiptar\u00eb,\u00a0me shumic\u00eb d\u00ebrmuese t\u00eb besimit islam dhe nj\u00eb\u00a0num\u00ebr t\u00eb vog\u00ebl t\u00eb besimit katolik, q\u00eb nga\u00a0lasht\u00ebsia shtrihet n\u00eb pjes\u00ebn verilindore t\u00eb\u00a0Ulqinit dhe ka nj\u00eb sip\u00ebrfaqe rreth 113 km\u00b2 q\u00eb\u00a0nj\u00ebherazi p\u00ebrb\u00ebn diku af\u00ebr 44.3 % t\u00eb sip\u00ebrfaqes\u00a0s\u00eb p\u00ebrgjithshme t\u00eb komun\u00ebs s\u00eb Ulqinit.\u00a0N\u00eb veri kufizohet m\u00eb zon\u00ebn e Kraj\u00ebs, n\u00eb lindje\u00a0me lumin Buna dhe komun\u00ebn e An\u00ebs s\u00eb Malit,\u00a0q\u00eb ndodhet brenda territorit t\u00eb Shqip\u00ebris\u00eb e\u00a0pik\u00ebrisht me fshatrat: Vidhgar\u00eb, Shtuf,\u00a0Muriqan dhe Goric\u00eb, nd\u00ebrsa n\u00eb p\u00ebr\u00ebndim me\u00a0komun\u00ebn e Tivarit. Ana e Malit ka terren\u00a0fushor t\u00eb alternuar m\u00eb at\u00eb kodrinoro\u2013malor.\u00a0Lart\u00ebsia mesatare e relievit shkon nga 4 m. mbi\u00a0nivelin e detit e deri n\u00eb mbi 400-500 m mbi\u00a0nivelin e detit. Maja m\u00eb e lart\u00eb \u00ebsht\u00eb ajo e\u00a0Lipoj\u00ebs, me\u00eb nj\u00eb lart\u00ebsi rreth 1200 m mbi\u00a0nivelin e detit; kjo shtrihet n\u00eb pjesen veriore t\u00eb\u00a0k\u00ebsaj zone duke i q\u00ebnderuar si \u201dkuror\u00eb\u201d mbrojt\u00ebse\u00a0An\u00ebs s\u00eb Malit. Relievi i k\u00ebsaj zone ka p\u00ebrb\u00ebrje\u00a0t\u00eb ndryshme gjeologjike si flishe, ranor\u00eb,\u00a0dolomite, gelqeror\u00eb, formacione lymore etj.\u00a0N\u00eb formacionet g\u00eblqerore t\u00eb k\u00ebsaj zone, q\u00eb\u00a0p\u00ebrb\u00ebjn\u00eb pjes\u00ebt e relievit t\u00eb lart\u00eb malor dhe\u00a0kodrinor, \u00ebsht\u00eb zhvilluar nj\u00eb veprimtari\u00a0karstike tep\u00ebr interesante si n\u00eb malin e Shasit\u00a0etj. P\u00ebr hir t\u00eb pozit\u00ebs s\u00eb p\u00ebrshtatshme\u00a0gjeografike duke u gjendur pran\u00eb qendrave t\u00eb\u00a0njohura tregtare si Shkodra dhe Ulqini i njohur\u00a0p\u00ebr detari, tregti etj. prej vitesh n\u00eb k\u00ebt\u00eb trev\u00eb\u00a0kan\u00eb kaluar rrug\u00eb t\u00eb r\u00ebnd\u00ebsishme si ajo Tivar &#8211;\u00a0Kat\u00ebrkoll\u00eb &#8211; Shkod\u00ebr, e nd\u00ebrtuar nga austrohungarez\u00ebt\u00a0gjat\u00eb viteve 1916-1918, pastaj\u00a0rruga Ulqin \u2013 Kat\u00ebrkoll\u00eb \u2013 Shkod\u00ebr etj. Ana e\u00a0Malit karakterizohet nga nj\u00eb klim\u00eb e but\u00eb e\u00a0ngroht\u00eb dhe m\u00eb lag\u00ebshti, duke favorizuar kultivimin\u00a0e kulturave t\u00eb ndryshme bujq\u00ebsore si\u00a0atyre mesdhetare dhe t\u00eb atyre tradicionale.\u00a0Temperatura mesatare vjetore n\u00eb k\u00ebt\u00eb zon\u00eb sillet\u00a0rreth 16\u00b0C ku mesatarja e janarit sillet rreth\u00a05.8\u00b0C, nd\u00ebrsa ajo e korrikut i kalon mbi 25\u00b0C.\u00a0Sasia e reshjeve vjetore shkon nga 1400-1500\u00a0mm reshje. Ngricat jan\u00eb dukuri e zakonshme\u00a0n\u00eb k\u00ebt\u00eb zon\u00eb, nd\u00ebrsa bora \u00ebsht\u00eb e rrall\u00eb. N\u00eb\u00a0k\u00ebt\u00eb zon\u00eb karakteristik\u00eb \u00ebsht\u00eb edhe formimi i\u00a0mikroklimave, sidomos pran\u00eb brigjeve t\u00eb lumit\u00a0Buna dhe liqenit t\u00eb Shasit. Si pasoj\u00eb e kushteve\u00a0topografike n\u00eb k\u00ebt\u00eb zon\u00eb zot\u00ebrojn\u00eb kryesisht\u00a0er\u00ebrat verilindore, lindore e p\u00ebrendimore si dhe\u00a0er\u00ebrat juglindore. Er\u00ebrat karakteristike p\u00ebr k\u00ebt\u00eb\u00a0zon\u00eb jan\u00eb: murlani, shiroku, veriu si dhe er\u00ebrat\u00a0vendore q\u00eb shfaqen n\u00eb periudha t\u00eb ndryshme t\u00eb\u00a0vitit, t\u00eb ndikuara edhe nga prania e mikroklimave\u00a0etj. N\u00eb zonat pyjore t\u00eb k\u00ebsaj treve q\u00eb\u00a0p\u00ebrfaq\u00ebsohen nga dushku, shkoza e shkurret\u00a0mesdhetare dhe q\u00eb mbulojne zonat kodrinore\u00a0rritet nj\u00eb bot\u00eb e pasur shtazore e p\u00ebrfaq\u00ebsuar\u00a0nga: derri i eg\u00eber, lepuri, \u00e7akalli, dhelpra etj.\u00a0Ana e Malit n\u00eb k\u00ebt\u00eb aspekt p\u00ebrb\u00ebn edhe nj\u00eb\u00a0rezerv\u00eb t\u00eb mir\u00ebfillt\u00eb gjuetie.\u00a0Ngjarjet e ndryshme historike q\u00eb shoq\u00ebruan\u00a0popullin shqiptar n\u00eb periudha t\u00eb ndryshme\u00a0padyshim q\u00eb u pasuruan edhe n\u00eb An\u00eb t\u00eb\u00a0Malit, ku kulmi arriti m\u00eb ndarjen nga Fuqit\u00eb e\u00a0M\u00ebdha t\u00eb trevave shqiptare n\u00eb vitin 1913.\u00a0K\u00ebshtu, Ana e Malit u nda mekanikisht n\u00eb dy\u00a0pjes\u00eb: n\u00eb An\u00ebn e Malit, q\u00eb shtrihet brenda teritorit\u00a0te Shqip\u00ebris\u00eb dhe n\u00eb An\u00ebn e Malit,\u00a0tjet\u00ebr, q\u00eb ndodhet brenda teritorit t\u00eb Malit t\u00eb\u00a0Zi. N\u00eb vitin 1948, goditjen m\u00eb t\u00eb r\u00ebnd\u00eb k\u00ebsaj\u00a0treve ia dha mbyllja e kufirit, i cili q\u00ebndroi i\u00a0pakaluesh\u00ebm deri n\u00eb vitin 2002, kur u riv\u00ebndos\u00ebn\u00a0marr\u00ebdh\u00ebniet familjare, shpirt\u00ebrore,\u00a0ekonomike etj. midis dy vendeve. N\u00eb koh\u00ebn e\u00a0Jugosllavis\u00eb s\u00eb vjet\u00ebr kjo trev\u00eb kishte disa\u00a0vendkalime kufitare me Shqip\u00ebrin\u00eb, kurse sot\u00a0ka vet\u00ebm nj\u00eb.<\/p>\n<p><strong>Gjek\u00eb Gjonaj<br \/>\nKoha Javore<br \/>\n\n\t\t<style type=\"text\/css\">\n\t\t\t#gallery-1 {\n\t\t\t\tmargin: auto;\n\t\t\t}\n\t\t\t#gallery-1 .gallery-item {\n\t\t\t\tfloat: left;\n\t\t\t\tmargin-top: 10px;\n\t\t\t\ttext-align: center;\n\t\t\t\twidth: 33%;\n\t\t\t}\n\t\t\t#gallery-1 img {\n\t\t\t\tborder: 2px solid #cfcfcf;\n\t\t\t}\n\t\t\t#gallery-1 .gallery-caption {\n\t\t\t\tmargin-left: 0;\n\t\t\t}\n\t\t\t\/* see gallery_shortcode() in wp-includes\/media.php *\/\n\t\t<\/style>\n\t\t<div id='gallery-1' class='gallery galleryid-36238 gallery-columns-3 gallery-size-thumbnail'><dl class='gallery-item'>\n\t\t\t<dt class='gallery-icon landscape'>\n\t\t\t\t<a href='https:\/\/www.visit-ulcinj.com\/blog\/wp-content\/uploads\/2010\/08\/Ana-Malit.jpg'><img width=\"150\" height=\"150\" src=\"https:\/\/www.visit-ulcinj.com\/blog\/wp-content\/uploads\/2010\/08\/Ana-Malit-150x150.jpg\" class=\"attachment-thumbnail size-thumbnail\" alt=\"\" loading=\"lazy\" \/><\/a>\n\t\t\t<\/dt><\/dl><dl class='gallery-item'>\n\t\t\t<dt class='gallery-icon landscape'>\n\t\t\t\t<a href='https:\/\/www.visit-ulcinj.com\/blog\/wp-content\/uploads\/2010\/08\/Ana-Malit.1.jpg'><img width=\"150\" height=\"150\" src=\"https:\/\/www.visit-ulcinj.com\/blog\/wp-content\/uploads\/2010\/08\/Ana-Malit.1-150x150.jpg\" class=\"attachment-thumbnail size-thumbnail\" alt=\"\" loading=\"lazy\" \/><\/a>\n\t\t\t<\/dt><\/dl><dl class='gallery-item'>\n\t\t\t<dt class='gallery-icon landscape'>\n\t\t\t\t<a href='https:\/\/www.visit-ulcinj.com\/blog\/wp-content\/uploads\/2010\/08\/Ana-Malit.2.jpg'><img width=\"150\" height=\"150\" src=\"https:\/\/www.visit-ulcinj.com\/blog\/wp-content\/uploads\/2010\/08\/Ana-Malit.2-150x150.jpg\" class=\"attachment-thumbnail size-thumbnail\" alt=\"\" loading=\"lazy\" \/><\/a>\n\t\t\t<\/dt><\/dl><br style=\"clear: both\" \/><dl class='gallery-item'>\n\t\t\t<dt class='gallery-icon landscape'>\n\t\t\t\t<a href='https:\/\/www.visit-ulcinj.com\/blog\/wp-content\/uploads\/2010\/08\/Ana-Malit.3.jpg'><img width=\"150\" height=\"150\" src=\"https:\/\/www.visit-ulcinj.com\/blog\/wp-content\/uploads\/2010\/08\/Ana-Malit.3-150x150.jpg\" class=\"attachment-thumbnail size-thumbnail\" alt=\"\" loading=\"lazy\" \/><\/a>\n\t\t\t<\/dt><\/dl><dl class='gallery-item'>\n\t\t\t<dt class='gallery-icon landscape'>\n\t\t\t\t<a href='https:\/\/www.visit-ulcinj.com\/blog\/wp-content\/uploads\/2010\/08\/Ana-Malit.4.jpg'><img width=\"150\" height=\"150\" src=\"https:\/\/www.visit-ulcinj.com\/blog\/wp-content\/uploads\/2010\/08\/Ana-Malit.4-150x150.jpg\" class=\"attachment-thumbnail size-thumbnail\" alt=\"\" loading=\"lazy\" \/><\/a>\n\t\t\t<\/dt><\/dl><dl class='gallery-item'>\n\t\t\t<dt class='gallery-icon landscape'>\n\t\t\t\t<a href='https:\/\/www.visit-ulcinj.com\/blog\/wp-content\/uploads\/2010\/08\/Ana-Malit.5.jpg'><img width=\"150\" height=\"150\" src=\"https:\/\/www.visit-ulcinj.com\/blog\/wp-content\/uploads\/2010\/08\/Ana-Malit.5-150x150.jpg\" class=\"attachment-thumbnail size-thumbnail\" alt=\"\" loading=\"lazy\" \/><\/a>\n\t\t\t<\/dt><\/dl><br style=\"clear: both\" \/><dl class='gallery-item'>\n\t\t\t<dt class='gallery-icon landscape'>\n\t\t\t\t<a href='https:\/\/www.visit-ulcinj.com\/blog\/wp-content\/uploads\/2010\/08\/Ana-Malit.6.jpg'><img width=\"150\" height=\"150\" src=\"https:\/\/www.visit-ulcinj.com\/blog\/wp-content\/uploads\/2010\/08\/Ana-Malit.6-150x150.jpg\" class=\"attachment-thumbnail size-thumbnail\" alt=\"\" loading=\"lazy\" \/><\/a>\n\t\t\t<\/dt><\/dl><dl class='gallery-item'>\n\t\t\t<dt class='gallery-icon landscape'>\n\t\t\t\t<a href='https:\/\/www.visit-ulcinj.com\/blog\/wp-content\/uploads\/2010\/08\/Ana-Malit.7.jpg'><img width=\"150\" height=\"150\" src=\"https:\/\/www.visit-ulcinj.com\/blog\/wp-content\/uploads\/2010\/08\/Ana-Malit.7-150x150.jpg\" class=\"attachment-thumbnail size-thumbnail\" alt=\"\" loading=\"lazy\" \/><\/a>\n\t\t\t<\/dt><\/dl><dl class='gallery-item'>\n\t\t\t<dt class='gallery-icon landscape'>\n\t\t\t\t<a href='https:\/\/www.visit-ulcinj.com\/blog\/wp-content\/uploads\/2010\/08\/Ana-Malit.8.jpg'><img width=\"150\" height=\"150\" src=\"https:\/\/www.visit-ulcinj.com\/blog\/wp-content\/uploads\/2010\/08\/Ana-Malit.8-150x150.jpg\" class=\"attachment-thumbnail size-thumbnail\" alt=\"\" loading=\"lazy\" \/><\/a>\n\t\t\t<\/dt><\/dl><br style=\"clear: both\" \/>\n\t\t<\/div>\n<br \/>\n<!--YouTube Error: bad URL entered--><\/strong><\/p>\n","protected":false},"excerpt":{"rendered":"<p>ANA MALIT N\u00eb nj\u00eb reliev t\u00eb mahnitsh\u00ebm, t\u00eb cilin e pash\u00eb p\u00ebr her\u00eb t\u00eb par\u00eb si n\u00eb p\u00ebll\u00ebmb\u00eb\u00a0t\u00eb dor\u00ebs nga Shtegvasha, nj\u00eb vend ku harmonizohen bukur, mali,\u00a0fusha, lumi, liqeni, dielli, qielli, klima e nj\u00eb list\u00eb e gjat\u00eb detajesh t\u00eb tjera\u00a0t\u00eb mrekullueshme ndodhet Ana e Malit, vend q\u00eb, me gjith\u00eb zem\u00ebr, do t\u00eb\u00a0d\u00ebshironte \u00e7do vizitor a [&hellip;]<\/p>\n","protected":false},"author":1,"featured_media":0,"comment_status":"open","ping_status":"closed","sticky":false,"template":"","format":"standard","meta":{"spay_email":"","jetpack_publicize_message":"","jetpack_is_tweetstorm":false,"jetpack_publicize_feature_enabled":true},"categories":[13],"tags":[14351,3505,212,14352,14349,14353,3510,3502,14354,12340,14355,14356,3516,14357,3511,3504,14358,3220,14359,3506,3499,14360,14361,3509,14362,14363,3507,3717,3500,1762,4625,3228,14364,13230,3512,95,14365,3227,14366,3513,14348,3514,14367,3501,14368,14369,14370,2083,3231,14371,3617,3508,14372,3503,14373,14374,3515,3498,2800,14375,200,18,3226,14376],"jetpack_publicize_connections":[],"yoast_head":"<!-- This site is optimized with the Yoast SEO plugin v19.1 - https:\/\/yoast.com\/wordpress\/plugins\/seo\/ -->\n<title>Ana Malit: Trash\u00ebgimia ilire q\u00eb pret dor\u00ebn e arkeolog\u00ebve - Video - Lajme nga Ulqini<\/title>\n<meta name=\"description\" content=\"ANA MALIT N\u00eb nj\u00eb reliev t\u00eb mahnitsh\u00ebm, t\u00eb cilin e pash\u00eb p\u00ebr her\u00eb t\u00eb par\u00eb si n\u00eb p\u00ebll\u00ebmb\u00eb\u00a0t\u00eb dor\u00ebs nga Shtegvasha, nj\u00eb vend ku harmonizohen bukur,\" \/>\n<meta name=\"robots\" content=\"index, follow, max-snippet:-1, max-image-preview:large, max-video-preview:-1\" \/>\n<link rel=\"canonical\" href=\"https:\/\/www.visit-ulcinj.com\/blog\/2010\/08\/21\/ana-malit-trashegimia-ilire-qe-pret-doren-e-arkeologeve\/\" \/>\n<meta property=\"og:locale\" content=\"en_US\" \/>\n<meta property=\"og:type\" content=\"article\" \/>\n<meta property=\"og:title\" content=\"Ana Malit: Trash\u00ebgimia ilire q\u00eb pret dor\u00ebn e arkeolog\u00ebve - Video - Lajme nga Ulqini\" \/>\n<meta property=\"og:description\" content=\"ANA MALIT N\u00eb nj\u00eb reliev t\u00eb mahnitsh\u00ebm, t\u00eb cilin e pash\u00eb p\u00ebr her\u00eb t\u00eb par\u00eb si n\u00eb p\u00ebll\u00ebmb\u00eb\u00a0t\u00eb dor\u00ebs nga Shtegvasha, nj\u00eb vend ku harmonizohen bukur,\" \/>\n<meta property=\"og:url\" content=\"https:\/\/www.visit-ulcinj.com\/blog\/2010\/08\/21\/ana-malit-trashegimia-ilire-qe-pret-doren-e-arkeologeve\/\" \/>\n<meta property=\"og:site_name\" content=\"Lajme nga Ulqini\" \/>\n<meta property=\"article:published_time\" content=\"2010-08-21T11:46:40+00:00\" \/>\n<meta property=\"article:modified_time\" content=\"2010-08-21T11:51:18+00:00\" \/>\n<meta property=\"og:image\" content=\"https:\/\/www.visit-ulcinj.com\/blog\/wp-content\/uploads\/2010\/08\/Ana-Malit-150x150.jpg\" \/>\n<meta name=\"twitter:label1\" content=\"Written by\" \/>\n\t<meta name=\"twitter:data1\" content=\"ulqini\" \/>\n\t<meta name=\"twitter:label2\" content=\"Est. reading time\" \/>\n\t<meta name=\"twitter:data2\" content=\"5 minutes\" \/>\n<script type=\"application\/ld+json\" class=\"yoast-schema-graph\">{\"@context\":\"https:\/\/schema.org\",\"@graph\":[{\"@type\":\"WebSite\",\"@id\":\"https:\/\/www.visit-ulcinj.com\/blog\/#website\",\"url\":\"https:\/\/www.visit-ulcinj.com\/blog\/\",\"name\":\"Lajme nga Ulqini\",\"description\":\"Lajme,Vijesti,Ulqini,Ulqin,Crna Gora,Mali i Zi\",\"potentialAction\":[{\"@type\":\"SearchAction\",\"target\":{\"@type\":\"EntryPoint\",\"urlTemplate\":\"https:\/\/www.visit-ulcinj.com\/blog\/?s={search_term_string}\"},\"query-input\":\"required name=search_term_string\"}],\"inLanguage\":\"en-US\"},{\"@type\":\"ImageObject\",\"inLanguage\":\"en-US\",\"@id\":\"https:\/\/www.visit-ulcinj.com\/blog\/2010\/08\/21\/ana-malit-trashegimia-ilire-qe-pret-doren-e-arkeologeve\/#primaryimage\",\"url\":\"https:\/\/www.visit-ulcinj.com\/blog\/wp-content\/uploads\/2010\/08\/Ana-Malit.jpg\",\"contentUrl\":\"https:\/\/www.visit-ulcinj.com\/blog\/wp-content\/uploads\/2010\/08\/Ana-Malit.jpg\",\"width\":\"604\",\"height\":\"453\"},{\"@type\":\"WebPage\",\"@id\":\"https:\/\/www.visit-ulcinj.com\/blog\/2010\/08\/21\/ana-malit-trashegimia-ilire-qe-pret-doren-e-arkeologeve\/#webpage\",\"url\":\"https:\/\/www.visit-ulcinj.com\/blog\/2010\/08\/21\/ana-malit-trashegimia-ilire-qe-pret-doren-e-arkeologeve\/\",\"name\":\"Ana Malit: Trash\u00ebgimia ilire q\u00eb pret dor\u00ebn e arkeolog\u00ebve - Video - Lajme nga Ulqini\",\"isPartOf\":{\"@id\":\"https:\/\/www.visit-ulcinj.com\/blog\/#website\"},\"primaryImageOfPage\":{\"@id\":\"https:\/\/www.visit-ulcinj.com\/blog\/2010\/08\/21\/ana-malit-trashegimia-ilire-qe-pret-doren-e-arkeologeve\/#primaryimage\"},\"datePublished\":\"2010-08-21T11:46:40+00:00\",\"dateModified\":\"2010-08-21T11:51:18+00:00\",\"author\":{\"@id\":\"https:\/\/www.visit-ulcinj.com\/blog\/#\/schema\/person\/dcab619c614d3038751c63bc2aadc06d\"},\"description\":\"ANA MALIT N\u00eb nj\u00eb reliev t\u00eb mahnitsh\u00ebm, t\u00eb cilin e pash\u00eb p\u00ebr her\u00eb t\u00eb par\u00eb si n\u00eb p\u00ebll\u00ebmb\u00eb\u00a0t\u00eb dor\u00ebs nga Shtegvasha, nj\u00eb vend ku harmonizohen bukur,\",\"breadcrumb\":{\"@id\":\"https:\/\/www.visit-ulcinj.com\/blog\/2010\/08\/21\/ana-malit-trashegimia-ilire-qe-pret-doren-e-arkeologeve\/#breadcrumb\"},\"inLanguage\":\"en-US\",\"potentialAction\":[{\"@type\":\"ReadAction\",\"target\":[\"https:\/\/www.visit-ulcinj.com\/blog\/2010\/08\/21\/ana-malit-trashegimia-ilire-qe-pret-doren-e-arkeologeve\/\"]}]},{\"@type\":\"BreadcrumbList\",\"@id\":\"https:\/\/www.visit-ulcinj.com\/blog\/2010\/08\/21\/ana-malit-trashegimia-ilire-qe-pret-doren-e-arkeologeve\/#breadcrumb\",\"itemListElement\":[{\"@type\":\"ListItem\",\"position\":1,\"name\":\"Ana Malit: Trash\u00ebgimia ilire q\u00eb pret dor\u00ebn e arkeolog\u00ebve &#8211; Video\"}]},{\"@type\":\"Person\",\"@id\":\"https:\/\/www.visit-ulcinj.com\/blog\/#\/schema\/person\/dcab619c614d3038751c63bc2aadc06d\",\"name\":\"ulqini\",\"sameAs\":[\"http:\/\/www.visit-ulcinj.com\"],\"url\":\"https:\/\/www.visit-ulcinj.com\/blog\/author\/admin\/\"}]}<\/script>\n<!-- \/ Yoast SEO plugin. -->","yoast_head_json":{"title":"Ana Malit: Trash\u00ebgimia ilire q\u00eb pret dor\u00ebn e arkeolog\u00ebve - Video - Lajme nga Ulqini","description":"ANA MALIT N\u00eb nj\u00eb reliev t\u00eb mahnitsh\u00ebm, t\u00eb cilin e pash\u00eb p\u00ebr her\u00eb t\u00eb par\u00eb si n\u00eb p\u00ebll\u00ebmb\u00eb\u00a0t\u00eb dor\u00ebs nga Shtegvasha, nj\u00eb vend ku harmonizohen bukur,","robots":{"index":"index","follow":"follow","max-snippet":"max-snippet:-1","max-image-preview":"max-image-preview:large","max-video-preview":"max-video-preview:-1"},"canonical":"https:\/\/www.visit-ulcinj.com\/blog\/2010\/08\/21\/ana-malit-trashegimia-ilire-qe-pret-doren-e-arkeologeve\/","og_locale":"en_US","og_type":"article","og_title":"Ana Malit: Trash\u00ebgimia ilire q\u00eb pret dor\u00ebn e arkeolog\u00ebve - Video - Lajme nga Ulqini","og_description":"ANA MALIT N\u00eb nj\u00eb reliev t\u00eb mahnitsh\u00ebm, t\u00eb cilin e pash\u00eb p\u00ebr her\u00eb t\u00eb par\u00eb si n\u00eb p\u00ebll\u00ebmb\u00eb\u00a0t\u00eb dor\u00ebs nga Shtegvasha, nj\u00eb vend ku harmonizohen bukur,","og_url":"https:\/\/www.visit-ulcinj.com\/blog\/2010\/08\/21\/ana-malit-trashegimia-ilire-qe-pret-doren-e-arkeologeve\/","og_site_name":"Lajme nga Ulqini","article_published_time":"2010-08-21T11:46:40+00:00","article_modified_time":"2010-08-21T11:51:18+00:00","og_image":[{"url":"https:\/\/www.visit-ulcinj.com\/blog\/wp-content\/uploads\/2010\/08\/Ana-Malit-150x150.jpg"}],"twitter_misc":{"Written by":"ulqini","Est. reading time":"5 minutes"},"schema":{"@context":"https:\/\/schema.org","@graph":[{"@type":"WebSite","@id":"https:\/\/www.visit-ulcinj.com\/blog\/#website","url":"https:\/\/www.visit-ulcinj.com\/blog\/","name":"Lajme nga Ulqini","description":"Lajme,Vijesti,Ulqini,Ulqin,Crna Gora,Mali i Zi","potentialAction":[{"@type":"SearchAction","target":{"@type":"EntryPoint","urlTemplate":"https:\/\/www.visit-ulcinj.com\/blog\/?s={search_term_string}"},"query-input":"required name=search_term_string"}],"inLanguage":"en-US"},{"@type":"ImageObject","inLanguage":"en-US","@id":"https:\/\/www.visit-ulcinj.com\/blog\/2010\/08\/21\/ana-malit-trashegimia-ilire-qe-pret-doren-e-arkeologeve\/#primaryimage","url":"https:\/\/www.visit-ulcinj.com\/blog\/wp-content\/uploads\/2010\/08\/Ana-Malit.jpg","contentUrl":"https:\/\/www.visit-ulcinj.com\/blog\/wp-content\/uploads\/2010\/08\/Ana-Malit.jpg","width":"604","height":"453"},{"@type":"WebPage","@id":"https:\/\/www.visit-ulcinj.com\/blog\/2010\/08\/21\/ana-malit-trashegimia-ilire-qe-pret-doren-e-arkeologeve\/#webpage","url":"https:\/\/www.visit-ulcinj.com\/blog\/2010\/08\/21\/ana-malit-trashegimia-ilire-qe-pret-doren-e-arkeologeve\/","name":"Ana Malit: Trash\u00ebgimia ilire q\u00eb pret dor\u00ebn e arkeolog\u00ebve - Video - Lajme nga Ulqini","isPartOf":{"@id":"https:\/\/www.visit-ulcinj.com\/blog\/#website"},"primaryImageOfPage":{"@id":"https:\/\/www.visit-ulcinj.com\/blog\/2010\/08\/21\/ana-malit-trashegimia-ilire-qe-pret-doren-e-arkeologeve\/#primaryimage"},"datePublished":"2010-08-21T11:46:40+00:00","dateModified":"2010-08-21T11:51:18+00:00","author":{"@id":"https:\/\/www.visit-ulcinj.com\/blog\/#\/schema\/person\/dcab619c614d3038751c63bc2aadc06d"},"description":"ANA MALIT N\u00eb nj\u00eb reliev t\u00eb mahnitsh\u00ebm, t\u00eb cilin e pash\u00eb p\u00ebr her\u00eb t\u00eb par\u00eb si n\u00eb p\u00ebll\u00ebmb\u00eb\u00a0t\u00eb dor\u00ebs nga Shtegvasha, nj\u00eb vend ku harmonizohen bukur,","breadcrumb":{"@id":"https:\/\/www.visit-ulcinj.com\/blog\/2010\/08\/21\/ana-malit-trashegimia-ilire-qe-pret-doren-e-arkeologeve\/#breadcrumb"},"inLanguage":"en-US","potentialAction":[{"@type":"ReadAction","target":["https:\/\/www.visit-ulcinj.com\/blog\/2010\/08\/21\/ana-malit-trashegimia-ilire-qe-pret-doren-e-arkeologeve\/"]}]},{"@type":"BreadcrumbList","@id":"https:\/\/www.visit-ulcinj.com\/blog\/2010\/08\/21\/ana-malit-trashegimia-ilire-qe-pret-doren-e-arkeologeve\/#breadcrumb","itemListElement":[{"@type":"ListItem","position":1,"name":"Ana Malit: Trash\u00ebgimia ilire q\u00eb pret dor\u00ebn e arkeolog\u00ebve &#8211; Video"}]},{"@type":"Person","@id":"https:\/\/www.visit-ulcinj.com\/blog\/#\/schema\/person\/dcab619c614d3038751c63bc2aadc06d","name":"ulqini","sameAs":["http:\/\/www.visit-ulcinj.com"],"url":"https:\/\/www.visit-ulcinj.com\/blog\/author\/admin\/"}]}},"jetpack_featured_media_url":"","jetpack_sharing_enabled":true,"jetpack_shortlink":"https:\/\/wp.me\/pe6lTn-9qu","_links":{"self":[{"href":"https:\/\/www.visit-ulcinj.com\/blog\/wp-json\/wp\/v2\/posts\/36238"}],"collection":[{"href":"https:\/\/www.visit-ulcinj.com\/blog\/wp-json\/wp\/v2\/posts"}],"about":[{"href":"https:\/\/www.visit-ulcinj.com\/blog\/wp-json\/wp\/v2\/types\/post"}],"author":[{"embeddable":true,"href":"https:\/\/www.visit-ulcinj.com\/blog\/wp-json\/wp\/v2\/users\/1"}],"replies":[{"embeddable":true,"href":"https:\/\/www.visit-ulcinj.com\/blog\/wp-json\/wp\/v2\/comments?post=36238"}],"version-history":[{"count":0,"href":"https:\/\/www.visit-ulcinj.com\/blog\/wp-json\/wp\/v2\/posts\/36238\/revisions"}],"wp:attachment":[{"href":"https:\/\/www.visit-ulcinj.com\/blog\/wp-json\/wp\/v2\/media?parent=36238"}],"wp:term":[{"taxonomy":"category","embeddable":true,"href":"https:\/\/www.visit-ulcinj.com\/blog\/wp-json\/wp\/v2\/categories?post=36238"},{"taxonomy":"post_tag","embeddable":true,"href":"https:\/\/www.visit-ulcinj.com\/blog\/wp-json\/wp\/v2\/tags?post=36238"}],"curies":[{"name":"wp","href":"https:\/\/api.w.org\/{rel}","templated":true}]}}