{"id":36270,"date":"2010-08-21T20:49:35","date_gmt":"2010-08-21T18:49:35","guid":{"rendered":"http:\/\/www.visit-ulcinj.com\/blog\/?p=36270"},"modified":"2010-08-21T20:53:32","modified_gmt":"2010-08-21T18:53:32","slug":"nora-istrefi-do-te-punoj-si-kreatore","status":"publish","type":"post","link":"https:\/\/www.visit-ulcinj.com\/blog\/2010\/08\/21\/nora-istrefi-do-te-punoj-si-kreatore\/","title":{"rendered":"Nora Istrefi do t\u00eb punoj si kreatore"},"content":{"rendered":"<p><a href=\"http:\/\/www.visit-ulcinj.com\/blog\/wp-content\/uploads\/2010\/08\/Nora-Istrefi.2.jpg\"><img loading=\"lazy\" class=\"alignleft size-full wp-image-36272\" title=\"Nora Istrefi.2\" src=\"http:\/\/www.visit-ulcinj.com\/blog\/wp-content\/uploads\/2010\/08\/Nora-Istrefi.2.jpg\" alt=\"\" width=\"335\" height=\"508\" \/><\/a>Ajo ka treguar se nuk do te le anash profesionin tjeter te saj : \u201cNd\u00ebrsa sa i p\u00ebrket profesionit t\u00eb dyt\u00eb, atij si kreatore, e kam l\u00ebn\u00eb anash pak p\u00ebr shkak t\u00eb koh\u00ebs. Por k\u00ebt\u00eb vit do t\u00eb ket\u00eb t\u00eb reja edhe p\u00ebr k\u00ebt\u00eb\u201d.<br \/>\nK\u00ebng\u00ebtarja s\u00eb fundi ka diplomuar n\u00eb drejtimin e kreatores s\u00eb mod\u00ebs dhe thot\u00eb se shpreson k\u00ebt\u00eb vit t\u00eb ndaj\u00eb koh\u00eb edhe p\u00ebr k\u00ebt\u00eb profesion t\u00eb saj.<\/p>\n<p>\u201cK\u00ebt\u00eb vit do t\u00eb vazhdoj t\u00eb b\u00ebj edhe m\u00eb shum\u00eb pun\u00eb rreth muzik\u00ebs, besoj q\u00eb koh\u00eb pas kohe do t\u00eb pasojn\u00eb k\u00ebng\u00eb t\u00eb reja dhe videoklipe t\u00eb reja dhe n\u00eb k\u00ebt\u00eb m\u00ebnyr\u00eb do t\u00eb jem m\u00eb af\u00ebr fansave t\u00eb mi\u201d, transmeton Telegrafi, te kete thene Nora ne nje interviste te fundit.<\/p>\n<p>Ajo ka treguar se nuk do te le anash profesionin tjeter te saj : \u201cNd\u00ebrsa sa i p\u00ebrket profesionit t\u00eb dyt\u00eb, atij si kreatore, e kam l\u00ebn\u00eb anash pak p\u00ebr shkak t\u00eb koh\u00ebs. Por k\u00ebt\u00eb vit do t\u00eb ket\u00eb t\u00eb reja edhe p\u00ebr k\u00ebt\u00eb\u201d.<\/p>\n<p>Pas lansimit t\u00eb spotit t\u00eb ri, me grupin simpatik TDS, \u201cKa je\u201d , Nora ka lansuar edhe fotot e saja ma t\u00eb reja, ku shfaq hiret e saj femerore.<\/p>\n<p><strong>Yllpress<\/strong><\/p>\n<p><strong><br \/>\n<!--YouTube Error: bad URL entered--><\/strong><\/p>\n<p><strong> <\/strong><\/p>\n","protected":false},"excerpt":{"rendered":"<p>Ajo ka treguar se nuk do te le anash profesionin tjeter te saj : \u201cNd\u00ebrsa sa i p\u00ebrket profesionit t\u00eb dyt\u00eb, atij si kreatore, e kam l\u00ebn\u00eb anash pak p\u00ebr shkak t\u00eb koh\u00ebs. Por k\u00ebt\u00eb vit do t\u00eb ket\u00eb t\u00eb reja edhe p\u00ebr k\u00ebt\u00eb\u201d. K\u00ebng\u00ebtarja s\u00eb fundi ka diplomuar n\u00eb drejtimin e kreatores s\u00eb mod\u00ebs [&hellip;]<\/p>\n","protected":false},"author":1,"featured_media":0,"comment_status":"open","ping_status":"closed","sticky":false,"template":"","format":"standard","meta":{"spay_email":"","jetpack_publicize_message":"","jetpack_is_tweetstorm":false,"jetpack_publicize_feature_enabled":true},"categories":[1],"tags":[4939],"jetpack_publicize_connections":[],"yoast_head":"<!-- This site is optimized with the Yoast SEO plugin v19.1 - https:\/\/yoast.com\/wordpress\/plugins\/seo\/ -->\n<title>Nora Istrefi do t\u00eb punoj si kreatore - Lajme nga Ulqini<\/title>\n<meta name=\"description\" content=\"Ajo ka treguar se nuk do te le anash profesionin tjeter te saj : \u201cNd\u00ebrsa sa i p\u00ebrket profesionit t\u00eb dyt\u00eb, atij si kreatore, e kam l\u00ebn\u00eb anash pak p\u00ebr shkak\" \/>\n<meta name=\"robots\" content=\"index, follow, max-snippet:-1, max-image-preview:large, max-video-preview:-1\" \/>\n<link rel=\"canonical\" href=\"https:\/\/www.visit-ulcinj.com\/blog\/2010\/08\/21\/nora-istrefi-do-te-punoj-si-kreatore\/\" \/>\n<meta property=\"og:locale\" content=\"en_US\" \/>\n<meta property=\"og:type\" content=\"article\" \/>\n<meta property=\"og:title\" content=\"Nora Istrefi do t\u00eb punoj si kreatore - Lajme nga Ulqini\" \/>\n<meta property=\"og:description\" content=\"Ajo ka treguar se nuk do te le anash profesionin tjeter te saj : \u201cNd\u00ebrsa sa i p\u00ebrket profesionit t\u00eb dyt\u00eb, atij si kreatore, e kam l\u00ebn\u00eb anash pak p\u00ebr shkak\" \/>\n<meta property=\"og:url\" content=\"https:\/\/www.visit-ulcinj.com\/blog\/2010\/08\/21\/nora-istrefi-do-te-punoj-si-kreatore\/\" \/>\n<meta property=\"og:site_name\" content=\"Lajme nga Ulqini\" \/>\n<meta property=\"article:published_time\" content=\"2010-08-21T18:49:35+00:00\" \/>\n<meta property=\"article:modified_time\" content=\"2010-08-21T18:53:32+00:00\" \/>\n<meta property=\"og:image\" content=\"https:\/\/www.visit-ulcinj.com\/blog\/wp-content\/uploads\/2010\/08\/Nora-Istrefi-150x150.jpg\" \/>\n<meta name=\"twitter:label1\" content=\"Written by\" \/>\n\t<meta name=\"twitter:data1\" content=\"ulqini\" \/>\n\t<meta name=\"twitter:label2\" content=\"Est. reading time\" \/>\n\t<meta name=\"twitter:data2\" content=\"1 minute\" \/>\n<script type=\"application\/ld+json\" class=\"yoast-schema-graph\">{\"@context\":\"https:\/\/schema.org\",\"@graph\":[{\"@type\":\"WebSite\",\"@id\":\"https:\/\/www.visit-ulcinj.com\/blog\/#website\",\"url\":\"https:\/\/www.visit-ulcinj.com\/blog\/\",\"name\":\"Lajme nga Ulqini\",\"description\":\"Lajme,Vijesti,Ulqini,Ulqin,Crna Gora,Mali i Zi\",\"potentialAction\":[{\"@type\":\"SearchAction\",\"target\":{\"@type\":\"EntryPoint\",\"urlTemplate\":\"https:\/\/www.visit-ulcinj.com\/blog\/?s={search_term_string}\"},\"query-input\":\"required name=search_term_string\"}],\"inLanguage\":\"en-US\"},{\"@type\":\"ImageObject\",\"inLanguage\":\"en-US\",\"@id\":\"https:\/\/www.visit-ulcinj.com\/blog\/2010\/08\/21\/nora-istrefi-do-te-punoj-si-kreatore\/#primaryimage\",\"url\":\"http:\/\/www.visit-ulcinj.com\/blog\/wp-content\/uploads\/2010\/08\/Nora-Istrefi.2.jpg\",\"contentUrl\":\"http:\/\/www.visit-ulcinj.com\/blog\/wp-content\/uploads\/2010\/08\/Nora-Istrefi.2.jpg\"},{\"@type\":\"WebPage\",\"@id\":\"https:\/\/www.visit-ulcinj.com\/blog\/2010\/08\/21\/nora-istrefi-do-te-punoj-si-kreatore\/#webpage\",\"url\":\"https:\/\/www.visit-ulcinj.com\/blog\/2010\/08\/21\/nora-istrefi-do-te-punoj-si-kreatore\/\",\"name\":\"Nora Istrefi do t\u00eb punoj si kreatore - Lajme nga Ulqini\",\"isPartOf\":{\"@id\":\"https:\/\/www.visit-ulcinj.com\/blog\/#website\"},\"primaryImageOfPage\":{\"@id\":\"https:\/\/www.visit-ulcinj.com\/blog\/2010\/08\/21\/nora-istrefi-do-te-punoj-si-kreatore\/#primaryimage\"},\"datePublished\":\"2010-08-21T18:49:35+00:00\",\"dateModified\":\"2010-08-21T18:53:32+00:00\",\"author\":{\"@id\":\"https:\/\/www.visit-ulcinj.com\/blog\/#\/schema\/person\/dcab619c614d3038751c63bc2aadc06d\"},\"description\":\"Ajo ka treguar se nuk do te le anash profesionin tjeter te saj : \u201cNd\u00ebrsa sa i p\u00ebrket profesionit t\u00eb dyt\u00eb, atij si kreatore, e kam l\u00ebn\u00eb anash pak p\u00ebr shkak\",\"breadcrumb\":{\"@id\":\"https:\/\/www.visit-ulcinj.com\/blog\/2010\/08\/21\/nora-istrefi-do-te-punoj-si-kreatore\/#breadcrumb\"},\"inLanguage\":\"en-US\",\"potentialAction\":[{\"@type\":\"ReadAction\",\"target\":[\"https:\/\/www.visit-ulcinj.com\/blog\/2010\/08\/21\/nora-istrefi-do-te-punoj-si-kreatore\/\"]}]},{\"@type\":\"BreadcrumbList\",\"@id\":\"https:\/\/www.visit-ulcinj.com\/blog\/2010\/08\/21\/nora-istrefi-do-te-punoj-si-kreatore\/#breadcrumb\",\"itemListElement\":[{\"@type\":\"ListItem\",\"position\":1,\"name\":\"Nora Istrefi do t\u00eb punoj si kreatore\"}]},{\"@type\":\"Person\",\"@id\":\"https:\/\/www.visit-ulcinj.com\/blog\/#\/schema\/person\/dcab619c614d3038751c63bc2aadc06d\",\"name\":\"ulqini\",\"sameAs\":[\"http:\/\/www.visit-ulcinj.com\"],\"url\":\"https:\/\/www.visit-ulcinj.com\/blog\/author\/admin\/\"}]}<\/script>\n<!-- \/ Yoast SEO plugin. -->","yoast_head_json":{"title":"Nora Istrefi do t\u00eb punoj si kreatore - Lajme nga Ulqini","description":"Ajo ka treguar se nuk do te le anash profesionin tjeter te saj : \u201cNd\u00ebrsa sa i p\u00ebrket profesionit t\u00eb dyt\u00eb, atij si kreatore, e kam l\u00ebn\u00eb anash pak p\u00ebr shkak","robots":{"index":"index","follow":"follow","max-snippet":"max-snippet:-1","max-image-preview":"max-image-preview:large","max-video-preview":"max-video-preview:-1"},"canonical":"https:\/\/www.visit-ulcinj.com\/blog\/2010\/08\/21\/nora-istrefi-do-te-punoj-si-kreatore\/","og_locale":"en_US","og_type":"article","og_title":"Nora Istrefi do t\u00eb punoj si kreatore - Lajme nga Ulqini","og_description":"Ajo ka treguar se nuk do te le anash profesionin tjeter te saj : \u201cNd\u00ebrsa sa i p\u00ebrket profesionit t\u00eb dyt\u00eb, atij si kreatore, e kam l\u00ebn\u00eb anash pak p\u00ebr shkak","og_url":"https:\/\/www.visit-ulcinj.com\/blog\/2010\/08\/21\/nora-istrefi-do-te-punoj-si-kreatore\/","og_site_name":"Lajme nga Ulqini","article_published_time":"2010-08-21T18:49:35+00:00","article_modified_time":"2010-08-21T18:53:32+00:00","og_image":[{"url":"https:\/\/www.visit-ulcinj.com\/blog\/wp-content\/uploads\/2010\/08\/Nora-Istrefi-150x150.jpg"}],"twitter_misc":{"Written by":"ulqini","Est. reading time":"1 minute"},"schema":{"@context":"https:\/\/schema.org","@graph":[{"@type":"WebSite","@id":"https:\/\/www.visit-ulcinj.com\/blog\/#website","url":"https:\/\/www.visit-ulcinj.com\/blog\/","name":"Lajme nga Ulqini","description":"Lajme,Vijesti,Ulqini,Ulqin,Crna Gora,Mali i Zi","potentialAction":[{"@type":"SearchAction","target":{"@type":"EntryPoint","urlTemplate":"https:\/\/www.visit-ulcinj.com\/blog\/?s={search_term_string}"},"query-input":"required name=search_term_string"}],"inLanguage":"en-US"},{"@type":"ImageObject","inLanguage":"en-US","@id":"https:\/\/www.visit-ulcinj.com\/blog\/2010\/08\/21\/nora-istrefi-do-te-punoj-si-kreatore\/#primaryimage","url":"http:\/\/www.visit-ulcinj.com\/blog\/wp-content\/uploads\/2010\/08\/Nora-Istrefi.2.jpg","contentUrl":"http:\/\/www.visit-ulcinj.com\/blog\/wp-content\/uploads\/2010\/08\/Nora-Istrefi.2.jpg"},{"@type":"WebPage","@id":"https:\/\/www.visit-ulcinj.com\/blog\/2010\/08\/21\/nora-istrefi-do-te-punoj-si-kreatore\/#webpage","url":"https:\/\/www.visit-ulcinj.com\/blog\/2010\/08\/21\/nora-istrefi-do-te-punoj-si-kreatore\/","name":"Nora Istrefi do t\u00eb punoj si kreatore - Lajme nga Ulqini","isPartOf":{"@id":"https:\/\/www.visit-ulcinj.com\/blog\/#website"},"primaryImageOfPage":{"@id":"https:\/\/www.visit-ulcinj.com\/blog\/2010\/08\/21\/nora-istrefi-do-te-punoj-si-kreatore\/#primaryimage"},"datePublished":"2010-08-21T18:49:35+00:00","dateModified":"2010-08-21T18:53:32+00:00","author":{"@id":"https:\/\/www.visit-ulcinj.com\/blog\/#\/schema\/person\/dcab619c614d3038751c63bc2aadc06d"},"description":"Ajo ka treguar se nuk do te le anash profesionin tjeter te saj : \u201cNd\u00ebrsa sa i p\u00ebrket profesionit t\u00eb dyt\u00eb, atij si kreatore, e kam l\u00ebn\u00eb anash pak p\u00ebr shkak","breadcrumb":{"@id":"https:\/\/www.visit-ulcinj.com\/blog\/2010\/08\/21\/nora-istrefi-do-te-punoj-si-kreatore\/#breadcrumb"},"inLanguage":"en-US","potentialAction":[{"@type":"ReadAction","target":["https:\/\/www.visit-ulcinj.com\/blog\/2010\/08\/21\/nora-istrefi-do-te-punoj-si-kreatore\/"]}]},{"@type":"BreadcrumbList","@id":"https:\/\/www.visit-ulcinj.com\/blog\/2010\/08\/21\/nora-istrefi-do-te-punoj-si-kreatore\/#breadcrumb","itemListElement":[{"@type":"ListItem","position":1,"name":"Nora Istrefi do t\u00eb punoj si kreatore"}]},{"@type":"Person","@id":"https:\/\/www.visit-ulcinj.com\/blog\/#\/schema\/person\/dcab619c614d3038751c63bc2aadc06d","name":"ulqini","sameAs":["http:\/\/www.visit-ulcinj.com"],"url":"https:\/\/www.visit-ulcinj.com\/blog\/author\/admin\/"}]}},"jetpack_featured_media_url":"","jetpack_sharing_enabled":true,"jetpack_shortlink":"https:\/\/wp.me\/pe6lTn-9r0","_links":{"self":[{"href":"https:\/\/www.visit-ulcinj.com\/blog\/wp-json\/wp\/v2\/posts\/36270"}],"collection":[{"href":"https:\/\/www.visit-ulcinj.com\/blog\/wp-json\/wp\/v2\/posts"}],"about":[{"href":"https:\/\/www.visit-ulcinj.com\/blog\/wp-json\/wp\/v2\/types\/post"}],"author":[{"embeddable":true,"href":"https:\/\/www.visit-ulcinj.com\/blog\/wp-json\/wp\/v2\/users\/1"}],"replies":[{"embeddable":true,"href":"https:\/\/www.visit-ulcinj.com\/blog\/wp-json\/wp\/v2\/comments?post=36270"}],"version-history":[{"count":0,"href":"https:\/\/www.visit-ulcinj.com\/blog\/wp-json\/wp\/v2\/posts\/36270\/revisions"}],"wp:attachment":[{"href":"https:\/\/www.visit-ulcinj.com\/blog\/wp-json\/wp\/v2\/media?parent=36270"}],"wp:term":[{"taxonomy":"category","embeddable":true,"href":"https:\/\/www.visit-ulcinj.com\/blog\/wp-json\/wp\/v2\/categories?post=36270"},{"taxonomy":"post_tag","embeddable":true,"href":"https:\/\/www.visit-ulcinj.com\/blog\/wp-json\/wp\/v2\/tags?post=36270"}],"curies":[{"name":"wp","href":"https:\/\/api.w.org\/{rel}","templated":true}]}}