{"id":36286,"date":"2010-08-21T21:14:26","date_gmt":"2010-08-21T19:14:26","guid":{"rendered":"http:\/\/www.visit-ulcinj.com\/blog\/?p=36286"},"modified":"2010-08-22T18:48:03","modified_gmt":"2010-08-22T16:48:03","slug":"kaltrina-nuk-e-ka-ne-plan-te-martohet","status":"publish","type":"post","link":"https:\/\/www.visit-ulcinj.com\/blog\/2010\/08\/21\/kaltrina-nuk-e-ka-ne-plan-te-martohet\/","title":{"rendered":"Kaltrina nuk e ka n\u00eb plan t\u00eb martohet"},"content":{"rendered":"<p><a href=\"http:\/\/www.visit-ulcinj.com\/blog\/wp-content\/uploads\/2010\/08\/Kaltrina-Selimi.jpg\"><img loading=\"lazy\" class=\"alignleft size-full wp-image-36287\" title=\"Kaltrina Selimi\" src=\"http:\/\/www.visit-ulcinj.com\/blog\/wp-content\/uploads\/2010\/08\/Kaltrina-Selimi.jpg\" alt=\"\" width=\"301\" height=\"448\" \/><\/a>N\u00eb Lond\u00ebr, pushime verore n\u00eb krah\u00ebt e t\u00eb fejuarit.Vera e lodhshme, por m\u00eb ka sjell\u00eb edhe shum\u00eb k\u00ebnaq\u00ebsi. Pak dit\u00eb pasi ka publikuar k\u00ebng\u00ebn e saj m\u00eb t\u00eb re, at\u00ebher\u00eb kur t\u00eb gjith\u00eb artist\u00ebt do t\u00eb merrnin vrapin p\u00ebr t\u00eb shkuar n\u00eb koncerte dhe turne, Kaltrina Selimi, n\u00eb fakt, ka b\u00ebr\u00eb krejt t\u00eb kund\u00ebrt\u00ebn.<\/p>\n<p>Ka preferuar t\u00eb pushoj\u00eb. Sigurisht, momenti ideal p\u00ebr t\u00eb do t\u00eb ishte pushime n\u00eb krah\u00ebt e t\u00eb dashurit n\u00eb Lond\u00ebr. Por, nga ana tjet\u00ebr, Kaltrina nuk ka dh\u00ebn\u00eb asnj\u00eb dat\u00eb konkrete p\u00ebr dasm\u00ebn e saj, por ama ka sqaruar se kur t\u00eb vij\u00eb dita, do t\u00eb tregoj\u00eb gjith\u00e7ka.<\/p>\n<p><strong>Sapo keni publikuar k\u00ebng\u00ebn \u201cHarrom\u00eb\u201d. Na flisni di\u00e7ka p\u00ebr t\u00eb?<\/strong><\/p>\n<p>K\u00ebnga \u00ebsht\u00eb kompozuar nga Florent Boshnjaku dhe me tekst t\u00eb Mithat Sadikut. \u00cbsht\u00eb nj\u00eb k\u00ebng\u00eb e zhanrit pop-balad\u00eb, me nj\u00eb melodi t\u00eb thjesht\u00eb dhe t\u00eb kapshme p\u00ebr veshin e d\u00ebgjuesit.<\/p>\n<p><strong>Pse pik\u00ebrisht e keni titulluar k\u00ebng\u00ebn \u201cHarrom\u00eb\u201d?<\/strong><\/p>\n<p>Nuk ka t\u00eb b\u00ebj\u00eb me asgj\u00eb personale, as nuk e kemi vendosur ne q\u00eb ta mbaj\u00eb k\u00ebnga k\u00ebt\u00eb titull, por thjesht ka qen\u00eb ide e tekstshkruesit.<\/p>\n<p><strong>K\u00ebsaj k\u00ebnge i keni b\u00ebr\u00eb edhe videoklip, cil\u00ebt jan\u00eb autor\u00ebt?<\/strong><\/p>\n<p>P\u00ebr realizimin e videoklipit t\u00eb k\u00ebsaj k\u00ebnge kemi bashk\u00ebpunuar me produksionin \u201cImagine\u201d dhe brenda nj\u00eb kohe shum\u00eb t\u00eb shkurt\u00ebr kan\u00eb b\u00ebr\u00eb nj\u00eb pun\u00eb shum\u00eb t\u00eb suksesshme.<\/p>\n<p><strong>Cili mendoni se \u00ebsht\u00eb suksesi i k\u00ebng\u00ebve tuaja?<\/strong><\/p>\n<p>Kujdesin m\u00eb t\u00eb madh gjithmon\u00eb e kam pasur n\u00eb p\u00ebrzgjedhjen e k\u00ebng\u00ebve, n\u00eb m\u00ebnyr\u00eb q\u00eb publikut tim t\u2019i ofroj m\u00eb t\u00eb mir\u00ebn dhe fatmir\u00ebsisht gjithmon\u00eb k\u00ebng\u00ebt jan\u00eb p\u00eblqyer, por gjithsesi edhe p\u00ebr k\u00ebt\u00eb k\u00ebng\u00eb i mbetet publikut t\u00eb vendos\u00eb n\u00ebse do t\u00eb ket\u00eb sukses.<\/p>\n<p><strong>Keni marr\u00eb pjes\u00eb n\u00eb disa festivale. Sivjet do t\u00eb merrni pjes\u00eb n\u00eb ndonj\u00eb festival?<\/strong><\/p>\n<p>Nuk \u00ebsht\u00eb n\u00eb planet e mia q\u00eb t\u00eb marr pjes\u00eb sivjet n\u00eb ndonj\u00eb festival.<\/p>\n<p><strong>Sa e angazhuar jeni k\u00ebt\u00eb ver\u00eb dhe ku do t\u00eb k\u00ebndoni?<\/strong><\/p>\n<p>Angazhimet e mia i kam p\u00ebrfunduar p\u00ebr k\u00ebt\u00eb ver\u00eb dhe shpejt udh\u00ebtoj p\u00ebr n\u00eb Lond\u00ebr. Gjithsesi, ka qen\u00eb nj\u00eb ver\u00eb e lodhshme, por m\u00eb ka sjell\u00eb edhe shum\u00eb k\u00ebnaq\u00ebsi, duke qen\u00eb k\u00ebshtu m\u00eb af\u00ebr publikut tim n\u00eb Kosov\u00eb, Shqip\u00ebri, Mal t\u00eb Zi dhe Maqedoni.<\/p>\n<p><strong>Pas k\u00ebsaj k\u00ebnge, cila do t\u00eb jet\u00eb befasia e radh\u00ebs e Kaltrin\u00ebs?<\/strong><\/p>\n<p>Asnj\u00ebher\u00eb nuk ndalem s\u00eb punuari, por nuk parap\u00eblqej t\u00eb flas p\u00ebr planet, sepse nuk dua t\u00eb jap vet\u00ebm fjal\u00eb derisa nuk kam asgj\u00eb konkrete.<\/p>\n<p><strong>E keni b\u00ebr\u00eb publike lidhjen tuaj. Kur do t\u00eb mund t\u00eb presim martes\u00ebn?<\/strong><\/p>\n<p>Ende nuk kemi b\u00ebr\u00eb plane rreth martes\u00ebs, por gjithsesi kur ta vendosim at\u00eb, do ta b\u00ebjm\u00eb publike.<\/p>\n<p><strong>Sa r\u00ebnd\u00ebsi i kushtoni pamjes suaj?<\/strong><\/p>\n<p>Si \u00e7do fem\u00ebr, edhe un\u00eb i kushtoj mjaft r\u00ebnd\u00ebsi pamjes sime. Mendoj se \u00ebsht\u00eb obligim q\u00eb nj\u00eb fem\u00ebr t\u00eb ket\u00eb kujdes p\u00ebr pamjen e saj.<\/p>\n<p><strong>Po veshjes?<\/strong><\/p>\n<p>Edhe veshja z\u00eb nj\u00eb vend mjaft t\u00eb r\u00ebnd\u00ebsish\u00ebm n\u00eb sirtarin tim. Un\u00eb, si person publik, medoemos duhet t\u00eb kem kujdes t\u00eb ve\u00e7ant\u00eb si p\u00ebr pamjen p\u00ebr veshjen dhe gj\u00ebra t\u00eb tjera<\/p>\n<p><strong>Cila \u00ebsht\u00eb gj\u00ebja q\u00eb vler\u00ebsoni m\u00eb shum\u00eb tek vetja?<\/strong><\/p>\n<p>Mendoj se durimin. \u00cbsht\u00eb gj\u00ebja q\u00eb e vler\u00ebsoj m\u00eb shum\u00eb.<\/p>\n<p><strong>\u00c7far\u00eb ju nervozon?<\/strong><\/p>\n<p>Padrejt\u00ebsia. Pa dyshim \u00ebsht\u00eb nj\u00eb gj\u00eb q\u00eb m\u00eb b\u00ebn t\u00eb ndihem keq, qoft\u00eb kur m\u00eb ndodh mua apo dikujt tjet\u00ebr q\u00eb e njoh.<\/p>\n<p><strong>Karakterizoheni si tip shum\u00eb miq\u00ebsor. T\u00eb ka zhg\u00ebnjyer ndonj\u00ebher\u00eb miq\u00ebsia?<\/strong><\/p>\n<p>N\u00eb fakt, ashtu m\u00eb thon\u00eb rrethi dhe shoq\u00ebria ime, jam shum\u00eb miq\u00ebsore. Por fatkeq\u00ebsisht, m\u00eb ka ndodhur t\u00eb zhg\u00ebnjehem<\/p>\n<p><strong>Keni ndonj\u00eb \u00ebnd\u00ebrr t\u00eb parealizuar?<\/strong><\/p>\n<p>Njeriu t\u00ebr\u00eb jet\u00ebn e tij, sa t\u00eb jetoj\u00eb, \u00ebnd\u00ebrron p\u00ebr gj\u00ebra t\u00eb ndryshme, \u00ebsht\u00eb e pamundur t\u00eb plot\u00ebsohen t\u00eb gjitha ato. Por e r\u00ebnd\u00ebsishme \u00ebsht\u00eb q\u00eb d\u00ebshirat m\u00eb t\u00eb m\u00ebdha m\u00eb jan\u00eb plot\u00ebsuar.<\/p>\n<p><strong>Si e kaloni koh\u00ebn e lir\u00eb?<\/strong><\/p>\n<p>Koh\u00ebn e lir\u00eb, kur nuk kam ndonj\u00eb angazhim rreth muzik\u00ebs e kaloj me familjen time, shoq\u00ebrin\u00eb, lexoj di\u00e7ka dhe n\u00eb mbr\u00ebmje shoh ndonj\u00eb film.<\/p>\n<p><strong>Lajmetsot<br \/>\n<br \/>\n<!--YouTube Error: bad URL entered--><\/strong><\/p>\n","protected":false},"excerpt":{"rendered":"<p>N\u00eb Lond\u00ebr, pushime verore n\u00eb krah\u00ebt e t\u00eb fejuarit.Vera e lodhshme, por m\u00eb ka sjell\u00eb edhe shum\u00eb k\u00ebnaq\u00ebsi. Pak dit\u00eb pasi ka publikuar k\u00ebng\u00ebn e saj m\u00eb t\u00eb re, at\u00ebher\u00eb kur t\u00eb gjith\u00eb artist\u00ebt do t\u00eb merrnin vrapin p\u00ebr t\u00eb shkuar n\u00eb koncerte dhe turne, Kaltrina Selimi, n\u00eb fakt, ka b\u00ebr\u00eb krejt t\u00eb kund\u00ebrt\u00ebn. Ka [&hellip;]<\/p>\n","protected":false},"author":1,"featured_media":0,"comment_status":"open","ping_status":"closed","sticky":false,"template":"","format":"standard","meta":{"spay_email":"","jetpack_publicize_message":"","jetpack_is_tweetstorm":false,"jetpack_publicize_feature_enabled":true},"categories":[1],"tags":[5572],"jetpack_publicize_connections":[],"yoast_head":"<!-- This site is optimized with the Yoast SEO plugin v19.1 - https:\/\/yoast.com\/wordpress\/plugins\/seo\/ -->\n<title>Kaltrina nuk e ka n\u00eb plan t\u00eb martohet - Lajme nga Ulqini<\/title>\n<meta name=\"description\" content=\"N\u00eb Lond\u00ebr, pushime verore n\u00eb krah\u00ebt e t\u00eb fejuarit.Vera e lodhshme, por m\u00eb ka sjell\u00eb edhe shum\u00eb k\u00ebnaq\u00ebsi. Pak dit\u00eb pasi ka publikuar k\u00ebng\u00ebn e saj m\u00eb t\u00eb re,\" \/>\n<meta name=\"robots\" content=\"index, follow, max-snippet:-1, max-image-preview:large, max-video-preview:-1\" \/>\n<link rel=\"canonical\" href=\"https:\/\/www.visit-ulcinj.com\/blog\/2010\/08\/21\/kaltrina-nuk-e-ka-ne-plan-te-martohet\/\" \/>\n<meta property=\"og:locale\" content=\"en_US\" \/>\n<meta property=\"og:type\" content=\"article\" \/>\n<meta property=\"og:title\" content=\"Kaltrina nuk e ka n\u00eb plan t\u00eb martohet - Lajme nga Ulqini\" \/>\n<meta property=\"og:description\" content=\"N\u00eb Lond\u00ebr, pushime verore n\u00eb krah\u00ebt e t\u00eb fejuarit.Vera e lodhshme, por m\u00eb ka sjell\u00eb edhe shum\u00eb k\u00ebnaq\u00ebsi. Pak dit\u00eb pasi ka publikuar k\u00ebng\u00ebn e saj m\u00eb t\u00eb re,\" \/>\n<meta property=\"og:url\" content=\"https:\/\/www.visit-ulcinj.com\/blog\/2010\/08\/21\/kaltrina-nuk-e-ka-ne-plan-te-martohet\/\" \/>\n<meta property=\"og:site_name\" content=\"Lajme nga Ulqini\" \/>\n<meta property=\"article:published_time\" content=\"2010-08-21T19:14:26+00:00\" \/>\n<meta property=\"article:modified_time\" content=\"2010-08-22T16:48:03+00:00\" \/>\n<meta property=\"og:image\" content=\"https:\/\/www.visit-ulcinj.com\/blog\/wp-content\/uploads\/2010\/08\/Kaltrina-Selimi-150x150.jpg\" \/>\n<meta name=\"twitter:label1\" content=\"Written by\" \/>\n\t<meta name=\"twitter:data1\" content=\"ulqini\" \/>\n\t<meta name=\"twitter:label2\" content=\"Est. reading time\" \/>\n\t<meta name=\"twitter:data2\" content=\"4 minutes\" \/>\n<script type=\"application\/ld+json\" class=\"yoast-schema-graph\">{\"@context\":\"https:\/\/schema.org\",\"@graph\":[{\"@type\":\"WebSite\",\"@id\":\"https:\/\/www.visit-ulcinj.com\/blog\/#website\",\"url\":\"https:\/\/www.visit-ulcinj.com\/blog\/\",\"name\":\"Lajme nga Ulqini\",\"description\":\"Lajme,Vijesti,Ulqini,Ulqin,Crna Gora,Mali i Zi\",\"potentialAction\":[{\"@type\":\"SearchAction\",\"target\":{\"@type\":\"EntryPoint\",\"urlTemplate\":\"https:\/\/www.visit-ulcinj.com\/blog\/?s={search_term_string}\"},\"query-input\":\"required name=search_term_string\"}],\"inLanguage\":\"en-US\"},{\"@type\":\"ImageObject\",\"inLanguage\":\"en-US\",\"@id\":\"https:\/\/www.visit-ulcinj.com\/blog\/2010\/08\/21\/kaltrina-nuk-e-ka-ne-plan-te-martohet\/#primaryimage\",\"url\":\"http:\/\/www.visit-ulcinj.com\/blog\/wp-content\/uploads\/2010\/08\/Kaltrina-Selimi.jpg\",\"contentUrl\":\"http:\/\/www.visit-ulcinj.com\/blog\/wp-content\/uploads\/2010\/08\/Kaltrina-Selimi.jpg\"},{\"@type\":\"WebPage\",\"@id\":\"https:\/\/www.visit-ulcinj.com\/blog\/2010\/08\/21\/kaltrina-nuk-e-ka-ne-plan-te-martohet\/#webpage\",\"url\":\"https:\/\/www.visit-ulcinj.com\/blog\/2010\/08\/21\/kaltrina-nuk-e-ka-ne-plan-te-martohet\/\",\"name\":\"Kaltrina nuk e ka n\u00eb plan t\u00eb martohet - Lajme nga Ulqini\",\"isPartOf\":{\"@id\":\"https:\/\/www.visit-ulcinj.com\/blog\/#website\"},\"primaryImageOfPage\":{\"@id\":\"https:\/\/www.visit-ulcinj.com\/blog\/2010\/08\/21\/kaltrina-nuk-e-ka-ne-plan-te-martohet\/#primaryimage\"},\"datePublished\":\"2010-08-21T19:14:26+00:00\",\"dateModified\":\"2010-08-22T16:48:03+00:00\",\"author\":{\"@id\":\"https:\/\/www.visit-ulcinj.com\/blog\/#\/schema\/person\/dcab619c614d3038751c63bc2aadc06d\"},\"description\":\"N\u00eb Lond\u00ebr, pushime verore n\u00eb krah\u00ebt e t\u00eb fejuarit.Vera e lodhshme, por m\u00eb ka sjell\u00eb edhe shum\u00eb k\u00ebnaq\u00ebsi. Pak dit\u00eb pasi ka publikuar k\u00ebng\u00ebn e saj m\u00eb t\u00eb re,\",\"breadcrumb\":{\"@id\":\"https:\/\/www.visit-ulcinj.com\/blog\/2010\/08\/21\/kaltrina-nuk-e-ka-ne-plan-te-martohet\/#breadcrumb\"},\"inLanguage\":\"en-US\",\"potentialAction\":[{\"@type\":\"ReadAction\",\"target\":[\"https:\/\/www.visit-ulcinj.com\/blog\/2010\/08\/21\/kaltrina-nuk-e-ka-ne-plan-te-martohet\/\"]}]},{\"@type\":\"BreadcrumbList\",\"@id\":\"https:\/\/www.visit-ulcinj.com\/blog\/2010\/08\/21\/kaltrina-nuk-e-ka-ne-plan-te-martohet\/#breadcrumb\",\"itemListElement\":[{\"@type\":\"ListItem\",\"position\":1,\"name\":\"Kaltrina nuk e ka n\u00eb plan t\u00eb martohet\"}]},{\"@type\":\"Person\",\"@id\":\"https:\/\/www.visit-ulcinj.com\/blog\/#\/schema\/person\/dcab619c614d3038751c63bc2aadc06d\",\"name\":\"ulqini\",\"sameAs\":[\"http:\/\/www.visit-ulcinj.com\"],\"url\":\"https:\/\/www.visit-ulcinj.com\/blog\/author\/admin\/\"}]}<\/script>\n<!-- \/ Yoast SEO plugin. -->","yoast_head_json":{"title":"Kaltrina nuk e ka n\u00eb plan t\u00eb martohet - Lajme nga Ulqini","description":"N\u00eb Lond\u00ebr, pushime verore n\u00eb krah\u00ebt e t\u00eb fejuarit.Vera e lodhshme, por m\u00eb ka sjell\u00eb edhe shum\u00eb k\u00ebnaq\u00ebsi. Pak dit\u00eb pasi ka publikuar k\u00ebng\u00ebn e saj m\u00eb t\u00eb re,","robots":{"index":"index","follow":"follow","max-snippet":"max-snippet:-1","max-image-preview":"max-image-preview:large","max-video-preview":"max-video-preview:-1"},"canonical":"https:\/\/www.visit-ulcinj.com\/blog\/2010\/08\/21\/kaltrina-nuk-e-ka-ne-plan-te-martohet\/","og_locale":"en_US","og_type":"article","og_title":"Kaltrina nuk e ka n\u00eb plan t\u00eb martohet - Lajme nga Ulqini","og_description":"N\u00eb Lond\u00ebr, pushime verore n\u00eb krah\u00ebt e t\u00eb fejuarit.Vera e lodhshme, por m\u00eb ka sjell\u00eb edhe shum\u00eb k\u00ebnaq\u00ebsi. Pak dit\u00eb pasi ka publikuar k\u00ebng\u00ebn e saj m\u00eb t\u00eb re,","og_url":"https:\/\/www.visit-ulcinj.com\/blog\/2010\/08\/21\/kaltrina-nuk-e-ka-ne-plan-te-martohet\/","og_site_name":"Lajme nga Ulqini","article_published_time":"2010-08-21T19:14:26+00:00","article_modified_time":"2010-08-22T16:48:03+00:00","og_image":[{"url":"https:\/\/www.visit-ulcinj.com\/blog\/wp-content\/uploads\/2010\/08\/Kaltrina-Selimi-150x150.jpg"}],"twitter_misc":{"Written by":"ulqini","Est. reading time":"4 minutes"},"schema":{"@context":"https:\/\/schema.org","@graph":[{"@type":"WebSite","@id":"https:\/\/www.visit-ulcinj.com\/blog\/#website","url":"https:\/\/www.visit-ulcinj.com\/blog\/","name":"Lajme nga Ulqini","description":"Lajme,Vijesti,Ulqini,Ulqin,Crna Gora,Mali i Zi","potentialAction":[{"@type":"SearchAction","target":{"@type":"EntryPoint","urlTemplate":"https:\/\/www.visit-ulcinj.com\/blog\/?s={search_term_string}"},"query-input":"required name=search_term_string"}],"inLanguage":"en-US"},{"@type":"ImageObject","inLanguage":"en-US","@id":"https:\/\/www.visit-ulcinj.com\/blog\/2010\/08\/21\/kaltrina-nuk-e-ka-ne-plan-te-martohet\/#primaryimage","url":"http:\/\/www.visit-ulcinj.com\/blog\/wp-content\/uploads\/2010\/08\/Kaltrina-Selimi.jpg","contentUrl":"http:\/\/www.visit-ulcinj.com\/blog\/wp-content\/uploads\/2010\/08\/Kaltrina-Selimi.jpg"},{"@type":"WebPage","@id":"https:\/\/www.visit-ulcinj.com\/blog\/2010\/08\/21\/kaltrina-nuk-e-ka-ne-plan-te-martohet\/#webpage","url":"https:\/\/www.visit-ulcinj.com\/blog\/2010\/08\/21\/kaltrina-nuk-e-ka-ne-plan-te-martohet\/","name":"Kaltrina nuk e ka n\u00eb plan t\u00eb martohet - Lajme nga Ulqini","isPartOf":{"@id":"https:\/\/www.visit-ulcinj.com\/blog\/#website"},"primaryImageOfPage":{"@id":"https:\/\/www.visit-ulcinj.com\/blog\/2010\/08\/21\/kaltrina-nuk-e-ka-ne-plan-te-martohet\/#primaryimage"},"datePublished":"2010-08-21T19:14:26+00:00","dateModified":"2010-08-22T16:48:03+00:00","author":{"@id":"https:\/\/www.visit-ulcinj.com\/blog\/#\/schema\/person\/dcab619c614d3038751c63bc2aadc06d"},"description":"N\u00eb Lond\u00ebr, pushime verore n\u00eb krah\u00ebt e t\u00eb fejuarit.Vera e lodhshme, por m\u00eb ka sjell\u00eb edhe shum\u00eb k\u00ebnaq\u00ebsi. Pak dit\u00eb pasi ka publikuar k\u00ebng\u00ebn e saj m\u00eb t\u00eb re,","breadcrumb":{"@id":"https:\/\/www.visit-ulcinj.com\/blog\/2010\/08\/21\/kaltrina-nuk-e-ka-ne-plan-te-martohet\/#breadcrumb"},"inLanguage":"en-US","potentialAction":[{"@type":"ReadAction","target":["https:\/\/www.visit-ulcinj.com\/blog\/2010\/08\/21\/kaltrina-nuk-e-ka-ne-plan-te-martohet\/"]}]},{"@type":"BreadcrumbList","@id":"https:\/\/www.visit-ulcinj.com\/blog\/2010\/08\/21\/kaltrina-nuk-e-ka-ne-plan-te-martohet\/#breadcrumb","itemListElement":[{"@type":"ListItem","position":1,"name":"Kaltrina nuk e ka n\u00eb plan t\u00eb martohet"}]},{"@type":"Person","@id":"https:\/\/www.visit-ulcinj.com\/blog\/#\/schema\/person\/dcab619c614d3038751c63bc2aadc06d","name":"ulqini","sameAs":["http:\/\/www.visit-ulcinj.com"],"url":"https:\/\/www.visit-ulcinj.com\/blog\/author\/admin\/"}]}},"jetpack_featured_media_url":"","jetpack_sharing_enabled":true,"jetpack_shortlink":"https:\/\/wp.me\/pe6lTn-9rg","_links":{"self":[{"href":"https:\/\/www.visit-ulcinj.com\/blog\/wp-json\/wp\/v2\/posts\/36286"}],"collection":[{"href":"https:\/\/www.visit-ulcinj.com\/blog\/wp-json\/wp\/v2\/posts"}],"about":[{"href":"https:\/\/www.visit-ulcinj.com\/blog\/wp-json\/wp\/v2\/types\/post"}],"author":[{"embeddable":true,"href":"https:\/\/www.visit-ulcinj.com\/blog\/wp-json\/wp\/v2\/users\/1"}],"replies":[{"embeddable":true,"href":"https:\/\/www.visit-ulcinj.com\/blog\/wp-json\/wp\/v2\/comments?post=36286"}],"version-history":[{"count":0,"href":"https:\/\/www.visit-ulcinj.com\/blog\/wp-json\/wp\/v2\/posts\/36286\/revisions"}],"wp:attachment":[{"href":"https:\/\/www.visit-ulcinj.com\/blog\/wp-json\/wp\/v2\/media?parent=36286"}],"wp:term":[{"taxonomy":"category","embeddable":true,"href":"https:\/\/www.visit-ulcinj.com\/blog\/wp-json\/wp\/v2\/categories?post=36286"},{"taxonomy":"post_tag","embeddable":true,"href":"https:\/\/www.visit-ulcinj.com\/blog\/wp-json\/wp\/v2\/tags?post=36286"}],"curies":[{"name":"wp","href":"https:\/\/api.w.org\/{rel}","templated":true}]}}