{"id":36292,"date":"2010-08-22T18:28:39","date_gmt":"2010-08-22T16:28:39","guid":{"rendered":"http:\/\/www.visit-ulcinj.com\/blog\/?p=36292"},"modified":"2010-08-22T18:42:12","modified_gmt":"2010-08-22T16:42:12","slug":"albani-e-miriami-vazhdimisht-bashke","status":"publish","type":"post","link":"https:\/\/www.visit-ulcinj.com\/blog\/2010\/08\/22\/albani-e-miriami-vazhdimisht-bashke\/","title":{"rendered":"Albani e Miriami vazhdimisht bashk\u00eb"},"content":{"rendered":"<p><a href=\"http:\/\/www.visit-ulcinj.com\/blog\/wp-content\/uploads\/2010\/08\/Miriam-Cani-Alban-Skenderaj.2.jpg\"><img loading=\"lazy\" class=\"alignleft size-full wp-image-36293\" title=\"Miriam Cani &amp; Alban Skenderaj.2\" src=\"http:\/\/www.visit-ulcinj.com\/blog\/wp-content\/uploads\/2010\/08\/Miriam-Cani-Alban-Skenderaj.2.jpg\" alt=\"\" width=\"490\" height=\"380\" \/><\/a>Tiran\u00eb, 20 gusht &#8211; Ata prej tre vjet\u00ebsh po jetojn\u00eb nj\u00eb histori t\u00eb bukur dashurie. Dhe ja ku jan\u00eb dhe sot, Alban Sk\u00ebnderaj dhe Miriam Cani duke shijuar suksesin n\u00eb muzik\u00eb dhe dit\u00ebt e nxehta t\u00eb plazhit. Foto t\u00eb reja t\u00eb \u00e7iftit kan\u00eb nisur t\u00eb qarkullojn\u00eb, njofton balkanWeb. N\u00eb foto vihen re puthjet franceze q\u00eb \u00e7ifti ka shk\u00ebmbyer n\u00eb bregdet, duke d\u00ebshmuar dhe nj\u00ebher\u00eb se ata dy t\u00eb pandash\u00ebm, ngado shkojn\u00eb e gjinden.<\/p>\n<p><strong>Koha Net<br \/>\n<br \/>\n<!--YouTube Error: bad URL entered--><\/strong><\/p>\n","protected":false},"excerpt":{"rendered":"<p>Tiran\u00eb, 20 gusht &#8211; Ata prej tre vjet\u00ebsh po jetojn\u00eb nj\u00eb histori t\u00eb bukur dashurie. Dhe ja ku jan\u00eb dhe sot, Alban Sk\u00ebnderaj dhe Miriam Cani duke shijuar suksesin n\u00eb muzik\u00eb dhe dit\u00ebt e nxehta t\u00eb plazhit. Foto t\u00eb reja t\u00eb \u00e7iftit kan\u00eb nisur t\u00eb qarkullojn\u00eb, njofton balkanWeb. N\u00eb foto vihen re puthjet franceze q\u00eb [&hellip;]<\/p>\n","protected":false},"author":1,"featured_media":0,"comment_status":"open","ping_status":"closed","sticky":false,"template":"","format":"standard","meta":{"spay_email":"","jetpack_publicize_message":"","jetpack_is_tweetstorm":false,"jetpack_publicize_feature_enabled":true},"categories":[1],"tags":[15067,15066],"jetpack_publicize_connections":[],"yoast_head":"<!-- This site is optimized with the Yoast SEO plugin v19.1 - https:\/\/yoast.com\/wordpress\/plugins\/seo\/ -->\n<title>Albani e Miriami vazhdimisht bashk\u00eb - Lajme nga Ulqini<\/title>\n<meta name=\"description\" content=\"Tiran\u00eb, 20 gusht - Ata prej tre vjet\u00ebsh po jetojn\u00eb nj\u00eb histori t\u00eb bukur dashurie. Dhe ja ku jan\u00eb dhe sot, Alban Sk\u00ebnderaj dhe Miriam Cani duke shijuar\" \/>\n<meta name=\"robots\" content=\"index, follow, max-snippet:-1, max-image-preview:large, max-video-preview:-1\" \/>\n<link rel=\"canonical\" href=\"https:\/\/www.visit-ulcinj.com\/blog\/2010\/08\/22\/albani-e-miriami-vazhdimisht-bashke\/\" \/>\n<meta property=\"og:locale\" content=\"en_US\" \/>\n<meta property=\"og:type\" content=\"article\" \/>\n<meta property=\"og:title\" content=\"Albani e Miriami vazhdimisht bashk\u00eb - Lajme nga Ulqini\" \/>\n<meta property=\"og:description\" content=\"Tiran\u00eb, 20 gusht - Ata prej tre vjet\u00ebsh po jetojn\u00eb nj\u00eb histori t\u00eb bukur dashurie. Dhe ja ku jan\u00eb dhe sot, Alban Sk\u00ebnderaj dhe Miriam Cani duke shijuar\" \/>\n<meta property=\"og:url\" content=\"https:\/\/www.visit-ulcinj.com\/blog\/2010\/08\/22\/albani-e-miriami-vazhdimisht-bashke\/\" \/>\n<meta property=\"og:site_name\" content=\"Lajme nga Ulqini\" \/>\n<meta property=\"article:published_time\" content=\"2010-08-22T16:28:39+00:00\" \/>\n<meta property=\"article:modified_time\" content=\"2010-08-22T16:42:12+00:00\" \/>\n<meta property=\"og:image\" content=\"https:\/\/www.visit-ulcinj.com\/blog\/wp-content\/uploads\/2010\/08\/Miriam-Cani-Alban-Skenderaj.2-150x150.jpg\" \/>\n<meta name=\"twitter:label1\" content=\"Written by\" \/>\n\t<meta name=\"twitter:data1\" content=\"ulqini\" \/>\n<script type=\"application\/ld+json\" class=\"yoast-schema-graph\">{\"@context\":\"https:\/\/schema.org\",\"@graph\":[{\"@type\":\"WebSite\",\"@id\":\"https:\/\/www.visit-ulcinj.com\/blog\/#website\",\"url\":\"https:\/\/www.visit-ulcinj.com\/blog\/\",\"name\":\"Lajme nga Ulqini\",\"description\":\"Lajme,Vijesti,Ulqini,Ulqin,Crna Gora,Mali i Zi\",\"potentialAction\":[{\"@type\":\"SearchAction\",\"target\":{\"@type\":\"EntryPoint\",\"urlTemplate\":\"https:\/\/www.visit-ulcinj.com\/blog\/?s={search_term_string}\"},\"query-input\":\"required name=search_term_string\"}],\"inLanguage\":\"en-US\"},{\"@type\":\"ImageObject\",\"inLanguage\":\"en-US\",\"@id\":\"https:\/\/www.visit-ulcinj.com\/blog\/2010\/08\/22\/albani-e-miriami-vazhdimisht-bashke\/#primaryimage\",\"url\":\"http:\/\/www.visit-ulcinj.com\/blog\/wp-content\/uploads\/2010\/08\/Miriam-Cani-Alban-Skenderaj.2.jpg\",\"contentUrl\":\"http:\/\/www.visit-ulcinj.com\/blog\/wp-content\/uploads\/2010\/08\/Miriam-Cani-Alban-Skenderaj.2.jpg\"},{\"@type\":\"WebPage\",\"@id\":\"https:\/\/www.visit-ulcinj.com\/blog\/2010\/08\/22\/albani-e-miriami-vazhdimisht-bashke\/#webpage\",\"url\":\"https:\/\/www.visit-ulcinj.com\/blog\/2010\/08\/22\/albani-e-miriami-vazhdimisht-bashke\/\",\"name\":\"Albani e Miriami vazhdimisht bashk\u00eb - Lajme nga Ulqini\",\"isPartOf\":{\"@id\":\"https:\/\/www.visit-ulcinj.com\/blog\/#website\"},\"primaryImageOfPage\":{\"@id\":\"https:\/\/www.visit-ulcinj.com\/blog\/2010\/08\/22\/albani-e-miriami-vazhdimisht-bashke\/#primaryimage\"},\"datePublished\":\"2010-08-22T16:28:39+00:00\",\"dateModified\":\"2010-08-22T16:42:12+00:00\",\"author\":{\"@id\":\"https:\/\/www.visit-ulcinj.com\/blog\/#\/schema\/person\/dcab619c614d3038751c63bc2aadc06d\"},\"description\":\"Tiran\u00eb, 20 gusht - Ata prej tre vjet\u00ebsh po jetojn\u00eb nj\u00eb histori t\u00eb bukur dashurie. Dhe ja ku jan\u00eb dhe sot, Alban Sk\u00ebnderaj dhe Miriam Cani duke shijuar\",\"breadcrumb\":{\"@id\":\"https:\/\/www.visit-ulcinj.com\/blog\/2010\/08\/22\/albani-e-miriami-vazhdimisht-bashke\/#breadcrumb\"},\"inLanguage\":\"en-US\",\"potentialAction\":[{\"@type\":\"ReadAction\",\"target\":[\"https:\/\/www.visit-ulcinj.com\/blog\/2010\/08\/22\/albani-e-miriami-vazhdimisht-bashke\/\"]}]},{\"@type\":\"BreadcrumbList\",\"@id\":\"https:\/\/www.visit-ulcinj.com\/blog\/2010\/08\/22\/albani-e-miriami-vazhdimisht-bashke\/#breadcrumb\",\"itemListElement\":[{\"@type\":\"ListItem\",\"position\":1,\"name\":\"Albani e Miriami vazhdimisht bashk\u00eb\"}]},{\"@type\":\"Person\",\"@id\":\"https:\/\/www.visit-ulcinj.com\/blog\/#\/schema\/person\/dcab619c614d3038751c63bc2aadc06d\",\"name\":\"ulqini\",\"sameAs\":[\"http:\/\/www.visit-ulcinj.com\"],\"url\":\"https:\/\/www.visit-ulcinj.com\/blog\/author\/admin\/\"}]}<\/script>\n<!-- \/ Yoast SEO plugin. -->","yoast_head_json":{"title":"Albani e Miriami vazhdimisht bashk\u00eb - Lajme nga Ulqini","description":"Tiran\u00eb, 20 gusht - Ata prej tre vjet\u00ebsh po jetojn\u00eb nj\u00eb histori t\u00eb bukur dashurie. Dhe ja ku jan\u00eb dhe sot, Alban Sk\u00ebnderaj dhe Miriam Cani duke shijuar","robots":{"index":"index","follow":"follow","max-snippet":"max-snippet:-1","max-image-preview":"max-image-preview:large","max-video-preview":"max-video-preview:-1"},"canonical":"https:\/\/www.visit-ulcinj.com\/blog\/2010\/08\/22\/albani-e-miriami-vazhdimisht-bashke\/","og_locale":"en_US","og_type":"article","og_title":"Albani e Miriami vazhdimisht bashk\u00eb - Lajme nga Ulqini","og_description":"Tiran\u00eb, 20 gusht - Ata prej tre vjet\u00ebsh po jetojn\u00eb nj\u00eb histori t\u00eb bukur dashurie. Dhe ja ku jan\u00eb dhe sot, Alban Sk\u00ebnderaj dhe Miriam Cani duke shijuar","og_url":"https:\/\/www.visit-ulcinj.com\/blog\/2010\/08\/22\/albani-e-miriami-vazhdimisht-bashke\/","og_site_name":"Lajme nga Ulqini","article_published_time":"2010-08-22T16:28:39+00:00","article_modified_time":"2010-08-22T16:42:12+00:00","og_image":[{"url":"https:\/\/www.visit-ulcinj.com\/blog\/wp-content\/uploads\/2010\/08\/Miriam-Cani-Alban-Skenderaj.2-150x150.jpg"}],"twitter_misc":{"Written by":"ulqini"},"schema":{"@context":"https:\/\/schema.org","@graph":[{"@type":"WebSite","@id":"https:\/\/www.visit-ulcinj.com\/blog\/#website","url":"https:\/\/www.visit-ulcinj.com\/blog\/","name":"Lajme nga Ulqini","description":"Lajme,Vijesti,Ulqini,Ulqin,Crna Gora,Mali i Zi","potentialAction":[{"@type":"SearchAction","target":{"@type":"EntryPoint","urlTemplate":"https:\/\/www.visit-ulcinj.com\/blog\/?s={search_term_string}"},"query-input":"required name=search_term_string"}],"inLanguage":"en-US"},{"@type":"ImageObject","inLanguage":"en-US","@id":"https:\/\/www.visit-ulcinj.com\/blog\/2010\/08\/22\/albani-e-miriami-vazhdimisht-bashke\/#primaryimage","url":"http:\/\/www.visit-ulcinj.com\/blog\/wp-content\/uploads\/2010\/08\/Miriam-Cani-Alban-Skenderaj.2.jpg","contentUrl":"http:\/\/www.visit-ulcinj.com\/blog\/wp-content\/uploads\/2010\/08\/Miriam-Cani-Alban-Skenderaj.2.jpg"},{"@type":"WebPage","@id":"https:\/\/www.visit-ulcinj.com\/blog\/2010\/08\/22\/albani-e-miriami-vazhdimisht-bashke\/#webpage","url":"https:\/\/www.visit-ulcinj.com\/blog\/2010\/08\/22\/albani-e-miriami-vazhdimisht-bashke\/","name":"Albani e Miriami vazhdimisht bashk\u00eb - Lajme nga Ulqini","isPartOf":{"@id":"https:\/\/www.visit-ulcinj.com\/blog\/#website"},"primaryImageOfPage":{"@id":"https:\/\/www.visit-ulcinj.com\/blog\/2010\/08\/22\/albani-e-miriami-vazhdimisht-bashke\/#primaryimage"},"datePublished":"2010-08-22T16:28:39+00:00","dateModified":"2010-08-22T16:42:12+00:00","author":{"@id":"https:\/\/www.visit-ulcinj.com\/blog\/#\/schema\/person\/dcab619c614d3038751c63bc2aadc06d"},"description":"Tiran\u00eb, 20 gusht - Ata prej tre vjet\u00ebsh po jetojn\u00eb nj\u00eb histori t\u00eb bukur dashurie. Dhe ja ku jan\u00eb dhe sot, Alban Sk\u00ebnderaj dhe Miriam Cani duke shijuar","breadcrumb":{"@id":"https:\/\/www.visit-ulcinj.com\/blog\/2010\/08\/22\/albani-e-miriami-vazhdimisht-bashke\/#breadcrumb"},"inLanguage":"en-US","potentialAction":[{"@type":"ReadAction","target":["https:\/\/www.visit-ulcinj.com\/blog\/2010\/08\/22\/albani-e-miriami-vazhdimisht-bashke\/"]}]},{"@type":"BreadcrumbList","@id":"https:\/\/www.visit-ulcinj.com\/blog\/2010\/08\/22\/albani-e-miriami-vazhdimisht-bashke\/#breadcrumb","itemListElement":[{"@type":"ListItem","position":1,"name":"Albani e Miriami vazhdimisht bashk\u00eb"}]},{"@type":"Person","@id":"https:\/\/www.visit-ulcinj.com\/blog\/#\/schema\/person\/dcab619c614d3038751c63bc2aadc06d","name":"ulqini","sameAs":["http:\/\/www.visit-ulcinj.com"],"url":"https:\/\/www.visit-ulcinj.com\/blog\/author\/admin\/"}]}},"jetpack_featured_media_url":"","jetpack_sharing_enabled":true,"jetpack_shortlink":"https:\/\/wp.me\/pe6lTn-9rm","_links":{"self":[{"href":"https:\/\/www.visit-ulcinj.com\/blog\/wp-json\/wp\/v2\/posts\/36292"}],"collection":[{"href":"https:\/\/www.visit-ulcinj.com\/blog\/wp-json\/wp\/v2\/posts"}],"about":[{"href":"https:\/\/www.visit-ulcinj.com\/blog\/wp-json\/wp\/v2\/types\/post"}],"author":[{"embeddable":true,"href":"https:\/\/www.visit-ulcinj.com\/blog\/wp-json\/wp\/v2\/users\/1"}],"replies":[{"embeddable":true,"href":"https:\/\/www.visit-ulcinj.com\/blog\/wp-json\/wp\/v2\/comments?post=36292"}],"version-history":[{"count":0,"href":"https:\/\/www.visit-ulcinj.com\/blog\/wp-json\/wp\/v2\/posts\/36292\/revisions"}],"wp:attachment":[{"href":"https:\/\/www.visit-ulcinj.com\/blog\/wp-json\/wp\/v2\/media?parent=36292"}],"wp:term":[{"taxonomy":"category","embeddable":true,"href":"https:\/\/www.visit-ulcinj.com\/blog\/wp-json\/wp\/v2\/categories?post=36292"},{"taxonomy":"post_tag","embeddable":true,"href":"https:\/\/www.visit-ulcinj.com\/blog\/wp-json\/wp\/v2\/tags?post=36292"}],"curies":[{"name":"wp","href":"https:\/\/api.w.org\/{rel}","templated":true}]}}