{"id":363,"date":"2008-02-03T14:13:18","date_gmt":"2008-02-03T19:13:18","guid":{"rendered":"http:\/\/www.visit-ulcinj.com\/blog\/2008\/02\/03\/dinosa-ovo-je-godina-albanaca\/"},"modified":"2008-02-12T20:28:58","modified_gmt":"2008-02-13T01:28:58","slug":"dinosa-ovo-je-godina-albanaca","status":"publish","type":"post","link":"https:\/\/www.visit-ulcinj.com\/blog\/2008\/02\/03\/dinosa-ovo-je-godina-albanaca\/","title":{"rendered":"Dino\u0161a: Ovo je godina Albanaca"},"content":{"rendered":"<p><a href=\"http:\/\/www.visit-ulcinj.com\/blog\/2008\/02\/03\/dinosa-ovo-je-godina-albanaca\/ferhat-dinosha-2\/\" rel=\"attachment wp-att-364\" title=\"ferhat dinosha\"><img loading=\"lazy\" src=\"http:\/\/www.visit-ulcinj.com\/blog\/wp-content\/uploads\/2008\/02\/ferhat_dinosa.jpg\" alt=\"ferhat dinosha\" align=\"left\" height=\"120\" hspace=\"2\" vspace=\"2\" width=\"162\" \/><\/a>Ulcinj &#8211; Lider Demokratske unije Albanaca Ferhat Dino\u0161a obavlja?e tu funkciju i u naredne ?etiri godine &#8211; odlu?eno je na Izbornoj skup\u0161tini DUA, koja je odr\u017eana ju?e u Domu kulture u Ulcinju. Pored pet predsjednika ogranaka DUA, Dino\u0161e, ministra za za\u0161titu manjinskih prava Fuada Nimanija, gradona?elnika Ulcinja Gzima Hajdinage, predsjednice Foruma \u017eena DUA Hatid\u017ee ?oni i<!--more--> portparola D\u017eenane ?au\u0161i, kojima je mjesto u GO DUA rezervisano na osnovu funkicija koje obavljaju, delegati su ju?e izabrali jo\u0161 25 ?lanova tog tijela. Iz GO uskoro ?e biti izabrani i potpredsjednci partije.<br \/>\nDino\u0161a je u uvodnoj rije?i kazao da je privilegovan svako ko je savremenik i sudionik istorijskih doga?aja.<br \/>\n&#8211; Ja li?no imao sam sre?u da imam i jednu drugu privilegiju. Kao vode?i ?ovjek najja?e albanske partije u Crnoj Gori bio sam saradnik dvojice lidera koji su predvodili dva istorijska pokreta &#8211; Mila ?ukanovi?a, neimara nezavisnosti Crne Gore i pokojnog Ibrahime Rugove, stratega nezavisnog Kosova &#8211; kazao je Dino\u0161a.<br \/>\nOn je istakao da ?e DUA nastaviti partnersku saradnju sa demokratskim vlastima u Crnoj Gori i dodao &#8220;da od ameri?kog faktora o?ekuje pomo? u \u0161to br\u017eem objelodanjivanju pune istine o &#8220;Orlovom letu&#8221;.<br \/>\n&#8211; Ova godina bi?e godina Albanaca, godina nezavisnosti Kosova i godina stvaranja nove energije za nastavak demokratskih procesa u Crnoj Gori i regionu &#8211; kazao je Dino\u0161a.<br \/>\nOsim izbornih aktivnosti, Skup\u0161tina je usvojila i rezolucije o Kosovu i pritvorenim Albancima i uputila apel ostalim albanskim partijama za saradnju.<br \/>\nU rezoluciji o Kosovu, DUA tra\u017ei \u0161to br\u017ee rje\u0161enje finalnog statusa Kosova, odnosno postizanje nezavisnosti.<br \/>\n&#8211; Nezavisnost Kosova treba da bude postignuta u koordinaciji sa SAD i EU, polaze?i od plana me?unarodnog posrednika Martija Ahtisarija &#8211; navodi se u rezoluciji.<br \/>\nIzbornoj skup\u0161tini DUA, pored ostalih, prisustvovali su direktor i poslanik DPS-a a Predrag Sekuli?, poslanik SNP-a Aleksandar Damjanovi?, lider BS Rafet Husovi?, lideri i predstavnici partija iz lokalnog parlamenta, \u0161ef SO Ulcinj Muhamet Nika, ambasadori Kine, Ma?arske, Hrvatske i Austrije i predstavnici Islamske zajednice. Od parlamentarnih partija na lokalnom nivou, nije bilo predstavnika DS niti lidera te partije i PDP Mehmeta Bardhija i Amira Holaja.<\/p>\n<p>S.ADROVI?<\/p>\n<p>www.vijesti.cg.yu<\/p>\n<p><strong>Da za\u017eive manjinska prava<\/strong><\/p>\n<p>Ulcinj, 2. februara &#8211; U prisustvu zna?ajnog broja zvanica i gostiju danas je odr\u017eana peta Skup\u0161tina Demokratske unije Albanaca, kojoj su prisustvovala 172 delegata od pozvanih 179. Sumiraju?i rezultate ostvarene izme?u dvije skup\u0161tine Ferhat Dino\u0161a, predsjednik DUA, je rekao da je ova partija dala zna?ajan doprinos u stvaranju nezavisne Crne Gore i Kosovu na putu za njegovu samostalnost.<br \/>\n&#8211; U saradnji sa Vladom CG, ?iji smo ?lan od 1998. godine, kao i sa me?unarodnim faktorom ostvarili smo mnoge projekte od koristi za Albance u Crnoj Gori. Sada kad je usvojen novi Ustav (DUA ga je podr\u017eala) Zakon o manjinskim pravima i slobodama treba da za\u017eivi u punom kapacitetu, rekao je Dino\u0161a.<br \/>\nOn je podsjetio da je DUA podr\u017eala osnivanje Nastavni?kog fakulteta na albanskom jeziku (&#8220;ve? treba razmisliti o otvaranju novih fakulteta u sredinama gdje Albanci ?ine ve?inu&#8221;), da je na inicijativu ove partije otvoreno porodili\u0161te u Ulcinju, kao i novi grani?ni prelaz sa Albanijom, a Sajam knjiga je postao tradicionalan&#8230;<br \/>\n&#8211; DUA ?e nastaviti partnersku saradnju sa demokratskim vlastima u Crnoj Gori doprinose?i dobrosusjedstvu, miru i stabilnosti i evropskim i evroatlantskim integracijama regiona, rekao je Dino\u0161a.<br \/>\nDelegati su usvojili Rezoluciju kojom se tra\u017ei \u0161to br\u017ee rje\u0161enje finalnog statusa Kosova, da ta nezavisnost treba da se koordinira sa EU i SAD i da polazi od plana me?unarodnog posrednika Martija Ahtisarija.<br \/>\nU Rezoluciji o pritvorenoj grupi Albanaca u akciji policije pod nazivom &#8220;Orlov let&#8221; DUA tra\u017ei da se maksimalno ubrza sudski proces i da se objelodani puna istina o pomenutom slu?aju.<br \/>\nUsvojen je i apel drugim albanskim strankama (ovoj Skup\u0161tini od njih nije prisustvovao samo Bardhijev DSCG) da elimini\u0161u me?usobne nesuglasice kako bi pomogli unapre?enju polo\u017eaja Albanaca u Crnoj Gori.<\/p>\n<p>Dino\u0161a ostaje na ?elu<\/p>\n<p>Delegati su danas izabrali 25 ?lanova Glavnog odbora u koji ?e, u skladu sa Statutom, jo\u0161 u?i pet predsjednika ogranaka DUA, te ministar za ljudska i manjinska prava Fuad Nimani, predsjednik op\u0161tine Gzim Hajdinaga, predsjednica Foruma \u017eena Hatid\u017ea ?onovi? i portparol D\u017eenana ?au\u0161i. Za predsjednika partije izabran je ponovo Ferhat Dino\u0161a, aktuelni predsjednik i poslanik u Skup\u0161tini CG.<\/p>\n<p>A. Janinovi?<br \/>\nwww.pobjeda.co.yu<\/p>\n","protected":false},"excerpt":{"rendered":"<p><img loading=\"lazy\" src=\"http:\/\/www.visit-ulcinj.com\/blog\/wp-content\/uploads\/2008\/02\/ferhat_dinosa.jpg\" alt=\"ferhat dinosha\" height=\"140\"  width=\"140\" \/><\/p>\n","protected":false},"author":1,"featured_media":0,"comment_status":"open","ping_status":"closed","sticky":false,"template":"","format":"standard","meta":{"spay_email":"","jetpack_publicize_message":"","jetpack_is_tweetstorm":false,"jetpack_publicize_feature_enabled":true},"categories":[1],"tags":[1282,97,88],"jetpack_publicize_connections":[],"yoast_head":"<!-- This site is optimized with the Yoast SEO plugin v19.1 - https:\/\/yoast.com\/wordpress\/plugins\/seo\/ -->\n<title>Dino\u0161a: Ovo je godina Albanaca - Lajme nga Ulqini<\/title>\n<meta name=\"robots\" content=\"index, follow, max-snippet:-1, max-image-preview:large, max-video-preview:-1\" \/>\n<link rel=\"canonical\" href=\"https:\/\/www.visit-ulcinj.com\/blog\/2008\/02\/03\/dinosa-ovo-je-godina-albanaca\/\" \/>\n<meta property=\"og:locale\" content=\"en_US\" \/>\n<meta property=\"og:type\" content=\"article\" \/>\n<meta property=\"og:title\" content=\"Dino\u0161a: Ovo je godina Albanaca - Lajme nga Ulqini\" \/>\n<meta property=\"og:url\" content=\"https:\/\/www.visit-ulcinj.com\/blog\/2008\/02\/03\/dinosa-ovo-je-godina-albanaca\/\" \/>\n<meta property=\"og:site_name\" content=\"Lajme nga Ulqini\" \/>\n<meta property=\"article:published_time\" content=\"2008-02-03T19:13:18+00:00\" \/>\n<meta property=\"article:modified_time\" content=\"2008-02-13T01:28:58+00:00\" \/>\n<meta property=\"og:image\" content=\"http:\/\/www.visit-ulcinj.com\/blog\/wp-content\/uploads\/2008\/02\/ferhat_dinosa.jpg\" \/>\n<meta name=\"twitter:label1\" content=\"Written by\" \/>\n\t<meta name=\"twitter:data1\" content=\"ulqini\" \/>\n\t<meta name=\"twitter:label2\" content=\"Est. reading time\" \/>\n\t<meta name=\"twitter:data2\" content=\"4 minutes\" \/>\n<script type=\"application\/ld+json\" class=\"yoast-schema-graph\">{\"@context\":\"https:\/\/schema.org\",\"@graph\":[{\"@type\":\"WebSite\",\"@id\":\"https:\/\/www.visit-ulcinj.com\/blog\/#website\",\"url\":\"https:\/\/www.visit-ulcinj.com\/blog\/\",\"name\":\"Lajme nga Ulqini\",\"description\":\"Lajme,Vijesti,Ulqini,Ulqin,Crna Gora,Mali i Zi\",\"potentialAction\":[{\"@type\":\"SearchAction\",\"target\":{\"@type\":\"EntryPoint\",\"urlTemplate\":\"https:\/\/www.visit-ulcinj.com\/blog\/?s={search_term_string}\"},\"query-input\":\"required name=search_term_string\"}],\"inLanguage\":\"en-US\"},{\"@type\":\"ImageObject\",\"inLanguage\":\"en-US\",\"@id\":\"https:\/\/www.visit-ulcinj.com\/blog\/2008\/02\/03\/dinosa-ovo-je-godina-albanaca\/#primaryimage\",\"url\":\"http:\/\/www.visit-ulcinj.com\/blog\/wp-content\/uploads\/2008\/02\/ferhat_dinosa.jpg\",\"contentUrl\":\"http:\/\/www.visit-ulcinj.com\/blog\/wp-content\/uploads\/2008\/02\/ferhat_dinosa.jpg\"},{\"@type\":\"WebPage\",\"@id\":\"https:\/\/www.visit-ulcinj.com\/blog\/2008\/02\/03\/dinosa-ovo-je-godina-albanaca\/#webpage\",\"url\":\"https:\/\/www.visit-ulcinj.com\/blog\/2008\/02\/03\/dinosa-ovo-je-godina-albanaca\/\",\"name\":\"Dino\u0161a: Ovo je godina Albanaca - Lajme nga Ulqini\",\"isPartOf\":{\"@id\":\"https:\/\/www.visit-ulcinj.com\/blog\/#website\"},\"primaryImageOfPage\":{\"@id\":\"https:\/\/www.visit-ulcinj.com\/blog\/2008\/02\/03\/dinosa-ovo-je-godina-albanaca\/#primaryimage\"},\"datePublished\":\"2008-02-03T19:13:18+00:00\",\"dateModified\":\"2008-02-13T01:28:58+00:00\",\"author\":{\"@id\":\"https:\/\/www.visit-ulcinj.com\/blog\/#\/schema\/person\/dcab619c614d3038751c63bc2aadc06d\"},\"breadcrumb\":{\"@id\":\"https:\/\/www.visit-ulcinj.com\/blog\/2008\/02\/03\/dinosa-ovo-je-godina-albanaca\/#breadcrumb\"},\"inLanguage\":\"en-US\",\"potentialAction\":[{\"@type\":\"ReadAction\",\"target\":[\"https:\/\/www.visit-ulcinj.com\/blog\/2008\/02\/03\/dinosa-ovo-je-godina-albanaca\/\"]}]},{\"@type\":\"BreadcrumbList\",\"@id\":\"https:\/\/www.visit-ulcinj.com\/blog\/2008\/02\/03\/dinosa-ovo-je-godina-albanaca\/#breadcrumb\",\"itemListElement\":[{\"@type\":\"ListItem\",\"position\":1,\"name\":\"Dino\u0161a: Ovo je godina Albanaca\"}]},{\"@type\":\"Person\",\"@id\":\"https:\/\/www.visit-ulcinj.com\/blog\/#\/schema\/person\/dcab619c614d3038751c63bc2aadc06d\",\"name\":\"ulqini\",\"sameAs\":[\"http:\/\/www.visit-ulcinj.com\"],\"url\":\"https:\/\/www.visit-ulcinj.com\/blog\/author\/admin\/\"}]}<\/script>\n<!-- \/ Yoast SEO plugin. -->","yoast_head_json":{"title":"Dino\u0161a: Ovo je godina Albanaca - Lajme nga Ulqini","robots":{"index":"index","follow":"follow","max-snippet":"max-snippet:-1","max-image-preview":"max-image-preview:large","max-video-preview":"max-video-preview:-1"},"canonical":"https:\/\/www.visit-ulcinj.com\/blog\/2008\/02\/03\/dinosa-ovo-je-godina-albanaca\/","og_locale":"en_US","og_type":"article","og_title":"Dino\u0161a: Ovo je godina Albanaca - Lajme nga Ulqini","og_url":"https:\/\/www.visit-ulcinj.com\/blog\/2008\/02\/03\/dinosa-ovo-je-godina-albanaca\/","og_site_name":"Lajme nga Ulqini","article_published_time":"2008-02-03T19:13:18+00:00","article_modified_time":"2008-02-13T01:28:58+00:00","og_image":[{"url":"http:\/\/www.visit-ulcinj.com\/blog\/wp-content\/uploads\/2008\/02\/ferhat_dinosa.jpg"}],"twitter_misc":{"Written by":"ulqini","Est. reading time":"4 minutes"},"schema":{"@context":"https:\/\/schema.org","@graph":[{"@type":"WebSite","@id":"https:\/\/www.visit-ulcinj.com\/blog\/#website","url":"https:\/\/www.visit-ulcinj.com\/blog\/","name":"Lajme nga Ulqini","description":"Lajme,Vijesti,Ulqini,Ulqin,Crna Gora,Mali i Zi","potentialAction":[{"@type":"SearchAction","target":{"@type":"EntryPoint","urlTemplate":"https:\/\/www.visit-ulcinj.com\/blog\/?s={search_term_string}"},"query-input":"required name=search_term_string"}],"inLanguage":"en-US"},{"@type":"ImageObject","inLanguage":"en-US","@id":"https:\/\/www.visit-ulcinj.com\/blog\/2008\/02\/03\/dinosa-ovo-je-godina-albanaca\/#primaryimage","url":"http:\/\/www.visit-ulcinj.com\/blog\/wp-content\/uploads\/2008\/02\/ferhat_dinosa.jpg","contentUrl":"http:\/\/www.visit-ulcinj.com\/blog\/wp-content\/uploads\/2008\/02\/ferhat_dinosa.jpg"},{"@type":"WebPage","@id":"https:\/\/www.visit-ulcinj.com\/blog\/2008\/02\/03\/dinosa-ovo-je-godina-albanaca\/#webpage","url":"https:\/\/www.visit-ulcinj.com\/blog\/2008\/02\/03\/dinosa-ovo-je-godina-albanaca\/","name":"Dino\u0161a: Ovo je godina Albanaca - Lajme nga Ulqini","isPartOf":{"@id":"https:\/\/www.visit-ulcinj.com\/blog\/#website"},"primaryImageOfPage":{"@id":"https:\/\/www.visit-ulcinj.com\/blog\/2008\/02\/03\/dinosa-ovo-je-godina-albanaca\/#primaryimage"},"datePublished":"2008-02-03T19:13:18+00:00","dateModified":"2008-02-13T01:28:58+00:00","author":{"@id":"https:\/\/www.visit-ulcinj.com\/blog\/#\/schema\/person\/dcab619c614d3038751c63bc2aadc06d"},"breadcrumb":{"@id":"https:\/\/www.visit-ulcinj.com\/blog\/2008\/02\/03\/dinosa-ovo-je-godina-albanaca\/#breadcrumb"},"inLanguage":"en-US","potentialAction":[{"@type":"ReadAction","target":["https:\/\/www.visit-ulcinj.com\/blog\/2008\/02\/03\/dinosa-ovo-je-godina-albanaca\/"]}]},{"@type":"BreadcrumbList","@id":"https:\/\/www.visit-ulcinj.com\/blog\/2008\/02\/03\/dinosa-ovo-je-godina-albanaca\/#breadcrumb","itemListElement":[{"@type":"ListItem","position":1,"name":"Dino\u0161a: Ovo je godina Albanaca"}]},{"@type":"Person","@id":"https:\/\/www.visit-ulcinj.com\/blog\/#\/schema\/person\/dcab619c614d3038751c63bc2aadc06d","name":"ulqini","sameAs":["http:\/\/www.visit-ulcinj.com"],"url":"https:\/\/www.visit-ulcinj.com\/blog\/author\/admin\/"}]}},"jetpack_featured_media_url":"","jetpack_sharing_enabled":true,"jetpack_shortlink":"https:\/\/wp.me\/pe6lTn-5R","_links":{"self":[{"href":"https:\/\/www.visit-ulcinj.com\/blog\/wp-json\/wp\/v2\/posts\/363"}],"collection":[{"href":"https:\/\/www.visit-ulcinj.com\/blog\/wp-json\/wp\/v2\/posts"}],"about":[{"href":"https:\/\/www.visit-ulcinj.com\/blog\/wp-json\/wp\/v2\/types\/post"}],"author":[{"embeddable":true,"href":"https:\/\/www.visit-ulcinj.com\/blog\/wp-json\/wp\/v2\/users\/1"}],"replies":[{"embeddable":true,"href":"https:\/\/www.visit-ulcinj.com\/blog\/wp-json\/wp\/v2\/comments?post=363"}],"version-history":[{"count":0,"href":"https:\/\/www.visit-ulcinj.com\/blog\/wp-json\/wp\/v2\/posts\/363\/revisions"}],"wp:attachment":[{"href":"https:\/\/www.visit-ulcinj.com\/blog\/wp-json\/wp\/v2\/media?parent=363"}],"wp:term":[{"taxonomy":"category","embeddable":true,"href":"https:\/\/www.visit-ulcinj.com\/blog\/wp-json\/wp\/v2\/categories?post=363"},{"taxonomy":"post_tag","embeddable":true,"href":"https:\/\/www.visit-ulcinj.com\/blog\/wp-json\/wp\/v2\/tags?post=363"}],"curies":[{"name":"wp","href":"https:\/\/api.w.org\/{rel}","templated":true}]}}