{"id":3630,"date":"2008-09-27T09:01:23","date_gmt":"2008-09-27T14:01:23","guid":{"rendered":"http:\/\/www.visit-ulcinj.com\/blog\/?p=3630"},"modified":"2008-10-17T14:07:33","modified_gmt":"2008-10-17T19:07:33","slug":"nje-dite-vere-ne-kalane-e-ulqinit","status":"publish","type":"post","link":"https:\/\/www.visit-ulcinj.com\/blog\/2008\/09\/27\/nje-dite-vere-ne-kalane-e-ulqinit\/","title":{"rendered":"Nj\u00eb dit\u00eb vere n\u00eb Kalan\u00eb e Ulqinit"},"content":{"rendered":"<p><a href=\"http:\/\/cache.virtualtourist.com\/644432-Travel_Picture-ULQINI_ULCINJ.jpg\"><img loading=\"lazy\" class=\"alignleft\" title=\"ulqini\" src=\"http:\/\/cache.virtualtourist.com\/644432-Travel_Picture-ULQINI_ULCINJ.jpg\" alt=\"\" width=\"328\" height=\"217\" \/><\/a><strong>Vall\u00ebzimi n\u00eb rrug\u00eb<\/strong><br \/>\nKur jet\u00ebn e shikon si fragmente t\u00eb kultur\u00ebs alternative, at\u00ebher\u00eb \u00ebsht\u00eb gj\u00eb e natyrshme q\u00eb e p\u00ebrjeton si nj\u00eb performans. E shk\u00ebputur nga nj\u00eb skenar i ndonj\u00eb rock &#8211; mjuzikli, ku jeta shnd\u00ebrrohet n\u00eb performans artistik, ishte edhe nj\u00eb dit\u00eb nga fundi i gushtit, n\u00eb Kalan\u00eb e Ulqinit! Ose, t\u2019i kthehemi asaj q\u00eb ka qen\u00eb kultura urbane m\u00eb e vjet\u00ebr, e k\u00ebto ishin shfaqjet dhe koncertet n\u00ebp\u00ebr rrug\u00ebt e qyteteve europiane t\u00eb epok\u00ebs s\u00eb Renesansit. K\u00ebshtu ndodhi kur me miqt\u00eb e mij nga SHKA Liria nga Mileshi shkuam n\u00eb Ulqin ku ata ishin t\u00eb ftuar q\u00eb n\u00eb manifestimin prestigjoz t\u00eb rajonit &#8220;Skena verore&#8221; ta shfaqin komedin\u00eb &#8220;Dit\u00eblindja&#8221; t\u00eb autorit shkodran Fadil Kraja.<br \/>\nN\u00eb kujtes\u00ebn kolektive t\u00eb shqiptar\u00ebve, ve\u00e7an\u00ebrisht neve q\u00eb kemi jetuar brenda kufijve administrativ\u00eb t\u00eb ish &#8211; Jugosllavis\u00eb, Ulqini e kishte vendin special. Kjo \u00ebsht\u00eb sikur jeton n\u00eb nj\u00eb sht\u00ebpi ku vet\u00ebm nj\u00eb dhom\u00eb e ka privilegjin t\u00eb ket\u00eb shikim kah deti. P\u00ebr t\u00eb gjith\u00eb ne, Ulqini ishte di\u00e7ka q\u00eb &#8220;n\u00ebnkuptohet&#8221;. Pra, vizitohet dhe kalohen pushimet. Mir\u00ebpo, sa n\u00ebnkuptohet, e sa, n\u00eb realitet, e njohim at\u00eb q\u00eb \u00ebsht\u00eb monumenti m\u00eb i r\u00ebnd\u00ebsish\u00ebm i trash\u00ebgimis\u00eb antike dhe mesjetare t\u00eb shqiptar\u00ebve t\u00eb k\u00ebsaj ane. Un\u00eb, si shum\u00eb t\u00eb tjer\u00eb, mendova q\u00eb e njoh. Mir\u00ebpo, at\u00eb dit\u00eb, m\u00eb 18 gusht, e pash\u00eb q\u00eb nuk e njoh fare dhe se, edhe p\u00ebr mua si edhe p\u00ebr shumic\u00ebn, Ulqini \u00ebsht\u00eb di\u00e7ka q\u00eb &#8220;n\u00ebnkuptohet&#8221;, por, q\u00eb nuk njihet mir\u00eb. At\u00eb dit\u00eb ndodhi q\u00eb t\u00ebr\u00eb koha t\u00eb m\u00eb kaloj\u00eb rreth dhe brenda Kalas\u00eb dhe e pash\u00eb q\u00eb n\u00eb realitet, nuk dijm\u00eb asgj\u00eb p\u00ebr vetveten. Nuk \u00ebsht\u00eb k\u00ebshtu vet\u00ebm me Ulqinin. Vjet, kur e vizitova p\u00ebr t\u00eb paren her\u00eb Castrumin e Tivarit, isha e magjepsuar, por,nga emocioni i fuqish\u00ebm, nuk dija se \u00e7far\u00eb t\u00eb shikoj\u00eb m\u00eb par\u00eb.<\/p>\n<p><strong>Music Show<\/strong><br \/>\n&#8220;Is this the music show?&#8221;, m\u00eb pyeti nj\u00eb turiste, derisa e haja hamburgerin dhe e shikoja nga publiku prov\u00ebn e ansamblit t\u00eb Liris\u00eb dhe derisa Mensur Gilaj improvizonte n\u00eb piano.&#8221; Yes, thash, it starts about ten o clock&#8221;. &#8220;How beautiful&#8221;, tha ajo.<br \/>\nIshte nj\u00eb ambient joreal. Shfaqja ishte e parapar\u00eb p\u00ebr ora 22, por, p\u00ebrgatitjet filluan rreth or\u00ebs 19. &#8220;\u00c7far\u00eb mendon, si do t\u00eb dukej sikur t\u00eb improvizoja n\u00eb piano gjat\u00eb shfaqjes&#8221; m\u00eb tha Mensuri. Aktoret e reja b\u00ebnin prova t\u00eb makiazhit dhe kostumeve n\u00eb nj\u00ebren nga sht\u00ebpit\u00eb an\u00ebsore. Rr\u00ebmuja, tingujt e pianos, p\u00ebrshtatja e ndri\u00e7imit, skena me mobilje t\u00eb improvizuara p\u00ebr shfaqje, aktor\u00ebt q\u00eb koncentroheshin n\u00eb tekst. N\u00eb an\u00ebn tjet\u00ebr, Muzeu me eksponate arkeologjike, kishat me p\u00ebrmendore mbivarrore dhe fragmente keramik\u00eb nga periudha ilire, turist\u00ebt q\u00eb vinin t\u2019i shihnin, kjo b\u00ebri t\u00eb ndihesh si n\u00eb nj\u00eb atmosfer\u00eb Renesansi ku jeta zhvillohet n\u00eb rrug\u00eb, pra, ta shikosh veten si pjes\u00eb t\u00eb performansit n\u00eb sken\u00eb t\u00eb hapur.<br \/>\nM\u00eb her\u00ebt, at\u00eb dit\u00eb, Kalaja ishte sken\u00eb e papritur p\u00ebr nj\u00eb imrovizim t\u00eb djemve dhe vajzave nga Liria. Ishte von\u00eb pas dite dhe ishim nisur q\u00eb t\u00eb p\u00ebrgatitemi p\u00ebr shfaqje. Papritmas, dikujt i erdhi ideja q\u00eb t\u00eb ekzekutojn\u00eb nj\u00eb pjes\u00eb t\u00eb vall\u00ebs s\u00eb stilizuar, q\u00eb e ushtronin me muaj p\u00ebrpara me koreografin nga Shqip\u00ebria. Ishte pamje si nga Hung up i Madonn\u00ebs, ose Lets dance t\u00eb David Bowiet, ku lihen t\u00eb gjitha pun\u00ebt dhe dilet n\u00eb rrug\u00eb p\u00ebr t\u00eb vall\u00ebzuar. N\u00eb vend t\u00eb magnetofonit, neve na sh\u00ebrbeu vallja nga telefoni mobil i Emin Palajt i cili ishte kryepersonazhi i k\u00ebsaj koreografie, sepse kjo nuk ishte valle e r\u00ebndomt\u00eb, pasi q\u00eb kishte elemente t\u00eb koreodram\u00ebs. At\u00eb dit\u00eb, &#8220;hapi i gjer\u00eb&#8221; i valles son\u00eb fitoi nj\u00eb dimension t\u00eb ri, t\u00eb leht\u00eb dhe eterik, si edhe vallja, e cila nga nj\u00eb koreografi dramatike q\u00eb rr\u00ebfen p\u00ebr luft\u00ebn e Kosov\u00ebs p\u00ebr liri, fitoi nj\u00eb kualitet universal dhe modern, pik\u00ebrisht p\u00ebr shkak se u luajt n\u00eb jeans dhe fustana t\u00eb plazhit, n\u00eb nj\u00eb ambient t\u00eb natyrsh\u00ebm t\u00eb ver\u00ebs &#8211; n\u00eb rrug\u00ebt e Kalas\u00eb. T\u00eb mos harrojm\u00eb se vall\u00ebzimet e subkulturave moderne, si\u00e7 jan\u00eb hip &#8211; hopi afroamerikan ose capoeira portugeze, as q\u00eb luhen n\u00eb hap\u00ebsira t\u00eb mbyllyra. At\u00eb dit\u00eb, turist\u00ebt q\u00eb kalonin aty in\u00e7izonin me kurreshtje k\u00ebt\u00eb performans t\u00eb papritur derisa per\u00ebndonte dielli mesdhetar.<\/p>\n<p><strong>Emri<\/strong><br \/>\nNe si etnos do t\u00eb ekzistojm\u00eb aq sa do t\u00eb ekzistoj\u00eb edhe trash\u00ebgimia jon\u00eb materiale dhe kultura autentike. Pa emrin ton\u00eb jemi vet\u00ebm mas\u00eb amorfe, q\u00eb nuk ka identitet. Dhjet\u00eb muaj m\u00eb heret, aq sa isha e magjepsuar me madh\u00ebshtin\u00eb e Castrumit t\u00eb Tivarit, po aq isha edhe e d\u00ebshp\u00ebruar me injorancen e shoq\u00ebris\u00eb n\u00eb t\u00eb cil\u00ebn nuk ekziston vetdija p\u00ebr vetvet\u00ebn. Edhe sa mund t\u00eb q\u00ebndrojn\u00eb ato murishte, para se t\u00eb shnd\u00ebrrohen n\u00eb pluh\u00ebr, e kjo \u00ebsht\u00eb e paevitueshme. Para disa vitesh, me rastin e krimit anticivilizues q\u00eb \u00ebsht\u00eb b\u00ebr\u00eb n\u00eb Rumi, kam shkruar se si kujdesen amerikan\u00ebt p\u00ebr at\u00eb q\u00eb paraqet trash\u00ebgimin\u00eb kulturore t\u00eb historis\u00eb s\u00eb shkurt\u00ebr t\u00eb vendit t\u00eb tyre, e kam dh\u00ebn\u00eb shembullin se, psh. z\u00ebri i Kurt Cobainit (Kobein) dhe albumi Nevermind nga viti 1991, \u00ebsht\u00eb deponuar si vler\u00eb e v\u00eb\u00e7ant\u00eb, n\u00eb Bibliotek\u00ebn e Kongresit Amerikan. Nd\u00ebrsa, \u00e7ka b\u00ebjm\u00eb ne? \u00c7ka b\u00ebn sistemi?<br \/>\nP\u00ebr dallim nga Castrumi, Kalaja e Ulqinit \u00ebsht\u00eb e ruajtur, por, \u00ebsht\u00eb e pabesueshme q\u00eb nuk gjendet n\u00eb listen e UNESCO &#8211; s. Derisa t\u00eb mos b\u00ebhet kjo, ky monument unik do t\u00eb jet\u00eb i pambrojtur nga devastimet si\u00e7 ishte ai vitin e kaluar kur p\u00ebr shkak t\u00eb punimeve private n\u00eb nj\u00eb pjes\u00eb t\u00eb Kalas\u00eb, gjurm\u00ebt materiale q\u00eb u gjet\u00ebn me at\u00eb rast u hodh\u00ebn n\u00eb det.<br \/>\nAt\u00eb dit\u00eb vere, duke ecur rrug\u00ebve t\u00eb k\u00ebtij qyteti t\u00eb lasht\u00eb, i paramendoja banor\u00ebt e tij t\u00eb periudhave t\u00eb ndryshme; disa prej tyre i njohim me em\u00ebr, si disidentin hebreit Sabatai Zevin, personalitet i cili gjendet n\u00eb t\u00eb gjitha enciklopedit\u00eb bot\u00ebrore, nd\u00ebrsa, sa jan\u00eb t\u00eb till\u00eb, anonim\u00eb, p\u00ebr tre mij\u00eb vjet qysh se ekzistonUlqini. At\u00eb dit\u00eb vere, mendoja sa miliard\u00eb hapash jan\u00eb b\u00ebr\u00eb n\u00ebp\u00ebr ato rrug\u00eb t\u00eb shtruara me gur\u00eb, q\u00eb nga themelimi i k\u00ebtij qyteti ilir e deri sot. I paramendoja banor\u00ebt e Ulqinit mesjetar duke u ngjitur Kalas\u00eb telart\u00eb, n\u00ebp\u00ebr rrug\u00eb t\u00eb ngushta, mes sht\u00ebpive t\u00eb mrrekullueshme t\u00eb arkitektur\u00ebs mesdhetare. Nj\u00ebjt\u00eb si\u00e7 b\u00ebn\u00eb edhe at\u00eb nat\u00eb duke u ngjitur p\u00ebr ta par\u00eb shfaqjen e miqve t\u00eb mi.<br \/>\n<strong>Xhoana M. Perkaj<br \/>\nKoha Javore<\/strong><\/p>\n<p><object classid=\"clsid:6bf52a52-394a-11d3-b153-00c04f79faa6\" width=\"400\" height=\"350\" codebase=\"http:\/\/activex.microsoft.com\/activex\/controls\/mplayer\/en\/nsmp2inf.cab#Version=5,1,52,701\"><param name=\"url\" value=\"ftp:\/\/82.114.77.27\/pub\/cosmo050808.wmv\" \/><\/object><\/p>\n<p style=\"text-align: center;\"><a class=\"aligncenter\" title=\"???? ????,?????,Ulcinj,Montenegru,??????????,\u00c7ernoqoriya,Besplatni internet oglasi,Besplatni oglasi,besplatni mali oglasi,besplatni turisti?ki oglasi,oglasi, usluge, turizam,Turisti?ke usluge,Doma?i turizam,Besplatni Oglasnik,Brzi Oglasi Besplatno,Besplatno OglasavanjeTurizam,besplatni oglasi sa slikom,Turisticki informator besplatni,li?ni-oglasi,BESPLATNI Turisticki OGLASI SA SLIKAMA,BESPLATNI Turisticki Oglasi saVideom,turisticki smestaj oglasi,Turisti?ki vodi? balkana,BESPLATNA REZERVACIJA SMESTAJA,Postavite besplatno Vas oglas,FREE TOURIST GUIDES,Izdavanje-Turizam oglasi,Balkan Turisticki vodic,shpallje turistike falas,Shpallje Falas,Shpallje falas per Komplekse Turistike,Lajmerime,Njoftime,shpallje shqip per shqiptaret ne shqiperi kosova maqedoni,mal te zi,???????????,Montenegiro,?ern\u00e1 Hora,??????????,Cz\u00f4rnog\u00f3ra,Cz\u00f4rn\u00f4 G\u00f3ra,Carna G\u00f3ra,T\u0161ernogooria,\u00c7ernogoriya,Montain\u00e9agr\u00f3,Montenegwo,?orna Hora,Montenegr\u00f3,M?ntenigro,Chernogoriya ,\u00c7\u00earnogor\u00ee ,?????????,????????? ,??????? ,Montes Nigrae,Mons Niger,M\u00f4ntenegr\u00f4,Muntenegru,??????????,Czarnog\u00f3ra,Muntinigru,Muntenegro,&lt;br &gt;&lt;\/a&gt; Muntenegru,\t?ierna Hora,Cxerngora,????????,?rna gora,Moontineegro,?ornog?ra,\u00c7ernogori\u00fda,Chernogoriya,Mont\u00f5negro,????? ???? ,?r?na Gora,?r?nogorije,?ernogorija,?arnahoryja,??????????,???????????????????? ,?ern\u00f4g\u00f4riy\u00e2,M\u00fbnt\u00een\u00ee?r\u00fb,????? ?????? ,????????,??????????,???????????,M\u00e2nten\u00eegro,???? ????? ,????????,M\u00f4ntenegr\u00f4,????????????,???????????,????????????, ??????????? ,????????????,??????????? ,\u008d\u2022?R\/?K?R ,\u0192\u201a\u0192\u201c\u0192e\u0192l\u0192O\u0192\u008d,\u00b8???\u00b3?\u00b1?\u00b7? ,Muntenegru, ????? ????, Montenegr?,chambres ? louer ? ulcinj, location de vacance, location saisonni?res, louer villa,location de vacance, Locations vacance, h?bergements vacances, locations villa, logements de vacances, location maison avec piscine, Location vacance, locations de vacance, h?bergements de vacances, location villa, locations entre particulier, logements vacance, vacances ? Mont?n?gro - location ? Ulcinj ,location  de bigorre,Urlaub in Ulcinj -Montenegro,Hotelbewertungen Ulcinj,Reisen Ulcinj, Urlaub Ulcinj,Hotel in Serbien und Montenegro von Urlaubern bewertet,Billig Urlaub in Ulcinj,ferienh?user,ferienwohnung,Billige Ferienh?user,Ferienwohnung ULCINJ,Ferien an der Adria,Urlaub im Ferienhaus ulcinjBilligreisen Ulcinj,Pauschalreisen,FKK Strand Ada Bojana ulcinj,Last Minute Angebote ulcinj,Preise f?r Lastminute,Kleinanzeigen gratis,Ausflug nach Ulcinj,FKK-Reisen ada bojana,FKK-Urlaub ulcinj,Privatni smje?taj,rezervacija smje?taja,apartmani,sobe,ku?e,odmor,sobe za odmor ulcinj,Pretra?ivanje privatnog smje?taja,rooms rent accommodation ulcinj, rentail private accommodation ulcinj,?elite rezervirati privatni smje?taj,Private accommodation,Smje?taj ulcinj,Pushime Verore ulqin,pushime t? lira n? ulqin,Pushime ne plazh,Pushime te kendshme,dhoma per pushime ulqin,dhoma me qera ulqin,dhoma te lira ulqin,pushime te lira ulqin,mali i zi,kosova,maqedoni,shqiperi,Pushime ne det te ulqinit,godi?nji odmor u ulcinj,odmor u ulcinj,Ku?a za odmor,kuda na odmor,ljetovanje u ulcinj,slobodne sobe,dhoma te lira,ku?a uz more,turisti?ka ponuda,odmor i zabava,povolne cene,sobe,usluge,Mjesto za Va? odmor , Place for Your holiday,Odmor portal,putovanaja,Iznajmljivanje soba ulcinj,odmor ulcinj info,Va?e mjesto za odmor ulcinj,nudisticka plaza ada bojana,smjestaj ponuda ulcinj,lokacioni i dhomave ulqin,deti,plazhet e bukura,diskoteka,zbavitja,.\" href=\"http:\/\/www.visit-ulcinj.com\/tourism\/\" target=\"_blank\"><img loading=\"lazy\" class=\"aligncenter\" title=\"SHPALLJE TURISTIKE FALAS,FREE TOURIST GUIDES,BESPLATNI TURISTI?KI OGLASI,balkan holiday rentals,ALBANIJA,ALBANIA,SHQIPERIJA,CRNA GORA,HRVATSKA,KROACIA,SLOVENIJA,MAKEDONIJA,MAKEDONIA,SRBIJA,MONTENEGRO,MALI I ZI,\" src=\"http:\/\/www.visit-ulcinj.com\/blog\/wp-content\/uploads\/2008\/09\/balkanholidayrentals.gif\" alt=\"Apatin,  Aran?elovac,  ?uprija,  ?a?ak,  ?apljina,  ?itluk,  ?abac,  ?ipovo,  ?iroki Brijeg,  ?ep?e,  ?ivinice,  Ba?ka Palanka,  Banja Luka,  Banovi?i,  Be?ej,  beograd,  Biha?,  Bijeljina,  Bor,  Bor?a,  Bosanska Gradi?ka,  Bosanska Krupa,  Bosanski ?amac,  Bosanski Brod,  Bosanski Novi,  Br?ko,  Bu?im,  Bugojno,  Cazin,  Crna Gora,  Derventa,  Doboj,  Donji Vakuf,  Drvar,  Dubrovnik,  Fo?a,  Fojnica,  Glamo?,  Gora?de,  Gornji Milanovac,  Gornji Vakuf,  gostivar,  Gra?anica,  Grada?ac,  Gradiska,  Grahovo,  Had?i?i,  Ilid?a,  In?ija,  Jablanica,  Jagodina,  Jajce,  Kakanj,  Kalu?erica,  Kikinda,  Klju?,  Konjic,  Kotor Varo?,  Kragujevac,  Kraljevo,  Kru?evac,  Kula,  Kupres,  Lakta?i,  Lazarevac,  Leskovac,  Livno,  Ljubinje,  ljublana,  Ljubu?ki,  Loznica,  Lukavac,  Maglaj,  Mladenovac,  Modri?a,  montenegro erlajnz,  mostar,  Mrkonji? Grad,  Neum,  Ni?,  Novi Pazar,  Novi Sad,  Novi Travnik,  Obrenovac,  Od?ak,  ohrid,  Ora?je,  Pale,  Pan?evo,  Para?in,  Pirot,  Po?arevac,  Podgorica,  Priboj,  Prijedor,  Prokuplje,  Prozor,  pula,  rijeka,  Ruma,  Sanski Most,  Sarajevo,  Senta,  serbija,  sibenik,  skopje,  Smederevo,  Smederevska Palanka,  Sokolac,  Sombor,  split,  Srebrenica,  Srebrenik,  Sremska Mitrovica,  Stolac,  Struga,  Subotica,  Temerin,  Tesli?,  tetovo,  Travnik,  Trebinje,  tuzla,  U?ice,  ulcinj,  Valjevo,  Velika Kladu?a,  Vi?egrad,  Visoko,  Vitez,  Vogo??a,  vojvodina,  Vranje,  Vr?ac,  Vrbas,  zadar,  Zagreb,  Zaje?ar,  Zavidovi?i,  Zenica,  Zrenjanin,  Zvornik,copacabana ulcinj,  h?tels,  hotel ulqin,  Kosova,  Mali i Zi,  Maqedonija,  Montenegro,  montenegro tourisme plage,  montenegro ulcinj,  Shpallje Falas,  Shpallje Falas per shitjen e shtepis se juaj,  Shpallje Falas per villat e juaj,  Shpallje Falas Real Estate,  Shpallje Falas turistike,  shqiperija,  tourisme,  Ulci?,  ulcinj,  ulqin,  ulqin hotel,  ulqini,  ulqini 2007,Ada Bojana,  Alba?czyk,  Cita di Dolcino,  Copacabana,  Czarnog?ra,  Czarnog?rzec,  Don Kichota,  Ma\u00b3a Pla?a,  Mandra,  MIGUEL DE SERVANTES,  p?\u00b3wyspy Marjan,  Pla?a Valdanos,  Rzeka Bojana,  Shas \/ ?as \/ Sva?,  Ulci?,  Ulcinjsk\u00b9 Riwier?,  Wielka Pla?a,  Wyspa Bojana,GORA,??????????,???????,??????????, ?ern? Hora,TO ULCINJ \/ ULQIN,MONTENEGRO, Czarnog?ra, Muntenegru, ????? ????, Montenegr?,villa ? louer ? ulcinj, location de vacance, location saisonni?res, louer chambres,location de vacance, Locations vacance, h?bergements vacances, locations villa, logements de vacances, location maison avec piscine, Location vacance, locations de vacance, h?bergements de vacances, location, locations entre particulier, logements vacance, vacances ? Mont?n?gro - location ? Ulcinj ,location  de bigorre,Albaniku,  Artana,  Bujanoci,  Burimi,  Dardana,  Dardan?,  De?an,  Dibra,  Drenas,  Drenasi,  Ferizaj,  Ferizaji,  Fush? Kosova,Besplatni internet oglasi,Besplatni oglasi,besplatni mali oglasi,besplatni turisti?ki oglasi,oglasi, usluge, turizam,Turisti?ke usluge,Doma?i turizam,Besplatni Oglasnik,Brzi Oglasi Besplatno,Besplatno OglasavanjeTurizam,besplatni oglasi sa slikom,Turisticki informator besplatni,li?ni-oglasi,BESPLATNI Turisticki OGLASI SA SLIKAMA,BESPLATNI Turisticki Oglasi saVideom,turisticki smestaj oglasi,Turisti?ki vodi? balkana,BESPLATNA REZERVACIJA SMESTAJA,Postavite besplatno Vas oglas,FREE TOURIST GUIDES,Izdavanje-Turizam oglasi,Balkan Turisticki vodic,shpallje turistike falas,Shpallje Falas,Shpallje falas per Komplekse Turistike,Lajmerime,Njoftime,shpallje shqip per shqiptaret ne shqiperi kosova maqedoni,mal te zi,Fush? Kosov?,  Gjakova,  Gjakov?,  Gjilan,  Gjilani,  Gostivari,  Istog,  Istog\u00b7,  Ka?anik,  Ka?aniku,  Kastrioti,  K?r?ova,  Klina,  Klin?,  Kumanova,  Leposaviq,  Leskovci,  Likova,  Lipjan,  Lipjani,  Malisheva,  Malishev?,  Manastiri,  Medvegja,  Mitrovica,  Mitrovic?,  Novob?rd?,  Obiliq\u00b7 Rahovec,  Ohri,  Peja,  Pej?,  Podujeva,  Podujev?,  Presheva,  Prishtina,  Prishtin?,  Prizren,  Prizreni,  Rahoveci,  Sharri,  Sharri (Kosov?),  Shkupi,  Sht?rpca,  Sht?rpc?,  Shtime,  Sk?nderaj,  Struga,  Tetova,  Theranda,  Therand?,  Triumf Riza,  Veleshta,  Viti,  Vitia,  Vushtrri,  Vushtrria,  Zubin Potok,  Zubin Potoku,  Zve?an,  Zve?ani,Struga,Gostivari,Gostivar,Ker?ova,Tirana,Durr?si,Elbasani,Shkodra,Tuzi,Vlora, Kor?a,Fieri,Berati,Lushnja ,Kavaja,Pogradeci,La?i,Gjirokastra,Patosi,Kruja,Ku?ova,Kuk?si,Lezha,Saranda,Peshkopia,Burreli,C?rriku,?orovoda,Shijaku,Librazhdi,Tepelena,Gramshi,Poli?ani,Bulqiza,P?rmeti,Fush?Kruja,Kamza,Rr?sheni,Ballshi,Mamurrasi,BajramCurri,Erseka,Peqini,Divjaka,Selenica,Bilishti,Roskoveci,Puka,Memaliaj,Rrogozhina,Ura Vajgurore,Himara,Delvina,Vora,Kopliku,Maliqi,P?rrenjasi,Kruma, Libohova,Orikumi,Fush?-Arr?za,Sh?ngjini,Rubiku,Miloti, Leskoviku,Konispoli,K?lcyra,Krasta,K?rraba,Manastiri,Hara?ina,Likova,Prilepi,Zajazi,Vrap?ishti,Bogovin?,\" width=\"420\" height=\"120\" \/><\/a><\/p>\n","protected":false},"excerpt":{"rendered":"<p>Vall\u00ebzimi n\u00eb rrug\u00eb Kur jet\u00ebn e shikon si fragmente t\u00eb kultur\u00ebs alternative, at\u00ebher\u00eb \u00ebsht\u00eb gj\u00eb e natyrshme q\u00eb e p\u00ebrjeton si nj\u00eb performans. E shk\u00ebputur nga nj\u00eb skenar i ndonj\u00eb rock &#8211; mjuzikli, ku jeta shnd\u00ebrrohet n\u00eb performans artistik, ishte edhe nj\u00eb dit\u00eb nga fundi i gushtit, n\u00eb Kalan\u00eb e Ulqinit! Ose, t\u2019i kthehemi asaj [&hellip;]<\/p>\n","protected":false},"author":1,"featured_media":0,"comment_status":"open","ping_status":"closed","sticky":false,"template":"","format":"standard","meta":{"spay_email":"","jetpack_publicize_message":"","jetpack_is_tweetstorm":false,"jetpack_publicize_feature_enabled":true},"categories":[12,15],"tags":[95,200,18],"jetpack_publicize_connections":[],"yoast_head":"<!-- This site is optimized with the Yoast SEO plugin v19.1 - https:\/\/yoast.com\/wordpress\/plugins\/seo\/ -->\n<title>Nj\u00eb dit\u00eb vere n\u00eb Kalan\u00eb e Ulqinit - Lajme nga Ulqini<\/title>\n<meta name=\"description\" content=\"Vall\u00ebzimi n\u00eb rrug\u00eb Kur jet\u00ebn e shikon si fragmente t\u00eb kultur\u00ebs alternative, at\u00ebher\u00eb \u00ebsht\u00eb gj\u00eb e natyrshme q\u00eb e p\u00ebrjeton si nj\u00eb performans. E shk\u00ebputur nga\" \/>\n<meta name=\"robots\" content=\"index, follow, max-snippet:-1, max-image-preview:large, max-video-preview:-1\" \/>\n<link rel=\"canonical\" href=\"https:\/\/www.visit-ulcinj.com\/blog\/2008\/09\/27\/nje-dite-vere-ne-kalane-e-ulqinit\/\" \/>\n<meta property=\"og:locale\" content=\"en_US\" \/>\n<meta property=\"og:type\" content=\"article\" \/>\n<meta property=\"og:title\" content=\"Nj\u00eb dit\u00eb vere n\u00eb Kalan\u00eb e Ulqinit - Lajme nga Ulqini\" \/>\n<meta property=\"og:description\" content=\"Vall\u00ebzimi n\u00eb rrug\u00eb Kur jet\u00ebn e shikon si fragmente t\u00eb kultur\u00ebs alternative, at\u00ebher\u00eb \u00ebsht\u00eb gj\u00eb e natyrshme q\u00eb e p\u00ebrjeton si nj\u00eb performans. E shk\u00ebputur nga\" \/>\n<meta property=\"og:url\" content=\"https:\/\/www.visit-ulcinj.com\/blog\/2008\/09\/27\/nje-dite-vere-ne-kalane-e-ulqinit\/\" \/>\n<meta property=\"og:site_name\" content=\"Lajme nga Ulqini\" \/>\n<meta property=\"article:published_time\" content=\"2008-09-27T14:01:23+00:00\" \/>\n<meta property=\"article:modified_time\" content=\"2008-10-17T19:07:33+00:00\" \/>\n<meta property=\"og:image\" content=\"http:\/\/cache.virtualtourist.com\/644432-Travel_Picture-ULQINI_ULCINJ.jpg\" \/>\n<meta name=\"twitter:label1\" content=\"Written by\" \/>\n\t<meta name=\"twitter:data1\" content=\"ulqini\" \/>\n\t<meta name=\"twitter:label2\" content=\"Est. reading time\" \/>\n\t<meta name=\"twitter:data2\" content=\"6 minutes\" \/>\n<script type=\"application\/ld+json\" class=\"yoast-schema-graph\">{\"@context\":\"https:\/\/schema.org\",\"@graph\":[{\"@type\":\"WebSite\",\"@id\":\"https:\/\/www.visit-ulcinj.com\/blog\/#website\",\"url\":\"https:\/\/www.visit-ulcinj.com\/blog\/\",\"name\":\"Lajme nga Ulqini\",\"description\":\"Lajme,Vijesti,Ulqini,Ulqin,Crna Gora,Mali i Zi\",\"potentialAction\":[{\"@type\":\"SearchAction\",\"target\":{\"@type\":\"EntryPoint\",\"urlTemplate\":\"https:\/\/www.visit-ulcinj.com\/blog\/?s={search_term_string}\"},\"query-input\":\"required name=search_term_string\"}],\"inLanguage\":\"en-US\"},{\"@type\":\"ImageObject\",\"inLanguage\":\"en-US\",\"@id\":\"https:\/\/www.visit-ulcinj.com\/blog\/2008\/09\/27\/nje-dite-vere-ne-kalane-e-ulqinit\/#primaryimage\",\"url\":\"http:\/\/cache.virtualtourist.com\/644432-Travel_Picture-ULQINI_ULCINJ.jpg\",\"contentUrl\":\"http:\/\/cache.virtualtourist.com\/644432-Travel_Picture-ULQINI_ULCINJ.jpg\"},{\"@type\":\"WebPage\",\"@id\":\"https:\/\/www.visit-ulcinj.com\/blog\/2008\/09\/27\/nje-dite-vere-ne-kalane-e-ulqinit\/#webpage\",\"url\":\"https:\/\/www.visit-ulcinj.com\/blog\/2008\/09\/27\/nje-dite-vere-ne-kalane-e-ulqinit\/\",\"name\":\"Nj\u00eb dit\u00eb vere n\u00eb Kalan\u00eb e Ulqinit - Lajme nga Ulqini\",\"isPartOf\":{\"@id\":\"https:\/\/www.visit-ulcinj.com\/blog\/#website\"},\"primaryImageOfPage\":{\"@id\":\"https:\/\/www.visit-ulcinj.com\/blog\/2008\/09\/27\/nje-dite-vere-ne-kalane-e-ulqinit\/#primaryimage\"},\"datePublished\":\"2008-09-27T14:01:23+00:00\",\"dateModified\":\"2008-10-17T19:07:33+00:00\",\"author\":{\"@id\":\"https:\/\/www.visit-ulcinj.com\/blog\/#\/schema\/person\/dcab619c614d3038751c63bc2aadc06d\"},\"description\":\"Vall\u00ebzimi n\u00eb rrug\u00eb Kur jet\u00ebn e shikon si fragmente t\u00eb kultur\u00ebs alternative, at\u00ebher\u00eb \u00ebsht\u00eb gj\u00eb e natyrshme q\u00eb e p\u00ebrjeton si nj\u00eb performans. E shk\u00ebputur nga\",\"breadcrumb\":{\"@id\":\"https:\/\/www.visit-ulcinj.com\/blog\/2008\/09\/27\/nje-dite-vere-ne-kalane-e-ulqinit\/#breadcrumb\"},\"inLanguage\":\"en-US\",\"potentialAction\":[{\"@type\":\"ReadAction\",\"target\":[\"https:\/\/www.visit-ulcinj.com\/blog\/2008\/09\/27\/nje-dite-vere-ne-kalane-e-ulqinit\/\"]}]},{\"@type\":\"BreadcrumbList\",\"@id\":\"https:\/\/www.visit-ulcinj.com\/blog\/2008\/09\/27\/nje-dite-vere-ne-kalane-e-ulqinit\/#breadcrumb\",\"itemListElement\":[{\"@type\":\"ListItem\",\"position\":1,\"name\":\"Nj\u00eb dit\u00eb vere n\u00eb Kalan\u00eb e Ulqinit\"}]},{\"@type\":\"Person\",\"@id\":\"https:\/\/www.visit-ulcinj.com\/blog\/#\/schema\/person\/dcab619c614d3038751c63bc2aadc06d\",\"name\":\"ulqini\",\"sameAs\":[\"http:\/\/www.visit-ulcinj.com\"],\"url\":\"https:\/\/www.visit-ulcinj.com\/blog\/author\/admin\/\"}]}<\/script>\n<!-- \/ Yoast SEO plugin. -->","yoast_head_json":{"title":"Nj\u00eb dit\u00eb vere n\u00eb Kalan\u00eb e Ulqinit - Lajme nga Ulqini","description":"Vall\u00ebzimi n\u00eb rrug\u00eb Kur jet\u00ebn e shikon si fragmente t\u00eb kultur\u00ebs alternative, at\u00ebher\u00eb \u00ebsht\u00eb gj\u00eb e natyrshme q\u00eb e p\u00ebrjeton si nj\u00eb performans. E shk\u00ebputur nga","robots":{"index":"index","follow":"follow","max-snippet":"max-snippet:-1","max-image-preview":"max-image-preview:large","max-video-preview":"max-video-preview:-1"},"canonical":"https:\/\/www.visit-ulcinj.com\/blog\/2008\/09\/27\/nje-dite-vere-ne-kalane-e-ulqinit\/","og_locale":"en_US","og_type":"article","og_title":"Nj\u00eb dit\u00eb vere n\u00eb Kalan\u00eb e Ulqinit - Lajme nga Ulqini","og_description":"Vall\u00ebzimi n\u00eb rrug\u00eb Kur jet\u00ebn e shikon si fragmente t\u00eb kultur\u00ebs alternative, at\u00ebher\u00eb \u00ebsht\u00eb gj\u00eb e natyrshme q\u00eb e p\u00ebrjeton si nj\u00eb performans. E shk\u00ebputur nga","og_url":"https:\/\/www.visit-ulcinj.com\/blog\/2008\/09\/27\/nje-dite-vere-ne-kalane-e-ulqinit\/","og_site_name":"Lajme nga Ulqini","article_published_time":"2008-09-27T14:01:23+00:00","article_modified_time":"2008-10-17T19:07:33+00:00","og_image":[{"url":"http:\/\/cache.virtualtourist.com\/644432-Travel_Picture-ULQINI_ULCINJ.jpg"}],"twitter_misc":{"Written by":"ulqini","Est. reading time":"6 minutes"},"schema":{"@context":"https:\/\/schema.org","@graph":[{"@type":"WebSite","@id":"https:\/\/www.visit-ulcinj.com\/blog\/#website","url":"https:\/\/www.visit-ulcinj.com\/blog\/","name":"Lajme nga Ulqini","description":"Lajme,Vijesti,Ulqini,Ulqin,Crna Gora,Mali i Zi","potentialAction":[{"@type":"SearchAction","target":{"@type":"EntryPoint","urlTemplate":"https:\/\/www.visit-ulcinj.com\/blog\/?s={search_term_string}"},"query-input":"required name=search_term_string"}],"inLanguage":"en-US"},{"@type":"ImageObject","inLanguage":"en-US","@id":"https:\/\/www.visit-ulcinj.com\/blog\/2008\/09\/27\/nje-dite-vere-ne-kalane-e-ulqinit\/#primaryimage","url":"http:\/\/cache.virtualtourist.com\/644432-Travel_Picture-ULQINI_ULCINJ.jpg","contentUrl":"http:\/\/cache.virtualtourist.com\/644432-Travel_Picture-ULQINI_ULCINJ.jpg"},{"@type":"WebPage","@id":"https:\/\/www.visit-ulcinj.com\/blog\/2008\/09\/27\/nje-dite-vere-ne-kalane-e-ulqinit\/#webpage","url":"https:\/\/www.visit-ulcinj.com\/blog\/2008\/09\/27\/nje-dite-vere-ne-kalane-e-ulqinit\/","name":"Nj\u00eb dit\u00eb vere n\u00eb Kalan\u00eb e Ulqinit - Lajme nga Ulqini","isPartOf":{"@id":"https:\/\/www.visit-ulcinj.com\/blog\/#website"},"primaryImageOfPage":{"@id":"https:\/\/www.visit-ulcinj.com\/blog\/2008\/09\/27\/nje-dite-vere-ne-kalane-e-ulqinit\/#primaryimage"},"datePublished":"2008-09-27T14:01:23+00:00","dateModified":"2008-10-17T19:07:33+00:00","author":{"@id":"https:\/\/www.visit-ulcinj.com\/blog\/#\/schema\/person\/dcab619c614d3038751c63bc2aadc06d"},"description":"Vall\u00ebzimi n\u00eb rrug\u00eb Kur jet\u00ebn e shikon si fragmente t\u00eb kultur\u00ebs alternative, at\u00ebher\u00eb \u00ebsht\u00eb gj\u00eb e natyrshme q\u00eb e p\u00ebrjeton si nj\u00eb performans. E shk\u00ebputur nga","breadcrumb":{"@id":"https:\/\/www.visit-ulcinj.com\/blog\/2008\/09\/27\/nje-dite-vere-ne-kalane-e-ulqinit\/#breadcrumb"},"inLanguage":"en-US","potentialAction":[{"@type":"ReadAction","target":["https:\/\/www.visit-ulcinj.com\/blog\/2008\/09\/27\/nje-dite-vere-ne-kalane-e-ulqinit\/"]}]},{"@type":"BreadcrumbList","@id":"https:\/\/www.visit-ulcinj.com\/blog\/2008\/09\/27\/nje-dite-vere-ne-kalane-e-ulqinit\/#breadcrumb","itemListElement":[{"@type":"ListItem","position":1,"name":"Nj\u00eb dit\u00eb vere n\u00eb Kalan\u00eb e Ulqinit"}]},{"@type":"Person","@id":"https:\/\/www.visit-ulcinj.com\/blog\/#\/schema\/person\/dcab619c614d3038751c63bc2aadc06d","name":"ulqini","sameAs":["http:\/\/www.visit-ulcinj.com"],"url":"https:\/\/www.visit-ulcinj.com\/blog\/author\/admin\/"}]}},"jetpack_featured_media_url":"","jetpack_sharing_enabled":true,"jetpack_shortlink":"https:\/\/wp.me\/pe6lTn-Wy","_links":{"self":[{"href":"https:\/\/www.visit-ulcinj.com\/blog\/wp-json\/wp\/v2\/posts\/3630"}],"collection":[{"href":"https:\/\/www.visit-ulcinj.com\/blog\/wp-json\/wp\/v2\/posts"}],"about":[{"href":"https:\/\/www.visit-ulcinj.com\/blog\/wp-json\/wp\/v2\/types\/post"}],"author":[{"embeddable":true,"href":"https:\/\/www.visit-ulcinj.com\/blog\/wp-json\/wp\/v2\/users\/1"}],"replies":[{"embeddable":true,"href":"https:\/\/www.visit-ulcinj.com\/blog\/wp-json\/wp\/v2\/comments?post=3630"}],"version-history":[{"count":0,"href":"https:\/\/www.visit-ulcinj.com\/blog\/wp-json\/wp\/v2\/posts\/3630\/revisions"}],"wp:attachment":[{"href":"https:\/\/www.visit-ulcinj.com\/blog\/wp-json\/wp\/v2\/media?parent=3630"}],"wp:term":[{"taxonomy":"category","embeddable":true,"href":"https:\/\/www.visit-ulcinj.com\/blog\/wp-json\/wp\/v2\/categories?post=3630"},{"taxonomy":"post_tag","embeddable":true,"href":"https:\/\/www.visit-ulcinj.com\/blog\/wp-json\/wp\/v2\/tags?post=3630"}],"curies":[{"name":"wp","href":"https:\/\/api.w.org\/{rel}","templated":true}]}}