{"id":36306,"date":"2010-08-24T18:58:11","date_gmt":"2010-08-24T16:58:11","guid":{"rendered":"http:\/\/www.visit-ulcinj.com\/blog\/?p=36306"},"modified":"2010-09-12T00:31:47","modified_gmt":"2010-09-11T22:31:47","slug":"pse-deshtoi-formimi-i-shumices-parlamentare-ne-kuvendin-e-komunes-se-ulqinit","status":"publish","type":"post","link":"https:\/\/www.visit-ulcinj.com\/blog\/2010\/08\/24\/pse-deshtoi-formimi-i-shumices-parlamentare-ne-kuvendin-e-komunes-se-ulqinit\/","title":{"rendered":"Pse d\u00ebshtoi formimi i shumic\u00ebs parlamentare n\u00eb kuvendin e komun\u00ebs s\u00eb Ulqinit"},"content":{"rendered":"<p><strong><img loading=\"lazy\" class=\"alignleft\" title=\"K\u00ebshillit Komunal i Ulqinit\" src=\"http:\/\/www.visit-ulcinj.com\/blog\/wp-content\/uploads\/2009\/01\/Luigj-Lubo-Shkrela-_Millo-Gjukanovic._2.jpg\" alt=\"\" width=\"490\" height=\"380\" \/>Ambiciet joreale, mbrojtja e parimeve apo keqqeverisja<\/strong><\/p>\n<p>P\u00ebr kryetarin e\u00a0K\u00ebshillit Komunal t\u00eb\u00a0PDS-s\u00eb n\u00eb Ulqin,\u00a0Luigj Shkrela, shkak\u00a0p\u00ebr mosarritjen e\u00a0formimit t\u00eb shumic\u00ebs\u00a0parlamentare jan\u00eb\u00a0k\u00ebrkesat dhe ambiciet\u00a0joreale t\u00eb PSD-s\u00eb,\u00a0p\u00ebr kryetarin e\u00a0K\u00ebshillit komunal t\u00eb\u00a0PSD-s\u00eb n\u00eb Ulqin,\u00a0Selim Resulbegoviq,\u00a0kjo parti q\u00eb n\u00eb fillim\u00a0\u00ebsht\u00eb udh\u00ebhequr nga\u00a0parimet p\u00ebr interesin e\u00a0p\u00ebrgjithsh\u00ebm t\u00eb\u00a0Ulqinit, nd\u00ebrsa kryetari\u00a0i Forc\u00ebs s\u00eb Re\u00a0Demokratike thot\u00eb se\u00a0kjo parti q\u00eb prej p\u00ebrfundimit\u00a0t\u00eb zgjedhjeve\u00a0lokale ka konsideruar\u00a0se rruga m\u00eb e mir\u00eb p\u00ebr\u00a0zgjidhjen e situat\u00ebs\u00a0politike n\u00eb Ulqin \u00ebsht\u00eb\u00a0kthimi i mandateve t\u00eb\u00a0k\u00ebshilltar\u00ebve votuesve.\u00a0P\u00ebr her\u00eb t\u00eb par\u00eb n\u00eb historin\u00eb e pluralizmit n\u00eb\u00a0Mal t\u00eb Zi, qytetar\u00ebt e Ulqinit do t\u00eb shkojn\u00eb p\u00ebr\u00a0t\u00eb votuar n\u00eb zgjedhjet e p\u00ebrs\u00ebritura lokale p\u00ebr\u00a0shkak t\u00eb d\u00ebshtimit t\u00eb formimit t\u00eb shumic\u00ebs parlamentare\u00a0n\u00eb Kuvendin e k\u00ebsaj komune. K\u00ebt\u00eb\u00a0nuk e kishin parashikuar as skeptik\u00ebt m\u00eb t\u00eb\u00a0m\u00ebdhenj pas zgjedhjeve t\u00eb 23 majit dhe rezultateve\u00a0t\u00eb k\u00ebtyre zgjedhjeve, aq m\u00eb tep\u00ebr q\u00eb an\u00ebtar\u00ebt\u00a0e koalicionit t\u00eb tanish\u00ebm qeveris\u00ebs kishin\u00a0aritur t\u00eb fitonin 18 k\u00ebshilltar\u00eb, nj\u00eb m\u00eb tep\u00ebr se\u00e7\u00a0kishin pasur n\u00eb p\u00ebrb\u00ebrjen e kaluar t\u00eb kuvendit.\u00a0Megjithat\u00eb, se di\u00e7ka nuk shkon u v\u00ebrejt q\u00eb\u00a0nat\u00ebn e par\u00eb, pas shpalljes s\u00eb rezultateve t\u00eb\u00a0zgjedhjeve, kur nd\u00ebrsa para selis\u00eb s\u00eb UDSH-s\u00eb\u00a0festonin an\u00ebtar\u00ebt dhe simpatizant\u00ebt e UDSH-s\u00eb,\u00a0PDS-s\u00eb dhe PPD-s\u00eb, askush nga PSD-ja nuk\u00a0mori pjes\u00eb n\u00eb k\u00ebt\u00eb fest\u00eb. Edhe pse nj\u00eb nga lider\u00ebt\u00a0e UDSH-s\u00eb i entuziazmuar kishte llogaritur\u00a015 (n\u00eb fillim mendohej se koalicioni \u201cP\u00ebr\u00a0Ulqinin Evropian\u201d kishte fituar 15 k\u00ebshilltar\u00eb)\u00a0+ 2 (k\u00ebshilltar\u00eb t\u00eb PPD-s\u00eb) + 2 (k\u00ebshilltar\u00eb t\u00eb\u00a0PSD-s\u00eb), matematika e tij kishte dal\u00eb e gabuar.\u00a0Arritja e koalicionit paszgjedhor nd\u00ebrmjet\u00a0Koalicionit \u201cP\u00ebr Ulqinit Evropian\u201d dhe PSD-s\u00eb\u00a0n\u00eb fillim t\u00eb bisedimeve mendohej se lidhej me\u00a0suksesin e bisedimeve nd\u00ebrmjet PDS-s\u00eb dhe\u00a0PSD-s\u00eb n\u00eb Podgoric\u00eb. Por pas arritjes s\u00eb koalicionit\u00a0n\u00eb Podgoric\u00eb, arritja e koalicionit n\u00eb\u00a0Ulqin mendohej se do t\u00eb ishte \u00e7\u00ebshtje dit\u00ebsh.\u00a0Edhe pas konstituimit t\u00eb Kuvendit t\u00eb ri t\u00eb\u00a0Komun\u00ebs s\u00eb Ulqinit, bisedimet p\u00ebr formimin e\u00a0shumic\u00ebs parlamentare n\u00eb Kuvendin e\u00a0Komun\u00ebs s\u00eb Ulqinit vazhduan me t\u00eb nj\u00ebjtin\u00a0intensitet. PSD me dy k\u00ebshilltar\u00ebt e fituar p\u00ebrb\u00ebnte\u00a0\u00e7el\u00ebsin e formimit t\u00eb shumic\u00ebs parlamentare.\u00a0Kjo parti derisa zhvillonte bisedime\u00a0me Koalicionin \u201cP\u00ebr Ulqinin Evropian\u201d, i cili\u00a0m\u00eb par\u00eb kishte fituar mb\u00ebshtetjen e PPD-s\u00eb p\u00ebr\u00a0formimin e shumic\u00ebs parlamentare, kishte fituar\u00a0ofert\u00eb p\u00ebr krijimin e koalicionit edhe nga\u00a0blloku tjet\u00ebr i udh\u00ebhequr nga Forca e Re\u00a0Demokratike. P\u00ebrkund\u00ebr kushteve t\u00eb ofruara\u00a0nga ky bllok, PSD kishte b\u00ebr\u00eb t\u00eb ditur se nuk do\u00a0t\u00eb formonte shumic\u00ebn me k\u00ebt\u00eb bllok. Nd\u00ebrkoh\u00eb\u00a0Koalicioni \u201cP\u00ebr Ulqinin Evropian\u201d kishte hyr\u00eb\u00a0n\u00eb bisedime edhe me L\u00ebvizjen Qytetare\u00a0\u201cPerpektiva\u201d p\u00ebr arritjen e shumic\u00ebs parlamentare.\u00a0Edhe pse afrohej skadimi i afatit ligjor p\u00ebr\u00a0formimin e shumic\u00ebs parlamentare dhe\u00a0p\u00ebrkund\u00ebr deklaratave zyrtare q\u00eb paralajm\u00ebronin\u00a0mbajtjen e zgjedhjeve t\u00eb\u00a0parakohshme, shum\u00eb pak njer\u00ebz besonin n\u00eb\u00a0k\u00ebt\u00eb zgjidhje. T\u00eb m\u00ebsuar me t\u00eb kaluar\u00ebn q\u00eb kur\u00a0nuk mund t\u00eb zgjidhen problemet nga t\u00eb vegj\u00eblit\u00a0nd\u00ebrhyjn\u00eb m\u00eb t\u00eb m\u00ebdhenjt\u00eb, shum\u00eb kishin pritur\u00a0q\u00eb zgjidhja do t\u00eb ofrohet e gatshme nga\u00a0Podgorica. E megjithat\u00eb kjo nuk ndodhi.\u00a0T\u00eb h\u00ebn\u00ebn Presidenti i Malit t\u00eb Zi e zgjodhi p\u00ebrfundimisht\u00a0k\u00ebt\u00eb enigm\u00eb. Ai mori vendimin q\u00eb\u00a0qytetar\u00ebt e Ulqinit t\u2019i drejtohen s\u00ebrish kutive t\u00eb\u00a0votimit, po t\u00eb nj\u00ebjt\u00ebn dit\u00eb kur do t\u00eb votohet edhe n\u00eb Gollubovc.\u00a0Por pse d\u00ebshtoi arritja e formimit t\u00eb shumic\u00ebs\u00a0parlamentare n\u00eb Kuvendin e Komun\u00ebs s\u00eb\u00a0Ulqinit? P\u00ebr kryetarin e K\u00ebshillit Komunal t\u00eb\u00a0PDS-s\u00eb n\u00eb Ulqin, Luigj Shkrela, shkak p\u00ebr k\u00ebt\u00eb\u00a0jan\u00eb k\u00ebrkesat dhe ambiciet joreale t\u00eb PSD-s\u00eb,\u00a0p\u00ebr kryetarin e K\u00ebshillit komunal t\u00eb PSD-s\u00eb n\u00eb\u00a0Ulqin, Selim Resulbegoviq, kjo parti q\u00eb n\u00eb fillim\u00a0\u00ebsht\u00eb udh\u00ebhequr nga parimet p\u00ebr interesin e\u00a0p\u00ebrgjithsh\u00ebm t\u00eb Ulqinit, nd\u00ebrsa kryetari i\u00a0Forc\u00ebs s\u00eb Re Demokratike thot\u00eb se kjo parti q\u00eb\u00a0prej p\u00ebrfundimit t\u00eb zgjedhjeve lokale ka konsideruar\u00a0se rruga m\u00eb e mir\u00eb p\u00ebr zgjidhjen e situat\u00ebs\u00a0politike n\u00eb Ulqin \u00ebsht\u00eb kthimi i mandateve\u00a0t\u00eb k\u00ebshilltar\u00ebve votuesve.\u00a0Kryetari i K\u00ebshillit Komunal t\u00eb PDS-s\u00eb n\u00eb\u00a0Ulqin, Luigj Shkrela, thot\u00eb se Koalicioni \u201cP\u00ebr\u00a0Ulqinin Evropian\u201d ka qen\u00eb i qart\u00eb dhe transparent\u00a0n\u00eb bisedimet q\u00eb ka pasur pas zgjedhjeve\u00a0duke qen\u00eb n\u00eb dijeni se ka pasur bisedime dhe\u00a0loj\u00ebra prapa skene t\u00eb cilat nuk kan\u00eb arritur tek\u00a0opinioni.\u00a0\u201cNe kemi qen\u00eb korrekt dhe konkret n\u00eb\u00a0obligimet tona ndaj qytetar\u00ebve dhe zgjedh\u00ebsve\u00a0tan\u00eb n\u00eb t\u00eb gjitha aktivitetet parazgjedhore dhe e\u00a0vetmja k\u00ebrkes\u00eb n\u00eb t\u00eb gjitha bisedimet ka qen\u00eb\u00a0q\u00eb t\u00eb mos lejojm\u00eb q\u00eb PDS t\u00eb n\u00ebn\u00e7mohet dhe t\u00eb\u00a0heq\u00eb dor\u00eb nga ajo \u00e7far\u00eb ka qen\u00eb premtim i\u00a0zgjedh\u00ebsve dhe qytetar\u00ebve t\u00eb Ulqinit\u201d, thot\u00eb\u00a0Shkrela.\u00a0Sipas tij, po t\u00eb kishte pasur sens politik PSD\u00a0dhe L\u00ebvizja Qytetare \u201cPerspektiva\u201d, qytetar\u00ebt e\u00a0Ulqinit nuk do t\u00eb kishin nevoj\u00eb p\u00ebr zgjedhje t\u00eb\u00a0parakohshme.\u00a0P\u00ebr Partin\u00eb Socialdemokrare zgjedhjet e\u00a0parakohshme jan\u00eb nj\u00eb gj\u00eb normale q\u00eb ndodh n\u00eb\u00a0shtetet demokratike.\u00a0Kryetari i K\u00ebshillit Komunal t\u00eb PSD-s\u00eb n\u00eb\u00a0Ulqin, Selim Resulbrgoviq, thot\u00eb se kjo parti\u00a0megjithat\u00eb ka treguar vullnet q\u00eb t\u00eb mos vij\u00eb\u00a0deri te kjo.\u00a0Ai i hedh posht\u00eb dhe i cil\u00ebson t\u00eb pabazuara kritikat\u00a0e PDS-s\u00eb ndaj k\u00ebsaj partie.\u00a0\u201cT\u00eb gjitha propozimet tona kan\u00eb pasur nj\u00eb q\u00ebllim\u00a0\u2013 q\u00eb bashk\u00ebpunimi n\u00eb koalicion duhet t\u00eb\u00a0jet\u00eb i ri dhe n\u00eb themele t\u00eb reja dhe me nj\u00eb\u00a0mir\u00ebkuptim dhe respektim nd\u00ebrmjet subjekteve\u00a0politike t\u00eb k\u00ebtij koalicioni\u201d, thot\u00eb kryetari i\u00a0K\u00ebshillit komunal t\u00eb PSD-s\u00eb n\u00eb Ulqin.\u00a0Kryetari i Forc\u00ebs s\u00eb Re Demokratike, Nazif\u00a0Cungu, d\u00ebshtimin e arritjes s\u00eb shumic\u00ebs parlamentare\u00a0e sheh te pak\u00ebnaq\u00ebsia e krijuar ndaj\u00a0ushtrimit t\u00eb pushtetit nga ana e UDSH-s\u00eb.\u00a0\u201cUDSH ka q\u00eb dy mandate kryetarin e komun\u00ebs\u00a0dhe p\u00ebr tet\u00eb vjet nuk kan\u00eb arritur t\u00eb aprovojn\u00eb\u00a0asnj\u00eb plan detaj urbanistik q\u00eb p\u00ebrb\u00ebn baz\u00ebn p\u00ebr\u00a0zhvillimin ekonomik\u201d, thot\u00eb ai.\u00a0Cungu i sheh zgjedhjet e parakohshme si\u00a0rrug\u00ebn m\u00eb t\u00eb mir\u00eb p\u00ebr zgjidhjen e kriz\u00ebs politike.\u00a0\u201cForca edhe m\u00eb heret ka konstatuar se rruga m\u00eb\u00a0e mir\u00eb p\u00ebr zgjidhjen e situat\u00ebs politike n\u00eb Ulqin\u00a0\u00ebsht\u00eb kthimi i mandatit votuesve. Prandaj e\u00a0p\u00ebrsh\u00ebndesim vendimin e fundit p\u00ebr shpalljen e\u00a0zgjedhjeve t\u00eb parakohshme n\u00eb Komun\u00ebn e\u00a0Ulqinit\u201d, thot\u00eb ai.\u00a0P\u00ebr kryetarin e K\u00ebshillit komunal t\u00eb PSD-s\u00eb n\u00eb\u00a0Ulqin, Selim Resulbegoviq, zgjedhjet e reja\u00a0mund t\u00eb jen\u00eb shans i madh q\u00eb t\u00eb formohet nj\u00eb\u00a0shumic\u00eb parlamentare m\u00eb stabile se\u00e7 ka qen\u00eb\u00a0koh\u00ebve t\u00eb fundit.\u00a0\u201cShpresoj se koalicioni i ri do t\u00eb punoj\u00eb shum\u00eb\u00a0m\u00eb mir\u00eb n\u00eb interes t\u00eb t\u00eb gjith\u00eb qytetar\u00ebve t\u00eb\u00a0komun\u00ebs s\u00eb Ulqinit e sidomos p\u00ebr zhvillimin e\u00a0k\u00ebtij qyteti i cili dy dekadat e kaluara \u00ebsht\u00eb n\u00eb\u00a0stagnim\u201d, thot\u00eb ai.\u00a0Nd\u00ebrkaq kryetari i PDS-s\u00eb n\u00eb Ulqin, Luigj\u00a0Shkrela thot\u00eb se kjo parti pret nga zgjedhjet e\u00a0reja zgjidhjen e kriz\u00ebs politike.\u00a0\u201cNga zgjedhjet e parakohshme pres sqarim t\u00eb\u00a0sken\u00ebs politike n\u00eb Ulqin, largimin e mjegull\u00ebs\u00a0dhe heqjen dor\u00eb nga ideja q\u00eb n\u00ebse varet gjith\u00e7ka\u00a0prej meje at\u00ebher\u00eb un\u00eb veten do ta vler\u00ebsoj\u00a0m\u00eb shum\u00eb se\u00e7 m\u00eb kan\u00eb vler\u00ebsuar t\u00eb tjer\u00ebt\u201d,\u00a0thot\u00eb ai.\u00a0Optimist\u00eb p\u00ebr rezultatet\u00a0e zgjedhjeve t\u00eb reja\u00a0Pas d\u00ebshtimit t\u00eb formimit t\u00eb shumic\u00ebs parlamentare\u00a0nuk dihet se cili do t\u00eb jet\u00eb reagimi i\u00a0votuesve pasi q\u00eb brenda nj\u00eb periudhe t\u00eb\u00a0shkurt\u00ebr do t\u00eb votojn\u00eb s\u00ebrish.\u00a0P\u00ebr kryetarin e Forc\u00ebs s\u00eb Re Demokratike,\u00a0Nazif Cungu, zgjedhjet e reja nuk do t\u00eb jen\u00eb\u00a0problem p\u00ebr p\u00ebrkrah\u00ebsit e k\u00ebsaj force politike.\u00a0\u201cVotuesit dhe simpatizuesit e Forc\u00ebs nuk jan\u00eb\u00a0t\u00eb lodhur nga votimet dhe numri i p\u00ebrkrah\u00ebsve\u00a0tan\u00eb \u00ebsht\u00eb duke u rritur pasi q\u00eb ne jemi e vetmja\u00a0parti q\u00eb ka dal\u00eb me program zgjedhor p\u00ebr periudh\u00ebn\u00a0kat\u00ebrvje\u00e7are. Mendoj se realizimi i k\u00ebtij\u00a0programi \u00ebsht\u00eb motivi kryesor q\u00eb do t\u2019i nxis\u00eb\u00a0qytetar\u00ebt t\u00eb votojn\u00eb Forc\u00ebn\u201d, thot\u00eb ai.\u00a0Edhe kryetari i K\u00ebshillit komunal t\u00eb PDS-s\u00eb n\u00eb\u00a0Ulqin, Luigj Shkrela, nuk ka frik\u00eb nga ballafaqimi\u00a0i s\u00ebrish\u00ebm me qytetar\u00ebt e Ulqinit.\u00a0\u201cJemi t\u00eb sigurt se sinqeriteti i deritash\u00ebm dhe\u00a0korrekt\u00ebsia n\u00eb bisedime me t\u00eb gjith\u00eb partner\u00ebt\u00a0do t\u00eb vler\u00ebsohet k\u00ebsaj radhe m\u00eb shum\u00eb se kurr\u00eb\u00a0nga qytetar\u00ebt e komun\u00ebs s\u00eb Ulqinit. K\u00ebrkoj nga\u00a0qytetar\u00ebt mir\u00ebkuptim dhe nj\u00ebherit ju drejtohem\u00a0q\u00eb t\u00eb na p\u00ebrkrahin n\u00eb zgjidhjen e kriz\u00ebs politike\u00a0n\u00eb komun\u00ebn e Ulqinit\u201d, thot\u00eb ai.\u00a0Optimist p\u00ebr rezultatet e zgjedhjeve t\u00eb\u00a0ardhshme shprehet edhe kryetari i K\u00ebshillit\u00a0komunal t\u00eb PSD-s\u00eb, Selim Resulbegoviq.\u00a0\u201cM\u00eb s\u00eb paku presim t\u00eb arrijm\u00eb t\u00eb nj\u00ebjtat rezultate\u00a0q\u00eb kemi pasur m\u00eb 23 maj, por tani me nj\u00eb\u00a0entuziaz\u00ebm t\u00eb ri i cili bazohet n\u00eb mendimin e\u00a0shum\u00eb qytetar\u00ebve duke na mb\u00ebshtetur n\u00eb at\u00eb\u00a0\u00e7far\u00eb kemi b\u00ebr\u00eb para zgjedhjeve dhe at\u00eb \u00e7far\u00eb\u00a0kemi b\u00ebr\u00eb pas zgjedhjeve\u201d, thot\u00eb ai.\u00a0Deri tani asnj\u00eb nga subjektet politike nuk kan\u00eb\u00a0b\u00ebr\u00eb t\u00eb ditur modelin e pjes\u00ebmarrjes n\u00eb zgjedhjet\u00a0e reja lokale.\u00a0N\u00eb opinion q\u00eb disa koh\u00eb \u00ebsht\u00eb paralajm\u00ebruar se\u00a0n\u00eb rast t\u00eb mosarritjes s\u00eb koalicionit qeveris\u00ebs,\u00a0PDS do t\u00eb dal\u00eb e vetme n\u00eb zgjedhjet e reja\u00a0lokale.\u00a0Kreu i PDS-s\u00eb n\u00eb Ulqin, Luigj Shkrela, nuk e\u00a0pohon nj\u00eb gj\u00eb t\u00eb till\u00eb, duke th\u00ebn\u00eb se \u201csi gjithmon\u00eb\u00a0deri tani vendimi p\u00ebr daljen n\u00eb zgjedhjet\u00a0lokale do t\u00eb merret nga organet partiake n\u00eb\u00a0nivel komunal n\u00eb koordinim me organet qendrore\u201d.\u00a0Megjithat\u00eb n\u00eb m\u00ebnyr\u00eb indirekte ai e l\u00eb t\u00eb hapur\u00a0nj\u00eb mund\u00ebsi t\u00eb till\u00eb.\u00a0\u201cMosarritja e shumic\u00ebs parlamentare dhe\u00a0mosaft\u00ebsia e formimit t\u00eb shumic\u00ebs parlamentare\u00a0pas zgjedhjeve t\u00eb 23 majit, dashur pa\u00a0dashur \u00e7on kah analizat e themelta q\u00eb do t\u00eb jen\u00eb\u00a0baz\u00eb e zgjedhjes s\u00eb modelit parazgjedhor i cili\u00a0PDS-n\u00eb do ta b\u00ebj\u00eb subjektin m\u00eb t\u00eb fort\u00eb ashtu\u00a0si\u00e7 edhe i takon\u201d, thot\u00eb ai.\u00a0Nd\u00ebrkaq edhe Forca e Re Demokratike dhe\u00a0Partia Socialdemokrate nuk dihet n\u00ebse do t\u00eb\u00a0marrin pjes\u00eb si subjekte t\u00eb ve\u00e7anta apo n\u00eb koalicion\u00a0me partit\u00eb e tjera n\u00eb zgjedhjet e reja. Por\u00a0ato kan\u00eb l\u00ebn\u00eb hap\u00ebsir\u00eb p\u00ebr bashk\u00ebpunime t\u00eb\u00a0mundshme me subjektet e tjera.\u00a0\u201cNuk kemi vendosur akoma. Ka mund\u00ebsi dhe\u00a0jemi t\u00eb hapur p\u00ebr koalicion me partit\u00eb e tjera\u00a0shqiptare\u201d, thot\u00eb Cungu.\u00a0Nd\u00ebrkaq Selim Resulbegoviq thot\u00eb se tani p\u00ebr\u00a0tani shanset m\u00eb t\u00eb m\u00ebdha jan\u00eb q\u00eb t\u00eb dalin vet\u00ebm\u00a0n\u00eb zgjedhje.\u00a0\u201cPor koha do ta tregoj\u00eb. Nuk p\u00ebrjashtohet\u00a0mund\u00ebsia p\u00ebr ndonj\u00eb koalicion parazgjedhor\u201d,\u00a0thot\u00eb ai. \u00a0<strong><\/strong><\/p>\n<p><strong>I. Kallaba<br \/>\nKoha Javore<br \/>\n<!--YouTube Error: bad URL entered--><\/strong><\/p>\n","protected":false},"excerpt":{"rendered":"<p>Ambiciet joreale, mbrojtja e parimeve apo keqqeverisja P\u00ebr kryetarin e\u00a0K\u00ebshillit Komunal t\u00eb\u00a0PDS-s\u00eb n\u00eb Ulqin,\u00a0Luigj Shkrela, shkak\u00a0p\u00ebr mosarritjen e\u00a0formimit t\u00eb shumic\u00ebs\u00a0parlamentare jan\u00eb\u00a0k\u00ebrkesat dhe ambiciet\u00a0joreale t\u00eb PSD-s\u00eb,\u00a0p\u00ebr kryetarin e\u00a0K\u00ebshillit komunal t\u00eb\u00a0PSD-s\u00eb n\u00eb Ulqin,\u00a0Selim Resulbegoviq,\u00a0kjo parti q\u00eb n\u00eb fillim\u00a0\u00ebsht\u00eb udh\u00ebhequr nga\u00a0parimet p\u00ebr interesin e\u00a0p\u00ebrgjithsh\u00ebm t\u00eb\u00a0Ulqinit, nd\u00ebrsa kryetari\u00a0i Forc\u00ebs s\u00eb Re\u00a0Demokratike thot\u00eb se\u00a0kjo parti q\u00eb prej p\u00ebrfundimit\u00a0t\u00eb zgjedhjeve\u00a0lokale ka [&hellip;]<\/p>\n","protected":false},"author":1,"featured_media":0,"comment_status":"open","ping_status":"closed","sticky":false,"template":"","format":"standard","meta":{"spay_email":"","jetpack_publicize_message":"","jetpack_is_tweetstorm":false,"jetpack_publicize_feature_enabled":true},"categories":[1,6],"tags":[15068,13573,15069,14387],"jetpack_publicize_connections":[],"yoast_head":"<!-- This site is optimized with the Yoast SEO plugin v19.1 - https:\/\/yoast.com\/wordpress\/plugins\/seo\/ -->\n<title>Pse d\u00ebshtoi formimi i shumic\u00ebs parlamentare n\u00eb kuvendin e komun\u00ebs s\u00eb Ulqinit - Lajme nga Ulqini<\/title>\n<meta name=\"description\" content=\"Ambiciet joreale, mbrojtja e parimeve apo keqqeverisja P\u00ebr kryetarin e\u00a0K\u00ebshillit Komunal t\u00eb\u00a0PDS-s\u00eb n\u00eb Ulqin,\u00a0Luigj Shkrela, shkak\u00a0p\u00ebr mosarritjen\" \/>\n<meta name=\"robots\" content=\"index, follow, max-snippet:-1, max-image-preview:large, max-video-preview:-1\" \/>\n<link rel=\"canonical\" href=\"https:\/\/www.visit-ulcinj.com\/blog\/2010\/08\/24\/pse-deshtoi-formimi-i-shumices-parlamentare-ne-kuvendin-e-komunes-se-ulqinit\/\" \/>\n<meta property=\"og:locale\" content=\"en_US\" \/>\n<meta property=\"og:type\" content=\"article\" \/>\n<meta property=\"og:title\" content=\"Pse d\u00ebshtoi formimi i shumic\u00ebs parlamentare n\u00eb kuvendin e komun\u00ebs s\u00eb Ulqinit - Lajme nga Ulqini\" \/>\n<meta property=\"og:description\" content=\"Ambiciet joreale, mbrojtja e parimeve apo keqqeverisja P\u00ebr kryetarin e\u00a0K\u00ebshillit Komunal t\u00eb\u00a0PDS-s\u00eb n\u00eb Ulqin,\u00a0Luigj Shkrela, shkak\u00a0p\u00ebr mosarritjen\" \/>\n<meta property=\"og:url\" content=\"https:\/\/www.visit-ulcinj.com\/blog\/2010\/08\/24\/pse-deshtoi-formimi-i-shumices-parlamentare-ne-kuvendin-e-komunes-se-ulqinit\/\" \/>\n<meta property=\"og:site_name\" content=\"Lajme nga Ulqini\" \/>\n<meta property=\"article:published_time\" content=\"2010-08-24T16:58:11+00:00\" \/>\n<meta property=\"article:modified_time\" content=\"2010-09-11T22:31:47+00:00\" \/>\n<meta property=\"og:image\" content=\"http:\/\/www.visit-ulcinj.com\/blog\/wp-content\/uploads\/2009\/01\/Luigj-Lubo-Shkrela-_Millo-Gjukanovic._2.jpg\" \/>\n<meta name=\"twitter:label1\" content=\"Written by\" \/>\n\t<meta name=\"twitter:data1\" content=\"ulqini\" \/>\n\t<meta name=\"twitter:label2\" content=\"Est. reading time\" \/>\n\t<meta name=\"twitter:data2\" content=\"9 minutes\" \/>\n<script type=\"application\/ld+json\" class=\"yoast-schema-graph\">{\"@context\":\"https:\/\/schema.org\",\"@graph\":[{\"@type\":\"WebSite\",\"@id\":\"https:\/\/www.visit-ulcinj.com\/blog\/#website\",\"url\":\"https:\/\/www.visit-ulcinj.com\/blog\/\",\"name\":\"Lajme nga Ulqini\",\"description\":\"Lajme,Vijesti,Ulqini,Ulqin,Crna Gora,Mali i Zi\",\"potentialAction\":[{\"@type\":\"SearchAction\",\"target\":{\"@type\":\"EntryPoint\",\"urlTemplate\":\"https:\/\/www.visit-ulcinj.com\/blog\/?s={search_term_string}\"},\"query-input\":\"required name=search_term_string\"}],\"inLanguage\":\"en-US\"},{\"@type\":\"ImageObject\",\"inLanguage\":\"en-US\",\"@id\":\"https:\/\/www.visit-ulcinj.com\/blog\/2010\/08\/24\/pse-deshtoi-formimi-i-shumices-parlamentare-ne-kuvendin-e-komunes-se-ulqinit\/#primaryimage\",\"url\":\"https:\/\/www.visit-ulcinj.com\/blog\/wp-content\/uploads\/2009\/01\/Luigj-Lubo-Shkrela-_Millo-Gjukanovic._2.jpg\",\"contentUrl\":\"https:\/\/www.visit-ulcinj.com\/blog\/wp-content\/uploads\/2009\/01\/Luigj-Lubo-Shkrela-_Millo-Gjukanovic._2.jpg\",\"width\":\"604\",\"height\":\"400\"},{\"@type\":\"WebPage\",\"@id\":\"https:\/\/www.visit-ulcinj.com\/blog\/2010\/08\/24\/pse-deshtoi-formimi-i-shumices-parlamentare-ne-kuvendin-e-komunes-se-ulqinit\/#webpage\",\"url\":\"https:\/\/www.visit-ulcinj.com\/blog\/2010\/08\/24\/pse-deshtoi-formimi-i-shumices-parlamentare-ne-kuvendin-e-komunes-se-ulqinit\/\",\"name\":\"Pse d\u00ebshtoi formimi i shumic\u00ebs parlamentare n\u00eb kuvendin e komun\u00ebs s\u00eb Ulqinit - Lajme nga Ulqini\",\"isPartOf\":{\"@id\":\"https:\/\/www.visit-ulcinj.com\/blog\/#website\"},\"primaryImageOfPage\":{\"@id\":\"https:\/\/www.visit-ulcinj.com\/blog\/2010\/08\/24\/pse-deshtoi-formimi-i-shumices-parlamentare-ne-kuvendin-e-komunes-se-ulqinit\/#primaryimage\"},\"datePublished\":\"2010-08-24T16:58:11+00:00\",\"dateModified\":\"2010-09-11T22:31:47+00:00\",\"author\":{\"@id\":\"https:\/\/www.visit-ulcinj.com\/blog\/#\/schema\/person\/dcab619c614d3038751c63bc2aadc06d\"},\"description\":\"Ambiciet joreale, mbrojtja e parimeve apo keqqeverisja P\u00ebr kryetarin e\u00a0K\u00ebshillit Komunal t\u00eb\u00a0PDS-s\u00eb n\u00eb Ulqin,\u00a0Luigj Shkrela, shkak\u00a0p\u00ebr mosarritjen\",\"breadcrumb\":{\"@id\":\"https:\/\/www.visit-ulcinj.com\/blog\/2010\/08\/24\/pse-deshtoi-formimi-i-shumices-parlamentare-ne-kuvendin-e-komunes-se-ulqinit\/#breadcrumb\"},\"inLanguage\":\"en-US\",\"potentialAction\":[{\"@type\":\"ReadAction\",\"target\":[\"https:\/\/www.visit-ulcinj.com\/blog\/2010\/08\/24\/pse-deshtoi-formimi-i-shumices-parlamentare-ne-kuvendin-e-komunes-se-ulqinit\/\"]}]},{\"@type\":\"BreadcrumbList\",\"@id\":\"https:\/\/www.visit-ulcinj.com\/blog\/2010\/08\/24\/pse-deshtoi-formimi-i-shumices-parlamentare-ne-kuvendin-e-komunes-se-ulqinit\/#breadcrumb\",\"itemListElement\":[{\"@type\":\"ListItem\",\"position\":1,\"name\":\"Pse d\u00ebshtoi formimi i shumic\u00ebs parlamentare n\u00eb kuvendin e komun\u00ebs s\u00eb Ulqinit\"}]},{\"@type\":\"Person\",\"@id\":\"https:\/\/www.visit-ulcinj.com\/blog\/#\/schema\/person\/dcab619c614d3038751c63bc2aadc06d\",\"name\":\"ulqini\",\"sameAs\":[\"http:\/\/www.visit-ulcinj.com\"],\"url\":\"https:\/\/www.visit-ulcinj.com\/blog\/author\/admin\/\"}]}<\/script>\n<!-- \/ Yoast SEO plugin. -->","yoast_head_json":{"title":"Pse d\u00ebshtoi formimi i shumic\u00ebs parlamentare n\u00eb kuvendin e komun\u00ebs s\u00eb Ulqinit - Lajme nga Ulqini","description":"Ambiciet joreale, mbrojtja e parimeve apo keqqeverisja P\u00ebr kryetarin e\u00a0K\u00ebshillit Komunal t\u00eb\u00a0PDS-s\u00eb n\u00eb Ulqin,\u00a0Luigj Shkrela, shkak\u00a0p\u00ebr mosarritjen","robots":{"index":"index","follow":"follow","max-snippet":"max-snippet:-1","max-image-preview":"max-image-preview:large","max-video-preview":"max-video-preview:-1"},"canonical":"https:\/\/www.visit-ulcinj.com\/blog\/2010\/08\/24\/pse-deshtoi-formimi-i-shumices-parlamentare-ne-kuvendin-e-komunes-se-ulqinit\/","og_locale":"en_US","og_type":"article","og_title":"Pse d\u00ebshtoi formimi i shumic\u00ebs parlamentare n\u00eb kuvendin e komun\u00ebs s\u00eb Ulqinit - Lajme nga Ulqini","og_description":"Ambiciet joreale, mbrojtja e parimeve apo keqqeverisja P\u00ebr kryetarin e\u00a0K\u00ebshillit Komunal t\u00eb\u00a0PDS-s\u00eb n\u00eb Ulqin,\u00a0Luigj Shkrela, shkak\u00a0p\u00ebr mosarritjen","og_url":"https:\/\/www.visit-ulcinj.com\/blog\/2010\/08\/24\/pse-deshtoi-formimi-i-shumices-parlamentare-ne-kuvendin-e-komunes-se-ulqinit\/","og_site_name":"Lajme nga Ulqini","article_published_time":"2010-08-24T16:58:11+00:00","article_modified_time":"2010-09-11T22:31:47+00:00","og_image":[{"url":"http:\/\/www.visit-ulcinj.com\/blog\/wp-content\/uploads\/2009\/01\/Luigj-Lubo-Shkrela-_Millo-Gjukanovic._2.jpg"}],"twitter_misc":{"Written by":"ulqini","Est. reading time":"9 minutes"},"schema":{"@context":"https:\/\/schema.org","@graph":[{"@type":"WebSite","@id":"https:\/\/www.visit-ulcinj.com\/blog\/#website","url":"https:\/\/www.visit-ulcinj.com\/blog\/","name":"Lajme nga Ulqini","description":"Lajme,Vijesti,Ulqini,Ulqin,Crna Gora,Mali i Zi","potentialAction":[{"@type":"SearchAction","target":{"@type":"EntryPoint","urlTemplate":"https:\/\/www.visit-ulcinj.com\/blog\/?s={search_term_string}"},"query-input":"required name=search_term_string"}],"inLanguage":"en-US"},{"@type":"ImageObject","inLanguage":"en-US","@id":"https:\/\/www.visit-ulcinj.com\/blog\/2010\/08\/24\/pse-deshtoi-formimi-i-shumices-parlamentare-ne-kuvendin-e-komunes-se-ulqinit\/#primaryimage","url":"https:\/\/www.visit-ulcinj.com\/blog\/wp-content\/uploads\/2009\/01\/Luigj-Lubo-Shkrela-_Millo-Gjukanovic._2.jpg","contentUrl":"https:\/\/www.visit-ulcinj.com\/blog\/wp-content\/uploads\/2009\/01\/Luigj-Lubo-Shkrela-_Millo-Gjukanovic._2.jpg","width":"604","height":"400"},{"@type":"WebPage","@id":"https:\/\/www.visit-ulcinj.com\/blog\/2010\/08\/24\/pse-deshtoi-formimi-i-shumices-parlamentare-ne-kuvendin-e-komunes-se-ulqinit\/#webpage","url":"https:\/\/www.visit-ulcinj.com\/blog\/2010\/08\/24\/pse-deshtoi-formimi-i-shumices-parlamentare-ne-kuvendin-e-komunes-se-ulqinit\/","name":"Pse d\u00ebshtoi formimi i shumic\u00ebs parlamentare n\u00eb kuvendin e komun\u00ebs s\u00eb Ulqinit - Lajme nga Ulqini","isPartOf":{"@id":"https:\/\/www.visit-ulcinj.com\/blog\/#website"},"primaryImageOfPage":{"@id":"https:\/\/www.visit-ulcinj.com\/blog\/2010\/08\/24\/pse-deshtoi-formimi-i-shumices-parlamentare-ne-kuvendin-e-komunes-se-ulqinit\/#primaryimage"},"datePublished":"2010-08-24T16:58:11+00:00","dateModified":"2010-09-11T22:31:47+00:00","author":{"@id":"https:\/\/www.visit-ulcinj.com\/blog\/#\/schema\/person\/dcab619c614d3038751c63bc2aadc06d"},"description":"Ambiciet joreale, mbrojtja e parimeve apo keqqeverisja P\u00ebr kryetarin e\u00a0K\u00ebshillit Komunal t\u00eb\u00a0PDS-s\u00eb n\u00eb Ulqin,\u00a0Luigj Shkrela, shkak\u00a0p\u00ebr mosarritjen","breadcrumb":{"@id":"https:\/\/www.visit-ulcinj.com\/blog\/2010\/08\/24\/pse-deshtoi-formimi-i-shumices-parlamentare-ne-kuvendin-e-komunes-se-ulqinit\/#breadcrumb"},"inLanguage":"en-US","potentialAction":[{"@type":"ReadAction","target":["https:\/\/www.visit-ulcinj.com\/blog\/2010\/08\/24\/pse-deshtoi-formimi-i-shumices-parlamentare-ne-kuvendin-e-komunes-se-ulqinit\/"]}]},{"@type":"BreadcrumbList","@id":"https:\/\/www.visit-ulcinj.com\/blog\/2010\/08\/24\/pse-deshtoi-formimi-i-shumices-parlamentare-ne-kuvendin-e-komunes-se-ulqinit\/#breadcrumb","itemListElement":[{"@type":"ListItem","position":1,"name":"Pse d\u00ebshtoi formimi i shumic\u00ebs parlamentare n\u00eb kuvendin e komun\u00ebs s\u00eb Ulqinit"}]},{"@type":"Person","@id":"https:\/\/www.visit-ulcinj.com\/blog\/#\/schema\/person\/dcab619c614d3038751c63bc2aadc06d","name":"ulqini","sameAs":["http:\/\/www.visit-ulcinj.com"],"url":"https:\/\/www.visit-ulcinj.com\/blog\/author\/admin\/"}]}},"jetpack_featured_media_url":"","jetpack_sharing_enabled":true,"jetpack_shortlink":"https:\/\/wp.me\/pe6lTn-9rA","_links":{"self":[{"href":"https:\/\/www.visit-ulcinj.com\/blog\/wp-json\/wp\/v2\/posts\/36306"}],"collection":[{"href":"https:\/\/www.visit-ulcinj.com\/blog\/wp-json\/wp\/v2\/posts"}],"about":[{"href":"https:\/\/www.visit-ulcinj.com\/blog\/wp-json\/wp\/v2\/types\/post"}],"author":[{"embeddable":true,"href":"https:\/\/www.visit-ulcinj.com\/blog\/wp-json\/wp\/v2\/users\/1"}],"replies":[{"embeddable":true,"href":"https:\/\/www.visit-ulcinj.com\/blog\/wp-json\/wp\/v2\/comments?post=36306"}],"version-history":[{"count":0,"href":"https:\/\/www.visit-ulcinj.com\/blog\/wp-json\/wp\/v2\/posts\/36306\/revisions"}],"wp:attachment":[{"href":"https:\/\/www.visit-ulcinj.com\/blog\/wp-json\/wp\/v2\/media?parent=36306"}],"wp:term":[{"taxonomy":"category","embeddable":true,"href":"https:\/\/www.visit-ulcinj.com\/blog\/wp-json\/wp\/v2\/categories?post=36306"},{"taxonomy":"post_tag","embeddable":true,"href":"https:\/\/www.visit-ulcinj.com\/blog\/wp-json\/wp\/v2\/tags?post=36306"}],"curies":[{"name":"wp","href":"https:\/\/api.w.org\/{rel}","templated":true}]}}