{"id":36314,"date":"2010-08-24T19:48:08","date_gmt":"2010-08-24T17:48:08","guid":{"rendered":"http:\/\/www.visit-ulcinj.com\/blog\/?p=36314"},"modified":"2010-08-31T20:39:21","modified_gmt":"2010-08-31T18:39:21","slug":"ana-malit-zone-me-vlera-te-medha-ekologjike-dhe-turistike","status":"publish","type":"post","link":"https:\/\/www.visit-ulcinj.com\/blog\/2010\/08\/24\/ana-malit-zone-me-vlera-te-medha-ekologjike-dhe-turistike\/","title":{"rendered":"Ana Malit: Zon\u00eb me vlera t\u00eb m\u00ebdha ekologjike dhe turistike"},"content":{"rendered":"<p><a href=\"http:\/\/www.visit-ulcinj.com\/blog\/wp-content\/uploads\/2010\/08\/ANA-MALIT.jpg\"><img loading=\"lazy\" width=\"453\" height=\"604\" class=\"alignleft size-full wp-image-36315\" title=\"ANA MALIT,Amull ,Bojk, Brajsh\u00eb ,Kat\u00ebrkoll\u00eb ,K\u00ebllezna Nalt\u00eb ,K\u00ebllezna Posht\u00eb ,Dragin\u00eb ,Kaliman ,Kosiq ,Kravar ,Kryth\u00eb ,Leskovc ,Lisna Bor\u00eb ,Megjure\u00e7 ,Mill\u00eb ,Rashtish\u00eb ,Sukubin\u00eb ,Fraskanjel ,Shas ,Shtod\u00ebr \" src=\"http:\/\/www.visit-ulcinj.com\/blog\/wp-content\/uploads\/2010\/08\/ANA-MALIT.jpg\" alt=\"\" srcset=\"https:\/\/www.visit-ulcinj.com\/blog\/wp-content\/uploads\/2010\/08\/ANA-MALIT.jpg 453w, https:\/\/www.visit-ulcinj.com\/blog\/wp-content\/uploads\/2010\/08\/ANA-MALIT-225x300.jpg 225w\" sizes=\"(max-width: 453px) 100vw, 453px\" \/><\/a>R\u00ebnd\u00ebsi n\u00eb An\u00eb t\u00eb Malit kan\u00eb edhe\u00a0fushat pran\u00eb brigjeve t\u00eb lumit Buna,\u00a0si: fusha e Sukubin\u00ebs, fusha e\u00a0Kllezn\u00ebs q\u00eb shtrihet pran\u00eb brigjeve\u00a0t\u00eb liqenit t\u00eb Shasit etj., t\u00eb cilat p\u00ebrb\u00ebjn\u00eb\u00a0nj\u00eb potencial t\u00eb r\u00ebnd\u00ebsish\u00ebm\u00a0agrobujq\u00ebsor p\u00ebr k\u00ebt\u00eb zon\u00eb,\u00a0ndon\u00ebse nj\u00eb pjes\u00eb e mir\u00eb e tyre jan\u00eb\u00a0l\u00ebn\u00eb t\u00eb papunuara (djerrina ) dhe\u00a0jan\u00eb shnd\u00ebrruar n\u00eb kullota p\u00ebr blegtorin\u00eb\u00a0Qendra e An\u00ebs s\u00eb Malit \u00ebsht\u00eb Kat\u00ebrkolla, dikur\u00a0qend\u00ebr administrative, e cila sh\u00ebrben edhe si\u00a0zon\u00eb tranziti.Di\u00e7ka m\u00eb heret rolin e kryeqendr\u00ebs\u00a0e kishte Selita. K\u00ebtu zhvillohet nj\u00eb\u00a0veprimtari e vog\u00ebl tregtare, e bazuar n\u00eb disa\u00a0dyqane, kafene, servise automjetesh etj. t\u00eb cilat\u00a0i japin sadopak nj\u00eb gjall\u00ebri k\u00ebsaj treve. N\u00eb\u00a0Kat\u00ebrkoll\u00eb ndodhen disa firma t\u00eb vogla dhe\u00a0institucione si: ambulanca, posta,elektrop\u00ebrndarjeje,\u00a0fabrika e tekstilit \u201dIntissimopiu\u201d me\u00a0pronar\u00eb nga Italia, dy pika t\u00eb karburanti nga\u00a0kompania \u201dLukoil\u201d. K\u00ebto t\u00eb fundit kan\u00eb pun\u00ebsuar\u00a0disa dhjet\u00ebra puntor\u00eb nga kjo trev\u00eb n\u00eb t\u00eb\u00a0cil\u00ebn papun\u00ebsia \u00ebsht\u00eb shum\u00eb e theksuar dhe\u00a0paraqet problem t\u00eb madh. N\u00eb Kat\u00ebrkoll\u00eb,\u00a0dit\u00ebve t\u00eb enjte organizohet tregu apo \u201cdita e\u00a0pazarit\u201d dhe, me at\u00eb rast, banor\u00ebt e k\u00ebsaj treve\u00a0takohen me nj\u00ebri &#8211; tjetrin, shk\u00ebmbejn\u00eb biseda\u00a0n\u00eb lokalet e k\u00ebsaj qendre, por edhe tregtojn\u00eb\u00a0prodhime t\u00eb ndryshme bujq\u00ebsore, tekstile,\u00a0peshk, produkte artizanale t\u00eb prodhuara nga\u00a0banor\u00ebt vendas etj. Hapja e kufirit m\u00eb\u00a0Shqip\u00ebrin\u00eb \u00e7eli p\u00ebrspektiva t\u00eb reja, duke b\u00ebr\u00eb\u00a0t\u00eb mundur q\u00eb nj\u00eb num\u00ebr i konsideruesh\u00ebm i t\u00eb\u00a0rinj\u00ebve nga Ana e Malit t\u00eb ndjekin studimet e\u00a0larta si n\u00eb Uuniversitetin e Shkodr\u00ebs, Tiran\u00ebs\u00a0etj. ( sh\u00ebnim i mr. Nexhat Avdiut).\u00a0\u00a0Natyra bujare \u2013 fushat, p\u00ebrrenjt\u00eb, krojet\u00a0\u00a0Dora e Zotit ka qen\u00eb shum\u00eb bujare ndaj k\u00ebsaj\u00a0treve, duke i dhuruar pasuri t\u00eb m\u00ebdha natyrore\u00a0ende t\u00eb pashfryt\u00ebzuara, q\u00eb duhen vler\u00ebsuar\u00a0sa m\u00eb par\u00eb. Nd\u00ebr potencialet natyrore m\u00eb\u00a0t\u00eb r\u00ebnd\u00ebsishme n\u00eb zon\u00ebn e An\u00ebs s\u00eb Malit meriton\u00a0t\u00eb ve\u00e7ohen liqeni i Shasit dhe lumi Buna,\u00a0ku sipas ekspert\u00ebve t\u00eb k\u00ebsaj fush\u00eb rritet nj\u00eb\u00a0faun\u00eb e begat\u00eb lumore dhe liqenore m\u00eb vlera t\u00eb\u00a0m\u00ebdha ekologjike dhe turistike. R\u00ebnd\u00ebsi n\u00eb\u00a0An\u00eb t\u00eb Malit kan\u00eb edhe fushat pran\u00eb brigjeve\u00a0t\u00eb lumit Buna, si: fusha e Sukubin\u00ebs, fusha e\u00a0Kllezn\u00ebs q\u00eb shtrihet pran\u00eb brigjeve t\u00eb liqenit t\u00eb\u00a0Shasit etj., t\u00eb cilat p\u00ebrb\u00ebjn\u00eb nj\u00eb potencial t\u00eb\u00a0r\u00ebnd\u00ebsish\u00ebm agrobujq\u00ebsor p\u00ebr k\u00ebt\u00eb zon\u00eb,\u00a0ndon\u00ebse nj\u00eb pjes\u00eb e mir\u00eb e tyre jan\u00eb l\u00ebn\u00eb t\u00eb\u00a0papunuara (djerrina ) dhe jan\u00eb shnd\u00ebrruar n\u00eb\u00a0kullota p\u00ebr blegtorin\u00eb. K\u00ebto fusha p\u00ebrshkoh\u00ebn\u00a0nga disa p\u00ebrrenj si: p\u00ebrroi i Kat\u00ebrkoll\u00ebs, p\u00ebrroi\u00a0i Kravarit, p\u00ebrroi i Megjure\u00e7it etj., t\u00eb cil\u00ebt n\u00eb t\u00eb\u00a0shumt\u00ebn e vitit jan\u00eb t\u00eb that\u00eb si rezultat i\u00a0kushteve t\u00eb terenit. Kjo zon\u00eb \u00ebsht\u00eb mjaft e\u00a0pasur me kroje, nd\u00ebr t\u00eb cilat po p\u00ebrmendim:\u00a0Kronin e Kosiqit, Kronin e Lla\u00e7 Priftit, Kronin\u00a0te Arra e Zhurit, Kronin e Thoreve, Kronin\u00a0Burg, Kronin Ler\u00eb, Kronin Kazh\u00ebl, Kronin e\u00a0Ali Koderr\u00ebs, Kronin e Ali Kujit, Kronin e\u00a0Bardh\u00eb, Kronin Parac, Kronin e Madh, Kronin\u00a0Naval, Kronin e Zogajve, Kronin e Sum\u00ebs,\u00a0Kronin e Bojkut, Kronin Kadra\u00e7, Kronin e\u00a0Grihos, Kronin e Bok\u00ebs, Kronin e Mjeshtrit,\u00a0Kronin e Kranjan\u00ebve, Kronin e Velijajve,\u00a0Kronin e Qershis\u00eb, Kronin Maranzh\u00eb, Kronin\u00a0e Dalamit, Kronin Millu (milla\u00e7), Kronin e\u00a0Mrizit, Kronin e Telajve, Kronin e Xhurret\u00ebve,\u00a0Kronin e Shkin\u00ebs, Kronin e Mbibrij\u00ebs, Kronin\u00a0e Gjonajve, Kronin e Mu\u00e7ajve, Kronin\u00a0Kat\u00ebrlisave, Kronin e Dym\u00ebn\u00ebve etj.<\/p>\n<p><strong>Gjek\u00eb Gjonaj<\/strong><strong><br \/>\n<\/strong><strong>Koha Javore<br \/>\n\n\t\t<style type=\"text\/css\">\n\t\t\t#gallery-1 {\n\t\t\t\tmargin: auto;\n\t\t\t}\n\t\t\t#gallery-1 .gallery-item {\n\t\t\t\tfloat: left;\n\t\t\t\tmargin-top: 10px;\n\t\t\t\ttext-align: center;\n\t\t\t\twidth: 33%;\n\t\t\t}\n\t\t\t#gallery-1 img {\n\t\t\t\tborder: 2px solid #cfcfcf;\n\t\t\t}\n\t\t\t#gallery-1 .gallery-caption {\n\t\t\t\tmargin-left: 0;\n\t\t\t}\n\t\t\t\/* see gallery_shortcode() in wp-includes\/media.php *\/\n\t\t<\/style>\n\t\t<div id='gallery-1' class='gallery galleryid-36314 gallery-columns-3 gallery-size-thumbnail'><dl class='gallery-item'>\n\t\t\t<dt class='gallery-icon portrait'>\n\t\t\t\t<a href='https:\/\/www.visit-ulcinj.com\/blog\/wp-content\/uploads\/2010\/08\/ANA-MALIT.jpg'><img width=\"150\" height=\"150\" src=\"https:\/\/www.visit-ulcinj.com\/blog\/wp-content\/uploads\/2010\/08\/ANA-MALIT-150x150.jpg\" class=\"attachment-thumbnail size-thumbnail\" alt=\"\" loading=\"lazy\" \/><\/a>\n\t\t\t<\/dt><\/dl><dl class='gallery-item'>\n\t\t\t<dt class='gallery-icon landscape'>\n\t\t\t\t<a href='https:\/\/www.visit-ulcinj.com\/blog\/wp-content\/uploads\/2010\/08\/ANA-MALIT.1.jpg'><img width=\"150\" height=\"150\" src=\"https:\/\/www.visit-ulcinj.com\/blog\/wp-content\/uploads\/2010\/08\/ANA-MALIT.1-150x150.jpg\" class=\"attachment-thumbnail size-thumbnail\" alt=\"\" loading=\"lazy\" \/><\/a>\n\t\t\t<\/dt><\/dl><dl class='gallery-item'>\n\t\t\t<dt class='gallery-icon landscape'>\n\t\t\t\t<a href='https:\/\/www.visit-ulcinj.com\/blog\/wp-content\/uploads\/2010\/08\/Fshati-Sukubin-dhe-Muriqan.jpg'><img width=\"150\" height=\"150\" src=\"https:\/\/www.visit-ulcinj.com\/blog\/wp-content\/uploads\/2010\/08\/Fshati-Sukubin-dhe-Muriqan-150x150.jpg\" class=\"attachment-thumbnail size-thumbnail\" alt=\"\" loading=\"lazy\" \/><\/a>\n\t\t\t<\/dt><\/dl><br style=\"clear: both\" \/><dl class='gallery-item'>\n\t\t\t<dt class='gallery-icon portrait'>\n\t\t\t\t<a href='https:\/\/www.visit-ulcinj.com\/blog\/wp-content\/uploads\/2010\/08\/SHASI_ANA-MALIT.jpg'><img width=\"150\" height=\"150\" src=\"https:\/\/www.visit-ulcinj.com\/blog\/wp-content\/uploads\/2010\/08\/SHASI_ANA-MALIT-150x150.jpg\" class=\"attachment-thumbnail size-thumbnail\" alt=\"\" loading=\"lazy\" \/><\/a>\n\t\t\t<\/dt><\/dl><dl class='gallery-item'>\n\t\t\t<dt class='gallery-icon landscape'>\n\t\t\t\t<a href='https:\/\/www.visit-ulcinj.com\/blog\/wp-content\/uploads\/2010\/08\/Sukubina-Ana-Malit-.1.jpg'><img width=\"150\" height=\"150\" src=\"https:\/\/www.visit-ulcinj.com\/blog\/wp-content\/uploads\/2010\/08\/Sukubina-Ana-Malit-.1-150x150.jpg\" class=\"attachment-thumbnail size-thumbnail\" alt=\"\" loading=\"lazy\" \/><\/a>\n\t\t\t<\/dt><\/dl><dl class='gallery-item'>\n\t\t\t<dt class='gallery-icon landscape'>\n\t\t\t\t<a href='https:\/\/www.visit-ulcinj.com\/blog\/wp-content\/uploads\/2010\/08\/Sukubina-Ana-Malit.jpg'><img width=\"150\" height=\"150\" src=\"https:\/\/www.visit-ulcinj.com\/blog\/wp-content\/uploads\/2010\/08\/Sukubina-Ana-Malit-150x150.jpg\" class=\"attachment-thumbnail size-thumbnail\" alt=\"\" loading=\"lazy\" \/><\/a>\n\t\t\t<\/dt><\/dl><br style=\"clear: both\" \/>\n\t\t<\/div>\n<br \/>\n<!--YouTube Error: bad URL entered--><\/strong><\/p>\n","protected":false},"excerpt":{"rendered":"<p>R\u00ebnd\u00ebsi n\u00eb An\u00eb t\u00eb Malit kan\u00eb edhe\u00a0fushat pran\u00eb brigjeve t\u00eb lumit Buna,\u00a0si: fusha e Sukubin\u00ebs, fusha e\u00a0Kllezn\u00ebs q\u00eb shtrihet pran\u00eb brigjeve\u00a0t\u00eb liqenit t\u00eb Shasit etj., t\u00eb cilat p\u00ebrb\u00ebjn\u00eb\u00a0nj\u00eb potencial t\u00eb r\u00ebnd\u00ebsish\u00ebm\u00a0agrobujq\u00ebsor p\u00ebr k\u00ebt\u00eb zon\u00eb,\u00a0ndon\u00ebse nj\u00eb pjes\u00eb e mir\u00eb e tyre jan\u00eb\u00a0l\u00ebn\u00eb t\u00eb papunuara (djerrina ) dhe\u00a0jan\u00eb shnd\u00ebrruar n\u00eb kullota p\u00ebr blegtorin\u00eb\u00a0Qendra e An\u00ebs s\u00eb Malit [&hellip;]<\/p>\n","protected":false},"author":1,"featured_media":0,"comment_status":"open","ping_status":"closed","sticky":false,"template":"","format":"standard","meta":{"spay_email":"","jetpack_publicize_message":"","jetpack_is_tweetstorm":false,"jetpack_publicize_feature_enabled":true},"categories":[13],"tags":[14351,3505,212,14352,14349,14353,3510,3502,14354,12340,14355,14356,3516,14357,3511,3504,14358,3220,14359,3506,3499,14360,14361,3509,14362,14363,3507,3717,3500,1762,4625,3228,14364,13230,3512,95,14365,3227,14366,3513,14348,3514,14367,3501,14368,14369,14370,2083,3231,14371,3617,3508,14372,3503,14373,14374,3515,3498,2800,14375,200,18,3226,14376],"jetpack_publicize_connections":[],"yoast_head":"<!-- This site is optimized with the Yoast SEO plugin v19.1 - https:\/\/yoast.com\/wordpress\/plugins\/seo\/ -->\n<title>Ana Malit: Zon\u00eb me vlera t\u00eb m\u00ebdha ekologjike dhe turistike - Lajme nga Ulqini<\/title>\n<meta name=\"description\" content=\"R\u00ebnd\u00ebsi n\u00eb An\u00eb t\u00eb Malit kan\u00eb edhe\u00a0fushat pran\u00eb brigjeve t\u00eb lumit Buna,\u00a0si: fusha e Sukubin\u00ebs, fusha e\u00a0Kllezn\u00ebs q\u00eb shtrihet pran\u00eb brigjeve\u00a0t\u00eb liqenit t\u00eb\" \/>\n<meta name=\"robots\" content=\"index, follow, max-snippet:-1, max-image-preview:large, max-video-preview:-1\" \/>\n<link rel=\"canonical\" href=\"https:\/\/www.visit-ulcinj.com\/blog\/2010\/08\/24\/ana-malit-zone-me-vlera-te-medha-ekologjike-dhe-turistike\/\" \/>\n<meta property=\"og:locale\" content=\"en_US\" \/>\n<meta property=\"og:type\" content=\"article\" \/>\n<meta property=\"og:title\" content=\"Ana Malit: Zon\u00eb me vlera t\u00eb m\u00ebdha ekologjike dhe turistike - Lajme nga Ulqini\" \/>\n<meta property=\"og:description\" content=\"R\u00ebnd\u00ebsi n\u00eb An\u00eb t\u00eb Malit kan\u00eb edhe\u00a0fushat pran\u00eb brigjeve t\u00eb lumit Buna,\u00a0si: fusha e Sukubin\u00ebs, fusha e\u00a0Kllezn\u00ebs q\u00eb shtrihet pran\u00eb brigjeve\u00a0t\u00eb liqenit t\u00eb\" \/>\n<meta property=\"og:url\" content=\"https:\/\/www.visit-ulcinj.com\/blog\/2010\/08\/24\/ana-malit-zone-me-vlera-te-medha-ekologjike-dhe-turistike\/\" \/>\n<meta property=\"og:site_name\" content=\"Lajme nga Ulqini\" \/>\n<meta property=\"article:published_time\" content=\"2010-08-24T17:48:08+00:00\" \/>\n<meta property=\"article:modified_time\" content=\"2010-08-31T18:39:21+00:00\" \/>\n<meta property=\"og:image\" content=\"https:\/\/www.visit-ulcinj.com\/blog\/wp-content\/uploads\/2010\/08\/ANA-MALIT-150x150.jpg\" \/>\n<meta name=\"twitter:label1\" content=\"Written by\" \/>\n\t<meta name=\"twitter:data1\" content=\"ulqini\" \/>\n\t<meta name=\"twitter:label2\" content=\"Est. reading time\" \/>\n\t<meta name=\"twitter:data2\" content=\"3 minutes\" \/>\n<script type=\"application\/ld+json\" class=\"yoast-schema-graph\">{\"@context\":\"https:\/\/schema.org\",\"@graph\":[{\"@type\":\"WebSite\",\"@id\":\"https:\/\/www.visit-ulcinj.com\/blog\/#website\",\"url\":\"https:\/\/www.visit-ulcinj.com\/blog\/\",\"name\":\"Lajme nga Ulqini\",\"description\":\"Lajme,Vijesti,Ulqini,Ulqin,Crna Gora,Mali i Zi\",\"potentialAction\":[{\"@type\":\"SearchAction\",\"target\":{\"@type\":\"EntryPoint\",\"urlTemplate\":\"https:\/\/www.visit-ulcinj.com\/blog\/?s={search_term_string}\"},\"query-input\":\"required name=search_term_string\"}],\"inLanguage\":\"en-US\"},{\"@type\":\"ImageObject\",\"inLanguage\":\"en-US\",\"@id\":\"https:\/\/www.visit-ulcinj.com\/blog\/2010\/08\/24\/ana-malit-zone-me-vlera-te-medha-ekologjike-dhe-turistike\/#primaryimage\",\"url\":\"https:\/\/www.visit-ulcinj.com\/blog\/wp-content\/uploads\/2010\/08\/ANA-MALIT.jpg\",\"contentUrl\":\"https:\/\/www.visit-ulcinj.com\/blog\/wp-content\/uploads\/2010\/08\/ANA-MALIT.jpg\",\"width\":\"453\",\"height\":\"604\"},{\"@type\":\"WebPage\",\"@id\":\"https:\/\/www.visit-ulcinj.com\/blog\/2010\/08\/24\/ana-malit-zone-me-vlera-te-medha-ekologjike-dhe-turistike\/#webpage\",\"url\":\"https:\/\/www.visit-ulcinj.com\/blog\/2010\/08\/24\/ana-malit-zone-me-vlera-te-medha-ekologjike-dhe-turistike\/\",\"name\":\"Ana Malit: Zon\u00eb me vlera t\u00eb m\u00ebdha ekologjike dhe turistike - Lajme nga Ulqini\",\"isPartOf\":{\"@id\":\"https:\/\/www.visit-ulcinj.com\/blog\/#website\"},\"primaryImageOfPage\":{\"@id\":\"https:\/\/www.visit-ulcinj.com\/blog\/2010\/08\/24\/ana-malit-zone-me-vlera-te-medha-ekologjike-dhe-turistike\/#primaryimage\"},\"datePublished\":\"2010-08-24T17:48:08+00:00\",\"dateModified\":\"2010-08-31T18:39:21+00:00\",\"author\":{\"@id\":\"https:\/\/www.visit-ulcinj.com\/blog\/#\/schema\/person\/dcab619c614d3038751c63bc2aadc06d\"},\"description\":\"R\u00ebnd\u00ebsi n\u00eb An\u00eb t\u00eb Malit kan\u00eb edhe\u00a0fushat pran\u00eb brigjeve t\u00eb lumit Buna,\u00a0si: fusha e Sukubin\u00ebs, fusha e\u00a0Kllezn\u00ebs q\u00eb shtrihet pran\u00eb brigjeve\u00a0t\u00eb liqenit t\u00eb\",\"breadcrumb\":{\"@id\":\"https:\/\/www.visit-ulcinj.com\/blog\/2010\/08\/24\/ana-malit-zone-me-vlera-te-medha-ekologjike-dhe-turistike\/#breadcrumb\"},\"inLanguage\":\"en-US\",\"potentialAction\":[{\"@type\":\"ReadAction\",\"target\":[\"https:\/\/www.visit-ulcinj.com\/blog\/2010\/08\/24\/ana-malit-zone-me-vlera-te-medha-ekologjike-dhe-turistike\/\"]}]},{\"@type\":\"BreadcrumbList\",\"@id\":\"https:\/\/www.visit-ulcinj.com\/blog\/2010\/08\/24\/ana-malit-zone-me-vlera-te-medha-ekologjike-dhe-turistike\/#breadcrumb\",\"itemListElement\":[{\"@type\":\"ListItem\",\"position\":1,\"name\":\"Ana Malit: Zon\u00eb me vlera t\u00eb m\u00ebdha ekologjike dhe turistike\"}]},{\"@type\":\"Person\",\"@id\":\"https:\/\/www.visit-ulcinj.com\/blog\/#\/schema\/person\/dcab619c614d3038751c63bc2aadc06d\",\"name\":\"ulqini\",\"sameAs\":[\"http:\/\/www.visit-ulcinj.com\"],\"url\":\"https:\/\/www.visit-ulcinj.com\/blog\/author\/admin\/\"}]}<\/script>\n<!-- \/ Yoast SEO plugin. -->","yoast_head_json":{"title":"Ana Malit: Zon\u00eb me vlera t\u00eb m\u00ebdha ekologjike dhe turistike - Lajme nga Ulqini","description":"R\u00ebnd\u00ebsi n\u00eb An\u00eb t\u00eb Malit kan\u00eb edhe\u00a0fushat pran\u00eb brigjeve t\u00eb lumit Buna,\u00a0si: fusha e Sukubin\u00ebs, fusha e\u00a0Kllezn\u00ebs q\u00eb shtrihet pran\u00eb brigjeve\u00a0t\u00eb liqenit t\u00eb","robots":{"index":"index","follow":"follow","max-snippet":"max-snippet:-1","max-image-preview":"max-image-preview:large","max-video-preview":"max-video-preview:-1"},"canonical":"https:\/\/www.visit-ulcinj.com\/blog\/2010\/08\/24\/ana-malit-zone-me-vlera-te-medha-ekologjike-dhe-turistike\/","og_locale":"en_US","og_type":"article","og_title":"Ana Malit: Zon\u00eb me vlera t\u00eb m\u00ebdha ekologjike dhe turistike - Lajme nga Ulqini","og_description":"R\u00ebnd\u00ebsi n\u00eb An\u00eb t\u00eb Malit kan\u00eb edhe\u00a0fushat pran\u00eb brigjeve t\u00eb lumit Buna,\u00a0si: fusha e Sukubin\u00ebs, fusha e\u00a0Kllezn\u00ebs q\u00eb shtrihet pran\u00eb brigjeve\u00a0t\u00eb liqenit t\u00eb","og_url":"https:\/\/www.visit-ulcinj.com\/blog\/2010\/08\/24\/ana-malit-zone-me-vlera-te-medha-ekologjike-dhe-turistike\/","og_site_name":"Lajme nga Ulqini","article_published_time":"2010-08-24T17:48:08+00:00","article_modified_time":"2010-08-31T18:39:21+00:00","og_image":[{"url":"https:\/\/www.visit-ulcinj.com\/blog\/wp-content\/uploads\/2010\/08\/ANA-MALIT-150x150.jpg"}],"twitter_misc":{"Written by":"ulqini","Est. reading time":"3 minutes"},"schema":{"@context":"https:\/\/schema.org","@graph":[{"@type":"WebSite","@id":"https:\/\/www.visit-ulcinj.com\/blog\/#website","url":"https:\/\/www.visit-ulcinj.com\/blog\/","name":"Lajme nga Ulqini","description":"Lajme,Vijesti,Ulqini,Ulqin,Crna Gora,Mali i Zi","potentialAction":[{"@type":"SearchAction","target":{"@type":"EntryPoint","urlTemplate":"https:\/\/www.visit-ulcinj.com\/blog\/?s={search_term_string}"},"query-input":"required name=search_term_string"}],"inLanguage":"en-US"},{"@type":"ImageObject","inLanguage":"en-US","@id":"https:\/\/www.visit-ulcinj.com\/blog\/2010\/08\/24\/ana-malit-zone-me-vlera-te-medha-ekologjike-dhe-turistike\/#primaryimage","url":"https:\/\/www.visit-ulcinj.com\/blog\/wp-content\/uploads\/2010\/08\/ANA-MALIT.jpg","contentUrl":"https:\/\/www.visit-ulcinj.com\/blog\/wp-content\/uploads\/2010\/08\/ANA-MALIT.jpg","width":"453","height":"604"},{"@type":"WebPage","@id":"https:\/\/www.visit-ulcinj.com\/blog\/2010\/08\/24\/ana-malit-zone-me-vlera-te-medha-ekologjike-dhe-turistike\/#webpage","url":"https:\/\/www.visit-ulcinj.com\/blog\/2010\/08\/24\/ana-malit-zone-me-vlera-te-medha-ekologjike-dhe-turistike\/","name":"Ana Malit: Zon\u00eb me vlera t\u00eb m\u00ebdha ekologjike dhe turistike - Lajme nga Ulqini","isPartOf":{"@id":"https:\/\/www.visit-ulcinj.com\/blog\/#website"},"primaryImageOfPage":{"@id":"https:\/\/www.visit-ulcinj.com\/blog\/2010\/08\/24\/ana-malit-zone-me-vlera-te-medha-ekologjike-dhe-turistike\/#primaryimage"},"datePublished":"2010-08-24T17:48:08+00:00","dateModified":"2010-08-31T18:39:21+00:00","author":{"@id":"https:\/\/www.visit-ulcinj.com\/blog\/#\/schema\/person\/dcab619c614d3038751c63bc2aadc06d"},"description":"R\u00ebnd\u00ebsi n\u00eb An\u00eb t\u00eb Malit kan\u00eb edhe\u00a0fushat pran\u00eb brigjeve t\u00eb lumit Buna,\u00a0si: fusha e Sukubin\u00ebs, fusha e\u00a0Kllezn\u00ebs q\u00eb shtrihet pran\u00eb brigjeve\u00a0t\u00eb liqenit t\u00eb","breadcrumb":{"@id":"https:\/\/www.visit-ulcinj.com\/blog\/2010\/08\/24\/ana-malit-zone-me-vlera-te-medha-ekologjike-dhe-turistike\/#breadcrumb"},"inLanguage":"en-US","potentialAction":[{"@type":"ReadAction","target":["https:\/\/www.visit-ulcinj.com\/blog\/2010\/08\/24\/ana-malit-zone-me-vlera-te-medha-ekologjike-dhe-turistike\/"]}]},{"@type":"BreadcrumbList","@id":"https:\/\/www.visit-ulcinj.com\/blog\/2010\/08\/24\/ana-malit-zone-me-vlera-te-medha-ekologjike-dhe-turistike\/#breadcrumb","itemListElement":[{"@type":"ListItem","position":1,"name":"Ana Malit: Zon\u00eb me vlera t\u00eb m\u00ebdha ekologjike dhe turistike"}]},{"@type":"Person","@id":"https:\/\/www.visit-ulcinj.com\/blog\/#\/schema\/person\/dcab619c614d3038751c63bc2aadc06d","name":"ulqini","sameAs":["http:\/\/www.visit-ulcinj.com"],"url":"https:\/\/www.visit-ulcinj.com\/blog\/author\/admin\/"}]}},"jetpack_featured_media_url":"","jetpack_sharing_enabled":true,"jetpack_shortlink":"https:\/\/wp.me\/pe6lTn-9rI","_links":{"self":[{"href":"https:\/\/www.visit-ulcinj.com\/blog\/wp-json\/wp\/v2\/posts\/36314"}],"collection":[{"href":"https:\/\/www.visit-ulcinj.com\/blog\/wp-json\/wp\/v2\/posts"}],"about":[{"href":"https:\/\/www.visit-ulcinj.com\/blog\/wp-json\/wp\/v2\/types\/post"}],"author":[{"embeddable":true,"href":"https:\/\/www.visit-ulcinj.com\/blog\/wp-json\/wp\/v2\/users\/1"}],"replies":[{"embeddable":true,"href":"https:\/\/www.visit-ulcinj.com\/blog\/wp-json\/wp\/v2\/comments?post=36314"}],"version-history":[{"count":0,"href":"https:\/\/www.visit-ulcinj.com\/blog\/wp-json\/wp\/v2\/posts\/36314\/revisions"}],"wp:attachment":[{"href":"https:\/\/www.visit-ulcinj.com\/blog\/wp-json\/wp\/v2\/media?parent=36314"}],"wp:term":[{"taxonomy":"category","embeddable":true,"href":"https:\/\/www.visit-ulcinj.com\/blog\/wp-json\/wp\/v2\/categories?post=36314"},{"taxonomy":"post_tag","embeddable":true,"href":"https:\/\/www.visit-ulcinj.com\/blog\/wp-json\/wp\/v2\/tags?post=36314"}],"curies":[{"name":"wp","href":"https:\/\/api.w.org\/{rel}","templated":true}]}}