{"id":36358,"date":"2010-08-25T19:58:58","date_gmt":"2010-08-25T17:58:58","guid":{"rendered":"http:\/\/www.visit-ulcinj.com\/blog\/?p=36358"},"modified":"2010-08-25T19:58:58","modified_gmt":"2010-08-25T17:58:58","slug":"19-godina-od-nezavisnosti-ukrajine","status":"publish","type":"post","link":"https:\/\/www.visit-ulcinj.com\/blog\/2010\/08\/25\/19-godina-od-nezavisnosti-ukrajine\/","title":{"rendered":"19 godina od nezavisnosti Ukrajine"},"content":{"rendered":"<p><strong><a href=\"http:\/\/www.visit-ulcinj.com\/blog\/wp-content\/uploads\/2010\/08\/19-godina-od-nezavisnosti-Ukrajine.png\"><img loading=\"lazy\" class=\"alignleft size-full wp-image-36359\" title=\"19 godina od nezavisnosti Ukrajine\" src=\"http:\/\/www.visit-ulcinj.com\/blog\/wp-content\/uploads\/2010\/08\/19-godina-od-nezavisnosti-Ukrajine.png\" alt=\"\" width=\"490\" height=\"720\" \/><\/a>19 godina od nezavisnosti Ukrajine<\/strong><\/p>\n<p>Ambasad Ukrajine u Crnoj Gori i Op\u0161tina Ulcinj pozivaju Vas na ceremoniju otvaranja izlo\u017ebe i koktel<\/p>\n<p>\u2018\u2019Ukrajinska umjetnost u Crnoj Gori\u2019\u2019gdje \u0107e biti predstavljeni radovi g-\u0111e N.Narishenko i g-\u0111e A.Rudnickaja<\/p>\n<p><strong>26 avgust 2010 god. u 19.00 \u010dasova<\/strong><\/p>\n<p><strong>Ulcinj, galerija Centra za kulturu<\/strong><\/p>\n<p>Izlozbu otvaraju predsjednik Opstine Ulcinj Gzim Hajdinaga i ambasadorka Ukrajine u Crnoj Gori Oksana Sljusarenko<\/p>\n<h3>Municipality of Ulcinj \/ Ulqin<br \/>\nArsllan Hajdinaga<\/h3>\n<!--YouTube Error: bad URL entered-->\n","protected":false},"excerpt":{"rendered":"<p>19 godina od nezavisnosti Ukrajine Ambasad Ukrajine u Crnoj Gori i Op\u0161tina Ulcinj pozivaju Vas na ceremoniju otvaranja izlo\u017ebe i koktel \u2018\u2019Ukrajinska umjetnost u Crnoj Gori\u2019\u2019gdje \u0107e biti predstavljeni radovi g-\u0111e N.Narishenko i g-\u0111e A.Rudnickaja 26 avgust 2010 god. u 19.00 \u010dasova Ulcinj, galerija Centra za kulturu Izlozbu otvaraju predsjednik Opstine Ulcinj Gzim Hajdinaga i [&hellip;]<\/p>\n","protected":false},"author":1,"featured_media":0,"comment_status":"open","ping_status":"closed","sticky":false,"template":"","format":"standard","meta":{"spay_email":"","jetpack_publicize_message":"","jetpack_is_tweetstorm":false,"jetpack_publicize_feature_enabled":true},"categories":[8337],"tags":[15074,19],"jetpack_publicize_connections":[],"yoast_head":"<!-- This site is optimized with the Yoast SEO plugin v19.1 - https:\/\/yoast.com\/wordpress\/plugins\/seo\/ -->\n<title>19 godina od nezavisnosti Ukrajine - Lajme nga Ulqini<\/title>\n<meta name=\"description\" content=\"19 godina od nezavisnosti Ukrajine Ambasad Ukrajine u Crnoj Gori i Op\u0161tina Ulcinj pozivaju Vas na ceremoniju otvaranja izlo\u017ebe i koktel \u2018\u2019Ukrajinska\" \/>\n<meta name=\"robots\" content=\"index, follow, max-snippet:-1, max-image-preview:large, max-video-preview:-1\" \/>\n<link rel=\"canonical\" href=\"https:\/\/www.visit-ulcinj.com\/blog\/2010\/08\/25\/19-godina-od-nezavisnosti-ukrajine\/\" \/>\n<meta property=\"og:locale\" content=\"en_US\" \/>\n<meta property=\"og:type\" content=\"article\" \/>\n<meta property=\"og:title\" content=\"19 godina od nezavisnosti Ukrajine - Lajme nga Ulqini\" \/>\n<meta property=\"og:description\" content=\"19 godina od nezavisnosti Ukrajine Ambasad Ukrajine u Crnoj Gori i Op\u0161tina Ulcinj pozivaju Vas na ceremoniju otvaranja izlo\u017ebe i koktel \u2018\u2019Ukrajinska\" \/>\n<meta property=\"og:url\" content=\"https:\/\/www.visit-ulcinj.com\/blog\/2010\/08\/25\/19-godina-od-nezavisnosti-ukrajine\/\" \/>\n<meta property=\"og:site_name\" content=\"Lajme nga Ulqini\" \/>\n<meta property=\"article:published_time\" content=\"2010-08-25T17:58:58+00:00\" \/>\n<meta property=\"og:image\" content=\"http:\/\/www.visit-ulcinj.com\/blog\/wp-content\/uploads\/2010\/08\/19-godina-od-nezavisnosti-Ukrajine.png\" \/>\n<meta name=\"twitter:label1\" content=\"Written by\" \/>\n\t<meta name=\"twitter:data1\" content=\"ulqini\" \/>\n<script type=\"application\/ld+json\" class=\"yoast-schema-graph\">{\"@context\":\"https:\/\/schema.org\",\"@graph\":[{\"@type\":\"WebSite\",\"@id\":\"https:\/\/www.visit-ulcinj.com\/blog\/#website\",\"url\":\"https:\/\/www.visit-ulcinj.com\/blog\/\",\"name\":\"Lajme nga Ulqini\",\"description\":\"Lajme,Vijesti,Ulqini,Ulqin,Crna Gora,Mali i Zi\",\"potentialAction\":[{\"@type\":\"SearchAction\",\"target\":{\"@type\":\"EntryPoint\",\"urlTemplate\":\"https:\/\/www.visit-ulcinj.com\/blog\/?s={search_term_string}\"},\"query-input\":\"required name=search_term_string\"}],\"inLanguage\":\"en-US\"},{\"@type\":\"ImageObject\",\"inLanguage\":\"en-US\",\"@id\":\"https:\/\/www.visit-ulcinj.com\/blog\/2010\/08\/25\/19-godina-od-nezavisnosti-ukrajine\/#primaryimage\",\"url\":\"https:\/\/www.visit-ulcinj.com\/blog\/wp-content\/uploads\/2010\/08\/19-godina-od-nezavisnosti-Ukrajine.png\",\"contentUrl\":\"https:\/\/www.visit-ulcinj.com\/blog\/wp-content\/uploads\/2010\/08\/19-godina-od-nezavisnosti-Ukrajine.png\",\"width\":\"800\",\"height\":\"1131\"},{\"@type\":\"WebPage\",\"@id\":\"https:\/\/www.visit-ulcinj.com\/blog\/2010\/08\/25\/19-godina-od-nezavisnosti-ukrajine\/#webpage\",\"url\":\"https:\/\/www.visit-ulcinj.com\/blog\/2010\/08\/25\/19-godina-od-nezavisnosti-ukrajine\/\",\"name\":\"19 godina od nezavisnosti Ukrajine - Lajme nga Ulqini\",\"isPartOf\":{\"@id\":\"https:\/\/www.visit-ulcinj.com\/blog\/#website\"},\"primaryImageOfPage\":{\"@id\":\"https:\/\/www.visit-ulcinj.com\/blog\/2010\/08\/25\/19-godina-od-nezavisnosti-ukrajine\/#primaryimage\"},\"datePublished\":\"2010-08-25T17:58:58+00:00\",\"dateModified\":\"2010-08-25T17:58:58+00:00\",\"author\":{\"@id\":\"https:\/\/www.visit-ulcinj.com\/blog\/#\/schema\/person\/dcab619c614d3038751c63bc2aadc06d\"},\"description\":\"19 godina od nezavisnosti Ukrajine Ambasad Ukrajine u Crnoj Gori i Op\u0161tina Ulcinj pozivaju Vas na ceremoniju otvaranja izlo\u017ebe i koktel \u2018\u2019Ukrajinska\",\"breadcrumb\":{\"@id\":\"https:\/\/www.visit-ulcinj.com\/blog\/2010\/08\/25\/19-godina-od-nezavisnosti-ukrajine\/#breadcrumb\"},\"inLanguage\":\"en-US\",\"potentialAction\":[{\"@type\":\"ReadAction\",\"target\":[\"https:\/\/www.visit-ulcinj.com\/blog\/2010\/08\/25\/19-godina-od-nezavisnosti-ukrajine\/\"]}]},{\"@type\":\"BreadcrumbList\",\"@id\":\"https:\/\/www.visit-ulcinj.com\/blog\/2010\/08\/25\/19-godina-od-nezavisnosti-ukrajine\/#breadcrumb\",\"itemListElement\":[{\"@type\":\"ListItem\",\"position\":1,\"name\":\"19 godina od nezavisnosti Ukrajine\"}]},{\"@type\":\"Person\",\"@id\":\"https:\/\/www.visit-ulcinj.com\/blog\/#\/schema\/person\/dcab619c614d3038751c63bc2aadc06d\",\"name\":\"ulqini\",\"sameAs\":[\"http:\/\/www.visit-ulcinj.com\"],\"url\":\"https:\/\/www.visit-ulcinj.com\/blog\/author\/admin\/\"}]}<\/script>\n<!-- \/ Yoast SEO plugin. -->","yoast_head_json":{"title":"19 godina od nezavisnosti Ukrajine - Lajme nga Ulqini","description":"19 godina od nezavisnosti Ukrajine Ambasad Ukrajine u Crnoj Gori i Op\u0161tina Ulcinj pozivaju Vas na ceremoniju otvaranja izlo\u017ebe i koktel \u2018\u2019Ukrajinska","robots":{"index":"index","follow":"follow","max-snippet":"max-snippet:-1","max-image-preview":"max-image-preview:large","max-video-preview":"max-video-preview:-1"},"canonical":"https:\/\/www.visit-ulcinj.com\/blog\/2010\/08\/25\/19-godina-od-nezavisnosti-ukrajine\/","og_locale":"en_US","og_type":"article","og_title":"19 godina od nezavisnosti Ukrajine - Lajme nga Ulqini","og_description":"19 godina od nezavisnosti Ukrajine Ambasad Ukrajine u Crnoj Gori i Op\u0161tina Ulcinj pozivaju Vas na ceremoniju otvaranja izlo\u017ebe i koktel \u2018\u2019Ukrajinska","og_url":"https:\/\/www.visit-ulcinj.com\/blog\/2010\/08\/25\/19-godina-od-nezavisnosti-ukrajine\/","og_site_name":"Lajme nga Ulqini","article_published_time":"2010-08-25T17:58:58+00:00","og_image":[{"url":"http:\/\/www.visit-ulcinj.com\/blog\/wp-content\/uploads\/2010\/08\/19-godina-od-nezavisnosti-Ukrajine.png"}],"twitter_misc":{"Written by":"ulqini"},"schema":{"@context":"https:\/\/schema.org","@graph":[{"@type":"WebSite","@id":"https:\/\/www.visit-ulcinj.com\/blog\/#website","url":"https:\/\/www.visit-ulcinj.com\/blog\/","name":"Lajme nga Ulqini","description":"Lajme,Vijesti,Ulqini,Ulqin,Crna Gora,Mali i Zi","potentialAction":[{"@type":"SearchAction","target":{"@type":"EntryPoint","urlTemplate":"https:\/\/www.visit-ulcinj.com\/blog\/?s={search_term_string}"},"query-input":"required name=search_term_string"}],"inLanguage":"en-US"},{"@type":"ImageObject","inLanguage":"en-US","@id":"https:\/\/www.visit-ulcinj.com\/blog\/2010\/08\/25\/19-godina-od-nezavisnosti-ukrajine\/#primaryimage","url":"https:\/\/www.visit-ulcinj.com\/blog\/wp-content\/uploads\/2010\/08\/19-godina-od-nezavisnosti-Ukrajine.png","contentUrl":"https:\/\/www.visit-ulcinj.com\/blog\/wp-content\/uploads\/2010\/08\/19-godina-od-nezavisnosti-Ukrajine.png","width":"800","height":"1131"},{"@type":"WebPage","@id":"https:\/\/www.visit-ulcinj.com\/blog\/2010\/08\/25\/19-godina-od-nezavisnosti-ukrajine\/#webpage","url":"https:\/\/www.visit-ulcinj.com\/blog\/2010\/08\/25\/19-godina-od-nezavisnosti-ukrajine\/","name":"19 godina od nezavisnosti Ukrajine - Lajme nga Ulqini","isPartOf":{"@id":"https:\/\/www.visit-ulcinj.com\/blog\/#website"},"primaryImageOfPage":{"@id":"https:\/\/www.visit-ulcinj.com\/blog\/2010\/08\/25\/19-godina-od-nezavisnosti-ukrajine\/#primaryimage"},"datePublished":"2010-08-25T17:58:58+00:00","dateModified":"2010-08-25T17:58:58+00:00","author":{"@id":"https:\/\/www.visit-ulcinj.com\/blog\/#\/schema\/person\/dcab619c614d3038751c63bc2aadc06d"},"description":"19 godina od nezavisnosti Ukrajine Ambasad Ukrajine u Crnoj Gori i Op\u0161tina Ulcinj pozivaju Vas na ceremoniju otvaranja izlo\u017ebe i koktel \u2018\u2019Ukrajinska","breadcrumb":{"@id":"https:\/\/www.visit-ulcinj.com\/blog\/2010\/08\/25\/19-godina-od-nezavisnosti-ukrajine\/#breadcrumb"},"inLanguage":"en-US","potentialAction":[{"@type":"ReadAction","target":["https:\/\/www.visit-ulcinj.com\/blog\/2010\/08\/25\/19-godina-od-nezavisnosti-ukrajine\/"]}]},{"@type":"BreadcrumbList","@id":"https:\/\/www.visit-ulcinj.com\/blog\/2010\/08\/25\/19-godina-od-nezavisnosti-ukrajine\/#breadcrumb","itemListElement":[{"@type":"ListItem","position":1,"name":"19 godina od nezavisnosti Ukrajine"}]},{"@type":"Person","@id":"https:\/\/www.visit-ulcinj.com\/blog\/#\/schema\/person\/dcab619c614d3038751c63bc2aadc06d","name":"ulqini","sameAs":["http:\/\/www.visit-ulcinj.com"],"url":"https:\/\/www.visit-ulcinj.com\/blog\/author\/admin\/"}]}},"jetpack_featured_media_url":"","jetpack_sharing_enabled":true,"jetpack_shortlink":"https:\/\/wp.me\/pe6lTn-9sq","_links":{"self":[{"href":"https:\/\/www.visit-ulcinj.com\/blog\/wp-json\/wp\/v2\/posts\/36358"}],"collection":[{"href":"https:\/\/www.visit-ulcinj.com\/blog\/wp-json\/wp\/v2\/posts"}],"about":[{"href":"https:\/\/www.visit-ulcinj.com\/blog\/wp-json\/wp\/v2\/types\/post"}],"author":[{"embeddable":true,"href":"https:\/\/www.visit-ulcinj.com\/blog\/wp-json\/wp\/v2\/users\/1"}],"replies":[{"embeddable":true,"href":"https:\/\/www.visit-ulcinj.com\/blog\/wp-json\/wp\/v2\/comments?post=36358"}],"version-history":[{"count":0,"href":"https:\/\/www.visit-ulcinj.com\/blog\/wp-json\/wp\/v2\/posts\/36358\/revisions"}],"wp:attachment":[{"href":"https:\/\/www.visit-ulcinj.com\/blog\/wp-json\/wp\/v2\/media?parent=36358"}],"wp:term":[{"taxonomy":"category","embeddable":true,"href":"https:\/\/www.visit-ulcinj.com\/blog\/wp-json\/wp\/v2\/categories?post=36358"},{"taxonomy":"post_tag","embeddable":true,"href":"https:\/\/www.visit-ulcinj.com\/blog\/wp-json\/wp\/v2\/tags?post=36358"}],"curies":[{"name":"wp","href":"https:\/\/api.w.org\/{rel}","templated":true}]}}