{"id":3636,"date":"2008-09-27T11:21:40","date_gmt":"2008-09-27T16:21:40","guid":{"rendered":"http:\/\/www.visit-ulcinj.com\/blog\/?p=3636"},"modified":"2008-10-17T14:06:57","modified_gmt":"2008-10-17T19:06:57","slug":"bisede-me-besimtaret-ulqinak-nga-kurbeti","status":"publish","type":"post","link":"https:\/\/www.visit-ulcinj.com\/blog\/2008\/09\/27\/bisede-me-besimtaret-ulqinak-nga-kurbeti\/","title":{"rendered":"Bised\u00eb me besimtar\u00ebt ulqinak nga kurbeti"},"content":{"rendered":"<p><a href=\"http:\/\/www.visit-ulcinj.com\/blog\/wp-content\/uploads\/2008\/09\/enver-pekuvardon-pekunihad-malokraja-nexhat-dermajas-ukoshata.jpg\"><img loading=\"lazy\" class=\"alignleft size-medium wp-image-3637\" title=\"enver-pekuvardon-pekunihad-malokraja-nexhat-dermajas-ukoshata\" src=\"http:\/\/www.visit-ulcinj.com\/blog\/wp-content\/uploads\/2008\/09\/enver-pekuvardon-pekunihad-malokraja-nexhat-dermajas-ukoshata-300x215.jpg\" alt=\"\" width=\"300\" height=\"215\" srcset=\"https:\/\/www.visit-ulcinj.com\/blog\/wp-content\/uploads\/2008\/09\/enver-pekuvardon-pekunihad-malokraja-nexhat-dermajas-ukoshata-300x215.jpg 300w, https:\/\/www.visit-ulcinj.com\/blog\/wp-content\/uploads\/2008\/09\/enver-pekuvardon-pekunihad-malokraja-nexhat-dermajas-ukoshata.jpg 647w\" sizes=\"(max-width: 300px) 100vw, 300px\" \/><\/a>Dit\u00ebve t\u00eb gjysm\u00ebs s\u00eb dyt\u00eb t\u00eb muajit maj (2006),rrug\u00ebt e Ulqinit ishin mbushur p\u00ebrplot me bashk\u00ebqytetar\u00eb tan\u00eb t\u00eb cil\u00ebt jetojn\u00eb e punojn\u00eb n\u00ebp\u00ebr vendet e ndryshme t\u00eb bot\u00ebs, e t\u00eb cil\u00ebt kishin ardhur nga mbar\u00eb bota p\u00ebr t\u00eb votuar n\u00eb referendumin p\u00ebr pavar\u00ebsin\u00eb e Malit t\u00eb Zi. Prezenca e tyre dallohej madje edhe n\u00ebp\u00ebr xhamia, q\u00eb \u00ebsht\u00eb indikator p\u00ebr mund\u00ebsin\u00eb e t\u00eb jetuarit si besimtar musliman madje edhe n\u00eb \u201cper\u00ebndim\u201d.Ne shfryt\u00ebzuam k\u00ebt\u00eb rast p\u00ebr t\u00eb b\u00ebr\u00eb nj\u00eb bised\u00eb me disa nga ato. Biseduam me v\u00ebllez\u00ebrit Enver Peku (57) i cili jeton dhe punon n\u00eb Gjenev\u00eb (Zvic\u00ebr) si drejtor komercial i firm\u00ebs Hugo Boss, Vardon Peku (21) po ashtu n\u00eb Gjenev (Zvic\u00ebr) student i ekonomis\u00eb, Nihad Malokraja (36) jeton dhe punon n\u00eb Duseldorf (Gjermani) si taksist dhe Nexhat Dermaja (33) si shofer kamion\u00ebsh n\u00eb Brescia (Itali). K\u00ebtyre i b\u00ebm\u00eb disa pyetje n\u00eb t\u00eb cilat ata me gjith\u00eb d\u00ebshir\u00eb iu p\u00ebrgjigj\u00ebn.<br \/>\nSi e keni shikuar fen\u00eb Islame para se keni shkuar n\u00eb kurbet dhe cili ka qen\u00eb shkaku i udh\u00ebzimit tuaj?<br \/>\n<strong>Enveri:<\/strong> Rrjedh nga nj\u00eb familje me tradit\u00eb fetare dhe jam edukuar qysh i vog\u00ebl n\u00eb besimin Islam. Kam vijuar edhe m\u00ebsimet n\u00eb mekteb. Gjyshi im ka qen\u00eb imam i xhamis\u00eb s\u00eb Bregut. Kur kam shkuar n\u00eb kurbet kam pasur 20 vje\u00e7 dhe destinacioni im i par\u00eb ishte Zyrihu, ku posa shkova kisha k\u00ebrkuar p\u00ebr xhamin\u00eb. Pra,kam filluar k\u00ebtu dhe kam vazhduar edhe atje.<br \/>\n<strong>Vardoni:<\/strong> Un\u00eb jam djali i Enverit dhe kam lindur n\u00eb Zvic\u00ebr, q\u00eb do t\u00eb thot\u00eb se edhe un\u00eb familjarisht u edukova n\u00eb fen\u00eb Islame.<br \/>\n<strong>Nihati:<\/strong> Edhe pse rrjedh nga familja fetare, si i vog\u00ebl kam vijuar mektebin, por rinia ime ka qen\u00eb n\u00eb nj\u00eb koh\u00eb kur tek ne ende ka qen\u00eb sistemi komunist dhe k\u00ebshtu q\u00eb nj\u00eb koh\u00eb t\u00eb gjat\u00eb kam jetuar pa praktikimin e fes\u00eb. Megjithat\u00eb ka dasht\u00eb Allahu xh.sh. q\u00eb un\u00eb, pik\u00ebrisht t\u00eb udh\u00ebzohem si duhet n\u00eb rrug\u00ebn e drejt\u00eb duke qen\u00eb n\u00eb Gjermani, me rastin e ngjarjeve t\u00eb 11 shtatorit 2001 n\u00eb Nju Jork. Prej at\u00ebher\u00eb, elhamdulil-lah, e deri m\u00eb sot e kam kuptuar se vet\u00ebm t\u00eb jetuarit sipas modelit Islam m\u00eb garanton sukses n\u00eb k\u00ebt\u00eb dhe n\u00eb bot\u00ebn tjet\u00ebr.<br \/>\n<strong>Nexhati:<\/strong> Un\u00eb e kam praktikuar Islamin edhe para se kam shkuar n\u00eb Itali dhe kam vazhduar edhe atje, pa pasur asnj\u00ebfar\u00eb pengese, bile edhe m\u00eb leht\u00eb.Si ju shikon familja dhe t\u00eb tjer\u00ebt k\u00ebtu kur e ka kuptuar se ju keni vendosur edhe atje t\u00eb jetoni duke e praktikuar fen\u00eb?<br \/>\n<strong>Enveri: <\/strong>Shumica m\u00eb shikojn\u00eb pozitivisht, edhe pse ka edhe tjer\u00eb. Familja duhet t\u00eb gjej\u00eb koh\u00eb p\u00ebr edukimin e f\u00ebmij\u00ebve t\u00eb tyre si musliman\u00eb, dhe kur kjo filloj prej prindit k\u00ebshtu at\u00ebher\u00eb \u00e7do gj\u00eb tjet\u00ebr m\u00eb von\u00eb \u00ebsht\u00eb m\u00eb e leht\u00eb. Un\u00eb si prind jam munduar ta kryej\u00eb detyr\u00ebn time dhe ja ku e kam djalin, i cili e njeh edhe fen\u00eb Islame edhe e din mir\u00eb gjuh\u00ebn shqipe. K\u00ebshtu \u00ebsht\u00eb me shumic\u00ebn n\u00eb shtetet evropiane, nd\u00ebrsa n\u00eb USA dhe Australi \u00ebsht\u00eb di\u00e7ka tjet\u00ebr sepse atje flitet vet\u00ebm nj\u00eb gjuh\u00eb, e n\u00eb Evrop\u00eb ka shum\u00eb, prandaj edhe shqiptar\u00ebt e kan\u00eb ruajtur gjuh\u00ebn shqipe m\u00eb shum\u00eb.<br \/>\n<strong>Vardoni: <\/strong>Njer\u00ebzit jan\u00eb t\u00eb influencuar nga dynjaja, i shohin sendet vet\u00ebm n\u00ebp\u00ebr televizor dhe mendojn\u00eb se feja \u00ebsht\u00eb vet\u00ebm p\u00ebr pleq. Ka shum\u00eb njer\u00ebz q\u00eb preken kur e kuptojn\u00eb se edhe atje arrihet me jetuar si besimtar\u00eb, dhe shtrojn\u00eb pyetje, p.sh. p\u00ebr mua, se si mundet q\u00eb ky t\u00eb ket\u00eb lindur atje e t\u00eb mos ket\u00eb devijuar nga rruga e drejt\u00eb!?A keni koh\u00eb t\u2019i kryeni t\u00eb gjitha obligimet fetare dhe familjare?<\/p>\n<div style=\"width: 303px\" class=\"wp-caption alignright\"><a href=\"http:\/\/www.ork.ch\/spip\/IMG\/jpg\/Musulman_001.jpg\"><img loading=\"lazy\" title=\"Xhamija n\u00eb Gjenev\u00eb\" src=\"http:\/\/www.ork.ch\/spip\/IMG\/jpg\/Musulman_001.jpg\" alt=\"Xhamija n\u00eb Gjenev\u00eb\" width=\"293\" height=\"211\" \/><\/a><p class=\"wp-caption-text\">Xhamija n\u00eb Gjenev\u00eb<\/p><\/div>\n<p><strong>Enveri:<\/strong> N\u00eb Gjenev\u00eb jan\u00eb 6 xhamia, 4 nga t\u00eb cilat hapen pes\u00eb vakt. Zoti ma ka mund\u00ebsuar s\u00eb paku nj\u00eb her\u00eb n\u00eb dit\u00eb t\u00eb shkoj n\u00eb xhami, e dit\u00ebn e xhuma nuk punoj fare.<br \/>\n<strong>Vardoni:<\/strong> Un\u00eb falem n\u00eb fakultet, n\u00eb nj\u00eb klas\u00eb t\u00eb cil\u00ebn vet\u00eb fakulteti e ka caktuar si vend faljeje p\u00ebr musliman\u00eb.Aty madje e falim edhe xhuman\u00eb.Dua t\u00eb tregoj p\u00ebr nj\u00eb rast q\u00eb ka ndodhur n\u00eb qytetin Lausane.Nj\u00eb djalosh nuk kishte ku t\u00eb falet dhe falej n\u00eb oborrin e shkoll\u00ebs. Profesor\u00ebt duke e par\u00eb se ku falet, e caktuan nj\u00eb hap\u00ebsir\u00eb t\u00eb posa\u00e7me p\u00ebr namaz.Xhemati erdh duke u rritur k\u00ebshtu q\u00eb sot aty falet edhe xhumaja. Un\u00eb n\u00eb nd\u00ebrkoh\u00eb punoj edhe n\u00eb aeroportin e Gjenev\u00ebs, n\u00eb t\u00eb cilin ekziston faltorja.\u00c7far\u00ebdo pune q\u00eb t\u00eb punoj\u00eb njeriu, ka mund\u00ebsi t\u00eb gjej koh\u00eb p\u00ebr namaz. Nj\u00eb besimtar\u00eb musliman nga Avganistani kur ka dashur t\u00eb pun\u00ebsohet n\u00eb firm\u00ebn Rolex i ka th\u00ebn\u00eb pun\u00ebdh\u00ebn\u00ebsit se ky nuk pin\u00eb kafe e cigare, dhe koh\u00ebn e parapar\u00eb p\u00ebr k\u00ebt\u00eb d\u00ebshiron ta kaloj\u00eb n\u00eb namaz. Vet\u00eb shefi ishte k\u00ebnaqur me t\u00eb dhe ia kishte caktuar vendin p\u00ebr faljen e namazit.<br \/>\n<strong>Nihati: <\/strong>N\u00eb vitet e para kur kam shkuar n\u00eb kurbet, kam punuar si kamerier. Por kur e kam kuptuar t\u00eb v\u00ebrtet\u00ebn, e kam l\u00ebn\u00eb at\u00eb p\u00ebr shkak t\u00eb kontaktit direkt me haram. Un\u00eb, edhe pse p\u00ebr vete nuk kam vend t\u00eb caktuar pune, kam informata p\u00ebr disa v\u00ebllez\u00ebr tjer\u00eb se pun\u00ebdh\u00ebn\u00ebsit nuk i blejn\u00eb kurrfar\u00eb problemit p\u00ebr t\u2019u falur, madje as p\u00ebr ta l\u00ebshuar mjekr\u00ebn apo p\u00ebr t\u00eb veshur di\u00e7ka t\u00eb ve\u00e7ant\u00eb. Mund t\u00eb shihni njer\u00ebz q\u00eb falen edhe n\u00eb kopshte zoologjike, edhe n\u00ebp\u00ebr parqe kur dalin n\u00eb piknik, e n\u00eb vende t\u00eb ngjashme, dhe askush nuk ia merr p\u00ebr t\u00eb madhe. Atje \u00e7dokush shikon pun\u00ebn e vet!<br \/>\n<strong>Nexhati:<\/strong> Puna nuk m\u00eb pengon fare q\u00eb t\u2019i kryej t\u00eb gjitha obligimet ndaj Allahut dhe ndaj familjes.Si jan\u00eb t\u00eb organizuar musliman\u00ebt n\u00eb vendin (xhematin) ku jetoni?<\/p>\n<div style=\"width: 327px\" class=\"wp-caption alignleft\"><a href=\"http:\/\/info.rsr.ch\/xobix_media\/images\/tsr\/2007\/swisstxt20070410_7702526_0.jpg\"><img loading=\"lazy\" title=\"Xhamija n\u00eb Gjenev\u00eb\" src=\"http:\/\/info.rsr.ch\/xobix_media\/images\/tsr\/2007\/swisstxt20070410_7702526_0.jpg\" alt=\"Xhamija n\u00eb Gjenev\u00eb\" width=\"317\" height=\"227\" \/><\/a><p class=\"wp-caption-text\">Xhamija n\u00eb Gjenev\u00eb<\/p><\/div>\n<p><strong>Enveri: <\/strong>Xhamin\u00eb e madhe n\u00eb Gjenev\u00eb e ka nd\u00ebrtuar mbreti Fejsal n\u00eb vitin 1978. Kjo xhami pranon 6.000 xhematli,ka sall\u00ebn p\u00ebr konferenca, bibliotek\u00ebn,<br \/>\nsall\u00ebn p\u00ebr martesa, p\u00ebr b\u00ebrje synet, kuzhin\u00ebn, mejt\u2019hanen.Organizohen shkolla p\u00ebr m\u00ebsimbesim dhe gjuh\u00eb arabe.N\u00eb fillim ka pasur 30 nx\u00ebn\u00ebs,nd\u00ebrsa tani ka rreth 1.000 nx\u00ebn\u00ebs. Tri her\u00eb n\u00eb jav\u00eb kan\u00eb m\u00ebsim gjat\u00eb gjith\u00eb dit\u00ebs. Ka edhe nj\u00eb parcel\u00eb t\u00eb ve\u00e7ant\u00eb p\u00ebr varrosjen e musliman\u00ebve t\u00eb vdekur, megjith\u00ebse shumica i transportojn\u00eb p\u00ebr n\u00eb vendlindjet e tyre.<br \/>\n<strong>Vardoni:<\/strong> Kur \u00ebsht\u00eb Ramazan organizohet dh\u00ebnia e iftareve falas, mbahen ligj\u00ebrata nga shejha t\u00eb ndrysh\u00ebm nga Egjipti,Arabia Saudite, etj. Xhamia e madhe ka dy imam\u00eb, nj\u00ebrin nga Libia e tjetrin nga Maroku,nd\u00ebrsa drejtori gjeneral \u00ebsht\u00eb me prejardhje shqiptare.Mbahen edhe ligj\u00ebrata t\u00eb ve\u00e7anta p\u00ebr gra t\u00eb konvertuara, ekziston klubi i djemve, klubi sportiv. \u00c7do sabah ka nga 15 minuta ders pas faljes, si edhe t\u00eb shtun\u00ebn e t\u00eb diel\u00ebn mes akshamit e jacis\u00eb. Organizohen edhe gara t\u00eb nx\u00ebn\u00ebsve. \u00c7do aktivitet i xhamis\u00eb ka nj\u00eb q\u00ebllim:Lidhjen e zemrave t\u00eb musliman\u00ebve.<br \/>\n<strong>Nihati: <\/strong>N\u00eb Duseladorf jan\u00eb 56 xhamia. Shqiptar\u00ebt e kan\u00eb nj\u00eb xhami. N\u00eb kuadrin e saj funksionon biblioteka, klubi me TV dhe DVD, gazeta, lokale q\u00eb shfryt\u00ebzohen p\u00ebr aktivitete t\u00eb lira, etj. \u00c7do t\u00eb diele ka ders. Funksionon edhe mektebi, ku m\u00ebsohet m\u00ebsimbesimi dhe leximi i Kur\u2019anit. Rinia \u00ebsht\u00eb mir\u00eb e organizuar. \u00cbsht\u00eb duke hapur edhe nj\u00eb web-site, merret me da\u2019vet, shp\u00ebrndan\u00eb libra, CD-ja, etj. Shpesh na vijn\u00eb edhe hoxhallar\u00eb t\u00eb ndrysh\u00ebm, vijn\u00eb edhe nga xhemati teblig.Ata din\u00eb t\u00eb shkojn\u00eb n\u00ebp\u00ebr spitale t\u2019i vizitojn\u00eb t\u00eb s\u00ebmurit (edhe pse s\u2019i njohin), shkojn\u00eb n\u00ebp\u00ebr internet kafe e klube t\u00eb ngjashme p\u00ebr ta nxjerr\u00eb rinin\u00eb nga aty e p\u00ebr ta pru n\u00eb xhami.Organizohen edhe konkurse p\u00ebr Nat\u00ebn e Kadrit. Organizohen edhe seminare p\u00ebr gjerman\u00eb (t\u00eb krishter\u00eb) p\u00ebr t\u2019i njoftuar me Islamin, vijn\u00eb nx\u00ebn\u00ebsit e shkollave, personel t\u00eb policis\u00eb kriminele, etj. \u00c7do vit me 3 tetor organizohet aksioni i quajtur \u201cTag der \u00f6ffene t\u00fcre\u201d \u2013<br \/>\nDita e dyerve t\u00eb hapura. A ka probleme me t\u00eb cilat ballafaqoheni?<br \/>\n<strong>Enveri<\/strong>: Probleme nuk ka shum\u00eb, sepse ne kemi kontakte t\u00eb rregullta me qeverin\u00eb.<br \/>\n<strong>Nihati:<\/strong> Problemet jan\u00eb zakonisht t\u00eb natyr\u00ebs financiare si edhe nga pak n\u00eb udh\u00ebheq\u00ebsi.\u00c7far\u00eb dallimesh shihni n\u00eb jet\u00ebn e besimtar\u00ebve atje dhe k\u00ebtu?<br \/>\n<strong>Enveri:<\/strong> Shoh se n\u00eb Ulqin turizmi ka ndikuar shum\u00eb n\u00eb r\u00ebnien e moralit. I b\u00ebj apel Bashk\u00ebsis\u00eb Islame n\u00eb Ulqin q\u00eb gjat\u00eb derseve t\u00eb vejn\u00eb theksin n\u00eb k\u00ebt\u00eb problem. N\u00eb Gjenev\u00eb shef vajza t\u00eb reja t\u00eb veshura si\u00e7 duhet t\u00eb vishet myslimania \u00e7do kund, madje edhe n\u00ebp\u00ebr shkolla.<br \/>\n<strong>Vardoni:<\/strong> K\u00ebtu duhet shum\u00eb t\u00eb punohet. Islami n\u00eb shtetet per\u00ebndimore \u00ebsht\u00eb integruar n\u00eb nivelin shtet\u00ebror m\u00eb shum\u00eb se sa k\u00ebtu, ku ka ekzistuar tash 500 vjet. Musliman\u00ebt duhen ta shpjegojn\u00eb Islamin me sjellje t\u00eb bukura. Duhet t\u00eb shpeshtohen aktivitetet sepse me rritjen e tyre rritet edhe numri i xhematit. Le ta din\u00eb t\u00eb gjith\u00eb nj\u00eb gj\u00eb: Muzika k\u00ebtu teprohet gjat\u00eb ver\u00ebs! N\u00eb shtetet per\u00ebndimore mbas or\u00ebs 10, n\u00ebse b\u00ebn zhurm\u00eb e ke d\u00ebnimin 300 euro. N\u00eb Franc\u00eb p.sh.<br \/>\nn\u00ebse nuk e ke k\u00ebmish\u00ebn e veshur nuk t\u00eb lejojn\u00eb t\u00eb hysh n\u00ebp\u00ebr dyqane, si\u00e7 ndodh\u00eb k\u00ebtu.<br \/>\n<strong>Nihati:<\/strong> N\u00eb Gjermani s\u2019guxohet t\u00eb dilet prej rrethit t\u00eb plazhit ashtu si\u00e7 rrihet n\u00eb plazh.K\u00ebt\u00eb \u00e7ka shohim k\u00ebtu nuk \u00ebsht\u00eb demokraci. Kjo \u00ebsht\u00eb keqkuptim i demokracis\u00eb!!! Ku ju duket m\u00eb leht\u00eb jeta si musliman, k\u00ebtu apo atje?<br \/>\n<strong>Nihati:<\/strong> N\u00eb Gjermani \u00ebsht\u00eb m\u00eb leht\u00eb, m\u00eb past\u00ebr, nuk kemi probleme me \u00e7\u00ebshtjet e fikhut,me vendin e faljes, etj. Un\u00eb ju njoftoj se atje vajzat jan\u00eb t\u00eb liruara<br \/>\nprej or\u00ebs s\u00eb edukat\u00ebs fizike (gjimnastik\u00ebs), prej notimit, e t\u00eb ngjashme. Plus, n\u00ebp\u00ebr shkolla m\u00ebsohet m\u00ebsim-besimi. Edhe di\u00e7ka, n\u00eb Duseldorf n\u00eb dy xhamia ezani thirret n\u00eb minare.<br \/>\n<strong>Nexhati:<\/strong> Mendoj se \u00ebsht\u00eb k\u00ebtu m\u00eb leht\u00eb, sepse je af\u00ebr xhamis\u00eb, mund t\u2019i fal\u00ebsh t\u00eb gjitha koh\u00ebt me xhemat, je af\u00ebr familjes, etj.P\u00ebr \u00e7far\u00eb ju merr malli m\u00eb<br \/>\ntep\u00ebr nga Ulqini?<br \/>\n<strong>Enveri:<\/strong> M\u00eb merr malli p\u00ebr vendlindjen time, puna e besimit sa vjen duke u p\u00ebrmir\u00ebsuar, rinia \u00ebsht\u00eb gjithnj\u00eb e m\u00eb shum\u00eb prezent n\u00eb xhami, nd\u00ebrsa prind\u00ebrit e shumic\u00ebs s\u00eb tyre, fatkeq\u00ebsisht, s\u2019e praktikojn\u00eb fen\u00eb, nuk falen, nuk vishen sipas normave t\u00eb fes\u00eb, etj.<br \/>\n<strong>Nexhati: <\/strong>P\u00ebr prind\u00ebr dhe v\u00ebllez\u00ebr.<br \/>\n<strong>S. Ukoshata<\/strong><br \/>\n<strong><\/strong><\/p>\n<p><a href=\"http:\/\/www.visit-ulcinj.com\/blog\/wp-content\/uploads\/2008\/06\/ndertimi-i-xhamis-ne-fushe-te-ulqinit1.jpg\"><img loading=\"lazy\" class=\"alignleft\" src=\"http:\/\/www.visit-ulcinj.com\/blog\/wp-content\/uploads\/2008\/06\/ndertimi-i-xhamis-ne-fushe-te-ulqinit1.jpg\" alt=\"\" width=\"289\" height=\"212\" \/><\/a><strong>Ka nisur grumbullimi i mjeteve financiare p\u00ebr nd\u00ebrtimin e xhamis\u00eb n\u00eb Fush\u00eb t\u00eb Ulqinit.<\/strong><\/p>\n<p>Xhamia do t\u00eb jet\u00eb shum\u00eb funksionale: 1 mij\u00eb vende p\u00ebr falje, vend p\u00ebr mir\u00ebmbajtjen dhe pregaditjen e xhenazes (gasulhanja), mejtep, bibliotek\u00eb,sall\u00eb, kafiteri, vende p\u00ebr parkim etj.<br \/>\nDeri m\u00eb tash \u00ebsht\u00eb bler\u00eb trolli i xhamis\u00eb dhe \u00ebsht\u00eb punuar projekti ideor.Lusim Allahun Fuqiplot\u00eb q\u00eb \u00e7do ndihm\u00eb tuaj\u00ebn ta radhis\u00eb n\u00eb vepra t\u00eb mira.<\/p>\n<p><strong>BASHK\u00cbSIJA ISLAME E ULQINIT<\/strong><\/p>\n<p><a href=\"http:\/\/www.visit-ulcinj.com\/blog\/wp-content\/uploads\/2008\/08\/bashkesija-islame-e-ulqinit.gif\"><img loading=\"lazy\" class=\"size-medium wp-image-2842 alignright\" title=\"bashkesija-islame-e-ulqinit\" src=\"http:\/\/www.visit-ulcinj.com\/blog\/wp-content\/uploads\/2008\/08\/bashkesija-islame-e-ulqinit.gif\" alt=\"Bashkesija Islame e Uqinit\" width=\"117\" height=\"114\" \/><\/a><\/p>\n<p><strong>Xhirollogaria:510-12295-15<\/strong><\/p>\n<p><strong>Informatat n\u00eb tel\/fax:<br \/>\nTel\/fax:+382 30 413-257<br \/>\nMobil :+382 69 037-681<br \/>\nMobil :+382 69 473-400<\/strong><\/p>\n<p style=\"text-align: center;\"><a class=\"aligncenter\" title=\"???? ????,?????,Ulcinj,Montenegru,??????????,\u00c7ernoqoriya,Besplatni internet oglasi,Besplatni oglasi,besplatni mali oglasi,besplatni turisti?ki oglasi,oglasi, usluge, turizam,Turisti?ke usluge,Doma?i turizam,Besplatni Oglasnik,Brzi Oglasi Besplatno,Besplatno OglasavanjeTurizam,besplatni oglasi sa slikom,Turisticki informator besplatni,li?ni-oglasi,BESPLATNI Turisticki OGLASI SA SLIKAMA,BESPLATNI Turisticki Oglasi saVideom,turisticki smestaj oglasi,Turisti?ki vodi? balkana,BESPLATNA REZERVACIJA SMESTAJA,Postavite besplatno Vas oglas,FREE TOURIST GUIDES,Izdavanje-Turizam oglasi,Balkan Turisticki vodic,shpallje turistike falas,Shpallje Falas,Shpallje falas per Komplekse Turistike,Lajmerime,Njoftime,shpallje shqip per shqiptaret ne shqiperi kosova maqedoni,mal te zi,???????????,Montenegiro,?ern\u00e1 Hora,??????????,Cz\u00f4rnog\u00f3ra,Cz\u00f4rn\u00f4 G\u00f3ra,Carna G\u00f3ra,T\u0161ernogooria,\u00c7ernogoriya,Montain\u00e9agr\u00f3,Montenegwo,?orna Hora,Montenegr\u00f3,M?ntenigro,Chernogoriya ,\u00c7\u00earnogor\u00ee ,?????????,????????? ,??????? ,Montes Nigrae,Mons Niger,M\u00f4ntenegr\u00f4,Muntenegru,??????????,Czarnog\u00f3ra,Muntinigru,Muntenegro,&lt;br &gt;&lt;\/a&gt; Muntenegru,\t?ierna Hora,Cxerngora,????????,?rna gora,Moontineegro,?ornog?ra,\u00c7ernogori\u00fda,Chernogoriya,Mont\u00f5negro,????? ???? ,?r?na Gora,?r?nogorije,?ernogorija,?arnahoryja,??????????,???????????????????? ,?ern?g?riy\u00e2,M?nt?n??r?,????? ?????? ,?????????,??????????,???????????,M?nten?gro,???? ????? ,????????,M\u00f4ntenegr\u00f4,????????????,???????????,????????????, ??????????? ,????????????,??????????? ,\u008d\u2022?R\/?K?R ,\u0192\u201a\u0192\u201c\u0192e\u0192l\u0192O\u0192\u008d,\u00b8???\u00b3?\u00b1?\u00b7? ,Muntenegru, ????? ????, Montenegr?,chambres ? louer ? ulcinj, location de vacance, location saisonni?res, louer villa,location de vacance, Locations vacance, h?bergements vacances, locations villa, logements de vacances, location maison avec piscine, Location vacance, locations de vacance, h?bergements de vacances, location villa, locations entre particulier, logements vacance, vacances ? Mont?n?gro - location ? Ulcinj ,location  de bigorre,Urlaub in Ulcinj -Montenegro,Hotelbewertungen Ulcinj,Reisen Ulcinj, Urlaub Ulcinj,Hotel in Serbien und Montenegro von Urlaubern bewertet,Billig Urlaub in Ulcinj,ferienh?user,ferienwohnung,Billige Ferienh?user,Ferienwohnung ULCINJ,Ferien an der Adria,Urlaub im Ferienhaus ulcinjBilligreisen Ulcinj,Pauschalreisen,FKK Strand Ada Bojana ulcinj,Last Minute Angebote ulcinj,Preise f?r Lastminute,Kleinanzeigen gratis,Ausflug nach Ulcinj,FKK-Reisen ada bojana,FKK-Urlaub ulcinj,Privatni smje?taj,rezervacija smje?taja,apartmani,sobe,ku?e,odmor,sobe za odmor ulcinj,Pretra?ivanje privatnog smje?taja,rooms rent accommodation ulcinj, rentail private accommodation ulcinj,?elite rezervirati privatni smje?taj,Private accommodation,Smje?taj ulcinj,Pushime Verore ulqin,pushime t? lira n? ulqin,Pushime ne plazh,Pushime te kendshme,dhoma per pushime ulqin,dhoma me qera ulqin,dhoma te lira ulqin,pushime te lira ulqin,mali i zi,kosova,maqedoni,shqiperi,Pushime ne det te ulqinit,godi?nji odmor u ulcinj,odmor u ulcinj,Ku?a za odmor,kuda na odmor,ljetovanje u ulcinj,slobodne sobe,dhoma te lira,ku?a uz more,turisti?ka ponuda,odmor i zabava,povolne cene,sobe,usluge,Mjesto za Va? odmor , Place for Your holiday,Odmor portal,putovanaja,Iznajmljivanje soba ulcinj,odmor ulcinj info,Va?e mjesto za odmor ulcinj,nudisticka plaza ada bojana,smjestaj ponuda ulcinj,lokacioni i dhomave ulqin,deti,plazhet e bukura,diskoteka,zbavitja,.\" href=\"http:\/\/www.visit-ulcinj.com\/tourism\/\" target=\"_blank\"><img loading=\"lazy\" class=\"aligncenter\" title=\"SHPALLJE TURISTIKE FALAS,FREE TOURIST GUIDES,BESPLATNI TURISTI?KI OGLASI,balkan holiday rentals,ALBANIJA,ALBANIA,SHQIPERIJA,CRNA GORA,HRVATSKA,KROACIA,SLOVENIJA,MAKEDONIJA,MAKEDONIA,SRBIJA,MONTENEGRO,MALI I ZI,\" src=\"http:\/\/www.visit-ulcinj.com\/blog\/wp-content\/uploads\/2008\/09\/balkanholidayrentals.gif\" alt=\"Apatin,  Aran?elovac,  ?uprija,  ?a?ak,  ?apljina,  ?itluk,  ?abac,  ?ipovo,  ?iroki Brijeg,  ?ep?e,  ?ivinice,  Ba?ka Palanka,  Banja Luka,  Banovi?i,  Be?ej,  beograd,  Biha?,  Bijeljina,  Bor,  Bor?a,  Bosanska Gradi?ka,  Bosanska Krupa,  Bosanski ?amac,  Bosanski Brod,  Bosanski Novi,  Br?ko,  Bu?im,  Bugojno,  Cazin,  Crna Gora,  Derventa,  Doboj,  Donji Vakuf,  Drvar,  Dubrovnik,  Fo?a,  Fojnica,  Glamo?,  Gora?de,  Gornji Milanovac,  Gornji Vakuf,  gostivar,  Gra?anica,  Grada?ac,  Gradiska,  Grahovo,  Had?i?i,  Ilid?a,  In?ija,  Jablanica,  Jagodina,  Jajce,  Kakanj,  Kalu?erica,  Kikinda,  Klju?,  Konjic,  Kotor Varo?,  Kragujevac,  Kraljevo,  Kru?evac,  Kula,  Kupres,  Lakta?i,  Lazarevac,  Leskovac,  Livno,  Ljubinje,  ljublana,  Ljubu?ki,  Loznica,  Lukavac,  Maglaj,  Mladenovac,  Modri?a,  montenegro erlajnz,  mostar,  Mrkonji? Grad,  Neum,  Ni?,  Novi Pazar,  Novi Sad,  Novi Travnik,  Obrenovac,  Od?ak,  ohrid,  Ora?je,  Pale,  Pan?evo,  Para?in,  Pirot,  Po?arevac,  Podgorica,  Priboj,  Prijedor,  Prokuplje,  Prozor,  pula,  rijeka,  Ruma,  Sanski Most,  Sarajevo,  Senta,  serbija,  sibenik,  skopje,  Smederevo,  Smederevska Palanka,  Sokolac,  Sombor,  split,  Srebrenica,  Srebrenik,  Sremska Mitrovica,  Stolac,  Struga,  Subotica,  Temerin,  Tesli?,  tetovo,  Travnik,  Trebinje,  tuzla,  U?ice,  ulcinj,  Valjevo,  Velika Kladu?a,  Vi?egrad,  Visoko,  Vitez,  Vogo??a,  vojvodina,  Vranje,  Vr?ac,  Vrbas,  zadar,  Zagreb,  Zaje?ar,  Zavidovi?i,  Zenica,  Zrenjanin,  Zvornik,copacabana ulcinj,  h?tels,  hotel ulqin,  Kosova,  Mali i Zi,  Maqedonija,  Montenegro,  montenegro tourisme plage,  montenegro ulcinj,  Shpallje Falas,  Shpallje Falas per shitjen e shtepis se juaj,  Shpallje Falas per villat e juaj,  Shpallje Falas Real Estate,  Shpallje Falas turistike,  shqiperija,  tourisme,  Ulci?,  ulcinj,  ulqin,  ulqin hotel,  ulqini,  ulqini 2007,Ada Bojana,  Alba?czyk,  Cita di Dolcino,  Copacabana,  Czarnog?ra,  Czarnog?rzec,  Don Kichota,  Ma\u00b3a Pla\u00bfa,  Mandra,  MIGUEL DE SERVANTES,  p?\u00b3wyspy Marjan,  Pla\u00bfa Valdanos,  Rzeka Bojana,  Shas \/ ?as \/ Sva?,  Ulci?,  Ulcinjsk\u00b9 Riwier?,  Wielka Pla\u00bfa,  Wyspa Bojana,GORA,??????????,???????,??????????, ?ern? Hora,TO ULCINJ \/ ULQIN,MONTENEGRO, Czarnog?ra, Muntenegru, ????? ????, Montenegr?,villa ? louer ? ulcinj, location de vacance, location saisonni?res, louer chambres,location de vacance, Locations vacance, h?bergements vacances, locations villa, logements de vacances, location maison avec piscine, Location vacance, locations de vacance, h?bergements de vacances, location, locations entre particulier, logements vacance, vacances ? Mont?n?gro - location ? Ulcinj ,location  de bigorre,Albaniku,  Artana,  Bujanoci,  Burimi,  Dardana,  Dardan?,  De?an,  Dibra,  Drenas,  Drenasi,  Ferizaj,  Ferizaji,  Fush? Kosova,Besplatni internet oglasi,Besplatni oglasi,besplatni mali oglasi,besplatni turisti?ki oglasi,oglasi, usluge, turizam,Turisti?ke usluge,Doma?i turizam,Besplatni Oglasnik,Brzi Oglasi Besplatno,Besplatno OglasavanjeTurizam,besplatni oglasi sa slikom,Turisticki informator besplatni,li?ni-oglasi,BESPLATNI Turisticki OGLASI SA SLIKAMA,BESPLATNI Turisticki Oglasi saVideom,turisticki smestaj oglasi,Turisti?ki vodi? balkana,BESPLATNA REZERVACIJA SMESTAJA,Postavite besplatno Vas oglas,FREE TOURIST GUIDES,Izdavanje-Turizam oglasi,Balkan Turisticki vodic,shpallje turistike falas,Shpallje Falas,Shpallje falas per Komplekse Turistike,Lajmerime,Njoftime,shpallje shqip per shqiptaret ne shqiperi kosova maqedoni,mal te zi,Fush? Kosov?,  Gjakova,  Gjakov?,  Gjilan,  Gjilani,  Gostivari,  Istog,  Istog\u00b7,  Ka?anik,  Ka?aniku,  Kastrioti,  K?r?ova,  Klina,  Klin?,  Kumanova,  Leposaviq,  Leskovci,  Likova,  Lipjan,  Lipjani,  Malisheva,  Malishev?,  Manastiri,  Medvegja,  Mitrovica,  Mitrovic?,  Novob?rd?,  Obiliq\u00b7 Rahovec,  Ohri,  Peja,  Pej?,  Podujeva,  Podujev?,  Presheva,  Prishtina,  Prishtin?,  Prizren,  Prizreni,  Rahoveci,  Sharri,  Sharri (Kosov?),  Shkupi,  Sht?rpca,  Sht?rpc?,  Shtime,  Sk?nderaj,  Struga,  Tetova,  Theranda,  Therand?,  Triumf Riza,  Veleshta,  Viti,  Vitia,  Vushtrri,  Vushtrria,  Zubin Potok,  Zubin Potoku,  Zve?an,  Zve?ani,Struga,Gostivari,Gostivar,Ker?ova,Tirana,Durr?si,Elbasani,Shkodra,Tuzi,Vlora, Kor?a,Fieri,Berati,Lushnja ,Kavaja,Pogradeci,La?i,Gjirokastra,Patosi,Kruja,Ku?ova,Kuk?si,Lezha,Saranda,Peshkopia,Burreli,C?rriku,?orovoda,Shijaku,Librazhdi,Tepelena,Gramshi,Poli?ani,Bulqiza,P?rmeti,Fush?Kruja,Kamza,Rr?sheni,Ballshi,Mamurrasi,BajramCurri,Erseka,Peqini,Divjaka,Selenica,Bilishti,Roskoveci,Puka,Memaliaj,Rrogozhina,Ura Vajgurore,Himara,Delvina,Vora,Kopliku,Maliqi,P?rrenjasi,Kruma, Libohova,Orikumi,Fush?-Arr?za,Sh?ngjini,Rubiku,Miloti, Leskoviku,Konispoli,K?lcyra,Krasta,K?rraba,Manastiri,Hara?ina,Likova,Prilepi,Zajazi,Vrap?ishti,Bogovin?,\" width=\"420\" height=\"120\" \/><\/a><\/p>\n","protected":false},"excerpt":{"rendered":"<p>Dit\u00ebve t\u00eb gjysm\u00ebs s\u00eb dyt\u00eb t\u00eb muajit maj (2006),rrug\u00ebt e Ulqinit ishin mbushur p\u00ebrplot me bashk\u00ebqytetar\u00eb tan\u00eb t\u00eb cil\u00ebt jetojn\u00eb e punojn\u00eb n\u00ebp\u00ebr vendet e ndryshme t\u00eb bot\u00ebs, e t\u00eb cil\u00ebt kishin ardhur nga mbar\u00eb bota p\u00ebr t\u00eb votuar n\u00eb referendumin p\u00ebr pavar\u00ebsin\u00eb e Malit t\u00eb Zi. Prezenca e tyre dallohej madje edhe n\u00ebp\u00ebr xhamia, [&hellip;]<\/p>\n","protected":false},"author":1,"featured_media":0,"comment_status":"open","ping_status":"closed","sticky":false,"template":"","format":"standard","meta":{"spay_email":"","jetpack_publicize_message":"","jetpack_is_tweetstorm":false,"jetpack_publicize_feature_enabled":true},"categories":[4,13,11,12],"tags":[4593,4594,2181,4597,95,200,18,4595,4596],"jetpack_publicize_connections":[],"yoast_head":"<!-- This site is optimized with the Yoast SEO plugin v19.1 - https:\/\/yoast.com\/wordpress\/plugins\/seo\/ -->\n<title>Bised\u00eb me besimtar\u00ebt ulqinak nga kurbeti - Lajme nga Ulqini<\/title>\n<meta name=\"description\" content=\"Dit\u00ebve t\u00eb gjysm\u00ebs s\u00eb dyt\u00eb t\u00eb muajit maj (2006),rrug\u00ebt e Ulqinit ishin mbushur p\u00ebrplot me bashk\u00ebqytetar\u00eb tan\u00eb t\u00eb cil\u00ebt jetojn\u00eb e punojn\u00eb n\u00ebp\u00ebr vendet e\" \/>\n<meta name=\"robots\" content=\"index, follow, max-snippet:-1, max-image-preview:large, max-video-preview:-1\" \/>\n<link rel=\"canonical\" href=\"https:\/\/www.visit-ulcinj.com\/blog\/2008\/09\/27\/bisede-me-besimtaret-ulqinak-nga-kurbeti\/\" \/>\n<meta property=\"og:locale\" content=\"en_US\" \/>\n<meta property=\"og:type\" content=\"article\" \/>\n<meta property=\"og:title\" content=\"Bised\u00eb me besimtar\u00ebt ulqinak nga kurbeti - Lajme nga Ulqini\" \/>\n<meta property=\"og:description\" content=\"Dit\u00ebve t\u00eb gjysm\u00ebs s\u00eb dyt\u00eb t\u00eb muajit maj (2006),rrug\u00ebt e Ulqinit ishin mbushur p\u00ebrplot me bashk\u00ebqytetar\u00eb tan\u00eb t\u00eb cil\u00ebt jetojn\u00eb e punojn\u00eb n\u00ebp\u00ebr vendet e\" \/>\n<meta property=\"og:url\" content=\"https:\/\/www.visit-ulcinj.com\/blog\/2008\/09\/27\/bisede-me-besimtaret-ulqinak-nga-kurbeti\/\" \/>\n<meta property=\"og:site_name\" content=\"Lajme nga Ulqini\" \/>\n<meta property=\"article:published_time\" content=\"2008-09-27T16:21:40+00:00\" \/>\n<meta property=\"article:modified_time\" content=\"2008-10-17T19:06:57+00:00\" \/>\n<meta property=\"og:image\" content=\"http:\/\/www.visit-ulcinj.com\/blog\/wp-content\/uploads\/2008\/09\/enver-pekuvardon-pekunihad-malokraja-nexhat-dermajas-ukoshata-300x215.jpg\" \/>\n<meta name=\"twitter:label1\" content=\"Written by\" \/>\n\t<meta name=\"twitter:data1\" content=\"ulqini\" \/>\n\t<meta name=\"twitter:label2\" content=\"Est. reading time\" \/>\n\t<meta name=\"twitter:data2\" content=\"10 minutes\" \/>\n<script type=\"application\/ld+json\" class=\"yoast-schema-graph\">{\"@context\":\"https:\/\/schema.org\",\"@graph\":[{\"@type\":\"WebSite\",\"@id\":\"https:\/\/www.visit-ulcinj.com\/blog\/#website\",\"url\":\"https:\/\/www.visit-ulcinj.com\/blog\/\",\"name\":\"Lajme nga Ulqini\",\"description\":\"Lajme,Vijesti,Ulqini,Ulqin,Crna Gora,Mali i Zi\",\"potentialAction\":[{\"@type\":\"SearchAction\",\"target\":{\"@type\":\"EntryPoint\",\"urlTemplate\":\"https:\/\/www.visit-ulcinj.com\/blog\/?s={search_term_string}\"},\"query-input\":\"required name=search_term_string\"}],\"inLanguage\":\"en-US\"},{\"@type\":\"ImageObject\",\"inLanguage\":\"en-US\",\"@id\":\"https:\/\/www.visit-ulcinj.com\/blog\/2008\/09\/27\/bisede-me-besimtaret-ulqinak-nga-kurbeti\/#primaryimage\",\"url\":\"http:\/\/www.visit-ulcinj.com\/blog\/wp-content\/uploads\/2008\/09\/enver-pekuvardon-pekunihad-malokraja-nexhat-dermajas-ukoshata-300x215.jpg\",\"contentUrl\":\"http:\/\/www.visit-ulcinj.com\/blog\/wp-content\/uploads\/2008\/09\/enver-pekuvardon-pekunihad-malokraja-nexhat-dermajas-ukoshata-300x215.jpg\"},{\"@type\":\"WebPage\",\"@id\":\"https:\/\/www.visit-ulcinj.com\/blog\/2008\/09\/27\/bisede-me-besimtaret-ulqinak-nga-kurbeti\/#webpage\",\"url\":\"https:\/\/www.visit-ulcinj.com\/blog\/2008\/09\/27\/bisede-me-besimtaret-ulqinak-nga-kurbeti\/\",\"name\":\"Bised\u00eb me besimtar\u00ebt ulqinak nga kurbeti - Lajme nga Ulqini\",\"isPartOf\":{\"@id\":\"https:\/\/www.visit-ulcinj.com\/blog\/#website\"},\"primaryImageOfPage\":{\"@id\":\"https:\/\/www.visit-ulcinj.com\/blog\/2008\/09\/27\/bisede-me-besimtaret-ulqinak-nga-kurbeti\/#primaryimage\"},\"datePublished\":\"2008-09-27T16:21:40+00:00\",\"dateModified\":\"2008-10-17T19:06:57+00:00\",\"author\":{\"@id\":\"https:\/\/www.visit-ulcinj.com\/blog\/#\/schema\/person\/dcab619c614d3038751c63bc2aadc06d\"},\"description\":\"Dit\u00ebve t\u00eb gjysm\u00ebs s\u00eb dyt\u00eb t\u00eb muajit maj (2006),rrug\u00ebt e Ulqinit ishin mbushur p\u00ebrplot me bashk\u00ebqytetar\u00eb tan\u00eb t\u00eb cil\u00ebt jetojn\u00eb e punojn\u00eb n\u00ebp\u00ebr vendet e\",\"breadcrumb\":{\"@id\":\"https:\/\/www.visit-ulcinj.com\/blog\/2008\/09\/27\/bisede-me-besimtaret-ulqinak-nga-kurbeti\/#breadcrumb\"},\"inLanguage\":\"en-US\",\"potentialAction\":[{\"@type\":\"ReadAction\",\"target\":[\"https:\/\/www.visit-ulcinj.com\/blog\/2008\/09\/27\/bisede-me-besimtaret-ulqinak-nga-kurbeti\/\"]}]},{\"@type\":\"BreadcrumbList\",\"@id\":\"https:\/\/www.visit-ulcinj.com\/blog\/2008\/09\/27\/bisede-me-besimtaret-ulqinak-nga-kurbeti\/#breadcrumb\",\"itemListElement\":[{\"@type\":\"ListItem\",\"position\":1,\"name\":\"Bised\u00eb me besimtar\u00ebt ulqinak nga kurbeti\"}]},{\"@type\":\"Person\",\"@id\":\"https:\/\/www.visit-ulcinj.com\/blog\/#\/schema\/person\/dcab619c614d3038751c63bc2aadc06d\",\"name\":\"ulqini\",\"sameAs\":[\"http:\/\/www.visit-ulcinj.com\"],\"url\":\"https:\/\/www.visit-ulcinj.com\/blog\/author\/admin\/\"}]}<\/script>\n<!-- \/ Yoast SEO plugin. -->","yoast_head_json":{"title":"Bised\u00eb me besimtar\u00ebt ulqinak nga kurbeti - Lajme nga Ulqini","description":"Dit\u00ebve t\u00eb gjysm\u00ebs s\u00eb dyt\u00eb t\u00eb muajit maj (2006),rrug\u00ebt e Ulqinit ishin mbushur p\u00ebrplot me bashk\u00ebqytetar\u00eb tan\u00eb t\u00eb cil\u00ebt jetojn\u00eb e punojn\u00eb n\u00ebp\u00ebr vendet e","robots":{"index":"index","follow":"follow","max-snippet":"max-snippet:-1","max-image-preview":"max-image-preview:large","max-video-preview":"max-video-preview:-1"},"canonical":"https:\/\/www.visit-ulcinj.com\/blog\/2008\/09\/27\/bisede-me-besimtaret-ulqinak-nga-kurbeti\/","og_locale":"en_US","og_type":"article","og_title":"Bised\u00eb me besimtar\u00ebt ulqinak nga kurbeti - Lajme nga Ulqini","og_description":"Dit\u00ebve t\u00eb gjysm\u00ebs s\u00eb dyt\u00eb t\u00eb muajit maj (2006),rrug\u00ebt e Ulqinit ishin mbushur p\u00ebrplot me bashk\u00ebqytetar\u00eb tan\u00eb t\u00eb cil\u00ebt jetojn\u00eb e punojn\u00eb n\u00ebp\u00ebr vendet e","og_url":"https:\/\/www.visit-ulcinj.com\/blog\/2008\/09\/27\/bisede-me-besimtaret-ulqinak-nga-kurbeti\/","og_site_name":"Lajme nga Ulqini","article_published_time":"2008-09-27T16:21:40+00:00","article_modified_time":"2008-10-17T19:06:57+00:00","og_image":[{"url":"http:\/\/www.visit-ulcinj.com\/blog\/wp-content\/uploads\/2008\/09\/enver-pekuvardon-pekunihad-malokraja-nexhat-dermajas-ukoshata-300x215.jpg"}],"twitter_misc":{"Written by":"ulqini","Est. reading time":"10 minutes"},"schema":{"@context":"https:\/\/schema.org","@graph":[{"@type":"WebSite","@id":"https:\/\/www.visit-ulcinj.com\/blog\/#website","url":"https:\/\/www.visit-ulcinj.com\/blog\/","name":"Lajme nga Ulqini","description":"Lajme,Vijesti,Ulqini,Ulqin,Crna Gora,Mali i Zi","potentialAction":[{"@type":"SearchAction","target":{"@type":"EntryPoint","urlTemplate":"https:\/\/www.visit-ulcinj.com\/blog\/?s={search_term_string}"},"query-input":"required name=search_term_string"}],"inLanguage":"en-US"},{"@type":"ImageObject","inLanguage":"en-US","@id":"https:\/\/www.visit-ulcinj.com\/blog\/2008\/09\/27\/bisede-me-besimtaret-ulqinak-nga-kurbeti\/#primaryimage","url":"http:\/\/www.visit-ulcinj.com\/blog\/wp-content\/uploads\/2008\/09\/enver-pekuvardon-pekunihad-malokraja-nexhat-dermajas-ukoshata-300x215.jpg","contentUrl":"http:\/\/www.visit-ulcinj.com\/blog\/wp-content\/uploads\/2008\/09\/enver-pekuvardon-pekunihad-malokraja-nexhat-dermajas-ukoshata-300x215.jpg"},{"@type":"WebPage","@id":"https:\/\/www.visit-ulcinj.com\/blog\/2008\/09\/27\/bisede-me-besimtaret-ulqinak-nga-kurbeti\/#webpage","url":"https:\/\/www.visit-ulcinj.com\/blog\/2008\/09\/27\/bisede-me-besimtaret-ulqinak-nga-kurbeti\/","name":"Bised\u00eb me besimtar\u00ebt ulqinak nga kurbeti - Lajme nga Ulqini","isPartOf":{"@id":"https:\/\/www.visit-ulcinj.com\/blog\/#website"},"primaryImageOfPage":{"@id":"https:\/\/www.visit-ulcinj.com\/blog\/2008\/09\/27\/bisede-me-besimtaret-ulqinak-nga-kurbeti\/#primaryimage"},"datePublished":"2008-09-27T16:21:40+00:00","dateModified":"2008-10-17T19:06:57+00:00","author":{"@id":"https:\/\/www.visit-ulcinj.com\/blog\/#\/schema\/person\/dcab619c614d3038751c63bc2aadc06d"},"description":"Dit\u00ebve t\u00eb gjysm\u00ebs s\u00eb dyt\u00eb t\u00eb muajit maj (2006),rrug\u00ebt e Ulqinit ishin mbushur p\u00ebrplot me bashk\u00ebqytetar\u00eb tan\u00eb t\u00eb cil\u00ebt jetojn\u00eb e punojn\u00eb n\u00ebp\u00ebr vendet e","breadcrumb":{"@id":"https:\/\/www.visit-ulcinj.com\/blog\/2008\/09\/27\/bisede-me-besimtaret-ulqinak-nga-kurbeti\/#breadcrumb"},"inLanguage":"en-US","potentialAction":[{"@type":"ReadAction","target":["https:\/\/www.visit-ulcinj.com\/blog\/2008\/09\/27\/bisede-me-besimtaret-ulqinak-nga-kurbeti\/"]}]},{"@type":"BreadcrumbList","@id":"https:\/\/www.visit-ulcinj.com\/blog\/2008\/09\/27\/bisede-me-besimtaret-ulqinak-nga-kurbeti\/#breadcrumb","itemListElement":[{"@type":"ListItem","position":1,"name":"Bised\u00eb me besimtar\u00ebt ulqinak nga kurbeti"}]},{"@type":"Person","@id":"https:\/\/www.visit-ulcinj.com\/blog\/#\/schema\/person\/dcab619c614d3038751c63bc2aadc06d","name":"ulqini","sameAs":["http:\/\/www.visit-ulcinj.com"],"url":"https:\/\/www.visit-ulcinj.com\/blog\/author\/admin\/"}]}},"jetpack_featured_media_url":"","jetpack_sharing_enabled":true,"jetpack_shortlink":"https:\/\/wp.me\/pe6lTn-WE","_links":{"self":[{"href":"https:\/\/www.visit-ulcinj.com\/blog\/wp-json\/wp\/v2\/posts\/3636"}],"collection":[{"href":"https:\/\/www.visit-ulcinj.com\/blog\/wp-json\/wp\/v2\/posts"}],"about":[{"href":"https:\/\/www.visit-ulcinj.com\/blog\/wp-json\/wp\/v2\/types\/post"}],"author":[{"embeddable":true,"href":"https:\/\/www.visit-ulcinj.com\/blog\/wp-json\/wp\/v2\/users\/1"}],"replies":[{"embeddable":true,"href":"https:\/\/www.visit-ulcinj.com\/blog\/wp-json\/wp\/v2\/comments?post=3636"}],"version-history":[{"count":0,"href":"https:\/\/www.visit-ulcinj.com\/blog\/wp-json\/wp\/v2\/posts\/3636\/revisions"}],"wp:attachment":[{"href":"https:\/\/www.visit-ulcinj.com\/blog\/wp-json\/wp\/v2\/media?parent=3636"}],"wp:term":[{"taxonomy":"category","embeddable":true,"href":"https:\/\/www.visit-ulcinj.com\/blog\/wp-json\/wp\/v2\/categories?post=3636"},{"taxonomy":"post_tag","embeddable":true,"href":"https:\/\/www.visit-ulcinj.com\/blog\/wp-json\/wp\/v2\/tags?post=3636"}],"curies":[{"name":"wp","href":"https:\/\/api.w.org\/{rel}","templated":true}]}}