{"id":36366,"date":"2010-08-26T16:03:28","date_gmt":"2010-08-26T14:03:28","guid":{"rendered":"http:\/\/www.visit-ulcinj.com\/blog\/?p=36366"},"modified":"2010-08-26T21:47:37","modified_gmt":"2010-08-26T19:47:37","slug":"rrezart-cungu-fitues-i-turnirit-te-tenisit-ne-kotor","status":"publish","type":"post","link":"https:\/\/www.visit-ulcinj.com\/blog\/2010\/08\/26\/rrezart-cungu-fitues-i-turnirit-te-tenisit-ne-kotor\/","title":{"rendered":"Rrezart Cungu fitues  i turnirit  t\u00eb tenisit n\u00eb Kotor"},"content":{"rendered":"<p><a href=\"http:\/\/www.visit-ulcinj.com\/blog\/wp-content\/uploads\/2010\/08\/Rrezart-Cungu-fitues-i-turnirit-ne-Kotor.jpg\"><img loading=\"lazy\" class=\"alignleft size-large wp-image-36367\" title=\"Rrezart Cungu fitues  i turnirit ne Kotor\" src=\"http:\/\/www.visit-ulcinj.com\/blog\/wp-content\/uploads\/2010\/08\/Rrezart-Cungu-fitues-i-turnirit-ne-Kotor-816x1024.jpg\" alt=\"\" width=\"490\" height=\"620\" \/><\/a>N\u00eb klubin e tenisit \u201cKotor\u201d n\u00eb Kotor \u00a0u mbajt turniri 3 ditor\u00eb p\u00ebr djem deri n\u00eb mosh\u00ebn 14 vje\u00e7ar n\u00eb nivel t\u00eb Federat\u00ebs t\u00eb Malit t\u00eb Zi.N\u00eb k\u00ebt\u00eb turnir morr\u00ebn pjes 28 garues.<\/p>\n<p>Klubin \u00a0\u201cBellevue\u201d e p\u00ebrfaqsuan: Rrezart Cungu, Genc Selita,Andi Dervishi,Nermin Hoxha,Haris dhe Edin Sarvan dhe Kenan Nimanbegu.<\/p>\n<p>Vendin e par\u00eb dhe kup\u00ebn e art e fitoi dymbdhjet vje\u00e7ari Rrezart Cungu i cili n\u00eb finale muajti Maksim Miqkoviqin me rezultatin 6: 4 dhe 6: 1. Deri n\u00eb finale Rrezarti muajti: Ljubinko Mrdonjiq (9:1),Danilo Laliq (9:5); Marko Miletiq (9:2) dhe n\u00eb gjys\u00eb finale Zeljko Grce (6:4;6:0).<\/p>\n<p>Turneu i radh\u00ebs p\u00ebr djem dhe vajza,p\u00ebr mosh deri n\u00eb 14 ve\u00e7,do t\u00eb mbahet me dat\u00ebn 28 dhe 29 gusht \u00a0n\u00eb Klubin \u201cBellevue\u201d n\u00eb Ulqin.<\/p>\n<p><strong><a href=\"http:\/\/www.facebook.com\/rrezart.cungu\">Rrezart Cungu<\/a> &#8211; Facebook<br \/>\n\n\t\t<style type=\"text\/css\">\n\t\t\t#gallery-1 {\n\t\t\t\tmargin: auto;\n\t\t\t}\n\t\t\t#gallery-1 .gallery-item {\n\t\t\t\tfloat: left;\n\t\t\t\tmargin-top: 10px;\n\t\t\t\ttext-align: center;\n\t\t\t\twidth: 33%;\n\t\t\t}\n\t\t\t#gallery-1 img {\n\t\t\t\tborder: 2px solid #cfcfcf;\n\t\t\t}\n\t\t\t#gallery-1 .gallery-caption {\n\t\t\t\tmargin-left: 0;\n\t\t\t}\n\t\t\t\/* see gallery_shortcode() in wp-includes\/media.php *\/\n\t\t<\/style>\n\t\t<div id='gallery-1' class='gallery galleryid-36366 gallery-columns-3 gallery-size-thumbnail'><dl class='gallery-item'>\n\t\t\t<dt class='gallery-icon portrait'>\n\t\t\t\t<a href='https:\/\/www.visit-ulcinj.com\/blog\/wp-content\/uploads\/2010\/08\/Rrezart-Cungu-fitues-i-turnirit-ne-Kotor.jpg'><img width=\"150\" height=\"150\" src=\"https:\/\/www.visit-ulcinj.com\/blog\/wp-content\/uploads\/2010\/08\/Rrezart-Cungu-fitues-i-turnirit-ne-Kotor-150x150.jpg\" class=\"attachment-thumbnail size-thumbnail\" alt=\"\" loading=\"lazy\" \/><\/a>\n\t\t\t<\/dt><\/dl><dl class='gallery-item'>\n\t\t\t<dt class='gallery-icon portrait'>\n\t\t\t\t<a href='https:\/\/www.visit-ulcinj.com\/blog\/wp-content\/uploads\/2010\/08\/Rrezart-Cungu.1.jpg'><img width=\"150\" height=\"150\" src=\"https:\/\/www.visit-ulcinj.com\/blog\/wp-content\/uploads\/2010\/08\/Rrezart-Cungu.1-150x150.jpg\" class=\"attachment-thumbnail size-thumbnail\" alt=\"\" loading=\"lazy\" \/><\/a>\n\t\t\t<\/dt><\/dl><dl class='gallery-item'>\n\t\t\t<dt class='gallery-icon portrait'>\n\t\t\t\t<a href='https:\/\/www.visit-ulcinj.com\/blog\/wp-content\/uploads\/2010\/08\/Rrezart-Cungu.2.jpg'><img width=\"150\" height=\"150\" src=\"https:\/\/www.visit-ulcinj.com\/blog\/wp-content\/uploads\/2010\/08\/Rrezart-Cungu.2-150x150.jpg\" class=\"attachment-thumbnail size-thumbnail\" alt=\"\" loading=\"lazy\" \/><\/a>\n\t\t\t<\/dt><\/dl><br style=\"clear: both\" \/><dl class='gallery-item'>\n\t\t\t<dt class='gallery-icon portrait'>\n\t\t\t\t<a href='https:\/\/www.visit-ulcinj.com\/blog\/wp-content\/uploads\/2010\/08\/Rrezart-Cungu.3.jpg'><img width=\"150\" height=\"150\" src=\"https:\/\/www.visit-ulcinj.com\/blog\/wp-content\/uploads\/2010\/08\/Rrezart-Cungu.3-150x150.jpg\" class=\"attachment-thumbnail size-thumbnail\" alt=\"\" loading=\"lazy\" \/><\/a>\n\t\t\t<\/dt><\/dl><dl class='gallery-item'>\n\t\t\t<dt class='gallery-icon portrait'>\n\t\t\t\t<a href='https:\/\/www.visit-ulcinj.com\/blog\/wp-content\/uploads\/2010\/08\/Rrezart-Cungu.4.jpg'><img width=\"150\" height=\"150\" src=\"https:\/\/www.visit-ulcinj.com\/blog\/wp-content\/uploads\/2010\/08\/Rrezart-Cungu.4-150x150.jpg\" class=\"attachment-thumbnail size-thumbnail\" alt=\"\" loading=\"lazy\" \/><\/a>\n\t\t\t<\/dt><\/dl><dl class='gallery-item'>\n\t\t\t<dt class='gallery-icon portrait'>\n\t\t\t\t<a href='https:\/\/www.visit-ulcinj.com\/blog\/wp-content\/uploads\/2010\/08\/Rrezart-Cungu.5.jpg'><img width=\"150\" height=\"150\" src=\"https:\/\/www.visit-ulcinj.com\/blog\/wp-content\/uploads\/2010\/08\/Rrezart-Cungu.5-150x150.jpg\" class=\"attachment-thumbnail size-thumbnail\" alt=\"\" loading=\"lazy\" \/><\/a>\n\t\t\t<\/dt><\/dl><br style=\"clear: both\" \/><dl class='gallery-item'>\n\t\t\t<dt class='gallery-icon landscape'>\n\t\t\t\t<a href='https:\/\/www.visit-ulcinj.com\/blog\/wp-content\/uploads\/2010\/08\/Rrezart-Cungu.6.jpg'><img width=\"150\" height=\"150\" src=\"https:\/\/www.visit-ulcinj.com\/blog\/wp-content\/uploads\/2010\/08\/Rrezart-Cungu.6-150x150.jpg\" class=\"attachment-thumbnail size-thumbnail\" alt=\"\" loading=\"lazy\" \/><\/a>\n\t\t\t<\/dt><\/dl><dl class='gallery-item'>\n\t\t\t<dt class='gallery-icon portrait'>\n\t\t\t\t<a href='https:\/\/www.visit-ulcinj.com\/blog\/wp-content\/uploads\/2010\/08\/Rrezart-Cungu.7.jpg'><img width=\"150\" height=\"150\" src=\"https:\/\/www.visit-ulcinj.com\/blog\/wp-content\/uploads\/2010\/08\/Rrezart-Cungu.7-150x150.jpg\" class=\"attachment-thumbnail size-thumbnail\" alt=\"\" loading=\"lazy\" \/><\/a>\n\t\t\t<\/dt><\/dl><dl class='gallery-item'>\n\t\t\t<dt class='gallery-icon portrait'>\n\t\t\t\t<a href='https:\/\/www.visit-ulcinj.com\/blog\/wp-content\/uploads\/2010\/08\/Rrezart-Cungu.8.jpg'><img width=\"150\" height=\"150\" src=\"https:\/\/www.visit-ulcinj.com\/blog\/wp-content\/uploads\/2010\/08\/Rrezart-Cungu.8-150x150.jpg\" class=\"attachment-thumbnail size-thumbnail\" alt=\"\" loading=\"lazy\" \/><\/a>\n\t\t\t<\/dt><\/dl><br style=\"clear: both\" \/><dl class='gallery-item'>\n\t\t\t<dt class='gallery-icon portrait'>\n\t\t\t\t<a href='https:\/\/www.visit-ulcinj.com\/blog\/wp-content\/uploads\/2010\/08\/Rrezart-Cungu.9.jpg'><img width=\"150\" height=\"150\" src=\"https:\/\/www.visit-ulcinj.com\/blog\/wp-content\/uploads\/2010\/08\/Rrezart-Cungu.9-150x150.jpg\" class=\"attachment-thumbnail size-thumbnail\" alt=\"\" loading=\"lazy\" \/><\/a>\n\t\t\t<\/dt><\/dl><dl class='gallery-item'>\n\t\t\t<dt class='gallery-icon portrait'>\n\t\t\t\t<a href='https:\/\/www.visit-ulcinj.com\/blog\/wp-content\/uploads\/2010\/08\/Rrezart-Cungu.10.jpg'><img width=\"150\" height=\"150\" src=\"https:\/\/www.visit-ulcinj.com\/blog\/wp-content\/uploads\/2010\/08\/Rrezart-Cungu.10-150x150.jpg\" class=\"attachment-thumbnail size-thumbnail\" alt=\"\" loading=\"lazy\" \/><\/a>\n\t\t\t<\/dt><\/dl>\n\t\t\t<br style='clear: both' \/>\n\t\t<\/div>\n<\/p>\n<p><\/strong><\/p>\n","protected":false},"excerpt":{"rendered":"<p>N\u00eb klubin e tenisit \u201cKotor\u201d n\u00eb Kotor \u00a0u mbajt turniri 3 ditor\u00eb p\u00ebr djem deri n\u00eb mosh\u00ebn 14 vje\u00e7ar n\u00eb nivel t\u00eb Federat\u00ebs t\u00eb Malit t\u00eb Zi.N\u00eb k\u00ebt\u00eb turnir morr\u00ebn pjes 28 garues. Klubin \u00a0\u201cBellevue\u201d e p\u00ebrfaqsuan: Rrezart Cungu, Genc Selita,Andi Dervishi,Nermin Hoxha,Haris dhe Edin Sarvan dhe Kenan Nimanbegu. Vendin e par\u00eb dhe kup\u00ebn e [&hellip;]<\/p>\n","protected":false},"author":1,"featured_media":0,"comment_status":"open","ping_status":"closed","sticky":false,"template":"","format":"standard","meta":{"spay_email":"","jetpack_publicize_message":"","jetpack_is_tweetstorm":false,"jetpack_publicize_feature_enabled":true},"categories":[3],"tags":[15081,15080,15083,15084,15078,15079,2440,15082,14441,200,18],"jetpack_publicize_connections":[],"yoast_head":"<!-- This site is optimized with the Yoast SEO plugin v19.1 - https:\/\/yoast.com\/wordpress\/plugins\/seo\/ -->\n<title>Rrezart Cungu fitues i turnirit t\u00eb tenisit n\u00eb Kotor - Lajme nga Ulqini<\/title>\n<meta name=\"description\" content=\"N\u00eb klubin e tenisit \u201cKotor\u201d n\u00eb Kotor \u00a0u mbajt turniri 3 ditor\u00eb p\u00ebr djem deri n\u00eb mosh\u00ebn 14 vje\u00e7ar n\u00eb nivel t\u00eb Federat\u00ebs t\u00eb Malit t\u00eb Zi.N\u00eb k\u00ebt\u00eb turnir\" \/>\n<meta name=\"robots\" content=\"index, follow, max-snippet:-1, max-image-preview:large, max-video-preview:-1\" \/>\n<link rel=\"canonical\" href=\"https:\/\/www.visit-ulcinj.com\/blog\/2010\/08\/26\/rrezart-cungu-fitues-i-turnirit-te-tenisit-ne-kotor\/\" \/>\n<meta property=\"og:locale\" content=\"en_US\" \/>\n<meta property=\"og:type\" content=\"article\" \/>\n<meta property=\"og:title\" content=\"Rrezart Cungu fitues i turnirit t\u00eb tenisit n\u00eb Kotor - Lajme nga Ulqini\" \/>\n<meta property=\"og:description\" content=\"N\u00eb klubin e tenisit \u201cKotor\u201d n\u00eb Kotor \u00a0u mbajt turniri 3 ditor\u00eb p\u00ebr djem deri n\u00eb mosh\u00ebn 14 vje\u00e7ar n\u00eb nivel t\u00eb Federat\u00ebs t\u00eb Malit t\u00eb Zi.N\u00eb k\u00ebt\u00eb turnir\" \/>\n<meta property=\"og:url\" content=\"https:\/\/www.visit-ulcinj.com\/blog\/2010\/08\/26\/rrezart-cungu-fitues-i-turnirit-te-tenisit-ne-kotor\/\" \/>\n<meta property=\"og:site_name\" content=\"Lajme nga Ulqini\" \/>\n<meta property=\"article:published_time\" content=\"2010-08-26T14:03:28+00:00\" \/>\n<meta property=\"article:modified_time\" content=\"2010-08-26T19:47:37+00:00\" \/>\n<meta property=\"og:image\" content=\"https:\/\/www.visit-ulcinj.com\/blog\/wp-content\/uploads\/2010\/08\/Rrezart-Cungu-fitues-i-turnirit-ne-Kotor-150x150.jpg\" \/>\n<meta name=\"twitter:label1\" content=\"Written by\" \/>\n\t<meta name=\"twitter:data1\" content=\"ulqini\" \/>\n\t<meta name=\"twitter:label2\" content=\"Est. reading time\" \/>\n\t<meta name=\"twitter:data2\" content=\"1 minute\" \/>\n<script type=\"application\/ld+json\" class=\"yoast-schema-graph\">{\"@context\":\"https:\/\/schema.org\",\"@graph\":[{\"@type\":\"WebSite\",\"@id\":\"https:\/\/www.visit-ulcinj.com\/blog\/#website\",\"url\":\"https:\/\/www.visit-ulcinj.com\/blog\/\",\"name\":\"Lajme nga Ulqini\",\"description\":\"Lajme,Vijesti,Ulqini,Ulqin,Crna Gora,Mali i Zi\",\"potentialAction\":[{\"@type\":\"SearchAction\",\"target\":{\"@type\":\"EntryPoint\",\"urlTemplate\":\"https:\/\/www.visit-ulcinj.com\/blog\/?s={search_term_string}\"},\"query-input\":\"required name=search_term_string\"}],\"inLanguage\":\"en-US\"},{\"@type\":\"ImageObject\",\"inLanguage\":\"en-US\",\"@id\":\"https:\/\/www.visit-ulcinj.com\/blog\/2010\/08\/26\/rrezart-cungu-fitues-i-turnirit-te-tenisit-ne-kotor\/#primaryimage\",\"url\":\"https:\/\/www.visit-ulcinj.com\/blog\/wp-content\/uploads\/2010\/08\/Rrezart-Cungu-fitues-i-turnirit-ne-Kotor.jpg\",\"contentUrl\":\"https:\/\/www.visit-ulcinj.com\/blog\/wp-content\/uploads\/2010\/08\/Rrezart-Cungu-fitues-i-turnirit-ne-Kotor.jpg\",\"width\":\"1260\",\"height\":\"1581\"},{\"@type\":\"WebPage\",\"@id\":\"https:\/\/www.visit-ulcinj.com\/blog\/2010\/08\/26\/rrezart-cungu-fitues-i-turnirit-te-tenisit-ne-kotor\/#webpage\",\"url\":\"https:\/\/www.visit-ulcinj.com\/blog\/2010\/08\/26\/rrezart-cungu-fitues-i-turnirit-te-tenisit-ne-kotor\/\",\"name\":\"Rrezart Cungu fitues i turnirit t\u00eb tenisit n\u00eb Kotor - Lajme nga Ulqini\",\"isPartOf\":{\"@id\":\"https:\/\/www.visit-ulcinj.com\/blog\/#website\"},\"primaryImageOfPage\":{\"@id\":\"https:\/\/www.visit-ulcinj.com\/blog\/2010\/08\/26\/rrezart-cungu-fitues-i-turnirit-te-tenisit-ne-kotor\/#primaryimage\"},\"datePublished\":\"2010-08-26T14:03:28+00:00\",\"dateModified\":\"2010-08-26T19:47:37+00:00\",\"author\":{\"@id\":\"https:\/\/www.visit-ulcinj.com\/blog\/#\/schema\/person\/dcab619c614d3038751c63bc2aadc06d\"},\"description\":\"N\u00eb klubin e tenisit \u201cKotor\u201d n\u00eb Kotor \u00a0u mbajt turniri 3 ditor\u00eb p\u00ebr djem deri n\u00eb mosh\u00ebn 14 vje\u00e7ar n\u00eb nivel t\u00eb Federat\u00ebs t\u00eb Malit t\u00eb Zi.N\u00eb k\u00ebt\u00eb turnir\",\"breadcrumb\":{\"@id\":\"https:\/\/www.visit-ulcinj.com\/blog\/2010\/08\/26\/rrezart-cungu-fitues-i-turnirit-te-tenisit-ne-kotor\/#breadcrumb\"},\"inLanguage\":\"en-US\",\"potentialAction\":[{\"@type\":\"ReadAction\",\"target\":[\"https:\/\/www.visit-ulcinj.com\/blog\/2010\/08\/26\/rrezart-cungu-fitues-i-turnirit-te-tenisit-ne-kotor\/\"]}]},{\"@type\":\"BreadcrumbList\",\"@id\":\"https:\/\/www.visit-ulcinj.com\/blog\/2010\/08\/26\/rrezart-cungu-fitues-i-turnirit-te-tenisit-ne-kotor\/#breadcrumb\",\"itemListElement\":[{\"@type\":\"ListItem\",\"position\":1,\"name\":\"Rrezart Cungu fitues i turnirit t\u00eb tenisit n\u00eb Kotor\"}]},{\"@type\":\"Person\",\"@id\":\"https:\/\/www.visit-ulcinj.com\/blog\/#\/schema\/person\/dcab619c614d3038751c63bc2aadc06d\",\"name\":\"ulqini\",\"sameAs\":[\"http:\/\/www.visit-ulcinj.com\"],\"url\":\"https:\/\/www.visit-ulcinj.com\/blog\/author\/admin\/\"}]}<\/script>\n<!-- \/ Yoast SEO plugin. -->","yoast_head_json":{"title":"Rrezart Cungu fitues i turnirit t\u00eb tenisit n\u00eb Kotor - Lajme nga Ulqini","description":"N\u00eb klubin e tenisit \u201cKotor\u201d n\u00eb Kotor \u00a0u mbajt turniri 3 ditor\u00eb p\u00ebr djem deri n\u00eb mosh\u00ebn 14 vje\u00e7ar n\u00eb nivel t\u00eb Federat\u00ebs t\u00eb Malit t\u00eb Zi.N\u00eb k\u00ebt\u00eb turnir","robots":{"index":"index","follow":"follow","max-snippet":"max-snippet:-1","max-image-preview":"max-image-preview:large","max-video-preview":"max-video-preview:-1"},"canonical":"https:\/\/www.visit-ulcinj.com\/blog\/2010\/08\/26\/rrezart-cungu-fitues-i-turnirit-te-tenisit-ne-kotor\/","og_locale":"en_US","og_type":"article","og_title":"Rrezart Cungu fitues i turnirit t\u00eb tenisit n\u00eb Kotor - Lajme nga Ulqini","og_description":"N\u00eb klubin e tenisit \u201cKotor\u201d n\u00eb Kotor \u00a0u mbajt turniri 3 ditor\u00eb p\u00ebr djem deri n\u00eb mosh\u00ebn 14 vje\u00e7ar n\u00eb nivel t\u00eb Federat\u00ebs t\u00eb Malit t\u00eb Zi.N\u00eb k\u00ebt\u00eb turnir","og_url":"https:\/\/www.visit-ulcinj.com\/blog\/2010\/08\/26\/rrezart-cungu-fitues-i-turnirit-te-tenisit-ne-kotor\/","og_site_name":"Lajme nga Ulqini","article_published_time":"2010-08-26T14:03:28+00:00","article_modified_time":"2010-08-26T19:47:37+00:00","og_image":[{"url":"https:\/\/www.visit-ulcinj.com\/blog\/wp-content\/uploads\/2010\/08\/Rrezart-Cungu-fitues-i-turnirit-ne-Kotor-150x150.jpg"}],"twitter_misc":{"Written by":"ulqini","Est. reading time":"1 minute"},"schema":{"@context":"https:\/\/schema.org","@graph":[{"@type":"WebSite","@id":"https:\/\/www.visit-ulcinj.com\/blog\/#website","url":"https:\/\/www.visit-ulcinj.com\/blog\/","name":"Lajme nga Ulqini","description":"Lajme,Vijesti,Ulqini,Ulqin,Crna Gora,Mali i Zi","potentialAction":[{"@type":"SearchAction","target":{"@type":"EntryPoint","urlTemplate":"https:\/\/www.visit-ulcinj.com\/blog\/?s={search_term_string}"},"query-input":"required name=search_term_string"}],"inLanguage":"en-US"},{"@type":"ImageObject","inLanguage":"en-US","@id":"https:\/\/www.visit-ulcinj.com\/blog\/2010\/08\/26\/rrezart-cungu-fitues-i-turnirit-te-tenisit-ne-kotor\/#primaryimage","url":"https:\/\/www.visit-ulcinj.com\/blog\/wp-content\/uploads\/2010\/08\/Rrezart-Cungu-fitues-i-turnirit-ne-Kotor.jpg","contentUrl":"https:\/\/www.visit-ulcinj.com\/blog\/wp-content\/uploads\/2010\/08\/Rrezart-Cungu-fitues-i-turnirit-ne-Kotor.jpg","width":"1260","height":"1581"},{"@type":"WebPage","@id":"https:\/\/www.visit-ulcinj.com\/blog\/2010\/08\/26\/rrezart-cungu-fitues-i-turnirit-te-tenisit-ne-kotor\/#webpage","url":"https:\/\/www.visit-ulcinj.com\/blog\/2010\/08\/26\/rrezart-cungu-fitues-i-turnirit-te-tenisit-ne-kotor\/","name":"Rrezart Cungu fitues i turnirit t\u00eb tenisit n\u00eb Kotor - Lajme nga Ulqini","isPartOf":{"@id":"https:\/\/www.visit-ulcinj.com\/blog\/#website"},"primaryImageOfPage":{"@id":"https:\/\/www.visit-ulcinj.com\/blog\/2010\/08\/26\/rrezart-cungu-fitues-i-turnirit-te-tenisit-ne-kotor\/#primaryimage"},"datePublished":"2010-08-26T14:03:28+00:00","dateModified":"2010-08-26T19:47:37+00:00","author":{"@id":"https:\/\/www.visit-ulcinj.com\/blog\/#\/schema\/person\/dcab619c614d3038751c63bc2aadc06d"},"description":"N\u00eb klubin e tenisit \u201cKotor\u201d n\u00eb Kotor \u00a0u mbajt turniri 3 ditor\u00eb p\u00ebr djem deri n\u00eb mosh\u00ebn 14 vje\u00e7ar n\u00eb nivel t\u00eb Federat\u00ebs t\u00eb Malit t\u00eb Zi.N\u00eb k\u00ebt\u00eb turnir","breadcrumb":{"@id":"https:\/\/www.visit-ulcinj.com\/blog\/2010\/08\/26\/rrezart-cungu-fitues-i-turnirit-te-tenisit-ne-kotor\/#breadcrumb"},"inLanguage":"en-US","potentialAction":[{"@type":"ReadAction","target":["https:\/\/www.visit-ulcinj.com\/blog\/2010\/08\/26\/rrezart-cungu-fitues-i-turnirit-te-tenisit-ne-kotor\/"]}]},{"@type":"BreadcrumbList","@id":"https:\/\/www.visit-ulcinj.com\/blog\/2010\/08\/26\/rrezart-cungu-fitues-i-turnirit-te-tenisit-ne-kotor\/#breadcrumb","itemListElement":[{"@type":"ListItem","position":1,"name":"Rrezart Cungu fitues i turnirit t\u00eb tenisit n\u00eb Kotor"}]},{"@type":"Person","@id":"https:\/\/www.visit-ulcinj.com\/blog\/#\/schema\/person\/dcab619c614d3038751c63bc2aadc06d","name":"ulqini","sameAs":["http:\/\/www.visit-ulcinj.com"],"url":"https:\/\/www.visit-ulcinj.com\/blog\/author\/admin\/"}]}},"jetpack_featured_media_url":"","jetpack_sharing_enabled":true,"jetpack_shortlink":"https:\/\/wp.me\/pe6lTn-9sy","_links":{"self":[{"href":"https:\/\/www.visit-ulcinj.com\/blog\/wp-json\/wp\/v2\/posts\/36366"}],"collection":[{"href":"https:\/\/www.visit-ulcinj.com\/blog\/wp-json\/wp\/v2\/posts"}],"about":[{"href":"https:\/\/www.visit-ulcinj.com\/blog\/wp-json\/wp\/v2\/types\/post"}],"author":[{"embeddable":true,"href":"https:\/\/www.visit-ulcinj.com\/blog\/wp-json\/wp\/v2\/users\/1"}],"replies":[{"embeddable":true,"href":"https:\/\/www.visit-ulcinj.com\/blog\/wp-json\/wp\/v2\/comments?post=36366"}],"version-history":[{"count":0,"href":"https:\/\/www.visit-ulcinj.com\/blog\/wp-json\/wp\/v2\/posts\/36366\/revisions"}],"wp:attachment":[{"href":"https:\/\/www.visit-ulcinj.com\/blog\/wp-json\/wp\/v2\/media?parent=36366"}],"wp:term":[{"taxonomy":"category","embeddable":true,"href":"https:\/\/www.visit-ulcinj.com\/blog\/wp-json\/wp\/v2\/categories?post=36366"},{"taxonomy":"post_tag","embeddable":true,"href":"https:\/\/www.visit-ulcinj.com\/blog\/wp-json\/wp\/v2\/tags?post=36366"}],"curies":[{"name":"wp","href":"https:\/\/api.w.org\/{rel}","templated":true}]}}