{"id":36370,"date":"2010-08-26T20:49:32","date_gmt":"2010-08-26T18:49:32","guid":{"rendered":"http:\/\/www.visit-ulcinj.com\/blog\/?p=36370"},"modified":"2010-08-26T20:50:49","modified_gmt":"2010-08-26T18:50:49","slug":"cungu-fton-hajdinagen-te-le-postin-e-kryetarit-te-ulqinit","status":"publish","type":"post","link":"https:\/\/www.visit-ulcinj.com\/blog\/2010\/08\/26\/cungu-fton-hajdinagen-te-le-postin-e-kryetarit-te-ulqinit\/","title":{"rendered":"Cungu fton Hajdinag\u00ebn t\u00eb l\u00eb postin e kryetarit t\u00eb Ulqinit"},"content":{"rendered":"<p><a href=\"http:\/\/www.visit-ulcinj.com\/blog\/wp-content\/uploads\/2010\/08\/Nazif-Cungu_ulqin.jpg\"><img loading=\"lazy\" class=\"alignleft size-medium wp-image-36375\" title=\"Nazif Cungu_ulqin\" src=\"http:\/\/www.visit-ulcinj.com\/blog\/wp-content\/uploads\/2010\/08\/Nazif-Cungu_ulqin-200x300.jpg\" alt=\"\" width=\"200\" height=\"300\" srcset=\"https:\/\/www.visit-ulcinj.com\/blog\/wp-content\/uploads\/2010\/08\/Nazif-Cungu_ulqin-200x300.jpg 200w, https:\/\/www.visit-ulcinj.com\/blog\/wp-content\/uploads\/2010\/08\/Nazif-Cungu_ulqin.jpg 480w\" sizes=\"(max-width: 200px) 100vw, 200px\" \/><\/a>Ulqin, 26 gusht &#8211; Ndon\u00ebse \u00ebsht\u00eb ende her\u00ebt, fushat\u00ebn e deritashme paraelektorale t\u00eb zgjedhjeve lokale t\u00eb shpallura m\u00eb dat\u00ebn 17 tetor p\u00ebr Kuvendin e Ulqinit, e karakterizojn\u00eb tone t\u00eb lehta t\u00eb \u201cmesazheve\u201d t\u00eb partive politike.<\/p>\n<p>N\u00eb k\u00ebt\u00eb frym\u00eb, sipas KosovaLive, lideri i partis\u00eb m\u00eb t\u00eb madhe n\u00eb Ulqin, q\u00eb aktualisht \u00ebsht\u00eb opozit\u00eb, Nazif Cungu, kryetar i Foc\u00ebs s\u00eb Re Demokratike, n\u00eb nj\u00eb konferenc\u00eb me gazetar\u00eb i rekomandoi kryetarit t\u00eb tash\u00ebm t\u00eb Komun\u00ebs s\u00eb Ulqinit, G\u00ebzim Hajdinaga \u201cdal\u00ebngadal\u00eb mblidhi pla\u00e7kat dhe l\u00ebshoje funksionin q\u00eb nuk t\u00eb ka takuar.\u201d<\/p>\n<p>Cungu vler\u00ebson se Hajdinaga mendon se mund t\u00eb mashtroj\u00eb m\u00eb popullin.<\/p>\n<p>Ai shton se ka informacione se kryetari i Komun\u00ebs vazhdon t\u00eb ftoj\u00eb an\u00ebtar\u00eb t\u00eb partive tjera, duke u premtuar vende pune.<\/p>\n<p>\u201cP\u00ebr kat\u00ebr vite sa \u00ebsht\u00eb n\u00eb pushtet, z. Hajdinaga nuk ka siguruar kushte p\u00ebr asnj\u00eb vend pune jasht\u00eb Komune. Edhe p\u00ebr ata q\u00eb i ka pun\u00ebsuar n\u00eb Komun\u00eb, ka p\u00ebrgatitur regjistrin p\u00ebr t`i nxjerr\u00eb jasht\u00eb,\u201d thot\u00eb kreu i Forc\u00ebs&#8230;<\/p>\n<p>Sipas tij, pun\u00ebtor\u00ebve t\u00eb administrat\u00ebs i kane borxh rrogat me disa muaj, ndermarrjet publike jane para falimentimit, mir\u00ebmbajtja e objekteve infrastrukturale \u00ebsht\u00eb plot\u00ebsisht e ndalur, fillimet e realizimit t\u00eb investimeve t\u00eb premtuara jan\u00eb duke pritur premtime t\u00eb reja.<\/p>\n<p>Cungu n\u00ebnvizon se p\u00ebr sivjet ky pushtet ka planifikuar buxhetin n\u00eb shum\u00eb prej 12.900.000 euro, por p\u00ebr 6 muajt e par\u00eb t\u00eb k\u00ebtij viti ka arritur t\u00eb realizoj\u00eb vet\u00ebm 2.100.000 euro, gjegj\u00ebsisht 16.30 p\u00ebr qind.<\/p>\n<p><strong>KOHA NET<\/strong><\/p>\n","protected":false},"excerpt":{"rendered":"<p>Ulqin, 26 gusht &#8211; Ndon\u00ebse \u00ebsht\u00eb ende her\u00ebt, fushat\u00ebn e deritashme paraelektorale t\u00eb zgjedhjeve lokale t\u00eb shpallura m\u00eb dat\u00ebn 17 tetor p\u00ebr Kuvendin e Ulqinit, e karakterizojn\u00eb tone t\u00eb lehta t\u00eb \u201cmesazheve\u201d t\u00eb partive politike. N\u00eb k\u00ebt\u00eb frym\u00eb, sipas KosovaLive, lideri i partis\u00eb m\u00eb t\u00eb madhe n\u00eb Ulqin, q\u00eb aktualisht \u00ebsht\u00eb opozit\u00eb, Nazif Cungu, kryetar [&hellip;]<\/p>\n","protected":false},"author":1,"featured_media":0,"comment_status":"open","ping_status":"closed","sticky":false,"template":"","format":"standard","meta":{"spay_email":"","jetpack_publicize_message":"","jetpack_is_tweetstorm":false,"jetpack_publicize_feature_enabled":true},"categories":[6],"tags":[222,115,118,200,18],"jetpack_publicize_connections":[],"yoast_head":"<!-- This site is optimized with the Yoast SEO plugin v19.1 - https:\/\/yoast.com\/wordpress\/plugins\/seo\/ -->\n<title>Cungu fton Hajdinag\u00ebn t\u00eb l\u00eb postin e kryetarit t\u00eb Ulqinit - Lajme nga Ulqini<\/title>\n<meta name=\"description\" content=\"Ulqin, 26 gusht - Ndon\u00ebse \u00ebsht\u00eb ende her\u00ebt, fushat\u00ebn e deritashme paraelektorale t\u00eb zgjedhjeve lokale t\u00eb shpallura m\u00eb dat\u00ebn 17 tetor p\u00ebr Kuvendin e\" \/>\n<meta name=\"robots\" content=\"index, follow, max-snippet:-1, max-image-preview:large, max-video-preview:-1\" \/>\n<link rel=\"canonical\" href=\"https:\/\/www.visit-ulcinj.com\/blog\/2010\/08\/26\/cungu-fton-hajdinagen-te-le-postin-e-kryetarit-te-ulqinit\/\" \/>\n<meta property=\"og:locale\" content=\"en_US\" \/>\n<meta property=\"og:type\" content=\"article\" \/>\n<meta property=\"og:title\" content=\"Cungu fton Hajdinag\u00ebn t\u00eb l\u00eb postin e kryetarit t\u00eb Ulqinit - Lajme nga Ulqini\" \/>\n<meta property=\"og:description\" content=\"Ulqin, 26 gusht - Ndon\u00ebse \u00ebsht\u00eb ende her\u00ebt, fushat\u00ebn e deritashme paraelektorale t\u00eb zgjedhjeve lokale t\u00eb shpallura m\u00eb dat\u00ebn 17 tetor p\u00ebr Kuvendin e\" \/>\n<meta property=\"og:url\" content=\"https:\/\/www.visit-ulcinj.com\/blog\/2010\/08\/26\/cungu-fton-hajdinagen-te-le-postin-e-kryetarit-te-ulqinit\/\" \/>\n<meta property=\"og:site_name\" content=\"Lajme nga Ulqini\" \/>\n<meta property=\"article:published_time\" content=\"2010-08-26T18:49:32+00:00\" \/>\n<meta property=\"article:modified_time\" content=\"2010-08-26T18:50:49+00:00\" \/>\n<meta property=\"og:image\" content=\"http:\/\/www.visit-ulcinj.com\/blog\/wp-content\/uploads\/2010\/08\/Nazif-Cungu_ulqin-200x300.jpg\" \/>\n<meta name=\"twitter:label1\" content=\"Written by\" \/>\n\t<meta name=\"twitter:data1\" content=\"ulqini\" \/>\n\t<meta name=\"twitter:label2\" content=\"Est. reading time\" \/>\n\t<meta name=\"twitter:data2\" content=\"1 minute\" \/>\n<script type=\"application\/ld+json\" class=\"yoast-schema-graph\">{\"@context\":\"https:\/\/schema.org\",\"@graph\":[{\"@type\":\"WebSite\",\"@id\":\"https:\/\/www.visit-ulcinj.com\/blog\/#website\",\"url\":\"https:\/\/www.visit-ulcinj.com\/blog\/\",\"name\":\"Lajme nga Ulqini\",\"description\":\"Lajme,Vijesti,Ulqini,Ulqin,Crna Gora,Mali i Zi\",\"potentialAction\":[{\"@type\":\"SearchAction\",\"target\":{\"@type\":\"EntryPoint\",\"urlTemplate\":\"https:\/\/www.visit-ulcinj.com\/blog\/?s={search_term_string}\"},\"query-input\":\"required name=search_term_string\"}],\"inLanguage\":\"en-US\"},{\"@type\":\"ImageObject\",\"inLanguage\":\"en-US\",\"@id\":\"https:\/\/www.visit-ulcinj.com\/blog\/2010\/08\/26\/cungu-fton-hajdinagen-te-le-postin-e-kryetarit-te-ulqinit\/#primaryimage\",\"url\":\"https:\/\/www.visit-ulcinj.com\/blog\/wp-content\/uploads\/2010\/08\/Nazif-Cungu_ulqin.jpg\",\"contentUrl\":\"https:\/\/www.visit-ulcinj.com\/blog\/wp-content\/uploads\/2010\/08\/Nazif-Cungu_ulqin.jpg\",\"width\":\"480\",\"height\":\"720\"},{\"@type\":\"WebPage\",\"@id\":\"https:\/\/www.visit-ulcinj.com\/blog\/2010\/08\/26\/cungu-fton-hajdinagen-te-le-postin-e-kryetarit-te-ulqinit\/#webpage\",\"url\":\"https:\/\/www.visit-ulcinj.com\/blog\/2010\/08\/26\/cungu-fton-hajdinagen-te-le-postin-e-kryetarit-te-ulqinit\/\",\"name\":\"Cungu fton Hajdinag\u00ebn t\u00eb l\u00eb postin e kryetarit t\u00eb Ulqinit - Lajme nga Ulqini\",\"isPartOf\":{\"@id\":\"https:\/\/www.visit-ulcinj.com\/blog\/#website\"},\"primaryImageOfPage\":{\"@id\":\"https:\/\/www.visit-ulcinj.com\/blog\/2010\/08\/26\/cungu-fton-hajdinagen-te-le-postin-e-kryetarit-te-ulqinit\/#primaryimage\"},\"datePublished\":\"2010-08-26T18:49:32+00:00\",\"dateModified\":\"2010-08-26T18:50:49+00:00\",\"author\":{\"@id\":\"https:\/\/www.visit-ulcinj.com\/blog\/#\/schema\/person\/dcab619c614d3038751c63bc2aadc06d\"},\"description\":\"Ulqin, 26 gusht - Ndon\u00ebse \u00ebsht\u00eb ende her\u00ebt, fushat\u00ebn e deritashme paraelektorale t\u00eb zgjedhjeve lokale t\u00eb shpallura m\u00eb dat\u00ebn 17 tetor p\u00ebr Kuvendin e\",\"breadcrumb\":{\"@id\":\"https:\/\/www.visit-ulcinj.com\/blog\/2010\/08\/26\/cungu-fton-hajdinagen-te-le-postin-e-kryetarit-te-ulqinit\/#breadcrumb\"},\"inLanguage\":\"en-US\",\"potentialAction\":[{\"@type\":\"ReadAction\",\"target\":[\"https:\/\/www.visit-ulcinj.com\/blog\/2010\/08\/26\/cungu-fton-hajdinagen-te-le-postin-e-kryetarit-te-ulqinit\/\"]}]},{\"@type\":\"BreadcrumbList\",\"@id\":\"https:\/\/www.visit-ulcinj.com\/blog\/2010\/08\/26\/cungu-fton-hajdinagen-te-le-postin-e-kryetarit-te-ulqinit\/#breadcrumb\",\"itemListElement\":[{\"@type\":\"ListItem\",\"position\":1,\"name\":\"Cungu fton Hajdinag\u00ebn t\u00eb l\u00eb postin e kryetarit t\u00eb Ulqinit\"}]},{\"@type\":\"Person\",\"@id\":\"https:\/\/www.visit-ulcinj.com\/blog\/#\/schema\/person\/dcab619c614d3038751c63bc2aadc06d\",\"name\":\"ulqini\",\"sameAs\":[\"http:\/\/www.visit-ulcinj.com\"],\"url\":\"https:\/\/www.visit-ulcinj.com\/blog\/author\/admin\/\"}]}<\/script>\n<!-- \/ Yoast SEO plugin. -->","yoast_head_json":{"title":"Cungu fton Hajdinag\u00ebn t\u00eb l\u00eb postin e kryetarit t\u00eb Ulqinit - Lajme nga Ulqini","description":"Ulqin, 26 gusht - Ndon\u00ebse \u00ebsht\u00eb ende her\u00ebt, fushat\u00ebn e deritashme paraelektorale t\u00eb zgjedhjeve lokale t\u00eb shpallura m\u00eb dat\u00ebn 17 tetor p\u00ebr Kuvendin e","robots":{"index":"index","follow":"follow","max-snippet":"max-snippet:-1","max-image-preview":"max-image-preview:large","max-video-preview":"max-video-preview:-1"},"canonical":"https:\/\/www.visit-ulcinj.com\/blog\/2010\/08\/26\/cungu-fton-hajdinagen-te-le-postin-e-kryetarit-te-ulqinit\/","og_locale":"en_US","og_type":"article","og_title":"Cungu fton Hajdinag\u00ebn t\u00eb l\u00eb postin e kryetarit t\u00eb Ulqinit - Lajme nga Ulqini","og_description":"Ulqin, 26 gusht - Ndon\u00ebse \u00ebsht\u00eb ende her\u00ebt, fushat\u00ebn e deritashme paraelektorale t\u00eb zgjedhjeve lokale t\u00eb shpallura m\u00eb dat\u00ebn 17 tetor p\u00ebr Kuvendin e","og_url":"https:\/\/www.visit-ulcinj.com\/blog\/2010\/08\/26\/cungu-fton-hajdinagen-te-le-postin-e-kryetarit-te-ulqinit\/","og_site_name":"Lajme nga Ulqini","article_published_time":"2010-08-26T18:49:32+00:00","article_modified_time":"2010-08-26T18:50:49+00:00","og_image":[{"url":"http:\/\/www.visit-ulcinj.com\/blog\/wp-content\/uploads\/2010\/08\/Nazif-Cungu_ulqin-200x300.jpg"}],"twitter_misc":{"Written by":"ulqini","Est. reading time":"1 minute"},"schema":{"@context":"https:\/\/schema.org","@graph":[{"@type":"WebSite","@id":"https:\/\/www.visit-ulcinj.com\/blog\/#website","url":"https:\/\/www.visit-ulcinj.com\/blog\/","name":"Lajme nga Ulqini","description":"Lajme,Vijesti,Ulqini,Ulqin,Crna Gora,Mali i Zi","potentialAction":[{"@type":"SearchAction","target":{"@type":"EntryPoint","urlTemplate":"https:\/\/www.visit-ulcinj.com\/blog\/?s={search_term_string}"},"query-input":"required name=search_term_string"}],"inLanguage":"en-US"},{"@type":"ImageObject","inLanguage":"en-US","@id":"https:\/\/www.visit-ulcinj.com\/blog\/2010\/08\/26\/cungu-fton-hajdinagen-te-le-postin-e-kryetarit-te-ulqinit\/#primaryimage","url":"https:\/\/www.visit-ulcinj.com\/blog\/wp-content\/uploads\/2010\/08\/Nazif-Cungu_ulqin.jpg","contentUrl":"https:\/\/www.visit-ulcinj.com\/blog\/wp-content\/uploads\/2010\/08\/Nazif-Cungu_ulqin.jpg","width":"480","height":"720"},{"@type":"WebPage","@id":"https:\/\/www.visit-ulcinj.com\/blog\/2010\/08\/26\/cungu-fton-hajdinagen-te-le-postin-e-kryetarit-te-ulqinit\/#webpage","url":"https:\/\/www.visit-ulcinj.com\/blog\/2010\/08\/26\/cungu-fton-hajdinagen-te-le-postin-e-kryetarit-te-ulqinit\/","name":"Cungu fton Hajdinag\u00ebn t\u00eb l\u00eb postin e kryetarit t\u00eb Ulqinit - Lajme nga Ulqini","isPartOf":{"@id":"https:\/\/www.visit-ulcinj.com\/blog\/#website"},"primaryImageOfPage":{"@id":"https:\/\/www.visit-ulcinj.com\/blog\/2010\/08\/26\/cungu-fton-hajdinagen-te-le-postin-e-kryetarit-te-ulqinit\/#primaryimage"},"datePublished":"2010-08-26T18:49:32+00:00","dateModified":"2010-08-26T18:50:49+00:00","author":{"@id":"https:\/\/www.visit-ulcinj.com\/blog\/#\/schema\/person\/dcab619c614d3038751c63bc2aadc06d"},"description":"Ulqin, 26 gusht - Ndon\u00ebse \u00ebsht\u00eb ende her\u00ebt, fushat\u00ebn e deritashme paraelektorale t\u00eb zgjedhjeve lokale t\u00eb shpallura m\u00eb dat\u00ebn 17 tetor p\u00ebr Kuvendin e","breadcrumb":{"@id":"https:\/\/www.visit-ulcinj.com\/blog\/2010\/08\/26\/cungu-fton-hajdinagen-te-le-postin-e-kryetarit-te-ulqinit\/#breadcrumb"},"inLanguage":"en-US","potentialAction":[{"@type":"ReadAction","target":["https:\/\/www.visit-ulcinj.com\/blog\/2010\/08\/26\/cungu-fton-hajdinagen-te-le-postin-e-kryetarit-te-ulqinit\/"]}]},{"@type":"BreadcrumbList","@id":"https:\/\/www.visit-ulcinj.com\/blog\/2010\/08\/26\/cungu-fton-hajdinagen-te-le-postin-e-kryetarit-te-ulqinit\/#breadcrumb","itemListElement":[{"@type":"ListItem","position":1,"name":"Cungu fton Hajdinag\u00ebn t\u00eb l\u00eb postin e kryetarit t\u00eb Ulqinit"}]},{"@type":"Person","@id":"https:\/\/www.visit-ulcinj.com\/blog\/#\/schema\/person\/dcab619c614d3038751c63bc2aadc06d","name":"ulqini","sameAs":["http:\/\/www.visit-ulcinj.com"],"url":"https:\/\/www.visit-ulcinj.com\/blog\/author\/admin\/"}]}},"jetpack_featured_media_url":"","jetpack_sharing_enabled":true,"jetpack_shortlink":"https:\/\/wp.me\/pe6lTn-9sC","_links":{"self":[{"href":"https:\/\/www.visit-ulcinj.com\/blog\/wp-json\/wp\/v2\/posts\/36370"}],"collection":[{"href":"https:\/\/www.visit-ulcinj.com\/blog\/wp-json\/wp\/v2\/posts"}],"about":[{"href":"https:\/\/www.visit-ulcinj.com\/blog\/wp-json\/wp\/v2\/types\/post"}],"author":[{"embeddable":true,"href":"https:\/\/www.visit-ulcinj.com\/blog\/wp-json\/wp\/v2\/users\/1"}],"replies":[{"embeddable":true,"href":"https:\/\/www.visit-ulcinj.com\/blog\/wp-json\/wp\/v2\/comments?post=36370"}],"version-history":[{"count":0,"href":"https:\/\/www.visit-ulcinj.com\/blog\/wp-json\/wp\/v2\/posts\/36370\/revisions"}],"wp:attachment":[{"href":"https:\/\/www.visit-ulcinj.com\/blog\/wp-json\/wp\/v2\/media?parent=36370"}],"wp:term":[{"taxonomy":"category","embeddable":true,"href":"https:\/\/www.visit-ulcinj.com\/blog\/wp-json\/wp\/v2\/categories?post=36370"},{"taxonomy":"post_tag","embeddable":true,"href":"https:\/\/www.visit-ulcinj.com\/blog\/wp-json\/wp\/v2\/tags?post=36370"}],"curies":[{"name":"wp","href":"https:\/\/api.w.org\/{rel}","templated":true}]}}