{"id":36377,"date":"2010-08-26T21:32:15","date_gmt":"2010-08-26T19:32:15","guid":{"rendered":"http:\/\/www.visit-ulcinj.com\/blog\/?p=36377"},"modified":"2010-08-26T21:36:45","modified_gmt":"2010-08-26T19:36:45","slug":"marreveshje-bashkepunimi-ulqin-durres-2010","status":"publish","type":"post","link":"https:\/\/www.visit-ulcinj.com\/blog\/2010\/08\/26\/marreveshje-bashkepunimi-ulqin-durres-2010\/","title":{"rendered":"Marreveshje bashkepunimi Ulqin-Durres 2010 &#8211; Video"},"content":{"rendered":"<p><strong><a href=\"http:\/\/www.visit-ulcinj.com\/blog\/wp-content\/uploads\/2010\/07\/Vangjush-Dako-_-Gezim-Hajdinaga.jpg\"><img loading=\"lazy\" class=\"alignleft size-full wp-image-35522\" title=\"Vangjush Dako _ Gezim Hajdinaga\" src=\"http:\/\/www.visit-ulcinj.com\/blog\/wp-content\/uploads\/2010\/07\/Vangjush-Dako-_-Gezim-Hajdinaga.jpg\" alt=\"Vangjush Dako _ Gezim Hajdinaga\" width=\"490\" height=\"333\" srcset=\"https:\/\/www.visit-ulcinj.com\/blog\/wp-content\/uploads\/2010\/07\/Vangjush-Dako-_-Gezim-Hajdinaga.jpg 490w, https:\/\/www.visit-ulcinj.com\/blog\/wp-content\/uploads\/2010\/07\/Vangjush-Dako-_-Gezim-Hajdinaga-300x203.jpg 300w\" sizes=\"(max-width: 490px) 100vw, 490px\" \/><\/a><\/strong>Kryebashkiaku i Durr\u00ebsit Vangjush Dako n\u00ebnshkruan marr\u00ebveshje bashk\u00ebpunimi me kryetarin e komun\u00ebs s\u00eb Ulqinit G\u00ebzim Hajdinaga<br \/>\nKryetari i Bashkis\u00eb s\u00eb Durr\u00ebsit Vangjush Dako ka pritur n\u00eb nj\u00eb takim kryetarin e komun\u00ebs s\u00eb Ulqinit G\u00ebzim Hajdinaga q\u00eb shoq\u00ebrohej nga ish kryetari i k\u00ebsaj komune Fuat Nimani i cili ka mbajtur edhe pozicionin e ministrit t\u00eb t\u00eb drejtave t\u00eb njeriut dhe pakica n\u00eb qeverin\u00eb e Malit t\u00eb Zi nga viti 2008 deri n\u00eb 2010. N\u00eb k\u00ebt\u00eb takim merrnin pjes\u00eb edhe drejtuesit e shoqat\u00ebs Ulqini n\u00eb Durr\u00ebs. Kryebashkiaku Dako i ka njohur t\u00eb pranishmit me vlerat sidomos ato turistike q\u00eb ka qyteti i Durr\u00ebsit ku zhvillohen disa lloje turizmi. Dako ka p\u00ebrmendur gjithashtu edhe lidhjet e forta midis dy qyteteve madje edhe faktin q\u00eb n\u00eb Durr\u00ebs shum\u00eb prej ulqinak\u00ebve t\u00eb vendosur n\u00eb qytet jan\u00eb t\u00eb njohur n\u00eb saj\u00eb t\u00eb kontributit q\u00eb kan\u00eb dh\u00ebn\u00eb n\u00eb fusha t\u00eb ndryshme. Nga ana tjet\u00ebr kryebashkiaku Dako e ka v\u00ebn\u00eb theksin n\u00eb bashk\u00ebpunimin e ngusht\u00eb n\u00eb disa fusha mes k\u00ebtyre dy qyteteve Durr\u00ebsit dhe Ulqinit t\u00eb cilat kan\u00eb si prioritet kryesor zhvillimin e turizmit.<br \/>\n<img loading=\"lazy\" class=\"alignleft size-full wp-image-35523\" title=\"Vangjush Dako _ Gezim Hajdinaga.1\" src=\"http:\/\/www.visit-ulcinj.com\/blog\/wp-content\/uploads\/2010\/07\/Vangjush-Dako-_-Gezim-Hajdinaga.1.jpg\" alt=\"Vangjush Dako _ Gezim Hajdinaga.1\" width=\"490\" height=\"351\" srcset=\"https:\/\/www.visit-ulcinj.com\/blog\/wp-content\/uploads\/2010\/07\/Vangjush-Dako-_-Gezim-Hajdinaga.1.jpg 490w, https:\/\/www.visit-ulcinj.com\/blog\/wp-content\/uploads\/2010\/07\/Vangjush-Dako-_-Gezim-Hajdinaga.1-300x214.jpg 300w\" sizes=\"(max-width: 490px) 100vw, 490px\" \/><br \/>\nKreu i komun\u00ebs s\u00eb Ulqinit G\u00ebzim Hajdinaga foli p\u00ebr lidhjet e forta q\u00eb ekzistojn\u00eb mes dy qyteteve ku turizmi \u00ebsht\u00eb fusha q\u00eb i bashkon m\u00eb ngusht\u00eb por edhe bashk\u00ebpunimet n\u00eb fusha t\u00eb tjera sui ajo kulturore apo administrative do ti bashkojn\u00eb m\u00eb shum\u00eb k\u00ebto dy qytete. Gjat\u00eb takimit kryebashkiaku i Durr\u00ebsit Vangjush Dako dhe kreu i komun\u00ebs s\u00eb Ulqinit G\u00ebzim Hajdinaga kan\u00eb n\u00ebnshkruar edhe nj\u00eb marr\u00ebveshje bashk\u00ebpunimi me q\u00ebllim vendosjen dhe forcimin e marr\u00ebdh\u00ebnieve t\u00eb bashk\u00ebpunimit t\u00eb nd\u00ebrsjellt\u00eb si dhe t\u00eb shk\u00ebmbimit t\u00eb p\u00ebrvojave t\u00eb p\u00ebrbashk\u00ebta n\u00eb dobi t\u00eb dy qyteteve Durr\u00ebs dhe Ulqin bazuar n\u00eb Konventat Nd\u00ebrkomb\u00ebtare dhe Kart\u00ebn e Autonomis\u00eb Lokale. Kjo marr\u00ebveshje do t\u00eb shtrihet n\u00eb fush\u00ebn e administrimit publik, shk\u00ebmbimeve tregtare dhe biznesit, turizmit, arsimit, kultur\u00ebs dhe trash\u00ebgimis\u00eb historike, sportit dhe rekreacionit. M\u00eb pas t\u00eb dy pal\u00ebt kan\u00eb shk\u00ebmbyer dhuratat simbolike t\u00eb rastit ku kreu i komun\u00ebs s\u00eb Ulqinit Hajdinaga i ka dhuruar kryebashkiakut Dako nj\u00eb piktur\u00eb ku duket nj\u00eb nga simbolet e atij qyteti sic \u00ebsht\u00eb kalaja e Ulqinit. Nga ana e tij kryebashkiaku Dako i ka dhuruar homologut ulqinak pllak\u00ebn simbolike ku \u00ebsht\u00eb gdhendur torra veneciane dhe disa simbole t\u00eb qytetit t\u00eb Durr\u00ebsit. M\u00eb tej kryebashkiaku Vangjush Dako dhe kreu i komun\u00ebs s\u00eb Ulqinit G\u00ebzim Hajdinaga kan\u00eb marr\u00eb n\u00eb nj\u00eb shfaqje t\u00eb organizuar nga shoqata Ulqini e cila p\u00ebrfaq\u00ebson komunitetin e ulqinak\u00ebve t\u00eb vendosur n\u00eb Durr\u00ebs dhe ku u nderuan disa nga figurat m\u00eb t\u00eb spikatura t\u00eb ulqinak\u00ebve n\u00eb Durr\u00ebs q\u00eb ka n\u00eb dh\u00ebn\u00eb kontribut t\u00eb shquar n\u00eb disa fusha.<\/p>\n<p><strong>Copyright \u00a9 2010. Bashkia Durres<\/strong><\/p>\n<p><strong><br \/>\n<\/strong><\/p>\n<p><strong>Ulqinak\u00ebt, &#8216;Kapedan\u00ebt&#8217; E Detit N\u00eb Durres<\/strong><\/p>\n<p>DURR\u00cbS, 11 Korrik \/ATSH-G\u00ebzim Kabashi\/. &#8211; Pasardh\u00ebsit e familjeve ulqinake, q\u00eb u zhvendos\u00ebn n\u00eb fillim t\u00eb shekullit t\u00eb kaluar n\u00eb Durr\u00ebs, kan\u00eb qen\u00eb n\u00eb nj\u00eb takim t\u00eb organizuar k\u00ebt\u00eb fund-jav\u00eb nga shoqata &#8220;Ulqini&#8221; n\u00eb pallatin e kultur\u00ebs &#8220;Aleksand\u00ebr Moisiu&#8221; t\u00eb qytetit bregdetar.<\/p>\n<p>Kryetari i k\u00ebsaj shoqate, Zihni Beqiraj, thot\u00eb p\u00ebr ATSH-n\u00eb, se n\u00eb k\u00ebt\u00eb aktivitet jan\u00eb vet\u00ebm nj\u00eb pjes\u00eb e vog\u00ebl e pasardh\u00ebsve t\u00eb afro 100 familjeve ulqinake q\u00eb u vendos\u00ebn n\u00eb Durr\u00ebs, mjaft prej t\u00eb cilave i bashkon tradita e detaris\u00eb.<\/p>\n<p>Shoqata ka rikrijuar frym\u00ebn e bashk\u00ebpunimit me Ulqinin dhe ne ndjehemi t\u00eb g\u00ebzuar q\u00eb sot edhe kryetar\u00ebt e bashkive kan\u00eb n\u00ebnshkruar nj\u00eb marr\u00ebveshje binjak\u00ebzimi mes dy qyteteve tona bregdetare, thot\u00eb Beqiraj.<\/p>\n<p>N\u00eb sall\u00eb d\u00ebgjohen tingujt e k\u00ebng\u00ebve p\u00ebr Durr\u00ebsin dhe Ulqinin dhe aktorja veterane e estrad\u00ebs, Aishe Stari, nj\u00eb nga p\u00ebrfaq\u00ebsueset e familjeve ulqinake, i fton t\u00eb gjith\u00eb t\u00eb k\u00ebndojn\u00eb s\u00eb bashku.<\/p>\n<p>Mikrofoni kalon dor\u00eb m\u00eb dor\u00eb, nd\u00ebrsa pjes\u00ebmarr\u00ebsit kujtojn\u00eb plot episode familjare q\u00eb lidhen me detarin\u00eb dhe mikpritjen q\u00eb i ka rezervuar Durr\u00ebsi nj\u00eb shekull m\u00eb par\u00eb.<\/p>\n<p>&#8220;Familjet Bilali, Gjyli, Kapidani, Fani, Kotorri, Peku, Kalamishi, Truma, Tivari, Shapalaku, Molla, Bazi, Mujali, Veseli, Dermani, Rana, Begteshi, Uru\u00e7i, Mujushi, Gorana, e shum\u00eb t\u00eb tjera, u shp\u00ebrngul\u00ebn n\u00eb qytetet bregdetare t\u00eb Shqip\u00ebris\u00eb, pasi nuk pranuan t\u00eb vendosin n\u00eb direk\u00ebt e anijeve t\u00eb tyre flamurin malazias, tregon Eqrem Lazaj, nj\u00eb nga nipat e detarit t\u00eb njohur Ahmet Luli. Atij i p\u00eblqen t\u00eb rikujtoj\u00eb se Ulqini, nga shekulli i 17-t\u00eb ka qen\u00eb nj\u00eb qend\u00ebr e njohur tregtare n\u00eb detin Adriatik, nd\u00ebrsa n\u00eb kantieret detare t\u00eb tij ishin nd\u00ebrtuar m\u00eb shum\u00eb se 500 anije druri dhe metalike q\u00eb lundronin mjesht\u00ebrisht n\u00eb Mesdhe.<\/p>\n<p>Emri i Ulqinit lidhet shpesh edhe me personazhin e Dylqinj\u00ebs te kryevepra &#8220;Don Kishoti&#8221;, pasi shkrimtari i famsh\u00ebm spanjoll, Servantes, kishte kaluar disa jav\u00eb n\u00eb qytetin bregdetar, ku n\u00eb at\u00eb koh\u00eb g\u00eblonin pirat\u00ebt dhe b\u00ebhej tregtia e skllev\u00ebrve, nd\u00ebrsa ka studiues t\u00eb tjer\u00eb q\u00eb thon\u00eb se ai vjen nga fjala &#8220;Ulk&#8221;.<\/p>\n<p>Q\u00eb n\u00eb fillim t\u00eb shekullit t\u00eb 20-t\u00eb ulqinak\u00ebt b\u00ebhen nj\u00eb faktor i r\u00ebnd\u00ebsish\u00ebm i jet\u00ebs n\u00eb Durr\u00ebs. Familjet e m\u00ebdha ulqinake nuk pranuan ofertat e Turqis\u00eb dhe Malit t\u00eb Zi, shtete q\u00eb kishin nevoj\u00eb p\u00ebr p\u00ebrvoj\u00ebn e tyre n\u00eb fush\u00ebn e detaris\u00eb, por bashk\u00eb me anijet e tyre u vendos\u00ebn n\u00eb Shkod\u00ebr, Vlor\u00eb dhe Durr\u00ebs, thot\u00eb kryetari i shoqat\u00ebs komb\u00ebtare t\u00eb detar\u00ebve &#8220;Adri-Jon&#8221;, Dashamir Janina. &#8220;Profesionin e detarit e kemi m\u00ebsuar nga kapedan\u00ebt ulqinak\u00eb&#8221;, shprehet Janina, dhe p\u00ebrmend me radh\u00eb nj\u00eb s\u00ebr\u00eb detar\u00ebsh q\u00eb krijuan themelin e flot\u00ebs son\u00eb tregtare. Janina kujton nj\u00eb nga lundrimet e tij me anijet e flot\u00ebs shqiptare, kur nga sht\u00ebpit\u00eb e Ulqinit i p\u00ebrsh\u00ebndesnin sipas tradit\u00ebs me shami t\u00eb bardha.<\/p>\n<p>Edhe Galip Dedej nga Kavaja kujton m\u00ebsuesin e tij t\u00eb par\u00eb t\u00eb detaris\u00eb, duke u shprehur se &#8220;kapidani ulqinak, Iljaz Truma, bashk\u00eb me profesionin, m\u00eb ka m\u00ebsuar jo vet\u00ebm mua, por qindra marinar\u00ebve t\u00eb tjer\u00eb, kultur\u00ebn e detaris\u00eb, respektin p\u00ebr shok\u00ebt dhe dinjitetin e flamurit&#8221;.<\/p>\n<p>&#8220;Hydaverdi&#8221;, &#8220;Posta e Durr\u00ebsit&#8221;, &#8220;Sofie Muradie&#8221;, &#8220;Marshallah&#8221; apo &#8220;Sk\u00ebnderi&#8221; ishin disa nga motovelier\u00ebt q\u00eb mb\u00ebrrit\u00ebn para 100 vitesh n\u00eb Durr\u00ebs, nd\u00ebrsa 92-vje\u00e7ari Abdullah Uru\u00e7i, i cili ka lindur n\u00eb nj\u00eb sht\u00ebpi n\u00eb kalan\u00eb e Ulqinit, tregon p\u00ebr ATSH-n\u00eb se &#8220;babai im kishte nj\u00eb sanall me t\u00eb cilin kryente tregti n\u00eb portet e detit &#8220;Adriatik, por m\u00eb pas edhe ai si shum\u00eb bashk\u00ebqytetar\u00eb t\u00eb tjer\u00eb erdh\u00ebn n\u00eb Durr\u00ebs&#8221;.<\/p>\n<p>Kan\u00eb kaluar 100 vjet dhe ndjehemi mir\u00eb n\u00eb Durr\u00ebs, vijon bised\u00ebn detari Hysni Elezi. Familja ime \u00ebsht\u00eb shp\u00ebrngulur nga Ulqini kur un\u00eb isha vet\u00ebm tre muajsh, nd\u00ebrsa tashm\u00eb jam 75 vje\u00e7, thot\u00eb Hysniu, duke shtuar se q\u00eb nga mosha 14-vje\u00e7are ka punuar vazhdimisht n\u00eb det. Edhe bashk\u00ebshortja e tij vjen nga familja e Bilal\u00ebve, me tradit\u00eb n\u00eb fush\u00ebn e detaris\u00eb.<\/p>\n<p>Ai thot\u00eb se do t\u00eb ishte shum\u00eb mir\u00eb q\u00eb bashkia e Durr\u00ebsit t\u00eb krijoj\u00eb nj\u00eb muze t\u00eb detaris\u00eb, me t\u00eb cilin nuk do t\u00eb harrohen detar\u00ebt e vjet\u00ebr durrsak\u00eb dhe ulqinak\u00eb, por mbi t\u00eb gjitha do t\u00eb kujtohet nj\u00eb tradit\u00eb e vyer, e cila duhet \u00e7uar p\u00ebrpara.<\/p>\n<p>Kryetari i bashkis\u00eb s\u00eb Ulqinit, G\u00ebzim Hajdinaga, duke marr\u00eb mikrofonin, thot\u00eb me humor se ndjehet xheloz p\u00ebr homologun e tij t\u00eb Durr\u00ebsit. N\u00eb qytetin tuaj banojn\u00eb edhe shum\u00eb prej pasardh\u00ebsve t\u00eb familjeve me em\u00ebr q\u00eb kan\u00eb jetuar n\u00eb kalan\u00eb mesjetare t\u00eb Ulqinit, shprehet m\u00eb pas ai, duke shtuar se qytetet bregdetare tashm\u00eb po bashk\u00ebpunojn\u00eb edhe m\u00eb shum\u00eb. \/s.s.\/<\/p>\n<p><strong>lajme.gen.al<br \/>\n<!--YouTube Error: bad URL entered--><\/strong><\/p>\n","protected":false},"excerpt":{"rendered":"<p>Kryebashkiaku i Durr\u00ebsit Vangjush Dako n\u00ebnshkruan marr\u00ebveshje bashk\u00ebpunimi me kryetarin e komun\u00ebs s\u00eb Ulqinit G\u00ebzim Hajdinaga Kryetari i Bashkis\u00eb s\u00eb Durr\u00ebsit Vangjush Dako ka pritur n\u00eb nj\u00eb takim kryetarin e komun\u00ebs s\u00eb Ulqinit G\u00ebzim Hajdinaga q\u00eb shoq\u00ebrohej nga ish kryetari i k\u00ebsaj komune Fuat Nimani i cili ka mbajtur edhe pozicionin e ministrit t\u00eb t\u00eb [&hellip;]<\/p>\n","protected":false},"author":1,"featured_media":0,"comment_status":"open","ping_status":"closed","sticky":false,"template":"","format":"standard","meta":{"spay_email":"","jetpack_publicize_message":"","jetpack_is_tweetstorm":false,"jetpack_publicize_feature_enabled":true},"categories":[6950],"tags":[329,222,14902,15085,200,18,14901],"jetpack_publicize_connections":[],"yoast_head":"<!-- This site is optimized with the Yoast SEO plugin v19.1 - https:\/\/yoast.com\/wordpress\/plugins\/seo\/ -->\n<title>Marreveshje bashkepunimi Ulqin-Durres 2010 - Video - Lajme nga Ulqini<\/title>\n<meta name=\"description\" content=\"Kryebashkiaku i Durr\u00ebsit Vangjush Dako n\u00ebnshkruan marr\u00ebveshje bashk\u00ebpunimi me kryetarin e komun\u00ebs s\u00eb Ulqinit G\u00ebzim Hajdinaga Kryetari i Bashkis\u00eb s\u00eb\" \/>\n<meta name=\"robots\" content=\"index, follow, max-snippet:-1, max-image-preview:large, max-video-preview:-1\" \/>\n<link rel=\"canonical\" href=\"https:\/\/www.visit-ulcinj.com\/blog\/2010\/08\/26\/marreveshje-bashkepunimi-ulqin-durres-2010\/\" \/>\n<meta property=\"og:locale\" content=\"en_US\" \/>\n<meta property=\"og:type\" content=\"article\" \/>\n<meta property=\"og:title\" content=\"Marreveshje bashkepunimi Ulqin-Durres 2010 - Video - Lajme nga Ulqini\" \/>\n<meta property=\"og:description\" content=\"Kryebashkiaku i Durr\u00ebsit Vangjush Dako n\u00ebnshkruan marr\u00ebveshje bashk\u00ebpunimi me kryetarin e komun\u00ebs s\u00eb Ulqinit G\u00ebzim Hajdinaga Kryetari i Bashkis\u00eb s\u00eb\" \/>\n<meta property=\"og:url\" content=\"https:\/\/www.visit-ulcinj.com\/blog\/2010\/08\/26\/marreveshje-bashkepunimi-ulqin-durres-2010\/\" \/>\n<meta property=\"og:site_name\" content=\"Lajme nga Ulqini\" \/>\n<meta property=\"article:published_time\" content=\"2010-08-26T19:32:15+00:00\" \/>\n<meta property=\"article:modified_time\" content=\"2010-08-26T19:36:45+00:00\" \/>\n<meta property=\"og:image\" content=\"http:\/\/www.visit-ulcinj.com\/blog\/wp-content\/uploads\/2010\/07\/Vangjush-Dako-_-Gezim-Hajdinaga.jpg\" \/>\n<meta name=\"twitter:label1\" content=\"Written by\" \/>\n\t<meta name=\"twitter:data1\" content=\"ulqini\" \/>\n\t<meta name=\"twitter:label2\" content=\"Est. reading time\" \/>\n\t<meta name=\"twitter:data2\" content=\"7 minutes\" \/>\n<script type=\"application\/ld+json\" class=\"yoast-schema-graph\">{\"@context\":\"https:\/\/schema.org\",\"@graph\":[{\"@type\":\"WebSite\",\"@id\":\"https:\/\/www.visit-ulcinj.com\/blog\/#website\",\"url\":\"https:\/\/www.visit-ulcinj.com\/blog\/\",\"name\":\"Lajme nga Ulqini\",\"description\":\"Lajme,Vijesti,Ulqini,Ulqin,Crna Gora,Mali i Zi\",\"potentialAction\":[{\"@type\":\"SearchAction\",\"target\":{\"@type\":\"EntryPoint\",\"urlTemplate\":\"https:\/\/www.visit-ulcinj.com\/blog\/?s={search_term_string}\"},\"query-input\":\"required name=search_term_string\"}],\"inLanguage\":\"en-US\"},{\"@type\":\"ImageObject\",\"inLanguage\":\"en-US\",\"@id\":\"https:\/\/www.visit-ulcinj.com\/blog\/2010\/08\/26\/marreveshje-bashkepunimi-ulqin-durres-2010\/#primaryimage\",\"url\":\"https:\/\/www.visit-ulcinj.com\/blog\/wp-content\/uploads\/2010\/07\/Vangjush-Dako-_-Gezim-Hajdinaga.jpg\",\"contentUrl\":\"https:\/\/www.visit-ulcinj.com\/blog\/wp-content\/uploads\/2010\/07\/Vangjush-Dako-_-Gezim-Hajdinaga.jpg\",\"width\":\"490\",\"height\":\"333\"},{\"@type\":\"WebPage\",\"@id\":\"https:\/\/www.visit-ulcinj.com\/blog\/2010\/08\/26\/marreveshje-bashkepunimi-ulqin-durres-2010\/#webpage\",\"url\":\"https:\/\/www.visit-ulcinj.com\/blog\/2010\/08\/26\/marreveshje-bashkepunimi-ulqin-durres-2010\/\",\"name\":\"Marreveshje bashkepunimi Ulqin-Durres 2010 - Video - Lajme nga Ulqini\",\"isPartOf\":{\"@id\":\"https:\/\/www.visit-ulcinj.com\/blog\/#website\"},\"primaryImageOfPage\":{\"@id\":\"https:\/\/www.visit-ulcinj.com\/blog\/2010\/08\/26\/marreveshje-bashkepunimi-ulqin-durres-2010\/#primaryimage\"},\"datePublished\":\"2010-08-26T19:32:15+00:00\",\"dateModified\":\"2010-08-26T19:36:45+00:00\",\"author\":{\"@id\":\"https:\/\/www.visit-ulcinj.com\/blog\/#\/schema\/person\/dcab619c614d3038751c63bc2aadc06d\"},\"description\":\"Kryebashkiaku i Durr\u00ebsit Vangjush Dako n\u00ebnshkruan marr\u00ebveshje bashk\u00ebpunimi me kryetarin e komun\u00ebs s\u00eb Ulqinit G\u00ebzim Hajdinaga Kryetari i Bashkis\u00eb s\u00eb\",\"breadcrumb\":{\"@id\":\"https:\/\/www.visit-ulcinj.com\/blog\/2010\/08\/26\/marreveshje-bashkepunimi-ulqin-durres-2010\/#breadcrumb\"},\"inLanguage\":\"en-US\",\"potentialAction\":[{\"@type\":\"ReadAction\",\"target\":[\"https:\/\/www.visit-ulcinj.com\/blog\/2010\/08\/26\/marreveshje-bashkepunimi-ulqin-durres-2010\/\"]}]},{\"@type\":\"BreadcrumbList\",\"@id\":\"https:\/\/www.visit-ulcinj.com\/blog\/2010\/08\/26\/marreveshje-bashkepunimi-ulqin-durres-2010\/#breadcrumb\",\"itemListElement\":[{\"@type\":\"ListItem\",\"position\":1,\"name\":\"Marreveshje bashkepunimi Ulqin-Durres 2010 &#8211; Video\"}]},{\"@type\":\"Person\",\"@id\":\"https:\/\/www.visit-ulcinj.com\/blog\/#\/schema\/person\/dcab619c614d3038751c63bc2aadc06d\",\"name\":\"ulqini\",\"sameAs\":[\"http:\/\/www.visit-ulcinj.com\"],\"url\":\"https:\/\/www.visit-ulcinj.com\/blog\/author\/admin\/\"}]}<\/script>\n<!-- \/ Yoast SEO plugin. -->","yoast_head_json":{"title":"Marreveshje bashkepunimi Ulqin-Durres 2010 - Video - Lajme nga Ulqini","description":"Kryebashkiaku i Durr\u00ebsit Vangjush Dako n\u00ebnshkruan marr\u00ebveshje bashk\u00ebpunimi me kryetarin e komun\u00ebs s\u00eb Ulqinit G\u00ebzim Hajdinaga Kryetari i Bashkis\u00eb s\u00eb","robots":{"index":"index","follow":"follow","max-snippet":"max-snippet:-1","max-image-preview":"max-image-preview:large","max-video-preview":"max-video-preview:-1"},"canonical":"https:\/\/www.visit-ulcinj.com\/blog\/2010\/08\/26\/marreveshje-bashkepunimi-ulqin-durres-2010\/","og_locale":"en_US","og_type":"article","og_title":"Marreveshje bashkepunimi Ulqin-Durres 2010 - Video - Lajme nga Ulqini","og_description":"Kryebashkiaku i Durr\u00ebsit Vangjush Dako n\u00ebnshkruan marr\u00ebveshje bashk\u00ebpunimi me kryetarin e komun\u00ebs s\u00eb Ulqinit G\u00ebzim Hajdinaga Kryetari i Bashkis\u00eb s\u00eb","og_url":"https:\/\/www.visit-ulcinj.com\/blog\/2010\/08\/26\/marreveshje-bashkepunimi-ulqin-durres-2010\/","og_site_name":"Lajme nga Ulqini","article_published_time":"2010-08-26T19:32:15+00:00","article_modified_time":"2010-08-26T19:36:45+00:00","og_image":[{"url":"http:\/\/www.visit-ulcinj.com\/blog\/wp-content\/uploads\/2010\/07\/Vangjush-Dako-_-Gezim-Hajdinaga.jpg"}],"twitter_misc":{"Written by":"ulqini","Est. reading time":"7 minutes"},"schema":{"@context":"https:\/\/schema.org","@graph":[{"@type":"WebSite","@id":"https:\/\/www.visit-ulcinj.com\/blog\/#website","url":"https:\/\/www.visit-ulcinj.com\/blog\/","name":"Lajme nga Ulqini","description":"Lajme,Vijesti,Ulqini,Ulqin,Crna Gora,Mali i Zi","potentialAction":[{"@type":"SearchAction","target":{"@type":"EntryPoint","urlTemplate":"https:\/\/www.visit-ulcinj.com\/blog\/?s={search_term_string}"},"query-input":"required name=search_term_string"}],"inLanguage":"en-US"},{"@type":"ImageObject","inLanguage":"en-US","@id":"https:\/\/www.visit-ulcinj.com\/blog\/2010\/08\/26\/marreveshje-bashkepunimi-ulqin-durres-2010\/#primaryimage","url":"https:\/\/www.visit-ulcinj.com\/blog\/wp-content\/uploads\/2010\/07\/Vangjush-Dako-_-Gezim-Hajdinaga.jpg","contentUrl":"https:\/\/www.visit-ulcinj.com\/blog\/wp-content\/uploads\/2010\/07\/Vangjush-Dako-_-Gezim-Hajdinaga.jpg","width":"490","height":"333"},{"@type":"WebPage","@id":"https:\/\/www.visit-ulcinj.com\/blog\/2010\/08\/26\/marreveshje-bashkepunimi-ulqin-durres-2010\/#webpage","url":"https:\/\/www.visit-ulcinj.com\/blog\/2010\/08\/26\/marreveshje-bashkepunimi-ulqin-durres-2010\/","name":"Marreveshje bashkepunimi Ulqin-Durres 2010 - Video - Lajme nga Ulqini","isPartOf":{"@id":"https:\/\/www.visit-ulcinj.com\/blog\/#website"},"primaryImageOfPage":{"@id":"https:\/\/www.visit-ulcinj.com\/blog\/2010\/08\/26\/marreveshje-bashkepunimi-ulqin-durres-2010\/#primaryimage"},"datePublished":"2010-08-26T19:32:15+00:00","dateModified":"2010-08-26T19:36:45+00:00","author":{"@id":"https:\/\/www.visit-ulcinj.com\/blog\/#\/schema\/person\/dcab619c614d3038751c63bc2aadc06d"},"description":"Kryebashkiaku i Durr\u00ebsit Vangjush Dako n\u00ebnshkruan marr\u00ebveshje bashk\u00ebpunimi me kryetarin e komun\u00ebs s\u00eb Ulqinit G\u00ebzim Hajdinaga Kryetari i Bashkis\u00eb s\u00eb","breadcrumb":{"@id":"https:\/\/www.visit-ulcinj.com\/blog\/2010\/08\/26\/marreveshje-bashkepunimi-ulqin-durres-2010\/#breadcrumb"},"inLanguage":"en-US","potentialAction":[{"@type":"ReadAction","target":["https:\/\/www.visit-ulcinj.com\/blog\/2010\/08\/26\/marreveshje-bashkepunimi-ulqin-durres-2010\/"]}]},{"@type":"BreadcrumbList","@id":"https:\/\/www.visit-ulcinj.com\/blog\/2010\/08\/26\/marreveshje-bashkepunimi-ulqin-durres-2010\/#breadcrumb","itemListElement":[{"@type":"ListItem","position":1,"name":"Marreveshje bashkepunimi Ulqin-Durres 2010 &#8211; Video"}]},{"@type":"Person","@id":"https:\/\/www.visit-ulcinj.com\/blog\/#\/schema\/person\/dcab619c614d3038751c63bc2aadc06d","name":"ulqini","sameAs":["http:\/\/www.visit-ulcinj.com"],"url":"https:\/\/www.visit-ulcinj.com\/blog\/author\/admin\/"}]}},"jetpack_featured_media_url":"","jetpack_sharing_enabled":true,"jetpack_shortlink":"https:\/\/wp.me\/pe6lTn-9sJ","_links":{"self":[{"href":"https:\/\/www.visit-ulcinj.com\/blog\/wp-json\/wp\/v2\/posts\/36377"}],"collection":[{"href":"https:\/\/www.visit-ulcinj.com\/blog\/wp-json\/wp\/v2\/posts"}],"about":[{"href":"https:\/\/www.visit-ulcinj.com\/blog\/wp-json\/wp\/v2\/types\/post"}],"author":[{"embeddable":true,"href":"https:\/\/www.visit-ulcinj.com\/blog\/wp-json\/wp\/v2\/users\/1"}],"replies":[{"embeddable":true,"href":"https:\/\/www.visit-ulcinj.com\/blog\/wp-json\/wp\/v2\/comments?post=36377"}],"version-history":[{"count":0,"href":"https:\/\/www.visit-ulcinj.com\/blog\/wp-json\/wp\/v2\/posts\/36377\/revisions"}],"wp:attachment":[{"href":"https:\/\/www.visit-ulcinj.com\/blog\/wp-json\/wp\/v2\/media?parent=36377"}],"wp:term":[{"taxonomy":"category","embeddable":true,"href":"https:\/\/www.visit-ulcinj.com\/blog\/wp-json\/wp\/v2\/categories?post=36377"},{"taxonomy":"post_tag","embeddable":true,"href":"https:\/\/www.visit-ulcinj.com\/blog\/wp-json\/wp\/v2\/tags?post=36377"}],"curies":[{"name":"wp","href":"https:\/\/api.w.org\/{rel}","templated":true}]}}