{"id":36395,"date":"2010-08-26T21:58:49","date_gmt":"2010-08-26T19:58:49","guid":{"rendered":"http:\/\/www.visit-ulcinj.com\/blog\/?p=36395"},"modified":"2010-08-26T21:58:49","modified_gmt":"2010-08-26T19:58:49","slug":"fansi-i-cmendur-i-elvanes","status":"publish","type":"post","link":"https:\/\/www.visit-ulcinj.com\/blog\/2010\/08\/26\/fansi-i-cmendur-i-elvanes\/","title":{"rendered":"Fansi i \u00e7mendur i Elvan\u00ebs"},"content":{"rendered":"<p><a href=\"http:\/\/www.visit-ulcinj.com\/blog\/wp-content\/uploads\/2010\/08\/Elvana-Gjata.jpg\"><img loading=\"lazy\" class=\"alignleft size-full wp-image-36396\" title=\"Elvana Gjata\" src=\"http:\/\/www.visit-ulcinj.com\/blog\/wp-content\/uploads\/2010\/08\/Elvana-Gjata.jpg\" alt=\"\" width=\"490\" height=\"620\" \/><\/a>\u00cbsht\u00eb seksi, e bukur, e \u00ebmb\u00ebl dhe mbi t\u00eb gjitha \u00ebsht\u00eb nj\u00eb nga k\u00ebng\u00ebtaret e reja m\u00eb t\u00eb mira shqiptare. Edhe pse me vones\u00eb k\u00ebt\u00eb ver\u00eb Elvana Gjata lan\u00e7oi nj\u00eb pas nj\u00eb dy k\u00ebng\u00eb q\u00eb kan\u00eb marr\u00eb menj\u00ebher\u00eb p\u00eblqimin e audienc\u00ebs. Pas k\u00ebng\u00ebs \u201cA ke ti zem\u00ebr\u201d ajo u shfaq n\u00eb bashk\u00ebpunim me reperin kosovar Fuga, n\u00eb k\u00ebng\u00ebn \u201cMamani nejen\u201d, nd\u00ebrsa pritet t\u00eb sjell\u00eb edhe nj\u00eb surpriz\u00eb t\u00eb re p\u00ebr fansat e saj.<\/p>\n<p>Por sot, Elvana do ta vij\u00eb n\u00eb nj\u00eb tjet\u00ebr k\u00ebndv\u00ebshtrim. Pushimet verore! N\u00eb fakt nuk mund t\u00eb quhen mir\u00ebfilli k\u00ebshtu, pasi \u00ebsht\u00eb nj\u00eb fundjav\u00eb dhe plazhi ka ardhur pas nj\u00eb nate pun\u00eb, ku Elvana ka k\u00ebnduar. Edhe k\u00ebt\u00eb her\u00eb k\u00ebng\u00ebtarja ka qen\u00eb e shoq\u00ebruar nga prind\u00ebrit e saj, ku ka q\u00ebndruar n\u00eb ambientet e \u201cMira Mare\u201d. Por, \u00e7far\u00eb ndodhi gjat\u00eb nat\u00ebs s\u00eb koncertit t\u00eb Elvan\u00ebs?!<\/p>\n<p>Si\u00e7 na ka treguar nj\u00eb burim p\u00ebr \u201cBluetooth\u201d n\u00eb lokal ka qen\u00eb edhe nj\u00eb djalosh, fans i betuar i Elvan\u00ebs. Djaloshi jo vet\u00ebm q\u00eb ka takuar idhullin e tij, por ai dinte p\u00ebrmend\u00ebsh gjith\u00eb k\u00ebng\u00ebt e k\u00ebng\u00ebtares, gj\u00eb q\u00eb ka befasuar Elvan\u00ebn, po aq sa edhe ne, kur i ka treguar asaj se n\u00eb var\u00ebsen e tij ai mbante nj\u00eb medaljon ku ishte pik\u00ebrisht portreti i k\u00ebng\u00ebtares. T\u00eb nes\u00ebrmen gjat\u00eb dit\u00ebs n\u00eb plazh, fansi ka marr\u00eb edhe nj\u00eb motor uji, p\u00ebr t\u2019i b\u00ebr\u00eb nj\u00eb xhiro k\u00ebng\u00ebtares s\u00eb tij t\u00eb preferuar. Dhurata q\u00eb i ka b\u00ebr\u00eb fansi e ka k\u00ebnaqur jo vet\u00ebm k\u00ebng\u00ebtaren por edhe prind\u00ebrit e saj, t\u00eb cil\u00ebt e shoq\u00ebronin \u00e7do \u00e7ast Elvan\u00ebn.<\/p>\n<p><strong>Bluetooth<br \/>\n<!--YouTube Error: bad URL entered--><\/strong><\/p>\n","protected":false},"excerpt":{"rendered":"<p>\u00cbsht\u00eb seksi, e bukur, e \u00ebmb\u00ebl dhe mbi t\u00eb gjitha \u00ebsht\u00eb nj\u00eb nga k\u00ebng\u00ebtaret e reja m\u00eb t\u00eb mira shqiptare. Edhe pse me vones\u00eb k\u00ebt\u00eb ver\u00eb Elvana Gjata lan\u00e7oi nj\u00eb pas nj\u00eb dy k\u00ebng\u00eb q\u00eb kan\u00eb marr\u00eb menj\u00ebher\u00eb p\u00eblqimin e audienc\u00ebs. Pas k\u00ebng\u00ebs \u201cA ke ti zem\u00ebr\u201d ajo u shfaq n\u00eb bashk\u00ebpunim me reperin kosovar [&hellip;]<\/p>\n","protected":false},"author":1,"featured_media":0,"comment_status":"open","ping_status":"closed","sticky":false,"template":"","format":"standard","meta":{"spay_email":"","jetpack_publicize_message":"","jetpack_is_tweetstorm":false,"jetpack_publicize_feature_enabled":true},"categories":[1],"tags":[7760],"jetpack_publicize_connections":[],"yoast_head":"<!-- This site is optimized with the Yoast SEO plugin v19.1 - https:\/\/yoast.com\/wordpress\/plugins\/seo\/ -->\n<title>Fansi i \u00e7mendur i Elvan\u00ebs - Lajme nga Ulqini<\/title>\n<meta name=\"description\" content=\"\u00cbsht\u00eb seksi, e bukur, e \u00ebmb\u00ebl dhe mbi t\u00eb gjitha \u00ebsht\u00eb nj\u00eb nga k\u00ebng\u00ebtaret e reja m\u00eb t\u00eb mira shqiptare. Edhe pse me vones\u00eb k\u00ebt\u00eb ver\u00eb Elvana Gjata lan\u00e7oi nj\u00eb\" \/>\n<meta name=\"robots\" content=\"index, follow, max-snippet:-1, max-image-preview:large, max-video-preview:-1\" \/>\n<link rel=\"canonical\" href=\"https:\/\/www.visit-ulcinj.com\/blog\/2010\/08\/26\/fansi-i-cmendur-i-elvanes\/\" \/>\n<meta property=\"og:locale\" content=\"en_US\" \/>\n<meta property=\"og:type\" content=\"article\" \/>\n<meta property=\"og:title\" content=\"Fansi i \u00e7mendur i Elvan\u00ebs - Lajme nga Ulqini\" \/>\n<meta property=\"og:description\" content=\"\u00cbsht\u00eb seksi, e bukur, e \u00ebmb\u00ebl dhe mbi t\u00eb gjitha \u00ebsht\u00eb nj\u00eb nga k\u00ebng\u00ebtaret e reja m\u00eb t\u00eb mira shqiptare. Edhe pse me vones\u00eb k\u00ebt\u00eb ver\u00eb Elvana Gjata lan\u00e7oi nj\u00eb\" \/>\n<meta property=\"og:url\" content=\"https:\/\/www.visit-ulcinj.com\/blog\/2010\/08\/26\/fansi-i-cmendur-i-elvanes\/\" \/>\n<meta property=\"og:site_name\" content=\"Lajme nga Ulqini\" \/>\n<meta property=\"article:published_time\" content=\"2010-08-26T19:58:49+00:00\" \/>\n<meta property=\"og:image\" content=\"http:\/\/www.visit-ulcinj.com\/blog\/wp-content\/uploads\/2010\/08\/Elvana-Gjata.jpg\" \/>\n<meta name=\"twitter:label1\" content=\"Written by\" \/>\n\t<meta name=\"twitter:data1\" content=\"ulqini\" \/>\n\t<meta name=\"twitter:label2\" content=\"Est. reading time\" \/>\n\t<meta name=\"twitter:data2\" content=\"2 minutes\" \/>\n<script type=\"application\/ld+json\" class=\"yoast-schema-graph\">{\"@context\":\"https:\/\/schema.org\",\"@graph\":[{\"@type\":\"WebSite\",\"@id\":\"https:\/\/www.visit-ulcinj.com\/blog\/#website\",\"url\":\"https:\/\/www.visit-ulcinj.com\/blog\/\",\"name\":\"Lajme nga Ulqini\",\"description\":\"Lajme,Vijesti,Ulqini,Ulqin,Crna Gora,Mali i Zi\",\"potentialAction\":[{\"@type\":\"SearchAction\",\"target\":{\"@type\":\"EntryPoint\",\"urlTemplate\":\"https:\/\/www.visit-ulcinj.com\/blog\/?s={search_term_string}\"},\"query-input\":\"required name=search_term_string\"}],\"inLanguage\":\"en-US\"},{\"@type\":\"ImageObject\",\"inLanguage\":\"en-US\",\"@id\":\"https:\/\/www.visit-ulcinj.com\/blog\/2010\/08\/26\/fansi-i-cmendur-i-elvanes\/#primaryimage\",\"url\":\"http:\/\/www.visit-ulcinj.com\/blog\/wp-content\/uploads\/2010\/08\/Elvana-Gjata.jpg\",\"contentUrl\":\"http:\/\/www.visit-ulcinj.com\/blog\/wp-content\/uploads\/2010\/08\/Elvana-Gjata.jpg\"},{\"@type\":\"WebPage\",\"@id\":\"https:\/\/www.visit-ulcinj.com\/blog\/2010\/08\/26\/fansi-i-cmendur-i-elvanes\/#webpage\",\"url\":\"https:\/\/www.visit-ulcinj.com\/blog\/2010\/08\/26\/fansi-i-cmendur-i-elvanes\/\",\"name\":\"Fansi i \u00e7mendur i Elvan\u00ebs - Lajme nga Ulqini\",\"isPartOf\":{\"@id\":\"https:\/\/www.visit-ulcinj.com\/blog\/#website\"},\"primaryImageOfPage\":{\"@id\":\"https:\/\/www.visit-ulcinj.com\/blog\/2010\/08\/26\/fansi-i-cmendur-i-elvanes\/#primaryimage\"},\"datePublished\":\"2010-08-26T19:58:49+00:00\",\"dateModified\":\"2010-08-26T19:58:49+00:00\",\"author\":{\"@id\":\"https:\/\/www.visit-ulcinj.com\/blog\/#\/schema\/person\/dcab619c614d3038751c63bc2aadc06d\"},\"description\":\"\u00cbsht\u00eb seksi, e bukur, e \u00ebmb\u00ebl dhe mbi t\u00eb gjitha \u00ebsht\u00eb nj\u00eb nga k\u00ebng\u00ebtaret e reja m\u00eb t\u00eb mira shqiptare. Edhe pse me vones\u00eb k\u00ebt\u00eb ver\u00eb Elvana Gjata lan\u00e7oi nj\u00eb\",\"breadcrumb\":{\"@id\":\"https:\/\/www.visit-ulcinj.com\/blog\/2010\/08\/26\/fansi-i-cmendur-i-elvanes\/#breadcrumb\"},\"inLanguage\":\"en-US\",\"potentialAction\":[{\"@type\":\"ReadAction\",\"target\":[\"https:\/\/www.visit-ulcinj.com\/blog\/2010\/08\/26\/fansi-i-cmendur-i-elvanes\/\"]}]},{\"@type\":\"BreadcrumbList\",\"@id\":\"https:\/\/www.visit-ulcinj.com\/blog\/2010\/08\/26\/fansi-i-cmendur-i-elvanes\/#breadcrumb\",\"itemListElement\":[{\"@type\":\"ListItem\",\"position\":1,\"name\":\"Fansi i \u00e7mendur i Elvan\u00ebs\"}]},{\"@type\":\"Person\",\"@id\":\"https:\/\/www.visit-ulcinj.com\/blog\/#\/schema\/person\/dcab619c614d3038751c63bc2aadc06d\",\"name\":\"ulqini\",\"sameAs\":[\"http:\/\/www.visit-ulcinj.com\"],\"url\":\"https:\/\/www.visit-ulcinj.com\/blog\/author\/admin\/\"}]}<\/script>\n<!-- \/ Yoast SEO plugin. -->","yoast_head_json":{"title":"Fansi i \u00e7mendur i Elvan\u00ebs - Lajme nga Ulqini","description":"\u00cbsht\u00eb seksi, e bukur, e \u00ebmb\u00ebl dhe mbi t\u00eb gjitha \u00ebsht\u00eb nj\u00eb nga k\u00ebng\u00ebtaret e reja m\u00eb t\u00eb mira shqiptare. Edhe pse me vones\u00eb k\u00ebt\u00eb ver\u00eb Elvana Gjata lan\u00e7oi nj\u00eb","robots":{"index":"index","follow":"follow","max-snippet":"max-snippet:-1","max-image-preview":"max-image-preview:large","max-video-preview":"max-video-preview:-1"},"canonical":"https:\/\/www.visit-ulcinj.com\/blog\/2010\/08\/26\/fansi-i-cmendur-i-elvanes\/","og_locale":"en_US","og_type":"article","og_title":"Fansi i \u00e7mendur i Elvan\u00ebs - Lajme nga Ulqini","og_description":"\u00cbsht\u00eb seksi, e bukur, e \u00ebmb\u00ebl dhe mbi t\u00eb gjitha \u00ebsht\u00eb nj\u00eb nga k\u00ebng\u00ebtaret e reja m\u00eb t\u00eb mira shqiptare. Edhe pse me vones\u00eb k\u00ebt\u00eb ver\u00eb Elvana Gjata lan\u00e7oi nj\u00eb","og_url":"https:\/\/www.visit-ulcinj.com\/blog\/2010\/08\/26\/fansi-i-cmendur-i-elvanes\/","og_site_name":"Lajme nga Ulqini","article_published_time":"2010-08-26T19:58:49+00:00","og_image":[{"url":"http:\/\/www.visit-ulcinj.com\/blog\/wp-content\/uploads\/2010\/08\/Elvana-Gjata.jpg"}],"twitter_misc":{"Written by":"ulqini","Est. reading time":"2 minutes"},"schema":{"@context":"https:\/\/schema.org","@graph":[{"@type":"WebSite","@id":"https:\/\/www.visit-ulcinj.com\/blog\/#website","url":"https:\/\/www.visit-ulcinj.com\/blog\/","name":"Lajme nga Ulqini","description":"Lajme,Vijesti,Ulqini,Ulqin,Crna Gora,Mali i Zi","potentialAction":[{"@type":"SearchAction","target":{"@type":"EntryPoint","urlTemplate":"https:\/\/www.visit-ulcinj.com\/blog\/?s={search_term_string}"},"query-input":"required name=search_term_string"}],"inLanguage":"en-US"},{"@type":"ImageObject","inLanguage":"en-US","@id":"https:\/\/www.visit-ulcinj.com\/blog\/2010\/08\/26\/fansi-i-cmendur-i-elvanes\/#primaryimage","url":"http:\/\/www.visit-ulcinj.com\/blog\/wp-content\/uploads\/2010\/08\/Elvana-Gjata.jpg","contentUrl":"http:\/\/www.visit-ulcinj.com\/blog\/wp-content\/uploads\/2010\/08\/Elvana-Gjata.jpg"},{"@type":"WebPage","@id":"https:\/\/www.visit-ulcinj.com\/blog\/2010\/08\/26\/fansi-i-cmendur-i-elvanes\/#webpage","url":"https:\/\/www.visit-ulcinj.com\/blog\/2010\/08\/26\/fansi-i-cmendur-i-elvanes\/","name":"Fansi i \u00e7mendur i Elvan\u00ebs - Lajme nga Ulqini","isPartOf":{"@id":"https:\/\/www.visit-ulcinj.com\/blog\/#website"},"primaryImageOfPage":{"@id":"https:\/\/www.visit-ulcinj.com\/blog\/2010\/08\/26\/fansi-i-cmendur-i-elvanes\/#primaryimage"},"datePublished":"2010-08-26T19:58:49+00:00","dateModified":"2010-08-26T19:58:49+00:00","author":{"@id":"https:\/\/www.visit-ulcinj.com\/blog\/#\/schema\/person\/dcab619c614d3038751c63bc2aadc06d"},"description":"\u00cbsht\u00eb seksi, e bukur, e \u00ebmb\u00ebl dhe mbi t\u00eb gjitha \u00ebsht\u00eb nj\u00eb nga k\u00ebng\u00ebtaret e reja m\u00eb t\u00eb mira shqiptare. Edhe pse me vones\u00eb k\u00ebt\u00eb ver\u00eb Elvana Gjata lan\u00e7oi nj\u00eb","breadcrumb":{"@id":"https:\/\/www.visit-ulcinj.com\/blog\/2010\/08\/26\/fansi-i-cmendur-i-elvanes\/#breadcrumb"},"inLanguage":"en-US","potentialAction":[{"@type":"ReadAction","target":["https:\/\/www.visit-ulcinj.com\/blog\/2010\/08\/26\/fansi-i-cmendur-i-elvanes\/"]}]},{"@type":"BreadcrumbList","@id":"https:\/\/www.visit-ulcinj.com\/blog\/2010\/08\/26\/fansi-i-cmendur-i-elvanes\/#breadcrumb","itemListElement":[{"@type":"ListItem","position":1,"name":"Fansi i \u00e7mendur i Elvan\u00ebs"}]},{"@type":"Person","@id":"https:\/\/www.visit-ulcinj.com\/blog\/#\/schema\/person\/dcab619c614d3038751c63bc2aadc06d","name":"ulqini","sameAs":["http:\/\/www.visit-ulcinj.com"],"url":"https:\/\/www.visit-ulcinj.com\/blog\/author\/admin\/"}]}},"jetpack_featured_media_url":"","jetpack_sharing_enabled":true,"jetpack_shortlink":"https:\/\/wp.me\/pe6lTn-9t1","_links":{"self":[{"href":"https:\/\/www.visit-ulcinj.com\/blog\/wp-json\/wp\/v2\/posts\/36395"}],"collection":[{"href":"https:\/\/www.visit-ulcinj.com\/blog\/wp-json\/wp\/v2\/posts"}],"about":[{"href":"https:\/\/www.visit-ulcinj.com\/blog\/wp-json\/wp\/v2\/types\/post"}],"author":[{"embeddable":true,"href":"https:\/\/www.visit-ulcinj.com\/blog\/wp-json\/wp\/v2\/users\/1"}],"replies":[{"embeddable":true,"href":"https:\/\/www.visit-ulcinj.com\/blog\/wp-json\/wp\/v2\/comments?post=36395"}],"version-history":[{"count":0,"href":"https:\/\/www.visit-ulcinj.com\/blog\/wp-json\/wp\/v2\/posts\/36395\/revisions"}],"wp:attachment":[{"href":"https:\/\/www.visit-ulcinj.com\/blog\/wp-json\/wp\/v2\/media?parent=36395"}],"wp:term":[{"taxonomy":"category","embeddable":true,"href":"https:\/\/www.visit-ulcinj.com\/blog\/wp-json\/wp\/v2\/categories?post=36395"},{"taxonomy":"post_tag","embeddable":true,"href":"https:\/\/www.visit-ulcinj.com\/blog\/wp-json\/wp\/v2\/tags?post=36395"}],"curies":[{"name":"wp","href":"https:\/\/api.w.org\/{rel}","templated":true}]}}