{"id":36415,"date":"2010-08-27T00:00:17","date_gmt":"2010-08-26T22:00:17","guid":{"rendered":"http:\/\/www.visit-ulcinj.com\/blog\/?p=36415"},"modified":"2010-08-27T00:00:17","modified_gmt":"2010-08-26T22:00:17","slug":"okoncana-letnja-scena-ulcinj-2010","status":"publish","type":"post","link":"https:\/\/www.visit-ulcinj.com\/blog\/2010\/08\/27\/okoncana-letnja-scena-ulcinj-2010\/","title":{"rendered":"Okoncana &#8220;Letnja scena&#8221; Ulcinj 2010"},"content":{"rendered":"<p><a href=\"http:\/\/www.visit-ulcinj.com\/blog\/wp-content\/uploads\/2010\/08\/Letnja-scena-Ulcinj-2010.jpg\"><img loading=\"lazy\" class=\"alignleft size-full wp-image-36416\" title=\"Letnja scena-Ulcinj 2010\" src=\"http:\/\/www.visit-ulcinj.com\/blog\/wp-content\/uploads\/2010\/08\/Letnja-scena-Ulcinj-2010.jpg\" alt=\"\" width=\"490\" height=\"380\" \/><\/a>Jos jedan festival je pro\u0161ao. Sino\u0107 je okoncana &#8220;Letnja scena&#8221; 23. po redu festivala, drame, muzike i svega ostaloga koje organizatori i nazivaju umjetno\u0161\u0107u. Bilo je tu svega, od obi\u010dnih amatera pa do zaista vrsnih umjetnika. Na slavnom Trgu &#8220;Servantesa&#8221; me\u0111u drevne zidine Starog grada Ulcinja, 25.08.2010. god. spu\u0161tena je zavjesa i Trg \u0107e od sada biti i dalje u uobi\u010dajenom mraku. Nije bilo nikakve pompe kod zatvaranja, i ako sam ja proro\u010danski i najavilo da \u0107e otvaranje i zatvaranje prote\u0107i u malo sve\u010danijem tonu, s obzirom da se to ranijih godina i de\u0161avalo. Uostalom, to je i praksa svuda u civilizovanom svijetu. Ali, izgleda da su organizatori htjeli malo da promijene, kako bi ovaj festival&#8221;Letna Scena&#8221;ipak izgledao druga\u010dije od ranijih. Organizatori festivala se \u010dak i nijesu udostojili ni da prisustvuju zavr\u0161noj ve\u010deri. Od \u010detiri &#8220;zvani\u010dna&#8221; direktora Centra za kulturu, koji je i organizatior &#8220;Ljetnje Scene, nije bio prisutan nijedan, a da ne govorimo o op\u0161tinskim &#8220;mo\u0107nicima&#8221;koji su su i finansirali festival. Ni oni izgleda nijesu imali vremena da se pojave na zavr\u0161noj sve\u010danosti, ali ja to prepu\u0161tam njihovoj savjesti i naravno bira\u010dima. Jedina svijetla ta\u010dka me\u0111u organizatorima je bio izvrsni voditelj Zenel Katana, koji je i vodio na uobi\u010dajenom visokom nivou ovo ve\u010de.Ja sam izgleda bio lo\u0161 prorok, ali se iskreno nadam da \u0107e ovoj rukovode\u0107oj garnituri Centra za kulturu ovaj festival, zaista i biti zadnji.<br \/>\nZadnje ve\u010de je proteklo u izvrsnoj poeziji i recitalu jednog velikog umjetnika iz Kalabrije Pina KAKOTE, albanskog porijekla. Njegovi preci su se davno naseljilji u ju\u017ene dijelove Italije. Adaptirali su se i integrirsali u novu sredinu, ali su sa\u010duvali jezik, duh, kulturu i obi\u010daje svojih predaka. Posebno je to izra\u017eeno po manjim selima u Kalabriji. Po\u0161tuju i vole Italiju, ali ne zaboravljaju nikada svoje korijene. Takav je i Pino KAKOTA, koji je kroz svoju umjetnost do\u010daravao svu dra\u017e i ljepotu folklora i obi\u010daja sa\u010duvanih od predaka. Ovaj \u010dovjek je zaslu\u017eio sve pohvale i po\u010dasti . Virtuozno op\u0161tenje sa publikom, gipki i lagani pokreti uz muziku i vrhunska interpretacija uz fantasti\u010dne glasovne mogu\u0107nosti, su bili samo dio njegovog umije\u0107a. Njegovu poeziju i njegovu umjetnost recitovanja su razumjeli i oni koji i ne poznaju albanski jezik. Zaista izvrsna interpretacija koja nije mogla nikoga osvaviti ravnodu\u0161nim. Kulminacija ove veli\u010danstvene ve\u010deri jeste korpa sa cvije\u0107em kao znak mira i ljubavi i vje\u010dite nostalgije sa svojim korijenima.<\/p>\n<h3><a href=\"http:\/\/www.facebook.com\/profile.php?id=1359492972\">Ismet Karamanaga\u00a0 Facebook<br \/>\n\n\t\t<style type=\"text\/css\">\n\t\t\t#gallery-1 {\n\t\t\t\tmargin: auto;\n\t\t\t}\n\t\t\t#gallery-1 .gallery-item {\n\t\t\t\tfloat: left;\n\t\t\t\tmargin-top: 10px;\n\t\t\t\ttext-align: center;\n\t\t\t\twidth: 33%;\n\t\t\t}\n\t\t\t#gallery-1 img {\n\t\t\t\tborder: 2px solid #cfcfcf;\n\t\t\t}\n\t\t\t#gallery-1 .gallery-caption {\n\t\t\t\tmargin-left: 0;\n\t\t\t}\n\t\t\t\/* see gallery_shortcode() in wp-includes\/media.php *\/\n\t\t<\/style>\n\t\t<div id='gallery-1' class='gallery galleryid-36415 gallery-columns-3 gallery-size-thumbnail'><dl class='gallery-item'>\n\t\t\t<dt class='gallery-icon landscape'>\n\t\t\t\t<a href='https:\/\/www.visit-ulcinj.com\/blog\/wp-content\/uploads\/2010\/08\/Letnja-scena-Ulcinj-2010.jpg'><img width=\"150\" height=\"150\" src=\"https:\/\/www.visit-ulcinj.com\/blog\/wp-content\/uploads\/2010\/08\/Letnja-scena-Ulcinj-2010-150x150.jpg\" class=\"attachment-thumbnail size-thumbnail\" alt=\"\" loading=\"lazy\" \/><\/a>\n\t\t\t<\/dt><\/dl><dl class='gallery-item'>\n\t\t\t<dt class='gallery-icon landscape'>\n\t\t\t\t<a href='https:\/\/www.visit-ulcinj.com\/blog\/wp-content\/uploads\/2010\/08\/Letnja-scena-Ulcinj-2010.4.jpg'><img width=\"150\" height=\"150\" src=\"https:\/\/www.visit-ulcinj.com\/blog\/wp-content\/uploads\/2010\/08\/Letnja-scena-Ulcinj-2010.4-150x150.jpg\" class=\"attachment-thumbnail size-thumbnail\" alt=\"\" loading=\"lazy\" \/><\/a>\n\t\t\t<\/dt><\/dl><dl class='gallery-item'>\n\t\t\t<dt class='gallery-icon landscape'>\n\t\t\t\t<a href='https:\/\/www.visit-ulcinj.com\/blog\/wp-content\/uploads\/2010\/08\/Letnja-scena-Ulcinj-2010.3.jpg'><img width=\"150\" height=\"150\" src=\"https:\/\/www.visit-ulcinj.com\/blog\/wp-content\/uploads\/2010\/08\/Letnja-scena-Ulcinj-2010.3-150x150.jpg\" class=\"attachment-thumbnail size-thumbnail\" alt=\"\" loading=\"lazy\" \/><\/a>\n\t\t\t<\/dt><\/dl><br style=\"clear: both\" \/><dl class='gallery-item'>\n\t\t\t<dt class='gallery-icon landscape'>\n\t\t\t\t<a href='https:\/\/www.visit-ulcinj.com\/blog\/wp-content\/uploads\/2010\/08\/Letnja-scena-Ulcinj-2010.2.jpg'><img width=\"150\" height=\"150\" src=\"https:\/\/www.visit-ulcinj.com\/blog\/wp-content\/uploads\/2010\/08\/Letnja-scena-Ulcinj-2010.2-150x150.jpg\" class=\"attachment-thumbnail size-thumbnail\" alt=\"\" loading=\"lazy\" \/><\/a>\n\t\t\t<\/dt><\/dl><dl class='gallery-item'>\n\t\t\t<dt class='gallery-icon landscape'>\n\t\t\t\t<a href='https:\/\/www.visit-ulcinj.com\/blog\/wp-content\/uploads\/2010\/08\/Letnja-scena-Ulcinj-2010.1.jpg'><img width=\"150\" height=\"150\" src=\"https:\/\/www.visit-ulcinj.com\/blog\/wp-content\/uploads\/2010\/08\/Letnja-scena-Ulcinj-2010.1-150x150.jpg\" class=\"attachment-thumbnail size-thumbnail\" alt=\"\" loading=\"lazy\" \/><\/a>\n\t\t\t<\/dt><\/dl>\n\t\t\t<br style='clear: both' \/>\n\t\t<\/div>\n<br \/>\n<\/a><!--YouTube Error: bad URL entered--><a href=\"http:\/\/www.facebook.com\/profile.php?id=1359492972\"><\/a><\/h3>\n","protected":false},"excerpt":{"rendered":"<p>Jos jedan festival je pro\u0161ao. Sino\u0107 je okoncana &#8220;Letnja scena&#8221; 23. po redu festivala, drame, muzike i svega ostaloga koje organizatori i nazivaju umjetno\u0161\u0107u. Bilo je tu svega, od obi\u010dnih amatera pa do zaista vrsnih umjetnika. Na slavnom Trgu &#8220;Servantesa&#8221; me\u0111u drevne zidine Starog grada Ulcinja, 25.08.2010. god. spu\u0161tena je zavjesa i Trg \u0107e od [&hellip;]<\/p>\n","protected":false},"author":1,"featured_media":0,"comment_status":"open","ping_status":"closed","sticky":false,"template":"","format":"standard","meta":{"spay_email":"","jetpack_publicize_message":"","jetpack_is_tweetstorm":false,"jetpack_publicize_feature_enabled":true},"categories":[8337],"tags":[15087],"jetpack_publicize_connections":[],"yoast_head":"<!-- This site is optimized with the Yoast SEO plugin v19.1 - https:\/\/yoast.com\/wordpress\/plugins\/seo\/ -->\n<title>Okoncana &quot;Letnja scena&quot; Ulcinj 2010 - Lajme nga Ulqini<\/title>\n<meta name=\"description\" content=\"Jos jedan festival je pro\u0161ao. Sino\u0107 je okoncana &quot;Letnja scena&quot; 23. po redu festivala, drame, muzike i svega ostaloga koje organizatori i nazivaju\" \/>\n<meta name=\"robots\" content=\"index, follow, max-snippet:-1, max-image-preview:large, max-video-preview:-1\" \/>\n<link rel=\"canonical\" href=\"https:\/\/www.visit-ulcinj.com\/blog\/2010\/08\/27\/okoncana-letnja-scena-ulcinj-2010\/\" \/>\n<meta property=\"og:locale\" content=\"en_US\" \/>\n<meta property=\"og:type\" content=\"article\" \/>\n<meta property=\"og:title\" content=\"Okoncana &quot;Letnja scena&quot; Ulcinj 2010 - Lajme nga Ulqini\" \/>\n<meta property=\"og:description\" content=\"Jos jedan festival je pro\u0161ao. Sino\u0107 je okoncana &quot;Letnja scena&quot; 23. po redu festivala, drame, muzike i svega ostaloga koje organizatori i nazivaju\" \/>\n<meta property=\"og:url\" content=\"https:\/\/www.visit-ulcinj.com\/blog\/2010\/08\/27\/okoncana-letnja-scena-ulcinj-2010\/\" \/>\n<meta property=\"og:site_name\" content=\"Lajme nga Ulqini\" \/>\n<meta property=\"article:published_time\" content=\"2010-08-26T22:00:17+00:00\" \/>\n<meta property=\"og:image\" content=\"https:\/\/www.visit-ulcinj.com\/blog\/wp-content\/uploads\/2010\/08\/Letnja-scena-Ulcinj-2010-150x150.jpg\" \/>\n<meta name=\"twitter:label1\" content=\"Written by\" \/>\n\t<meta name=\"twitter:data1\" content=\"ulqini\" \/>\n\t<meta name=\"twitter:label2\" content=\"Est. reading time\" \/>\n\t<meta name=\"twitter:data2\" content=\"2 minutes\" \/>\n<script type=\"application\/ld+json\" class=\"yoast-schema-graph\">{\"@context\":\"https:\/\/schema.org\",\"@graph\":[{\"@type\":\"WebSite\",\"@id\":\"https:\/\/www.visit-ulcinj.com\/blog\/#website\",\"url\":\"https:\/\/www.visit-ulcinj.com\/blog\/\",\"name\":\"Lajme nga Ulqini\",\"description\":\"Lajme,Vijesti,Ulqini,Ulqin,Crna Gora,Mali i Zi\",\"potentialAction\":[{\"@type\":\"SearchAction\",\"target\":{\"@type\":\"EntryPoint\",\"urlTemplate\":\"https:\/\/www.visit-ulcinj.com\/blog\/?s={search_term_string}\"},\"query-input\":\"required name=search_term_string\"}],\"inLanguage\":\"en-US\"},{\"@type\":\"ImageObject\",\"inLanguage\":\"en-US\",\"@id\":\"https:\/\/www.visit-ulcinj.com\/blog\/2010\/08\/27\/okoncana-letnja-scena-ulcinj-2010\/#primaryimage\",\"url\":\"https:\/\/www.visit-ulcinj.com\/blog\/wp-content\/uploads\/2010\/08\/Letnja-scena-Ulcinj-2010.jpg\",\"contentUrl\":\"https:\/\/www.visit-ulcinj.com\/blog\/wp-content\/uploads\/2010\/08\/Letnja-scena-Ulcinj-2010.jpg\",\"width\":\"720\",\"height\":\"540\"},{\"@type\":\"WebPage\",\"@id\":\"https:\/\/www.visit-ulcinj.com\/blog\/2010\/08\/27\/okoncana-letnja-scena-ulcinj-2010\/#webpage\",\"url\":\"https:\/\/www.visit-ulcinj.com\/blog\/2010\/08\/27\/okoncana-letnja-scena-ulcinj-2010\/\",\"name\":\"Okoncana \\\"Letnja scena\\\" Ulcinj 2010 - Lajme nga Ulqini\",\"isPartOf\":{\"@id\":\"https:\/\/www.visit-ulcinj.com\/blog\/#website\"},\"primaryImageOfPage\":{\"@id\":\"https:\/\/www.visit-ulcinj.com\/blog\/2010\/08\/27\/okoncana-letnja-scena-ulcinj-2010\/#primaryimage\"},\"datePublished\":\"2010-08-26T22:00:17+00:00\",\"dateModified\":\"2010-08-26T22:00:17+00:00\",\"author\":{\"@id\":\"https:\/\/www.visit-ulcinj.com\/blog\/#\/schema\/person\/dcab619c614d3038751c63bc2aadc06d\"},\"description\":\"Jos jedan festival je pro\u0161ao. Sino\u0107 je okoncana \\\"Letnja scena\\\" 23. po redu festivala, drame, muzike i svega ostaloga koje organizatori i nazivaju\",\"breadcrumb\":{\"@id\":\"https:\/\/www.visit-ulcinj.com\/blog\/2010\/08\/27\/okoncana-letnja-scena-ulcinj-2010\/#breadcrumb\"},\"inLanguage\":\"en-US\",\"potentialAction\":[{\"@type\":\"ReadAction\",\"target\":[\"https:\/\/www.visit-ulcinj.com\/blog\/2010\/08\/27\/okoncana-letnja-scena-ulcinj-2010\/\"]}]},{\"@type\":\"BreadcrumbList\",\"@id\":\"https:\/\/www.visit-ulcinj.com\/blog\/2010\/08\/27\/okoncana-letnja-scena-ulcinj-2010\/#breadcrumb\",\"itemListElement\":[{\"@type\":\"ListItem\",\"position\":1,\"name\":\"Okoncana &#8220;Letnja scena&#8221; Ulcinj 2010\"}]},{\"@type\":\"Person\",\"@id\":\"https:\/\/www.visit-ulcinj.com\/blog\/#\/schema\/person\/dcab619c614d3038751c63bc2aadc06d\",\"name\":\"ulqini\",\"sameAs\":[\"http:\/\/www.visit-ulcinj.com\"],\"url\":\"https:\/\/www.visit-ulcinj.com\/blog\/author\/admin\/\"}]}<\/script>\n<!-- \/ Yoast SEO plugin. -->","yoast_head_json":{"title":"Okoncana \"Letnja scena\" Ulcinj 2010 - Lajme nga Ulqini","description":"Jos jedan festival je pro\u0161ao. Sino\u0107 je okoncana \"Letnja scena\" 23. po redu festivala, drame, muzike i svega ostaloga koje organizatori i nazivaju","robots":{"index":"index","follow":"follow","max-snippet":"max-snippet:-1","max-image-preview":"max-image-preview:large","max-video-preview":"max-video-preview:-1"},"canonical":"https:\/\/www.visit-ulcinj.com\/blog\/2010\/08\/27\/okoncana-letnja-scena-ulcinj-2010\/","og_locale":"en_US","og_type":"article","og_title":"Okoncana \"Letnja scena\" Ulcinj 2010 - Lajme nga Ulqini","og_description":"Jos jedan festival je pro\u0161ao. Sino\u0107 je okoncana \"Letnja scena\" 23. po redu festivala, drame, muzike i svega ostaloga koje organizatori i nazivaju","og_url":"https:\/\/www.visit-ulcinj.com\/blog\/2010\/08\/27\/okoncana-letnja-scena-ulcinj-2010\/","og_site_name":"Lajme nga Ulqini","article_published_time":"2010-08-26T22:00:17+00:00","og_image":[{"url":"https:\/\/www.visit-ulcinj.com\/blog\/wp-content\/uploads\/2010\/08\/Letnja-scena-Ulcinj-2010-150x150.jpg"}],"twitter_misc":{"Written by":"ulqini","Est. reading time":"2 minutes"},"schema":{"@context":"https:\/\/schema.org","@graph":[{"@type":"WebSite","@id":"https:\/\/www.visit-ulcinj.com\/blog\/#website","url":"https:\/\/www.visit-ulcinj.com\/blog\/","name":"Lajme nga Ulqini","description":"Lajme,Vijesti,Ulqini,Ulqin,Crna Gora,Mali i Zi","potentialAction":[{"@type":"SearchAction","target":{"@type":"EntryPoint","urlTemplate":"https:\/\/www.visit-ulcinj.com\/blog\/?s={search_term_string}"},"query-input":"required name=search_term_string"}],"inLanguage":"en-US"},{"@type":"ImageObject","inLanguage":"en-US","@id":"https:\/\/www.visit-ulcinj.com\/blog\/2010\/08\/27\/okoncana-letnja-scena-ulcinj-2010\/#primaryimage","url":"https:\/\/www.visit-ulcinj.com\/blog\/wp-content\/uploads\/2010\/08\/Letnja-scena-Ulcinj-2010.jpg","contentUrl":"https:\/\/www.visit-ulcinj.com\/blog\/wp-content\/uploads\/2010\/08\/Letnja-scena-Ulcinj-2010.jpg","width":"720","height":"540"},{"@type":"WebPage","@id":"https:\/\/www.visit-ulcinj.com\/blog\/2010\/08\/27\/okoncana-letnja-scena-ulcinj-2010\/#webpage","url":"https:\/\/www.visit-ulcinj.com\/blog\/2010\/08\/27\/okoncana-letnja-scena-ulcinj-2010\/","name":"Okoncana \"Letnja scena\" Ulcinj 2010 - Lajme nga Ulqini","isPartOf":{"@id":"https:\/\/www.visit-ulcinj.com\/blog\/#website"},"primaryImageOfPage":{"@id":"https:\/\/www.visit-ulcinj.com\/blog\/2010\/08\/27\/okoncana-letnja-scena-ulcinj-2010\/#primaryimage"},"datePublished":"2010-08-26T22:00:17+00:00","dateModified":"2010-08-26T22:00:17+00:00","author":{"@id":"https:\/\/www.visit-ulcinj.com\/blog\/#\/schema\/person\/dcab619c614d3038751c63bc2aadc06d"},"description":"Jos jedan festival je pro\u0161ao. Sino\u0107 je okoncana \"Letnja scena\" 23. po redu festivala, drame, muzike i svega ostaloga koje organizatori i nazivaju","breadcrumb":{"@id":"https:\/\/www.visit-ulcinj.com\/blog\/2010\/08\/27\/okoncana-letnja-scena-ulcinj-2010\/#breadcrumb"},"inLanguage":"en-US","potentialAction":[{"@type":"ReadAction","target":["https:\/\/www.visit-ulcinj.com\/blog\/2010\/08\/27\/okoncana-letnja-scena-ulcinj-2010\/"]}]},{"@type":"BreadcrumbList","@id":"https:\/\/www.visit-ulcinj.com\/blog\/2010\/08\/27\/okoncana-letnja-scena-ulcinj-2010\/#breadcrumb","itemListElement":[{"@type":"ListItem","position":1,"name":"Okoncana &#8220;Letnja scena&#8221; Ulcinj 2010"}]},{"@type":"Person","@id":"https:\/\/www.visit-ulcinj.com\/blog\/#\/schema\/person\/dcab619c614d3038751c63bc2aadc06d","name":"ulqini","sameAs":["http:\/\/www.visit-ulcinj.com"],"url":"https:\/\/www.visit-ulcinj.com\/blog\/author\/admin\/"}]}},"jetpack_featured_media_url":"","jetpack_sharing_enabled":true,"jetpack_shortlink":"https:\/\/wp.me\/pe6lTn-9tl","_links":{"self":[{"href":"https:\/\/www.visit-ulcinj.com\/blog\/wp-json\/wp\/v2\/posts\/36415"}],"collection":[{"href":"https:\/\/www.visit-ulcinj.com\/blog\/wp-json\/wp\/v2\/posts"}],"about":[{"href":"https:\/\/www.visit-ulcinj.com\/blog\/wp-json\/wp\/v2\/types\/post"}],"author":[{"embeddable":true,"href":"https:\/\/www.visit-ulcinj.com\/blog\/wp-json\/wp\/v2\/users\/1"}],"replies":[{"embeddable":true,"href":"https:\/\/www.visit-ulcinj.com\/blog\/wp-json\/wp\/v2\/comments?post=36415"}],"version-history":[{"count":0,"href":"https:\/\/www.visit-ulcinj.com\/blog\/wp-json\/wp\/v2\/posts\/36415\/revisions"}],"wp:attachment":[{"href":"https:\/\/www.visit-ulcinj.com\/blog\/wp-json\/wp\/v2\/media?parent=36415"}],"wp:term":[{"taxonomy":"category","embeddable":true,"href":"https:\/\/www.visit-ulcinj.com\/blog\/wp-json\/wp\/v2\/categories?post=36415"},{"taxonomy":"post_tag","embeddable":true,"href":"https:\/\/www.visit-ulcinj.com\/blog\/wp-json\/wp\/v2\/tags?post=36415"}],"curies":[{"name":"wp","href":"https:\/\/api.w.org\/{rel}","templated":true}]}}