{"id":3643,"date":"2008-09-27T12:19:40","date_gmt":"2008-09-27T17:19:40","guid":{"rendered":"http:\/\/www.visit-ulcinj.com\/blog\/?p=3643"},"modified":"2008-10-17T14:05:58","modified_gmt":"2008-10-17T19:05:58","slug":"kryetarja-e-kuvendit-takon-kryetarin-dhe-anetaret-e-gjykates-kushtetuese-te-malit-te-zi","status":"publish","type":"post","link":"https:\/\/www.visit-ulcinj.com\/blog\/2008\/09\/27\/kryetarja-e-kuvendit-takon-kryetarin-dhe-anetaret-e-gjykates-kushtetuese-te-malit-te-zi\/","title":{"rendered":"Kryetarja e Kuvendit takon Kryetarin dhe an\u00ebtar\u00ebt e Gjykat\u00ebs Kushtetuese t\u00eb Malit t\u00eb Zi."},"content":{"rendered":"<p><a href=\"http:\/\/www.visit-ulcinj.com\/blog\/wp-content\/uploads\/2008\/09\/jozefina-topalli-_milan-markovic.jpg\" target=\"_blank\"><img loading=\"lazy\" class=\"alignleft size-medium wp-image-3647\" title=\"jozefina-topalli-_milan-markovic1\" src=\"http:\/\/www.visit-ulcinj.com\/blog\/wp-content\/uploads\/2008\/09\/jozefina-topalli-_milan-markovic1.jpg\" alt=\"\" width=\"300\" height=\"205\" \/><\/a>Reformat dhe sfidat legjislative, shk\u00ebmbimi i p\u00ebrvojave n\u00eb forcimin e sistemit t\u00eb drejt\u00ebsis\u00eb dhe bashk\u00ebpunimi rajonal ishin fokusi kryesor i takimit q\u00eb Kryetarja e Kuvendit t\u00eb Shqip\u00ebris\u00eb, Jozefina Topalli zhvilloi sot me Kryetarin e Gjykat\u00ebs Kushtetuese t\u00eb Malit t\u00eb Zi, Milan Markovi\u00e7 dhe 7 an\u00ebtar\u00ebt e k\u00ebsaj gjykate.<\/p>\n<p>Pasi u uroi mir\u00ebseardhjen, Kryetarja e Kuvendit thekoi se dy vende kaq t\u00eb af\u00ebrta gjeografikisht duhet t\u00eb intensifikojn\u00eb marr\u00ebdh\u00ebniet n\u00eb planin dy pal\u00ebsh por edhe rajonal.<br \/>\n\u201cShqip\u00ebria \u00ebsht\u00eb nj\u00eb  vend me transformime m\u00eb t\u00eb m\u00ebdha, tha zoti Markovi\u00e7, vend ku duket qart\u00eb zhvillimi ekonomik e infrastrukturor dhe ngjason me nj\u00eb kantier nd\u00ebrtimi. Ne ndihemi mir\u00eb kur nj\u00eb vend mik si Shqip\u00ebria ka k\u00ebt\u00eb zhvillim dhe, shk\u00ebmbime t\u00eb tilla vizitash nxisin forcimin e m\u00ebtejsh\u00ebm t\u00eb marr\u00ebdh\u00ebnieve politike e profesionale.\u201d<br \/>\n\u201cReformat e para legjislative q\u00eb n\u00eb kryem, theksoi Kryetarja e Kuvendit, ishin ato ekonomike. P\u00ebrgjysmuam taksat, leht\u00ebsuam procedurat e hapjes s\u00eb nj\u00eb biznesi t\u00eb ri, krijuam nj\u00eb klim\u00eb t\u00eb till\u00eb ekonomike q\u00eb ka sjell\u00eb nj\u00eb bum investimesh dhe turist\u00ebsh n\u00eb vend. Tashm\u00eb n\u00eb Kuvend po vijojm\u00eb pun\u00ebn n\u00eb reformimin e drejt\u00ebsis\u00eb, q\u00eb \u00ebsht\u00eb nj\u00eb prioritet i yni.\u201d<br \/>\nM\u00eb tej bashk\u00ebbiseduesit diskutuan rreth reformave n\u00eb p\u00ebrmir\u00ebsimin e kuadrit ligjor dhe bashk\u00ebpunimin nd\u00ebrinstitucional n\u00eb forcimin e shtetit t\u00eb s\u00eb drejt\u00ebs.<br \/>\nBashk\u00ebpunimi rajonal ishte nj\u00eb tjet\u00ebr pik\u00eb e bised\u00ebs, ku Kryetarja e Kuvendit theksoi se me realitetin e ri pas pavar\u00ebsis\u00eb s\u00eb Kosov\u00ebs, rajoni \u00ebsht\u00eb m\u00eb i stabilizuar dhe vendet ballkanike duhet t\u00eb rrisin bashk\u00ebpunimin, p\u00ebr t\u00eb shkurtuar proceset integruese.<br \/>\nKryetarja e Kuvendit tha se do t\u00eb ishte k\u00ebnaq\u00ebsi p\u00ebr t\u00eb dhe Kuvendin e Shqip\u00ebris\u00eb vizita e Kryetarit t\u00eb parlamentit t\u00eb Malit t\u00eb Zi, brenda nj\u00eb periudhe sa m\u00eb t\u00eb af\u00ebrt.<br \/>\nN\u00eb takim ishte i pranish\u00ebm edhe Kryetari i Gjykat\u00ebs Kushtetuese t\u00eb Shqip\u00ebris\u00eb, Vladimir Kristo.<br \/>\n<strong>Burimi \/ Parlament.al<\/strong><\/p>\n<p style=\"text-align: center;\"><a class=\"aligncenter\" title=\"???? ????,?????,Ulcinj,Montenegru,??????????,\u00c7ernoqoriya,Besplatni internet oglasi,Besplatni oglasi,besplatni mali oglasi,besplatni turisti?ki oglasi,oglasi, usluge, turizam,Turisti?ke usluge,Doma?i turizam,Besplatni Oglasnik,Brzi Oglasi Besplatno,Besplatno OglasavanjeTurizam,besplatni oglasi sa slikom,Turisticki informator besplatni,li?ni-oglasi,BESPLATNI Turisticki OGLASI SA SLIKAMA,BESPLATNI Turisticki Oglasi saVideom,turisticki smestaj oglasi,Turisti?ki vodi? balkana,BESPLATNA REZERVACIJA SMESTAJA,Postavite besplatno Vas oglas,FREE TOURIST GUIDES,Izdavanje-Turizam oglasi,Balkan Turisticki vodic,shpallje turistike falas,Shpallje Falas,Shpallje falas per Komplekse Turistike,Lajmerime,Njoftime,shpallje shqip per shqiptaret ne shqiperi kosova maqedoni,mal te zi,???????????,Montenegiro,?ern\u00e1 Hora,??????????,Cz\u00f4rnog\u00f3ra,Cz\u00f4rn\u00f4 G\u00f3ra,Carna G\u00f3ra,T\u0161ernogooria,\u00c7ernogoriya,Montain\u00e9agr\u00f3,Montenegwo,?orna Hora,Montenegr\u00f3,M?ntenigro,Chernogoriya ,\u00c7\u00earnogor\u00ee ,?????????,????????? ,??????? ,Montes Nigrae,Mons Niger,M\u00f4ntenegr\u00f4,Muntenegru,??????????,Czarnog\u00f3ra,Muntinigru,Muntenegro,&lt;br &gt;&lt;\/a&gt; Muntenegru,\t?ierna Hora,Cxerngora,????????,?rna gora,Moontineegro,?ornog?ra,\u00c7ernogori\u00fda,Chernogoriya,Mont\u00f5negro,????? ???? ,?r?na Gora,?r?nogorije,?ernogorija,?arnahoryja,??????????,???????????????????? ,?ern\u00f4g\u00f4riy\u00e2,M\u00fbnt\u00een\u00ee?r\u00fb,????? ?????? ,????????,??????????,???????????,M\u00e2nten\u00eegro,???? ????? ,????????,M\u00f4ntenegr\u00f4,????????????,???????????,????????????, ??????????? ,????????????,??????????? ,\u008d\u2022?R\/?K?R ,\u0192\u201a\u0192\u201c\u0192e\u0192l\u0192O\u0192\u008d,\u00b8???\u00b3?\u00b1?\u00b7? ,Muntenegru, ????? ????, Montenegr?,chambres ? louer ? ulcinj, location de vacance, location saisonni?res, louer villa,location de vacance, Locations vacance, h?bergements vacances, locations villa, logements de vacances, location maison avec piscine, Location vacance, locations de vacance, h?bergements de vacances, location villa, locations entre particulier, logements vacance, vacances ? Mont?n?gro - location ? Ulcinj ,location  de bigorre,Urlaub in Ulcinj -Montenegro,Hotelbewertungen Ulcinj,Reisen Ulcinj, Urlaub Ulcinj,Hotel in Serbien und Montenegro von Urlaubern bewertet,Billig Urlaub in Ulcinj,ferienh?user,ferienwohnung,Billige Ferienh?user,Ferienwohnung ULCINJ,Ferien an der Adria,Urlaub im Ferienhaus ulcinjBilligreisen Ulcinj,Pauschalreisen,FKK Strand Ada Bojana ulcinj,Last Minute Angebote ulcinj,Preise f?r Lastminute,Kleinanzeigen gratis,Ausflug nach Ulcinj,FKK-Reisen ada bojana,FKK-Urlaub ulcinj,Privatni smje?taj,rezervacija smje?taja,apartmani,sobe,ku?e,odmor,sobe za odmor ulcinj,Pretra?ivanje privatnog smje?taja,rooms rent accommodation ulcinj, rentail private accommodation ulcinj,?elite rezervirati privatni smje?taj,Private accommodation,Smje?taj ulcinj,Pushime Verore ulqin,pushime t? lira n? ulqin,Pushime ne plazh,Pushime te kendshme,dhoma per pushime ulqin,dhoma me qera ulqin,dhoma te lira ulqin,pushime te lira ulqin,mali i zi,kosova,maqedoni,shqiperi,Pushime ne det te ulqinit,godi?nji odmor u ulcinj,odmor u ulcinj,Ku?a za odmor,kuda na odmor,ljetovanje u ulcinj,slobodne sobe,dhoma te lira,ku?a uz more,turisti?ka ponuda,odmor i zabava,povolne cene,sobe,usluge,Mjesto za Va? odmor , Place for Your holiday,Odmor portal,putovanaja,Iznajmljivanje soba ulcinj,odmor ulcinj info,Va?e mjesto za odmor ulcinj,nudisticka plaza ada bojana,smjestaj ponuda ulcinj,lokacioni i dhomave ulqin,deti,plazhet e bukura,diskoteka,zbavitja,.\" href=\"http:\/\/www.visit-ulcinj.com\/tourism\/\" target=\"_blank\"><img loading=\"lazy\" class=\"aligncenter\" title=\"SHPALLJE TURISTIKE FALAS,FREE TOURIST GUIDES,BESPLATNI TURISTI?KI OGLASI,balkan holiday rentals,ALBANIJA,ALBANIA,SHQIPERIJA,CRNA GORA,HRVATSKA,KROACIA,SLOVENIJA,MAKEDONIJA,MAKEDONIA,SRBIJA,MONTENEGRO,MALI I ZI,\" src=\"http:\/\/www.visit-ulcinj.com\/blog\/wp-content\/uploads\/2008\/09\/balkanholidayrentals.gif\" alt=\"Apatin,  Aran?elovac,  ?uprija,  ?a?ak,  ?apljina,  ?itluk,  ?abac,  ?ipovo,  ?iroki Brijeg,  ?ep?e,  ?ivinice,  Ba?ka Palanka,  Banja Luka,  Banovi?i,  Be?ej,  beograd,  Biha?,  Bijeljina,  Bor,  Bor?a,  Bosanska Gradi?ka,  Bosanska Krupa,  Bosanski ?amac,  Bosanski Brod,  Bosanski Novi,  Br?ko,  Bu?im,  Bugojno,  Cazin,  Crna Gora,  Derventa,  Doboj,  Donji Vakuf,  Drvar,  Dubrovnik,  Fo?a,  Fojnica,  Glamo?,  Gora?de,  Gornji Milanovac,  Gornji Vakuf,  gostivar,  Gra?anica,  Grada?ac,  Gradiska,  Grahovo,  Had?i?i,  Ilid?a,  In?ija,  Jablanica,  Jagodina,  Jajce,  Kakanj,  Kalu?erica,  Kikinda,  Klju?,  Konjic,  Kotor Varo?,  Kragujevac,  Kraljevo,  Kru?evac,  Kula,  Kupres,  Lakta?i,  Lazarevac,  Leskovac,  Livno,  Ljubinje,  ljublana,  Ljubu?ki,  Loznica,  Lukavac,  Maglaj,  Mladenovac,  Modri?a,  montenegro erlajnz,  mostar,  Mrkonji? Grad,  Neum,  Ni?,  Novi Pazar,  Novi Sad,  Novi Travnik,  Obrenovac,  Od?ak,  ohrid,  Ora?je,  Pale,  Pan?evo,  Para?in,  Pirot,  Po?arevac,  Podgorica,  Priboj,  Prijedor,  Prokuplje,  Prozor,  pula,  rijeka,  Ruma,  Sanski Most,  Sarajevo,  Senta,  serbija,  sibenik,  skopje,  Smederevo,  Smederevska Palanka,  Sokolac,  Sombor,  split,  Srebrenica,  Srebrenik,  Sremska Mitrovica,  Stolac,  Struga,  Subotica,  Temerin,  Tesli?,  tetovo,  Travnik,  Trebinje,  tuzla,  U?ice,  ulcinj,  Valjevo,  Velika Kladu?a,  Vi?egrad,  Visoko,  Vitez,  Vogo??a,  vojvodina,  Vranje,  Vr?ac,  Vrbas,  zadar,  Zagreb,  Zaje?ar,  Zavidovi?i,  Zenica,  Zrenjanin,  Zvornik,copacabana ulcinj,  h?tels,  hotel ulqin,  Kosova,  Mali i Zi,  Maqedonija,  Montenegro,  montenegro tourisme plage,  montenegro ulcinj,  Shpallje Falas,  Shpallje Falas per shitjen e shtepis se juaj,  Shpallje Falas per villat e juaj,  Shpallje Falas Real Estate,  Shpallje Falas turistike,  shqiperija,  tourisme,  Ulci?,  ulcinj,  ulqin,  ulqin hotel,  ulqini,  ulqini 2007,Ada Bojana,  Alba?czyk,  Cita di Dolcino,  Copacabana,  Czarnog?ra,  Czarnog?rzec,  Don Kichota,  Ma\u00b3a Pla?a,  Mandra,  MIGUEL DE SERVANTES,  p?\u00b3wyspy Marjan,  Pla?a Valdanos,  Rzeka Bojana,  Shas \/ ?as \/ Sva?,  Ulci?,  Ulcinjsk\u00b9 Riwier?,  Wielka Pla?a,  Wyspa Bojana,GORA,??????????,???????,??????????, ?ern? Hora,TO ULCINJ \/ ULQIN,MONTENEGRO, Czarnog?ra, Muntenegru, ????? ????, Montenegr?,villa ? louer ? ulcinj, location de vacance, location saisonni?res, louer chambres,location de vacance, Locations vacance, h?bergements vacances, locations villa, logements de vacances, location maison avec piscine, Location vacance, locations de vacance, h?bergements de vacances, location, locations entre particulier, logements vacance, vacances ? Mont?n?gro - location ? Ulcinj ,location  de bigorre,Albaniku,  Artana,  Bujanoci,  Burimi,  Dardana,  Dardan?,  De?an,  Dibra,  Drenas,  Drenasi,  Ferizaj,  Ferizaji,  Fush? Kosova,Besplatni internet oglasi,Besplatni oglasi,besplatni mali oglasi,besplatni turisti?ki oglasi,oglasi, usluge, turizam,Turisti?ke usluge,Doma?i turizam,Besplatni Oglasnik,Brzi Oglasi Besplatno,Besplatno OglasavanjeTurizam,besplatni oglasi sa slikom,Turisticki informator besplatni,li?ni-oglasi,BESPLATNI Turisticki OGLASI SA SLIKAMA,BESPLATNI Turisticki Oglasi saVideom,turisticki smestaj oglasi,Turisti?ki vodi? balkana,BESPLATNA REZERVACIJA SMESTAJA,Postavite besplatno Vas oglas,FREE TOURIST GUIDES,Izdavanje-Turizam oglasi,Balkan Turisticki vodic,shpallje turistike falas,Shpallje Falas,Shpallje falas per Komplekse Turistike,Lajmerime,Njoftime,shpallje shqip per shqiptaret ne shqiperi kosova maqedoni,mal te zi,Fush? Kosov?,  Gjakova,  Gjakov?,  Gjilan,  Gjilani,  Gostivari,  Istog,  Istog\u00b7,  Ka?anik,  Ka?aniku,  Kastrioti,  K?r?ova,  Klina,  Klin?,  Kumanova,  Leposaviq,  Leskovci,  Likova,  Lipjan,  Lipjani,  Malisheva,  Malishev?,  Manastiri,  Medvegja,  Mitrovica,  Mitrovic?,  Novob?rd?,  Obiliq\u00b7 Rahovec,  Ohri,  Peja,  Pej?,  Podujeva,  Podujev?,  Presheva,  Prishtina,  Prishtin?,  Prizren,  Prizreni,  Rahoveci,  Sharri,  Sharri (Kosov?),  Shkupi,  Sht?rpca,  Sht?rpc?,  Shtime,  Sk?nderaj,  Struga,  Tetova,  Theranda,  Therand?,  Triumf Riza,  Veleshta,  Viti,  Vitia,  Vushtrri,  Vushtrria,  Zubin Potok,  Zubin Potoku,  Zve?an,  Zve?ani,Struga,Gostivari,Gostivar,Ker?ova,Tirana,Durr?si,Elbasani,Shkodra,Tuzi,Vlora, Kor?a,Fieri,Berati,Lushnja ,Kavaja,Pogradeci,La?i,Gjirokastra,Patosi,Kruja,Ku?ova,Kuk?si,Lezha,Saranda,Peshkopia,Burreli,C?rriku,?orovoda,Shijaku,Librazhdi,Tepelena,Gramshi,Poli?ani,Bulqiza,P?rmeti,Fush?Kruja,Kamza,Rr?sheni,Ballshi,Mamurrasi,BajramCurri,Erseka,Peqini,Divjaka,Selenica,Bilishti,Roskoveci,Puka,Memaliaj,Rrogozhina,Ura Vajgurore,Himara,Delvina,Vora,Kopliku,Maliqi,P?rrenjasi,Kruma, Libohova,Orikumi,Fush?-Arr?za,Sh?ngjini,Rubiku,Miloti, Leskoviku,Konispoli,K?lcyra,Krasta,K?rraba,Manastiri,Hara?ina,Likova,Prilepi,Zajazi,Vrap?ishti,Bogovin?,\" width=\"420\" height=\"120\" \/><\/a><\/p>\n","protected":false},"excerpt":{"rendered":"<p>Reformat dhe sfidat legjislative, shk\u00ebmbimi i p\u00ebrvojave n\u00eb forcimin e sistemit t\u00eb drejt\u00ebsis\u00eb dhe bashk\u00ebpunimi rajonal ishin fokusi kryesor i takimit q\u00eb Kryetarja e Kuvendit t\u00eb Shqip\u00ebris\u00eb, Jozefina Topalli zhvilloi sot me Kryetarin e Gjykat\u00ebs Kushtetuese t\u00eb Malit t\u00eb Zi, Milan Markovi\u00e7 dhe 7 an\u00ebtar\u00ebt e k\u00ebsaj gjykate. Pasi u uroi mir\u00ebseardhjen, Kryetarja e Kuvendit [&hellip;]<\/p>\n","protected":false},"author":1,"featured_media":0,"comment_status":"open","ping_status":"closed","sticky":false,"template":"","format":"standard","meta":{"spay_email":"","jetpack_publicize_message":"","jetpack_is_tweetstorm":false,"jetpack_publicize_feature_enabled":true},"categories":[6,12],"tags":[95,4600,50,4599],"jetpack_publicize_connections":[],"yoast_head":"<!-- This site is optimized with the Yoast SEO plugin v19.1 - https:\/\/yoast.com\/wordpress\/plugins\/seo\/ -->\n<title>Kryetarja e Kuvendit takon Kryetarin dhe an\u00ebtar\u00ebt e Gjykat\u00ebs Kushtetuese t\u00eb Malit t\u00eb Zi. - Lajme nga Ulqini<\/title>\n<meta name=\"description\" content=\"Reformat dhe sfidat legjislative, shk\u00ebmbimi i p\u00ebrvojave n\u00eb forcimin e sistemit t\u00eb drejt\u00ebsis\u00eb dhe bashk\u00ebpunimi rajonal ishin fokusi kryesor i takimit q\u00eb\" \/>\n<meta name=\"robots\" content=\"index, follow, max-snippet:-1, max-image-preview:large, max-video-preview:-1\" \/>\n<link rel=\"canonical\" href=\"https:\/\/www.visit-ulcinj.com\/blog\/2008\/09\/27\/kryetarja-e-kuvendit-takon-kryetarin-dhe-anetaret-e-gjykates-kushtetuese-te-malit-te-zi\/\" \/>\n<meta property=\"og:locale\" content=\"en_US\" \/>\n<meta property=\"og:type\" content=\"article\" \/>\n<meta property=\"og:title\" content=\"Kryetarja e Kuvendit takon Kryetarin dhe an\u00ebtar\u00ebt e Gjykat\u00ebs Kushtetuese t\u00eb Malit t\u00eb Zi. - Lajme nga Ulqini\" \/>\n<meta property=\"og:description\" content=\"Reformat dhe sfidat legjislative, shk\u00ebmbimi i p\u00ebrvojave n\u00eb forcimin e sistemit t\u00eb drejt\u00ebsis\u00eb dhe bashk\u00ebpunimi rajonal ishin fokusi kryesor i takimit q\u00eb\" \/>\n<meta property=\"og:url\" content=\"https:\/\/www.visit-ulcinj.com\/blog\/2008\/09\/27\/kryetarja-e-kuvendit-takon-kryetarin-dhe-anetaret-e-gjykates-kushtetuese-te-malit-te-zi\/\" \/>\n<meta property=\"og:site_name\" content=\"Lajme nga Ulqini\" \/>\n<meta property=\"article:published_time\" content=\"2008-09-27T17:19:40+00:00\" \/>\n<meta property=\"article:modified_time\" content=\"2008-10-17T19:05:58+00:00\" \/>\n<meta property=\"og:image\" content=\"http:\/\/www.visit-ulcinj.com\/blog\/wp-content\/uploads\/2008\/09\/jozefina-topalli-_milan-markovic1.jpg\" \/>\n<meta name=\"twitter:label1\" content=\"Written by\" \/>\n\t<meta name=\"twitter:data1\" content=\"ulqini\" \/>\n\t<meta name=\"twitter:label2\" content=\"Est. reading time\" \/>\n\t<meta name=\"twitter:data2\" content=\"2 minutes\" \/>\n<script type=\"application\/ld+json\" class=\"yoast-schema-graph\">{\"@context\":\"https:\/\/schema.org\",\"@graph\":[{\"@type\":\"WebSite\",\"@id\":\"https:\/\/www.visit-ulcinj.com\/blog\/#website\",\"url\":\"https:\/\/www.visit-ulcinj.com\/blog\/\",\"name\":\"Lajme nga Ulqini\",\"description\":\"Lajme,Vijesti,Ulqini,Ulqin,Crna Gora,Mali i Zi\",\"potentialAction\":[{\"@type\":\"SearchAction\",\"target\":{\"@type\":\"EntryPoint\",\"urlTemplate\":\"https:\/\/www.visit-ulcinj.com\/blog\/?s={search_term_string}\"},\"query-input\":\"required name=search_term_string\"}],\"inLanguage\":\"en-US\"},{\"@type\":\"ImageObject\",\"inLanguage\":\"en-US\",\"@id\":\"https:\/\/www.visit-ulcinj.com\/blog\/2008\/09\/27\/kryetarja-e-kuvendit-takon-kryetarin-dhe-anetaret-e-gjykates-kushtetuese-te-malit-te-zi\/#primaryimage\",\"url\":\"http:\/\/www.visit-ulcinj.com\/blog\/wp-content\/uploads\/2008\/09\/jozefina-topalli-_milan-markovic1.jpg\",\"contentUrl\":\"http:\/\/www.visit-ulcinj.com\/blog\/wp-content\/uploads\/2008\/09\/jozefina-topalli-_milan-markovic1.jpg\"},{\"@type\":\"WebPage\",\"@id\":\"https:\/\/www.visit-ulcinj.com\/blog\/2008\/09\/27\/kryetarja-e-kuvendit-takon-kryetarin-dhe-anetaret-e-gjykates-kushtetuese-te-malit-te-zi\/#webpage\",\"url\":\"https:\/\/www.visit-ulcinj.com\/blog\/2008\/09\/27\/kryetarja-e-kuvendit-takon-kryetarin-dhe-anetaret-e-gjykates-kushtetuese-te-malit-te-zi\/\",\"name\":\"Kryetarja e Kuvendit takon Kryetarin dhe an\u00ebtar\u00ebt e Gjykat\u00ebs Kushtetuese t\u00eb Malit t\u00eb Zi. - Lajme nga Ulqini\",\"isPartOf\":{\"@id\":\"https:\/\/www.visit-ulcinj.com\/blog\/#website\"},\"primaryImageOfPage\":{\"@id\":\"https:\/\/www.visit-ulcinj.com\/blog\/2008\/09\/27\/kryetarja-e-kuvendit-takon-kryetarin-dhe-anetaret-e-gjykates-kushtetuese-te-malit-te-zi\/#primaryimage\"},\"datePublished\":\"2008-09-27T17:19:40+00:00\",\"dateModified\":\"2008-10-17T19:05:58+00:00\",\"author\":{\"@id\":\"https:\/\/www.visit-ulcinj.com\/blog\/#\/schema\/person\/dcab619c614d3038751c63bc2aadc06d\"},\"description\":\"Reformat dhe sfidat legjislative, shk\u00ebmbimi i p\u00ebrvojave n\u00eb forcimin e sistemit t\u00eb drejt\u00ebsis\u00eb dhe bashk\u00ebpunimi rajonal ishin fokusi kryesor i takimit q\u00eb\",\"breadcrumb\":{\"@id\":\"https:\/\/www.visit-ulcinj.com\/blog\/2008\/09\/27\/kryetarja-e-kuvendit-takon-kryetarin-dhe-anetaret-e-gjykates-kushtetuese-te-malit-te-zi\/#breadcrumb\"},\"inLanguage\":\"en-US\",\"potentialAction\":[{\"@type\":\"ReadAction\",\"target\":[\"https:\/\/www.visit-ulcinj.com\/blog\/2008\/09\/27\/kryetarja-e-kuvendit-takon-kryetarin-dhe-anetaret-e-gjykates-kushtetuese-te-malit-te-zi\/\"]}]},{\"@type\":\"BreadcrumbList\",\"@id\":\"https:\/\/www.visit-ulcinj.com\/blog\/2008\/09\/27\/kryetarja-e-kuvendit-takon-kryetarin-dhe-anetaret-e-gjykates-kushtetuese-te-malit-te-zi\/#breadcrumb\",\"itemListElement\":[{\"@type\":\"ListItem\",\"position\":1,\"name\":\"Kryetarja e Kuvendit takon Kryetarin dhe an\u00ebtar\u00ebt e Gjykat\u00ebs Kushtetuese t\u00eb Malit t\u00eb Zi.\"}]},{\"@type\":\"Person\",\"@id\":\"https:\/\/www.visit-ulcinj.com\/blog\/#\/schema\/person\/dcab619c614d3038751c63bc2aadc06d\",\"name\":\"ulqini\",\"sameAs\":[\"http:\/\/www.visit-ulcinj.com\"],\"url\":\"https:\/\/www.visit-ulcinj.com\/blog\/author\/admin\/\"}]}<\/script>\n<!-- \/ Yoast SEO plugin. -->","yoast_head_json":{"title":"Kryetarja e Kuvendit takon Kryetarin dhe an\u00ebtar\u00ebt e Gjykat\u00ebs Kushtetuese t\u00eb Malit t\u00eb Zi. - Lajme nga Ulqini","description":"Reformat dhe sfidat legjislative, shk\u00ebmbimi i p\u00ebrvojave n\u00eb forcimin e sistemit t\u00eb drejt\u00ebsis\u00eb dhe bashk\u00ebpunimi rajonal ishin fokusi kryesor i takimit q\u00eb","robots":{"index":"index","follow":"follow","max-snippet":"max-snippet:-1","max-image-preview":"max-image-preview:large","max-video-preview":"max-video-preview:-1"},"canonical":"https:\/\/www.visit-ulcinj.com\/blog\/2008\/09\/27\/kryetarja-e-kuvendit-takon-kryetarin-dhe-anetaret-e-gjykates-kushtetuese-te-malit-te-zi\/","og_locale":"en_US","og_type":"article","og_title":"Kryetarja e Kuvendit takon Kryetarin dhe an\u00ebtar\u00ebt e Gjykat\u00ebs Kushtetuese t\u00eb Malit t\u00eb Zi. - Lajme nga Ulqini","og_description":"Reformat dhe sfidat legjislative, shk\u00ebmbimi i p\u00ebrvojave n\u00eb forcimin e sistemit t\u00eb drejt\u00ebsis\u00eb dhe bashk\u00ebpunimi rajonal ishin fokusi kryesor i takimit q\u00eb","og_url":"https:\/\/www.visit-ulcinj.com\/blog\/2008\/09\/27\/kryetarja-e-kuvendit-takon-kryetarin-dhe-anetaret-e-gjykates-kushtetuese-te-malit-te-zi\/","og_site_name":"Lajme nga Ulqini","article_published_time":"2008-09-27T17:19:40+00:00","article_modified_time":"2008-10-17T19:05:58+00:00","og_image":[{"url":"http:\/\/www.visit-ulcinj.com\/blog\/wp-content\/uploads\/2008\/09\/jozefina-topalli-_milan-markovic1.jpg"}],"twitter_misc":{"Written by":"ulqini","Est. reading time":"2 minutes"},"schema":{"@context":"https:\/\/schema.org","@graph":[{"@type":"WebSite","@id":"https:\/\/www.visit-ulcinj.com\/blog\/#website","url":"https:\/\/www.visit-ulcinj.com\/blog\/","name":"Lajme nga Ulqini","description":"Lajme,Vijesti,Ulqini,Ulqin,Crna Gora,Mali i Zi","potentialAction":[{"@type":"SearchAction","target":{"@type":"EntryPoint","urlTemplate":"https:\/\/www.visit-ulcinj.com\/blog\/?s={search_term_string}"},"query-input":"required name=search_term_string"}],"inLanguage":"en-US"},{"@type":"ImageObject","inLanguage":"en-US","@id":"https:\/\/www.visit-ulcinj.com\/blog\/2008\/09\/27\/kryetarja-e-kuvendit-takon-kryetarin-dhe-anetaret-e-gjykates-kushtetuese-te-malit-te-zi\/#primaryimage","url":"http:\/\/www.visit-ulcinj.com\/blog\/wp-content\/uploads\/2008\/09\/jozefina-topalli-_milan-markovic1.jpg","contentUrl":"http:\/\/www.visit-ulcinj.com\/blog\/wp-content\/uploads\/2008\/09\/jozefina-topalli-_milan-markovic1.jpg"},{"@type":"WebPage","@id":"https:\/\/www.visit-ulcinj.com\/blog\/2008\/09\/27\/kryetarja-e-kuvendit-takon-kryetarin-dhe-anetaret-e-gjykates-kushtetuese-te-malit-te-zi\/#webpage","url":"https:\/\/www.visit-ulcinj.com\/blog\/2008\/09\/27\/kryetarja-e-kuvendit-takon-kryetarin-dhe-anetaret-e-gjykates-kushtetuese-te-malit-te-zi\/","name":"Kryetarja e Kuvendit takon Kryetarin dhe an\u00ebtar\u00ebt e Gjykat\u00ebs Kushtetuese t\u00eb Malit t\u00eb Zi. - Lajme nga Ulqini","isPartOf":{"@id":"https:\/\/www.visit-ulcinj.com\/blog\/#website"},"primaryImageOfPage":{"@id":"https:\/\/www.visit-ulcinj.com\/blog\/2008\/09\/27\/kryetarja-e-kuvendit-takon-kryetarin-dhe-anetaret-e-gjykates-kushtetuese-te-malit-te-zi\/#primaryimage"},"datePublished":"2008-09-27T17:19:40+00:00","dateModified":"2008-10-17T19:05:58+00:00","author":{"@id":"https:\/\/www.visit-ulcinj.com\/blog\/#\/schema\/person\/dcab619c614d3038751c63bc2aadc06d"},"description":"Reformat dhe sfidat legjislative, shk\u00ebmbimi i p\u00ebrvojave n\u00eb forcimin e sistemit t\u00eb drejt\u00ebsis\u00eb dhe bashk\u00ebpunimi rajonal ishin fokusi kryesor i takimit q\u00eb","breadcrumb":{"@id":"https:\/\/www.visit-ulcinj.com\/blog\/2008\/09\/27\/kryetarja-e-kuvendit-takon-kryetarin-dhe-anetaret-e-gjykates-kushtetuese-te-malit-te-zi\/#breadcrumb"},"inLanguage":"en-US","potentialAction":[{"@type":"ReadAction","target":["https:\/\/www.visit-ulcinj.com\/blog\/2008\/09\/27\/kryetarja-e-kuvendit-takon-kryetarin-dhe-anetaret-e-gjykates-kushtetuese-te-malit-te-zi\/"]}]},{"@type":"BreadcrumbList","@id":"https:\/\/www.visit-ulcinj.com\/blog\/2008\/09\/27\/kryetarja-e-kuvendit-takon-kryetarin-dhe-anetaret-e-gjykates-kushtetuese-te-malit-te-zi\/#breadcrumb","itemListElement":[{"@type":"ListItem","position":1,"name":"Kryetarja e Kuvendit takon Kryetarin dhe an\u00ebtar\u00ebt e Gjykat\u00ebs Kushtetuese t\u00eb Malit t\u00eb Zi."}]},{"@type":"Person","@id":"https:\/\/www.visit-ulcinj.com\/blog\/#\/schema\/person\/dcab619c614d3038751c63bc2aadc06d","name":"ulqini","sameAs":["http:\/\/www.visit-ulcinj.com"],"url":"https:\/\/www.visit-ulcinj.com\/blog\/author\/admin\/"}]}},"jetpack_featured_media_url":"","jetpack_sharing_enabled":true,"jetpack_shortlink":"https:\/\/wp.me\/pe6lTn-WL","_links":{"self":[{"href":"https:\/\/www.visit-ulcinj.com\/blog\/wp-json\/wp\/v2\/posts\/3643"}],"collection":[{"href":"https:\/\/www.visit-ulcinj.com\/blog\/wp-json\/wp\/v2\/posts"}],"about":[{"href":"https:\/\/www.visit-ulcinj.com\/blog\/wp-json\/wp\/v2\/types\/post"}],"author":[{"embeddable":true,"href":"https:\/\/www.visit-ulcinj.com\/blog\/wp-json\/wp\/v2\/users\/1"}],"replies":[{"embeddable":true,"href":"https:\/\/www.visit-ulcinj.com\/blog\/wp-json\/wp\/v2\/comments?post=3643"}],"version-history":[{"count":0,"href":"https:\/\/www.visit-ulcinj.com\/blog\/wp-json\/wp\/v2\/posts\/3643\/revisions"}],"wp:attachment":[{"href":"https:\/\/www.visit-ulcinj.com\/blog\/wp-json\/wp\/v2\/media?parent=3643"}],"wp:term":[{"taxonomy":"category","embeddable":true,"href":"https:\/\/www.visit-ulcinj.com\/blog\/wp-json\/wp\/v2\/categories?post=3643"},{"taxonomy":"post_tag","embeddable":true,"href":"https:\/\/www.visit-ulcinj.com\/blog\/wp-json\/wp\/v2\/tags?post=3643"}],"curies":[{"name":"wp","href":"https:\/\/api.w.org\/{rel}","templated":true}]}}