{"id":36430,"date":"2010-08-27T10:45:20","date_gmt":"2010-08-27T08:45:20","guid":{"rendered":"http:\/\/www.visit-ulcinj.com\/blog\/?p=36430"},"modified":"2010-08-27T10:45:20","modified_gmt":"2010-08-27T08:45:20","slug":"altuna-sejdiu-ndihem-seksi","status":"publish","type":"post","link":"https:\/\/www.visit-ulcinj.com\/blog\/2010\/08\/27\/altuna-sejdiu-ndihem-seksi\/","title":{"rendered":"Altuna Sejdiu: Ndihem seksi"},"content":{"rendered":"<p><a href=\"http:\/\/www.visit-ulcinj.com\/blog\/wp-content\/uploads\/2010\/08\/Altuna-Sejdiu.jpg\"><img loading=\"lazy\" class=\"alignleft size-medium wp-image-36431\" title=\"Altuna Sejdiu\" src=\"http:\/\/www.visit-ulcinj.com\/blog\/wp-content\/uploads\/2010\/08\/Altuna-Sejdiu-200x300.jpg\" alt=\"\" width=\"200\" height=\"300\" \/><\/a>Viti 2010 ka qen\u00eb thuajse vit i k\u00ebng\u00ebtares Altuna Sejdiut, pasi n\u00eb m\u00ebnyr\u00eb konstante ndoshta m\u00eb shpesh se kurr\u00eb ka qen\u00eb prezent n\u00eb media.<\/p>\n<p>Ka pasur disa bashk\u00ebpunime me k\u00ebng\u00ebtar\u00eb tjer\u00eb dhe ka pasur shum\u00eb suksese \u00e7do k\u00ebng\u00eb e saj po b\u00ebhet hit i ver\u00ebs.<\/p>\n<p>Ajo nga vler\u00ebsimi i publikut \u00ebsht\u00eb shpallur k\u00ebng\u00ebtarja m\u00eb seksi, n\u00eb nj\u00eb intervist\u00eb p\u00ebr media Tuna pyetur se si ndihet pas asaj q\u00eb \u00ebsht\u00eb shpallur si \u201cK\u00ebng\u00ebtarja m\u00eb Seksi n\u00eb shqipe 2010\u2033. Si po ju duket vler\u00ebsimi.<\/p>\n<p>Tuna p\u00ebrgjigjet \u201cKjo p\u00ebrputhet me mua 100% koh\u00ebve t\u00eb fundit, ashtu po ndihem dhe vet, ndoshta dhe ashtu reflektoj\u201d thekson k\u00ebng\u00ebtarja Altuna Sejdiu.<\/p>\n<p><strong>Lajmetsot<br \/>\n<!--YouTube Error: bad URL entered--><\/strong><\/p>\n","protected":false},"excerpt":{"rendered":"<p>Viti 2010 ka qen\u00eb thuajse vit i k\u00ebng\u00ebtares Altuna Sejdiut, pasi n\u00eb m\u00ebnyr\u00eb konstante ndoshta m\u00eb shpesh se kurr\u00eb ka qen\u00eb prezent n\u00eb media. Ka pasur disa bashk\u00ebpunime me k\u00ebng\u00ebtar\u00eb tjer\u00eb dhe ka pasur shum\u00eb suksese \u00e7do k\u00ebng\u00eb e saj po b\u00ebhet hit i ver\u00ebs. Ajo nga vler\u00ebsimi i publikut \u00ebsht\u00eb shpallur k\u00ebng\u00ebtarja m\u00eb seksi, [&hellip;]<\/p>\n","protected":false},"author":1,"featured_media":0,"comment_status":"open","ping_status":"closed","sticky":false,"template":"","format":"standard","meta":{"spay_email":"","jetpack_publicize_message":"","jetpack_is_tweetstorm":false,"jetpack_publicize_feature_enabled":true},"categories":[1],"tags":[12963],"jetpack_publicize_connections":[],"yoast_head":"<!-- This site is optimized with the Yoast SEO plugin v19.1 - https:\/\/yoast.com\/wordpress\/plugins\/seo\/ -->\n<title>Altuna Sejdiu: Ndihem seksi - Lajme nga Ulqini<\/title>\n<meta name=\"description\" content=\"Viti 2010 ka qen\u00eb thuajse vit i k\u00ebng\u00ebtares Altuna Sejdiut, pasi n\u00eb m\u00ebnyr\u00eb konstante ndoshta m\u00eb shpesh se kurr\u00eb ka qen\u00eb prezent n\u00eb media. Ka pasur disa\" \/>\n<meta name=\"robots\" content=\"index, follow, max-snippet:-1, max-image-preview:large, max-video-preview:-1\" \/>\n<link rel=\"canonical\" href=\"https:\/\/www.visit-ulcinj.com\/blog\/2010\/08\/27\/altuna-sejdiu-ndihem-seksi\/\" \/>\n<meta property=\"og:locale\" content=\"en_US\" \/>\n<meta property=\"og:type\" content=\"article\" \/>\n<meta property=\"og:title\" content=\"Altuna Sejdiu: Ndihem seksi - Lajme nga Ulqini\" \/>\n<meta property=\"og:description\" content=\"Viti 2010 ka qen\u00eb thuajse vit i k\u00ebng\u00ebtares Altuna Sejdiut, pasi n\u00eb m\u00ebnyr\u00eb konstante ndoshta m\u00eb shpesh se kurr\u00eb ka qen\u00eb prezent n\u00eb media. Ka pasur disa\" \/>\n<meta property=\"og:url\" content=\"https:\/\/www.visit-ulcinj.com\/blog\/2010\/08\/27\/altuna-sejdiu-ndihem-seksi\/\" \/>\n<meta property=\"og:site_name\" content=\"Lajme nga Ulqini\" \/>\n<meta property=\"article:published_time\" content=\"2010-08-27T08:45:20+00:00\" \/>\n<meta property=\"og:image\" content=\"http:\/\/www.visit-ulcinj.com\/blog\/wp-content\/uploads\/2010\/08\/Altuna-Sejdiu-200x300.jpg\" \/>\n<meta name=\"twitter:label1\" content=\"Written by\" \/>\n\t<meta name=\"twitter:data1\" content=\"ulqini\" \/>\n\t<meta name=\"twitter:label2\" content=\"Est. reading time\" \/>\n\t<meta name=\"twitter:data2\" content=\"1 minute\" \/>\n<script type=\"application\/ld+json\" class=\"yoast-schema-graph\">{\"@context\":\"https:\/\/schema.org\",\"@graph\":[{\"@type\":\"WebSite\",\"@id\":\"https:\/\/www.visit-ulcinj.com\/blog\/#website\",\"url\":\"https:\/\/www.visit-ulcinj.com\/blog\/\",\"name\":\"Lajme nga Ulqini\",\"description\":\"Lajme,Vijesti,Ulqini,Ulqin,Crna Gora,Mali i Zi\",\"potentialAction\":[{\"@type\":\"SearchAction\",\"target\":{\"@type\":\"EntryPoint\",\"urlTemplate\":\"https:\/\/www.visit-ulcinj.com\/blog\/?s={search_term_string}\"},\"query-input\":\"required name=search_term_string\"}],\"inLanguage\":\"en-US\"},{\"@type\":\"ImageObject\",\"inLanguage\":\"en-US\",\"@id\":\"https:\/\/www.visit-ulcinj.com\/blog\/2010\/08\/27\/altuna-sejdiu-ndihem-seksi\/#primaryimage\",\"url\":\"http:\/\/www.visit-ulcinj.com\/blog\/wp-content\/uploads\/2010\/08\/Altuna-Sejdiu-200x300.jpg\",\"contentUrl\":\"http:\/\/www.visit-ulcinj.com\/blog\/wp-content\/uploads\/2010\/08\/Altuna-Sejdiu-200x300.jpg\"},{\"@type\":\"WebPage\",\"@id\":\"https:\/\/www.visit-ulcinj.com\/blog\/2010\/08\/27\/altuna-sejdiu-ndihem-seksi\/#webpage\",\"url\":\"https:\/\/www.visit-ulcinj.com\/blog\/2010\/08\/27\/altuna-sejdiu-ndihem-seksi\/\",\"name\":\"Altuna Sejdiu: Ndihem seksi - Lajme nga Ulqini\",\"isPartOf\":{\"@id\":\"https:\/\/www.visit-ulcinj.com\/blog\/#website\"},\"primaryImageOfPage\":{\"@id\":\"https:\/\/www.visit-ulcinj.com\/blog\/2010\/08\/27\/altuna-sejdiu-ndihem-seksi\/#primaryimage\"},\"datePublished\":\"2010-08-27T08:45:20+00:00\",\"dateModified\":\"2010-08-27T08:45:20+00:00\",\"author\":{\"@id\":\"https:\/\/www.visit-ulcinj.com\/blog\/#\/schema\/person\/dcab619c614d3038751c63bc2aadc06d\"},\"description\":\"Viti 2010 ka qen\u00eb thuajse vit i k\u00ebng\u00ebtares Altuna Sejdiut, pasi n\u00eb m\u00ebnyr\u00eb konstante ndoshta m\u00eb shpesh se kurr\u00eb ka qen\u00eb prezent n\u00eb media. Ka pasur disa\",\"breadcrumb\":{\"@id\":\"https:\/\/www.visit-ulcinj.com\/blog\/2010\/08\/27\/altuna-sejdiu-ndihem-seksi\/#breadcrumb\"},\"inLanguage\":\"en-US\",\"potentialAction\":[{\"@type\":\"ReadAction\",\"target\":[\"https:\/\/www.visit-ulcinj.com\/blog\/2010\/08\/27\/altuna-sejdiu-ndihem-seksi\/\"]}]},{\"@type\":\"BreadcrumbList\",\"@id\":\"https:\/\/www.visit-ulcinj.com\/blog\/2010\/08\/27\/altuna-sejdiu-ndihem-seksi\/#breadcrumb\",\"itemListElement\":[{\"@type\":\"ListItem\",\"position\":1,\"name\":\"Altuna Sejdiu: Ndihem seksi\"}]},{\"@type\":\"Person\",\"@id\":\"https:\/\/www.visit-ulcinj.com\/blog\/#\/schema\/person\/dcab619c614d3038751c63bc2aadc06d\",\"name\":\"ulqini\",\"sameAs\":[\"http:\/\/www.visit-ulcinj.com\"],\"url\":\"https:\/\/www.visit-ulcinj.com\/blog\/author\/admin\/\"}]}<\/script>\n<!-- \/ Yoast SEO plugin. -->","yoast_head_json":{"title":"Altuna Sejdiu: Ndihem seksi - Lajme nga Ulqini","description":"Viti 2010 ka qen\u00eb thuajse vit i k\u00ebng\u00ebtares Altuna Sejdiut, pasi n\u00eb m\u00ebnyr\u00eb konstante ndoshta m\u00eb shpesh se kurr\u00eb ka qen\u00eb prezent n\u00eb media. Ka pasur disa","robots":{"index":"index","follow":"follow","max-snippet":"max-snippet:-1","max-image-preview":"max-image-preview:large","max-video-preview":"max-video-preview:-1"},"canonical":"https:\/\/www.visit-ulcinj.com\/blog\/2010\/08\/27\/altuna-sejdiu-ndihem-seksi\/","og_locale":"en_US","og_type":"article","og_title":"Altuna Sejdiu: Ndihem seksi - Lajme nga Ulqini","og_description":"Viti 2010 ka qen\u00eb thuajse vit i k\u00ebng\u00ebtares Altuna Sejdiut, pasi n\u00eb m\u00ebnyr\u00eb konstante ndoshta m\u00eb shpesh se kurr\u00eb ka qen\u00eb prezent n\u00eb media. Ka pasur disa","og_url":"https:\/\/www.visit-ulcinj.com\/blog\/2010\/08\/27\/altuna-sejdiu-ndihem-seksi\/","og_site_name":"Lajme nga Ulqini","article_published_time":"2010-08-27T08:45:20+00:00","og_image":[{"url":"http:\/\/www.visit-ulcinj.com\/blog\/wp-content\/uploads\/2010\/08\/Altuna-Sejdiu-200x300.jpg"}],"twitter_misc":{"Written by":"ulqini","Est. reading time":"1 minute"},"schema":{"@context":"https:\/\/schema.org","@graph":[{"@type":"WebSite","@id":"https:\/\/www.visit-ulcinj.com\/blog\/#website","url":"https:\/\/www.visit-ulcinj.com\/blog\/","name":"Lajme nga Ulqini","description":"Lajme,Vijesti,Ulqini,Ulqin,Crna Gora,Mali i Zi","potentialAction":[{"@type":"SearchAction","target":{"@type":"EntryPoint","urlTemplate":"https:\/\/www.visit-ulcinj.com\/blog\/?s={search_term_string}"},"query-input":"required name=search_term_string"}],"inLanguage":"en-US"},{"@type":"ImageObject","inLanguage":"en-US","@id":"https:\/\/www.visit-ulcinj.com\/blog\/2010\/08\/27\/altuna-sejdiu-ndihem-seksi\/#primaryimage","url":"http:\/\/www.visit-ulcinj.com\/blog\/wp-content\/uploads\/2010\/08\/Altuna-Sejdiu-200x300.jpg","contentUrl":"http:\/\/www.visit-ulcinj.com\/blog\/wp-content\/uploads\/2010\/08\/Altuna-Sejdiu-200x300.jpg"},{"@type":"WebPage","@id":"https:\/\/www.visit-ulcinj.com\/blog\/2010\/08\/27\/altuna-sejdiu-ndihem-seksi\/#webpage","url":"https:\/\/www.visit-ulcinj.com\/blog\/2010\/08\/27\/altuna-sejdiu-ndihem-seksi\/","name":"Altuna Sejdiu: Ndihem seksi - Lajme nga Ulqini","isPartOf":{"@id":"https:\/\/www.visit-ulcinj.com\/blog\/#website"},"primaryImageOfPage":{"@id":"https:\/\/www.visit-ulcinj.com\/blog\/2010\/08\/27\/altuna-sejdiu-ndihem-seksi\/#primaryimage"},"datePublished":"2010-08-27T08:45:20+00:00","dateModified":"2010-08-27T08:45:20+00:00","author":{"@id":"https:\/\/www.visit-ulcinj.com\/blog\/#\/schema\/person\/dcab619c614d3038751c63bc2aadc06d"},"description":"Viti 2010 ka qen\u00eb thuajse vit i k\u00ebng\u00ebtares Altuna Sejdiut, pasi n\u00eb m\u00ebnyr\u00eb konstante ndoshta m\u00eb shpesh se kurr\u00eb ka qen\u00eb prezent n\u00eb media. Ka pasur disa","breadcrumb":{"@id":"https:\/\/www.visit-ulcinj.com\/blog\/2010\/08\/27\/altuna-sejdiu-ndihem-seksi\/#breadcrumb"},"inLanguage":"en-US","potentialAction":[{"@type":"ReadAction","target":["https:\/\/www.visit-ulcinj.com\/blog\/2010\/08\/27\/altuna-sejdiu-ndihem-seksi\/"]}]},{"@type":"BreadcrumbList","@id":"https:\/\/www.visit-ulcinj.com\/blog\/2010\/08\/27\/altuna-sejdiu-ndihem-seksi\/#breadcrumb","itemListElement":[{"@type":"ListItem","position":1,"name":"Altuna Sejdiu: Ndihem seksi"}]},{"@type":"Person","@id":"https:\/\/www.visit-ulcinj.com\/blog\/#\/schema\/person\/dcab619c614d3038751c63bc2aadc06d","name":"ulqini","sameAs":["http:\/\/www.visit-ulcinj.com"],"url":"https:\/\/www.visit-ulcinj.com\/blog\/author\/admin\/"}]}},"jetpack_featured_media_url":"","jetpack_sharing_enabled":true,"jetpack_shortlink":"https:\/\/wp.me\/pe6lTn-9tA","_links":{"self":[{"href":"https:\/\/www.visit-ulcinj.com\/blog\/wp-json\/wp\/v2\/posts\/36430"}],"collection":[{"href":"https:\/\/www.visit-ulcinj.com\/blog\/wp-json\/wp\/v2\/posts"}],"about":[{"href":"https:\/\/www.visit-ulcinj.com\/blog\/wp-json\/wp\/v2\/types\/post"}],"author":[{"embeddable":true,"href":"https:\/\/www.visit-ulcinj.com\/blog\/wp-json\/wp\/v2\/users\/1"}],"replies":[{"embeddable":true,"href":"https:\/\/www.visit-ulcinj.com\/blog\/wp-json\/wp\/v2\/comments?post=36430"}],"version-history":[{"count":0,"href":"https:\/\/www.visit-ulcinj.com\/blog\/wp-json\/wp\/v2\/posts\/36430\/revisions"}],"wp:attachment":[{"href":"https:\/\/www.visit-ulcinj.com\/blog\/wp-json\/wp\/v2\/media?parent=36430"}],"wp:term":[{"taxonomy":"category","embeddable":true,"href":"https:\/\/www.visit-ulcinj.com\/blog\/wp-json\/wp\/v2\/categories?post=36430"},{"taxonomy":"post_tag","embeddable":true,"href":"https:\/\/www.visit-ulcinj.com\/blog\/wp-json\/wp\/v2\/tags?post=36430"}],"curies":[{"name":"wp","href":"https:\/\/api.w.org\/{rel}","templated":true}]}}