{"id":36496,"date":"2010-08-29T16:00:34","date_gmt":"2010-08-29T14:00:34","guid":{"rendered":"http:\/\/www.visit-ulcinj.com\/blog\/?p=36496"},"modified":"2010-08-29T16:00:34","modified_gmt":"2010-08-29T14:00:34","slug":"ciljeta-niset-me-te-dashurin-per-pushime","status":"publish","type":"post","link":"https:\/\/www.visit-ulcinj.com\/blog\/2010\/08\/29\/ciljeta-niset-me-te-dashurin-per-pushime\/","title":{"rendered":"\u00c7iljeta niset me t\u00eb dashurin p\u00ebr pushime"},"content":{"rendered":"<p><a href=\"http:\/\/www.visit-ulcinj.com\/blog\/wp-content\/uploads\/2010\/08\/CILJETA-XHILAGA.jpg\"><img loading=\"lazy\" class=\"alignleft size-full wp-image-36497\" title=\"CILJETA XHILAGA\" src=\"http:\/\/www.visit-ulcinj.com\/blog\/wp-content\/uploads\/2010\/08\/CILJETA-XHILAGA.jpg\" alt=\"\" width=\"490\" height=\"357\" \/><\/a>\\&#8221;M\u00eb n\u00eb fund pushime&#8230;qejf o qejf me dashurin\u00eb time\\&#8221;, shkruan ajo pak dit\u00eb m\u00eb par\u00eb n\u00eb profilin e saj n\u00eb Facebook p\u00ebr t\u00eb gjith\u00eb miqt\u00eb t\u00eb cil\u00ebt nisin nga urimet dhe i thon\u00eb t\u00eb kaloj\u00eb dit\u00eb t\u00eb bukura e t\u00eb shplodhet sa m\u00eb shum\u00eb.<br \/>\nE shpreh edhe vet\u00eb tek t\u00eb gjith\u00eb miqt\u00eb q\u00eb tashm\u00eb \u00ebsht\u00eb shum\u00eb e lodhur nga koncertet dhe normalisht pak dit\u00eb pushimi i duhen patjet\u00ebr. Ndon\u00ebse nga ana tjet\u00ebr e di shum\u00eb mir\u00eb q\u00eb kjo gj\u00eb \u00ebsht\u00eb pothuajse e pamundur, pasi ftesat p\u00ebr koncerte i ka t\u00eb nj\u00ebpasnj\u00ebshme.<\/p>\n<p>Koncerti i saj i fundit ka qen\u00eb ai n\u00eb Ulqin ku \u00c7ili ka elektrizuar t\u00eb gjith\u00eb atmosfer\u00ebn m\u00eb performancat e saj. Megjithat\u00eb p\u00ebrpara pak dit\u00ebsh ajo \u00ebsht\u00eb kthyer nga disa dit\u00eb q\u00ebndrimi n\u00eb Vlor\u00eb, ku ve\u00e7 pun\u00ebs gjat\u00eb mbr\u00ebmjeve ka b\u00ebr\u00eb marr\u00eb edhe rreze gjat\u00eb paraditeve.<\/p>\n<p>N\u00eb k\u00ebto pushime ajo nuk ka qen\u00eb krejt e vetme, pasi ve\u00e7 grupit shoq\u00ebror q\u00eb gjithmon\u00eb e shoq\u00ebron (grupi i bizeleve), ajo ka pasur me vete edhe t\u00eb dashurin e saj.<\/p>\n<p>\\&#8221;M\u00eb n\u00eb fund pushime&#8230;qejf o qejf me dashurin\u00eb time\\&#8221;, shkruan ajo pak dit\u00eb m\u00eb par\u00eb n\u00eb profilin e saj n\u00eb Facebook p\u00ebr t\u00eb gjith\u00eb miqt\u00eb t\u00eb cil\u00ebt nisin nga urimet dhe i thon\u00eb t\u00eb kaloj\u00eb dit\u00eb t\u00eb bukura e t\u00eb shplodhet sa m\u00eb shum\u00eb.<\/p>\n<p>Por, p\u00ebrs\u00ebri \u00c7ili e di mir\u00eb q\u00eb koncertet p\u00ebr t\u00eb nuk p\u00ebrfundojn\u00eb k\u00ebtu. Fluks p\u00ebr t\u00eb ka n\u00eb sezonin e dimrit e jo m\u00eb n\u00eb ver\u00eb kur dit\u00ebt jan\u00eb mir\u00eb t\u00eb p\u00ebrllogaritura&#8230;<\/p>\n<p><strong>Bluetooth<br \/>\n<br \/>\n<!--YouTube Error: bad URL entered--><\/strong><\/p>\n","protected":false},"excerpt":{"rendered":"<p>\\&#8221;M\u00eb n\u00eb fund pushime&#8230;qejf o qejf me dashurin\u00eb time\\&#8221;, shkruan ajo pak dit\u00eb m\u00eb par\u00eb n\u00eb profilin e saj n\u00eb Facebook p\u00ebr t\u00eb gjith\u00eb miqt\u00eb t\u00eb cil\u00ebt nisin nga urimet dhe i thon\u00eb t\u00eb kaloj\u00eb dit\u00eb t\u00eb bukura e t\u00eb shplodhet sa m\u00eb shum\u00eb. E shpreh edhe vet\u00eb tek t\u00eb gjith\u00eb miqt\u00eb q\u00eb tashm\u00eb \u00ebsht\u00eb [&hellip;]<\/p>\n","protected":false},"author":1,"featured_media":0,"comment_status":"open","ping_status":"closed","sticky":false,"template":"","format":"standard","meta":{"spay_email":"","jetpack_publicize_message":"","jetpack_is_tweetstorm":false,"jetpack_publicize_feature_enabled":true},"categories":[1],"tags":[5456,200,18],"jetpack_publicize_connections":[],"yoast_head":"<!-- This site is optimized with the Yoast SEO plugin v19.1 - https:\/\/yoast.com\/wordpress\/plugins\/seo\/ -->\n<title>\u00c7iljeta niset me t\u00eb dashurin p\u00ebr pushime - Lajme nga Ulqini<\/title>\n<meta name=\"description\" content=\"&quot;M\u00eb n\u00eb fund pushime...qejf o qejf me dashurin\u00eb time&quot;, shkruan ajo pak dit\u00eb m\u00eb par\u00eb n\u00eb profilin e saj n\u00eb Facebook p\u00ebr t\u00eb gjith\u00eb miqt\u00eb t\u00eb cil\u00ebt nisin nga\" \/>\n<meta name=\"robots\" content=\"index, follow, max-snippet:-1, max-image-preview:large, max-video-preview:-1\" \/>\n<link rel=\"canonical\" href=\"https:\/\/www.visit-ulcinj.com\/blog\/2010\/08\/29\/ciljeta-niset-me-te-dashurin-per-pushime\/\" \/>\n<meta property=\"og:locale\" content=\"en_US\" \/>\n<meta property=\"og:type\" content=\"article\" \/>\n<meta property=\"og:title\" content=\"\u00c7iljeta niset me t\u00eb dashurin p\u00ebr pushime - Lajme nga Ulqini\" \/>\n<meta property=\"og:description\" content=\"\\&quot;M\u00eb n\u00eb fund pushime...qejf o qejf me dashurin\u00eb time\\&quot;, shkruan ajo pak dit\u00eb m\u00eb par\u00eb n\u00eb profilin e saj n\u00eb Facebook p\u00ebr t\u00eb gjith\u00eb miqt\u00eb t\u00eb cil\u00ebt nisin nga\" \/>\n<meta property=\"og:url\" content=\"https:\/\/www.visit-ulcinj.com\/blog\/2010\/08\/29\/ciljeta-niset-me-te-dashurin-per-pushime\/\" \/>\n<meta property=\"og:site_name\" content=\"Lajme nga Ulqini\" \/>\n<meta property=\"article:published_time\" content=\"2010-08-29T14:00:34+00:00\" \/>\n<meta property=\"og:image\" content=\"https:\/\/www.visit-ulcinj.com\/blog\/wp-content\/uploads\/2010\/08\/CILJETA-XHILAGA-150x150.jpg\" \/>\n<meta name=\"twitter:label1\" content=\"Written by\" \/>\n\t<meta name=\"twitter:data1\" content=\"ulqini\" \/>\n\t<meta name=\"twitter:label2\" content=\"Est. reading time\" \/>\n\t<meta name=\"twitter:data2\" content=\"1 minute\" \/>\n<script type=\"application\/ld+json\" class=\"yoast-schema-graph\">{\"@context\":\"https:\/\/schema.org\",\"@graph\":[{\"@type\":\"WebSite\",\"@id\":\"https:\/\/www.visit-ulcinj.com\/blog\/#website\",\"url\":\"https:\/\/www.visit-ulcinj.com\/blog\/\",\"name\":\"Lajme nga Ulqini\",\"description\":\"Lajme,Vijesti,Ulqini,Ulqin,Crna Gora,Mali i Zi\",\"potentialAction\":[{\"@type\":\"SearchAction\",\"target\":{\"@type\":\"EntryPoint\",\"urlTemplate\":\"https:\/\/www.visit-ulcinj.com\/blog\/?s={search_term_string}\"},\"query-input\":\"required name=search_term_string\"}],\"inLanguage\":\"en-US\"},{\"@type\":\"ImageObject\",\"inLanguage\":\"en-US\",\"@id\":\"https:\/\/www.visit-ulcinj.com\/blog\/2010\/08\/29\/ciljeta-niset-me-te-dashurin-per-pushime\/#primaryimage\",\"url\":\"http:\/\/www.visit-ulcinj.com\/blog\/wp-content\/uploads\/2010\/08\/CILJETA-XHILAGA.jpg\",\"contentUrl\":\"http:\/\/www.visit-ulcinj.com\/blog\/wp-content\/uploads\/2010\/08\/CILJETA-XHILAGA.jpg\"},{\"@type\":\"WebPage\",\"@id\":\"https:\/\/www.visit-ulcinj.com\/blog\/2010\/08\/29\/ciljeta-niset-me-te-dashurin-per-pushime\/#webpage\",\"url\":\"https:\/\/www.visit-ulcinj.com\/blog\/2010\/08\/29\/ciljeta-niset-me-te-dashurin-per-pushime\/\",\"name\":\"\u00c7iljeta niset me t\u00eb dashurin p\u00ebr pushime - Lajme nga Ulqini\",\"isPartOf\":{\"@id\":\"https:\/\/www.visit-ulcinj.com\/blog\/#website\"},\"primaryImageOfPage\":{\"@id\":\"https:\/\/www.visit-ulcinj.com\/blog\/2010\/08\/29\/ciljeta-niset-me-te-dashurin-per-pushime\/#primaryimage\"},\"datePublished\":\"2010-08-29T14:00:34+00:00\",\"dateModified\":\"2010-08-29T14:00:34+00:00\",\"author\":{\"@id\":\"https:\/\/www.visit-ulcinj.com\/blog\/#\/schema\/person\/dcab619c614d3038751c63bc2aadc06d\"},\"description\":\"\\\\\\\"M\u00eb n\u00eb fund pushime...qejf o qejf me dashurin\u00eb time\\\\\\\", shkruan ajo pak dit\u00eb m\u00eb par\u00eb n\u00eb profilin e saj n\u00eb Facebook p\u00ebr t\u00eb gjith\u00eb miqt\u00eb t\u00eb cil\u00ebt nisin nga\",\"breadcrumb\":{\"@id\":\"https:\/\/www.visit-ulcinj.com\/blog\/2010\/08\/29\/ciljeta-niset-me-te-dashurin-per-pushime\/#breadcrumb\"},\"inLanguage\":\"en-US\",\"potentialAction\":[{\"@type\":\"ReadAction\",\"target\":[\"https:\/\/www.visit-ulcinj.com\/blog\/2010\/08\/29\/ciljeta-niset-me-te-dashurin-per-pushime\/\"]}]},{\"@type\":\"BreadcrumbList\",\"@id\":\"https:\/\/www.visit-ulcinj.com\/blog\/2010\/08\/29\/ciljeta-niset-me-te-dashurin-per-pushime\/#breadcrumb\",\"itemListElement\":[{\"@type\":\"ListItem\",\"position\":1,\"name\":\"\u00c7iljeta niset me t\u00eb dashurin p\u00ebr pushime\"}]},{\"@type\":\"Person\",\"@id\":\"https:\/\/www.visit-ulcinj.com\/blog\/#\/schema\/person\/dcab619c614d3038751c63bc2aadc06d\",\"name\":\"ulqini\",\"sameAs\":[\"http:\/\/www.visit-ulcinj.com\"],\"url\":\"https:\/\/www.visit-ulcinj.com\/blog\/author\/admin\/\"}]}<\/script>\n<!-- \/ Yoast SEO plugin. -->","yoast_head_json":{"title":"\u00c7iljeta niset me t\u00eb dashurin p\u00ebr pushime - Lajme nga Ulqini","description":"\"M\u00eb n\u00eb fund pushime...qejf o qejf me dashurin\u00eb time\", shkruan ajo pak dit\u00eb m\u00eb par\u00eb n\u00eb profilin e saj n\u00eb Facebook p\u00ebr t\u00eb gjith\u00eb miqt\u00eb t\u00eb cil\u00ebt nisin nga","robots":{"index":"index","follow":"follow","max-snippet":"max-snippet:-1","max-image-preview":"max-image-preview:large","max-video-preview":"max-video-preview:-1"},"canonical":"https:\/\/www.visit-ulcinj.com\/blog\/2010\/08\/29\/ciljeta-niset-me-te-dashurin-per-pushime\/","og_locale":"en_US","og_type":"article","og_title":"\u00c7iljeta niset me t\u00eb dashurin p\u00ebr pushime - Lajme nga Ulqini","og_description":"\\\"M\u00eb n\u00eb fund pushime...qejf o qejf me dashurin\u00eb time\\\", shkruan ajo pak dit\u00eb m\u00eb par\u00eb n\u00eb profilin e saj n\u00eb Facebook p\u00ebr t\u00eb gjith\u00eb miqt\u00eb t\u00eb cil\u00ebt nisin nga","og_url":"https:\/\/www.visit-ulcinj.com\/blog\/2010\/08\/29\/ciljeta-niset-me-te-dashurin-per-pushime\/","og_site_name":"Lajme nga Ulqini","article_published_time":"2010-08-29T14:00:34+00:00","og_image":[{"url":"https:\/\/www.visit-ulcinj.com\/blog\/wp-content\/uploads\/2010\/08\/CILJETA-XHILAGA-150x150.jpg"}],"twitter_misc":{"Written by":"ulqini","Est. reading time":"1 minute"},"schema":{"@context":"https:\/\/schema.org","@graph":[{"@type":"WebSite","@id":"https:\/\/www.visit-ulcinj.com\/blog\/#website","url":"https:\/\/www.visit-ulcinj.com\/blog\/","name":"Lajme nga Ulqini","description":"Lajme,Vijesti,Ulqini,Ulqin,Crna Gora,Mali i Zi","potentialAction":[{"@type":"SearchAction","target":{"@type":"EntryPoint","urlTemplate":"https:\/\/www.visit-ulcinj.com\/blog\/?s={search_term_string}"},"query-input":"required name=search_term_string"}],"inLanguage":"en-US"},{"@type":"ImageObject","inLanguage":"en-US","@id":"https:\/\/www.visit-ulcinj.com\/blog\/2010\/08\/29\/ciljeta-niset-me-te-dashurin-per-pushime\/#primaryimage","url":"http:\/\/www.visit-ulcinj.com\/blog\/wp-content\/uploads\/2010\/08\/CILJETA-XHILAGA.jpg","contentUrl":"http:\/\/www.visit-ulcinj.com\/blog\/wp-content\/uploads\/2010\/08\/CILJETA-XHILAGA.jpg"},{"@type":"WebPage","@id":"https:\/\/www.visit-ulcinj.com\/blog\/2010\/08\/29\/ciljeta-niset-me-te-dashurin-per-pushime\/#webpage","url":"https:\/\/www.visit-ulcinj.com\/blog\/2010\/08\/29\/ciljeta-niset-me-te-dashurin-per-pushime\/","name":"\u00c7iljeta niset me t\u00eb dashurin p\u00ebr pushime - Lajme nga Ulqini","isPartOf":{"@id":"https:\/\/www.visit-ulcinj.com\/blog\/#website"},"primaryImageOfPage":{"@id":"https:\/\/www.visit-ulcinj.com\/blog\/2010\/08\/29\/ciljeta-niset-me-te-dashurin-per-pushime\/#primaryimage"},"datePublished":"2010-08-29T14:00:34+00:00","dateModified":"2010-08-29T14:00:34+00:00","author":{"@id":"https:\/\/www.visit-ulcinj.com\/blog\/#\/schema\/person\/dcab619c614d3038751c63bc2aadc06d"},"description":"\\\"M\u00eb n\u00eb fund pushime...qejf o qejf me dashurin\u00eb time\\\", shkruan ajo pak dit\u00eb m\u00eb par\u00eb n\u00eb profilin e saj n\u00eb Facebook p\u00ebr t\u00eb gjith\u00eb miqt\u00eb t\u00eb cil\u00ebt nisin nga","breadcrumb":{"@id":"https:\/\/www.visit-ulcinj.com\/blog\/2010\/08\/29\/ciljeta-niset-me-te-dashurin-per-pushime\/#breadcrumb"},"inLanguage":"en-US","potentialAction":[{"@type":"ReadAction","target":["https:\/\/www.visit-ulcinj.com\/blog\/2010\/08\/29\/ciljeta-niset-me-te-dashurin-per-pushime\/"]}]},{"@type":"BreadcrumbList","@id":"https:\/\/www.visit-ulcinj.com\/blog\/2010\/08\/29\/ciljeta-niset-me-te-dashurin-per-pushime\/#breadcrumb","itemListElement":[{"@type":"ListItem","position":1,"name":"\u00c7iljeta niset me t\u00eb dashurin p\u00ebr pushime"}]},{"@type":"Person","@id":"https:\/\/www.visit-ulcinj.com\/blog\/#\/schema\/person\/dcab619c614d3038751c63bc2aadc06d","name":"ulqini","sameAs":["http:\/\/www.visit-ulcinj.com"],"url":"https:\/\/www.visit-ulcinj.com\/blog\/author\/admin\/"}]}},"jetpack_featured_media_url":"","jetpack_sharing_enabled":true,"jetpack_shortlink":"https:\/\/wp.me\/pe6lTn-9uE","_links":{"self":[{"href":"https:\/\/www.visit-ulcinj.com\/blog\/wp-json\/wp\/v2\/posts\/36496"}],"collection":[{"href":"https:\/\/www.visit-ulcinj.com\/blog\/wp-json\/wp\/v2\/posts"}],"about":[{"href":"https:\/\/www.visit-ulcinj.com\/blog\/wp-json\/wp\/v2\/types\/post"}],"author":[{"embeddable":true,"href":"https:\/\/www.visit-ulcinj.com\/blog\/wp-json\/wp\/v2\/users\/1"}],"replies":[{"embeddable":true,"href":"https:\/\/www.visit-ulcinj.com\/blog\/wp-json\/wp\/v2\/comments?post=36496"}],"version-history":[{"count":0,"href":"https:\/\/www.visit-ulcinj.com\/blog\/wp-json\/wp\/v2\/posts\/36496\/revisions"}],"wp:attachment":[{"href":"https:\/\/www.visit-ulcinj.com\/blog\/wp-json\/wp\/v2\/media?parent=36496"}],"wp:term":[{"taxonomy":"category","embeddable":true,"href":"https:\/\/www.visit-ulcinj.com\/blog\/wp-json\/wp\/v2\/categories?post=36496"},{"taxonomy":"post_tag","embeddable":true,"href":"https:\/\/www.visit-ulcinj.com\/blog\/wp-json\/wp\/v2\/tags?post=36496"}],"curies":[{"name":"wp","href":"https:\/\/api.w.org\/{rel}","templated":true}]}}