{"id":36507,"date":"2010-08-29T16:41:17","date_gmt":"2010-08-29T14:41:17","guid":{"rendered":"http:\/\/www.visit-ulcinj.com\/blog\/?p=36507"},"modified":"2010-08-29T16:43:05","modified_gmt":"2010-08-29T14:43:05","slug":"enxhi-kamenica-nuk-jam-shtatzene-me-noizyn","status":"publish","type":"post","link":"https:\/\/www.visit-ulcinj.com\/blog\/2010\/08\/29\/enxhi-kamenica-nuk-jam-shtatzene-me-noizyn\/","title":{"rendered":"Enxhi Kamenica: Nuk jam shtatz\u00ebn\u00eb me Noizyn"},"content":{"rendered":"<p><a href=\"http:\/\/www.visit-ulcinj.com\/blog\/wp-content\/uploads\/2010\/08\/Enxhi-Kamenica.3.jpg\"><img loading=\"lazy\" class=\"alignleft size-full wp-image-36508\" title=\"Enxhi Kamenica.3\" src=\"http:\/\/www.visit-ulcinj.com\/blog\/wp-content\/uploads\/2010\/08\/Enxhi-Kamenica.3.jpg\" alt=\"\" width=\"330\" height=\"480\" \/><\/a>Enxhi Kamenica, vajza q\u00eb do t\u00eb b\u00ebhej e famshme p\u00ebr t\u00eb gjith\u00eb ne, p\u00ebrmes reality show-t \u201cBig Brother\u201d, vjen n\u00eb k\u00ebt\u00eb\u00a0\u00a0\u00a0\u00a0 intervist\u00eb t\u00eb suplementit \u201cBluetooth\u201d p\u00ebr t\u00eb rr\u00ebfyer gjith\u00eb t\u00eb v\u00ebrtet\u00ebn e marr\u00ebdh\u00ebnies s\u00eb saj me reperin, Noizy. Preferon q\u00eb t\u00eb mos flas\u00eb p\u00ebr jet\u00ebn e saj private, megjithat\u00eb lidhjen e saj me Dorin, djaloshin simpatik nga Tirana, e njohin t\u00eb gjith\u00eb, edhe p\u00ebr faktin se Enxhi e ka tatuazhuar emrin e tij n\u00eb qaf\u00ebn e saj. E pranon q\u00eb k\u00ebt\u00eb ver\u00eb i ka shtuar disa kilogram\u00eb p\u00ebr shkak t\u00eb mos frekuentimit t\u00eb palestr\u00ebs rregullisht, sikund\u00ebr pranon q\u00eb ende s\u2019e ka b\u00ebr\u00eb testin e shtatz\u00ebnis\u00eb\u2026 Rr\u00ebfehet sot e \u2018infiltruara\u2019, n\u00eb nj\u00eb intervist\u00eb tejet interesante me nota t\u00eb shumta humori e \u00e7ilt\u00ebrsie. Zbuloni sot t\u00eb v\u00ebrtet\u00ebn e vajz\u00ebs bukuroshe q\u00eb ndezi e epshet e nj\u00eb pjese t\u00eb mir\u00eb, prej meshkujve t\u00eb \u201cBig Brother\u201d\u2026<br \/>\n<strong>Nj\u00eb jav\u00eb m\u00eb par\u00eb u publikua n\u00eb nj\u00eb t\u00eb p\u00ebrjavshme lajmi se ju jeni n\u00eb nj\u00eb lidhje me reperin e njohur Noizy. Cili \u00ebsht\u00eb komenti juaj n\u00eb lidhje me k\u00ebt\u00eb?<\/strong><strong><br \/>\n<\/strong>Komenti im, pak i ekzagjeruar si shkrim, por nuk mund t\u00eb mohoj q\u00eb mes meje dhe Rigelsit q\u00eb ka nj\u00eb miq\u00ebsi t\u00eb mir\u00eb.<br \/>\n<strong>Cila \u00ebsht\u00eb realisht lidhja juaj me Noizyn? Si je njohur me t\u00eb?<\/strong><strong><br \/>\n<\/strong>Nj\u00eb njohje shum\u00eb e rast\u00ebsishme n\u00eb nj\u00eb nat\u00eb t\u00eb ftoht\u00eb \u201cvere\u201d, por q\u00eb me kalimin e koh\u00ebs u kthye n\u00eb nj\u00eb miq\u00ebsi t\u00eb fort\u00eb.<br \/>\n<strong>Thuhet gjithashtu se ju bashk\u00ebjetoni bashk\u00eb. Ju njiheni realisht me familjar\u00ebt e Noizyt?<\/strong><strong><br \/>\n<\/strong>Bashk\u00ebjetesa nuk ekziston normalisht, dhe logjikisht pasi jemi vet\u00ebm miq, por kam pasur fatin t\u00eb njoh familjen e tij dhe sigurisht q\u00eb g\u00ebzoj nj\u00eb respekt maksimal p\u00ebr at\u00eb familje.<\/p>\n<p><strong>Ne jemi v\u00ebn\u00eb n\u00eb dijeni t\u00eb nj\u00eb problemi q\u00eb ekziston mes familjes suaj t\u00eb dyt\u00eb (asaj tropojane) dhe familjes s\u00eb Noizyt. Si ka reaguar familja juaj pas publikimit t\u00eb k\u00ebtij lajmi?<\/strong><strong><br \/>\n<\/strong>Si\u00e7 that\u00eb dhe ju, ajo \u00ebsht\u00eb familja ime e dyt\u00eb k\u00ebshtu q\u00eb gjith\u00e7ka ndodh me mua \u00ebsht\u00eb n\u00eb mir\u00ebkuptimin e tyre.<br \/>\n<strong>I p\u00eblqejn\u00eb Enxhit meshkujt si Noizy?<\/strong><strong><br \/>\n<strong>\u00cbsht\u00eb shum\u00eb i bukur p\u00ebr t\u00eb qen\u00eb n\u00eb preferencat e mija.<\/strong><br \/>\n<strong>\u00cbsht\u00eb aluduar gjithashtu p\u00ebr nj\u00eb shtatz\u00ebni tuaj\u00ebn? Kjo sa e v\u00ebrtet\u00eb \u00ebsht\u00eb?<\/strong><br \/>\n<\/strong>Se kam b\u00ebr\u00eb akoma testin e shtatz\u00ebnis\u00eb q\u00eb nga dita q\u00eb\u2026. doli shkrimi n\u00eb gazet\u00eb.<br \/>\n<strong>Nd\u00ebrkaq Enxhi ju p\u00ebr m\u00eb shum\u00eb se 5 vite keni qen\u00eb n\u00eb nj\u00eb lidhje dashurie me nj\u00eb djal\u00eb, emri i t\u00eb cilit \u00ebsht\u00eb Dori. Marr\u00ebdh\u00ebnia juaj tani ka p\u00ebrfunduar, apo vijoni t\u00eb takoheni?<\/strong><strong><br \/>\n<\/strong>Jet\u00ebn time private d\u00ebshiroj ta kem gjithmon\u00eb t\u00eb till\u00eb.<br \/>\n<strong>T\u00eb flasim tani pak p\u00ebr pushimet. Ku i ka kaluar Enxhi pushimet gjat\u00eb k\u00ebsaj vere?<\/strong><strong><br \/>\n<\/strong>Gjithandej dhe shum\u00eb larg syve kureshtar.<br \/>\n<strong>Sa i p\u00ebrket angazhimeve tuaja aktuale n\u00eb pun\u00eb, me \u00e7far\u00eb po merreni?<\/strong><strong><br \/>\n<\/strong>Vazhdoj t\u00eb drejtoj revist\u00ebn dhe agjencin\u00eb e modeleve \u201cAS\u201d si dhe jam duke menaxhuar \u201cW HOTEL\u201d. Nd\u00ebrkaq jam dhe duke shqyrtuar nj\u00eb ofert\u00eb t\u00eb mir\u00eb pune p\u00ebr n\u00eb shtator.<br \/>\n<strong>Vazhdoni t\u2019i ruani miq\u00ebsit\u00eb me banor\u00ebt e Big Brother?<\/strong><strong><br \/>\n<\/strong>Patjet\u00ebr q\u00eb po.<br \/>\n<strong>Me cil\u00ebt prej tyre shkoni m\u00eb mir\u00eb?<\/strong><strong><br \/>\n<\/strong>Me dashurin\u00eb time, Klodin.<br \/>\n<strong>Keni n\u00eb plan ndonj\u00eb projekt televiziv?<\/strong><strong><br \/>\n<\/strong>Patjet\u00ebr q\u00eb po, nuk do t\u00eb mungoj\u00eb kurr\u00eb dora e Enxhit n\u00eb projekte t\u00eb ndryshme televizive.<br \/>\n<strong>Sa ju ka sh\u00ebrbyer reality show \u201cBig Brother\u201d p\u00ebr karrier\u00ebn tuaj si modele, e m\u00eb tej si bizneswoman?<\/strong><strong><br \/>\n<\/strong>Nuk ka ndikuar aspak n\u00eb modeling, pasi nuk \u00ebsht\u00eb ajo \u00e7\u2019ka un\u00eb kam zgjedhur t\u00eb b\u00ebj n\u00eb jet\u00eb, por ka ndikuar p\u00ebr mir\u00eb n\u00eb profesionin tim sigurisht.<\/p>\n<p><strong>Statuset n\u00eb Facebook<\/strong><br \/>\nShum\u00eb njer\u00ebz mund t\u00eb ken\u00eb menduar se statusi i saj n\u00eb rrjetin m\u00eb t\u00eb madh social n\u00eb bot\u00eb, facebook.com drejtuar banorit m\u00eb t\u00eb p\u00ebrfolur t\u00eb k\u00ebtij edicioni t\u00eb \u201cBig Brother\u201d, Klodit \u00ebsht\u00eb n\u00eb shenj\u00eb tallje ndaj tij. Por n\u00eb fakt e v\u00ebrteta nuk \u00ebsht\u00eb aspak k\u00ebshtu. K\u00ebt\u00eb status Enxhi e ka v\u00ebn\u00eb n\u00eb dijeni t\u00eb plot\u00eb t\u00eb Klodit, madje ka qen\u00eb ai vet\u00eb q\u00eb ia ka sjell\u00eb n\u00eb mendje k\u00ebt\u00eb ide vajz\u00ebs. \u201cNd\u00ebrsa kisha dal\u00eb t\u00eb arg\u00ebtohesha nj\u00eb mbr\u00ebmje me Klodin tek \u2018Mai Tai\u2019 i k\u00ebrkova nj\u00eb mendim p\u00ebr ndonj\u00eb status n\u00eb facebook dhe ai m\u00eb tha v\u00ebre k\u00ebshtu: \u2018Klodi ankohet dhe ngre z\u00ebrin pse tualetet kan\u00eb ndarje vet\u00ebm p\u00ebr meshkujt dhe femrat dhe jo p\u00ebr homoseksual\u00ebt\u2019 dhe un\u00eb e vura menj\u00ebher\u00eb. Un\u00eb kurrsesi nuk mund t\u00eb tallesha me Klodin, ai \u00ebsht\u00eb njeriu q\u00eb respektoj m\u00eb shum\u00eb nga t\u00eb gjith\u00eb banor\u00ebt e tjer\u00eb. Ve\u00e7 k\u00ebsaj un\u00eb kam shum\u00eb miq t\u00eb ngusht\u00eb q\u00eb jan\u00eb homoseksual\u00eb dhe kurrsesi nuk do t\u00eb mundesha t\u00eb fyeja ata. N\u00ebse do t\u00eb vini re n\u00eb statuset e m\u00ebparshme t\u00eb facebook-ut un\u00eb kam b\u00ebr\u00eb nj\u00eb debat t\u00eb madh me t\u00eb gjith\u00eb miqt\u00eb e mi virtual\u00eb n\u00eb lidhje me k\u00ebt\u00eb \u00e7\u00ebshtje\u201d, \u2013 p\u00ebrfundon bukuroshja Kamenica, duke hedhur posht\u00eb n\u00eb k\u00ebt\u00eb m\u00ebnyr\u00eb t\u00eb gjitha aludimet e njer\u00ebzve se ajo mund t\u00eb ket\u00eb ndonj\u00eb mendim paragjykues ndaj komunitetit gay.<\/p>\n<p><strong>Eraldo Rexho<br \/>\nGazeta Shqiptare<br \/>\n<!--YouTube Error: bad URL entered--><\/strong><\/p>\n","protected":false},"excerpt":{"rendered":"<p>Enxhi Kamenica, vajza q\u00eb do t\u00eb b\u00ebhej e famshme p\u00ebr t\u00eb gjith\u00eb ne, p\u00ebrmes reality show-t \u201cBig Brother\u201d, vjen n\u00eb k\u00ebt\u00eb\u00a0\u00a0\u00a0\u00a0 intervist\u00eb t\u00eb suplementit \u201cBluetooth\u201d p\u00ebr t\u00eb rr\u00ebfyer gjith\u00eb t\u00eb v\u00ebrtet\u00ebn e marr\u00ebdh\u00ebnies s\u00eb saj me reperin, Noizy. Preferon q\u00eb t\u00eb mos flas\u00eb p\u00ebr jet\u00ebn e saj private, megjithat\u00eb lidhjen e saj me Dorin, djaloshin [&hellip;]<\/p>\n","protected":false},"author":1,"featured_media":0,"comment_status":"open","ping_status":"closed","sticky":false,"template":"","format":"standard","meta":{"spay_email":"","jetpack_publicize_message":"","jetpack_is_tweetstorm":false,"jetpack_publicize_feature_enabled":true},"categories":[1],"tags":[15127,12181],"jetpack_publicize_connections":[],"yoast_head":"<!-- This site is optimized with the Yoast SEO plugin v19.1 - https:\/\/yoast.com\/wordpress\/plugins\/seo\/ -->\n<title>Enxhi Kamenica: Nuk jam shtatz\u00ebn\u00eb me Noizyn - Lajme nga Ulqini<\/title>\n<meta name=\"description\" content=\"Enxhi Kamenica, vajza q\u00eb do t\u00eb b\u00ebhej e famshme p\u00ebr t\u00eb gjith\u00eb ne, p\u00ebrmes reality show-t \u201cBig Brother\u201d, vjen n\u00eb k\u00ebt\u00eb\u00a0\u00a0\u00a0\u00a0 intervist\u00eb t\u00eb suplementit\" \/>\n<meta name=\"robots\" content=\"index, follow, max-snippet:-1, max-image-preview:large, max-video-preview:-1\" \/>\n<link rel=\"canonical\" href=\"https:\/\/www.visit-ulcinj.com\/blog\/2010\/08\/29\/enxhi-kamenica-nuk-jam-shtatzene-me-noizyn\/\" \/>\n<meta property=\"og:locale\" content=\"en_US\" \/>\n<meta property=\"og:type\" content=\"article\" \/>\n<meta property=\"og:title\" content=\"Enxhi Kamenica: Nuk jam shtatz\u00ebn\u00eb me Noizyn - Lajme nga Ulqini\" \/>\n<meta property=\"og:description\" content=\"Enxhi Kamenica, vajza q\u00eb do t\u00eb b\u00ebhej e famshme p\u00ebr t\u00eb gjith\u00eb ne, p\u00ebrmes reality show-t \u201cBig Brother\u201d, vjen n\u00eb k\u00ebt\u00eb\u00a0\u00a0\u00a0\u00a0 intervist\u00eb t\u00eb suplementit\" \/>\n<meta property=\"og:url\" content=\"https:\/\/www.visit-ulcinj.com\/blog\/2010\/08\/29\/enxhi-kamenica-nuk-jam-shtatzene-me-noizyn\/\" \/>\n<meta property=\"og:site_name\" content=\"Lajme nga Ulqini\" \/>\n<meta property=\"article:published_time\" content=\"2010-08-29T14:41:17+00:00\" \/>\n<meta property=\"article:modified_time\" content=\"2010-08-29T14:43:05+00:00\" \/>\n<meta property=\"og:image\" content=\"http:\/\/www.visit-ulcinj.com\/blog\/wp-content\/uploads\/2010\/08\/Enxhi-Kamenica.3.jpg\" \/>\n<meta name=\"twitter:label1\" content=\"Written by\" \/>\n\t<meta name=\"twitter:data1\" content=\"ulqini\" \/>\n\t<meta name=\"twitter:label2\" content=\"Est. reading time\" \/>\n\t<meta name=\"twitter:data2\" content=\"5 minutes\" \/>\n<script type=\"application\/ld+json\" class=\"yoast-schema-graph\">{\"@context\":\"https:\/\/schema.org\",\"@graph\":[{\"@type\":\"WebSite\",\"@id\":\"https:\/\/www.visit-ulcinj.com\/blog\/#website\",\"url\":\"https:\/\/www.visit-ulcinj.com\/blog\/\",\"name\":\"Lajme nga Ulqini\",\"description\":\"Lajme,Vijesti,Ulqini,Ulqin,Crna Gora,Mali i Zi\",\"potentialAction\":[{\"@type\":\"SearchAction\",\"target\":{\"@type\":\"EntryPoint\",\"urlTemplate\":\"https:\/\/www.visit-ulcinj.com\/blog\/?s={search_term_string}\"},\"query-input\":\"required name=search_term_string\"}],\"inLanguage\":\"en-US\"},{\"@type\":\"ImageObject\",\"inLanguage\":\"en-US\",\"@id\":\"https:\/\/www.visit-ulcinj.com\/blog\/2010\/08\/29\/enxhi-kamenica-nuk-jam-shtatzene-me-noizyn\/#primaryimage\",\"url\":\"http:\/\/www.visit-ulcinj.com\/blog\/wp-content\/uploads\/2010\/08\/Enxhi-Kamenica.3.jpg\",\"contentUrl\":\"http:\/\/www.visit-ulcinj.com\/blog\/wp-content\/uploads\/2010\/08\/Enxhi-Kamenica.3.jpg\"},{\"@type\":\"WebPage\",\"@id\":\"https:\/\/www.visit-ulcinj.com\/blog\/2010\/08\/29\/enxhi-kamenica-nuk-jam-shtatzene-me-noizyn\/#webpage\",\"url\":\"https:\/\/www.visit-ulcinj.com\/blog\/2010\/08\/29\/enxhi-kamenica-nuk-jam-shtatzene-me-noizyn\/\",\"name\":\"Enxhi Kamenica: Nuk jam shtatz\u00ebn\u00eb me Noizyn - Lajme nga Ulqini\",\"isPartOf\":{\"@id\":\"https:\/\/www.visit-ulcinj.com\/blog\/#website\"},\"primaryImageOfPage\":{\"@id\":\"https:\/\/www.visit-ulcinj.com\/blog\/2010\/08\/29\/enxhi-kamenica-nuk-jam-shtatzene-me-noizyn\/#primaryimage\"},\"datePublished\":\"2010-08-29T14:41:17+00:00\",\"dateModified\":\"2010-08-29T14:43:05+00:00\",\"author\":{\"@id\":\"https:\/\/www.visit-ulcinj.com\/blog\/#\/schema\/person\/dcab619c614d3038751c63bc2aadc06d\"},\"description\":\"Enxhi Kamenica, vajza q\u00eb do t\u00eb b\u00ebhej e famshme p\u00ebr t\u00eb gjith\u00eb ne, p\u00ebrmes reality show-t \u201cBig Brother\u201d, vjen n\u00eb k\u00ebt\u00eb\u00a0\u00a0\u00a0\u00a0 intervist\u00eb t\u00eb suplementit\",\"breadcrumb\":{\"@id\":\"https:\/\/www.visit-ulcinj.com\/blog\/2010\/08\/29\/enxhi-kamenica-nuk-jam-shtatzene-me-noizyn\/#breadcrumb\"},\"inLanguage\":\"en-US\",\"potentialAction\":[{\"@type\":\"ReadAction\",\"target\":[\"https:\/\/www.visit-ulcinj.com\/blog\/2010\/08\/29\/enxhi-kamenica-nuk-jam-shtatzene-me-noizyn\/\"]}]},{\"@type\":\"BreadcrumbList\",\"@id\":\"https:\/\/www.visit-ulcinj.com\/blog\/2010\/08\/29\/enxhi-kamenica-nuk-jam-shtatzene-me-noizyn\/#breadcrumb\",\"itemListElement\":[{\"@type\":\"ListItem\",\"position\":1,\"name\":\"Enxhi Kamenica: Nuk jam shtatz\u00ebn\u00eb me Noizyn\"}]},{\"@type\":\"Person\",\"@id\":\"https:\/\/www.visit-ulcinj.com\/blog\/#\/schema\/person\/dcab619c614d3038751c63bc2aadc06d\",\"name\":\"ulqini\",\"sameAs\":[\"http:\/\/www.visit-ulcinj.com\"],\"url\":\"https:\/\/www.visit-ulcinj.com\/blog\/author\/admin\/\"}]}<\/script>\n<!-- \/ Yoast SEO plugin. -->","yoast_head_json":{"title":"Enxhi Kamenica: Nuk jam shtatz\u00ebn\u00eb me Noizyn - Lajme nga Ulqini","description":"Enxhi Kamenica, vajza q\u00eb do t\u00eb b\u00ebhej e famshme p\u00ebr t\u00eb gjith\u00eb ne, p\u00ebrmes reality show-t \u201cBig Brother\u201d, vjen n\u00eb k\u00ebt\u00eb\u00a0\u00a0\u00a0\u00a0 intervist\u00eb t\u00eb suplementit","robots":{"index":"index","follow":"follow","max-snippet":"max-snippet:-1","max-image-preview":"max-image-preview:large","max-video-preview":"max-video-preview:-1"},"canonical":"https:\/\/www.visit-ulcinj.com\/blog\/2010\/08\/29\/enxhi-kamenica-nuk-jam-shtatzene-me-noizyn\/","og_locale":"en_US","og_type":"article","og_title":"Enxhi Kamenica: Nuk jam shtatz\u00ebn\u00eb me Noizyn - Lajme nga Ulqini","og_description":"Enxhi Kamenica, vajza q\u00eb do t\u00eb b\u00ebhej e famshme p\u00ebr t\u00eb gjith\u00eb ne, p\u00ebrmes reality show-t \u201cBig Brother\u201d, vjen n\u00eb k\u00ebt\u00eb\u00a0\u00a0\u00a0\u00a0 intervist\u00eb t\u00eb suplementit","og_url":"https:\/\/www.visit-ulcinj.com\/blog\/2010\/08\/29\/enxhi-kamenica-nuk-jam-shtatzene-me-noizyn\/","og_site_name":"Lajme nga Ulqini","article_published_time":"2010-08-29T14:41:17+00:00","article_modified_time":"2010-08-29T14:43:05+00:00","og_image":[{"url":"http:\/\/www.visit-ulcinj.com\/blog\/wp-content\/uploads\/2010\/08\/Enxhi-Kamenica.3.jpg"}],"twitter_misc":{"Written by":"ulqini","Est. reading time":"5 minutes"},"schema":{"@context":"https:\/\/schema.org","@graph":[{"@type":"WebSite","@id":"https:\/\/www.visit-ulcinj.com\/blog\/#website","url":"https:\/\/www.visit-ulcinj.com\/blog\/","name":"Lajme nga Ulqini","description":"Lajme,Vijesti,Ulqini,Ulqin,Crna Gora,Mali i Zi","potentialAction":[{"@type":"SearchAction","target":{"@type":"EntryPoint","urlTemplate":"https:\/\/www.visit-ulcinj.com\/blog\/?s={search_term_string}"},"query-input":"required name=search_term_string"}],"inLanguage":"en-US"},{"@type":"ImageObject","inLanguage":"en-US","@id":"https:\/\/www.visit-ulcinj.com\/blog\/2010\/08\/29\/enxhi-kamenica-nuk-jam-shtatzene-me-noizyn\/#primaryimage","url":"http:\/\/www.visit-ulcinj.com\/blog\/wp-content\/uploads\/2010\/08\/Enxhi-Kamenica.3.jpg","contentUrl":"http:\/\/www.visit-ulcinj.com\/blog\/wp-content\/uploads\/2010\/08\/Enxhi-Kamenica.3.jpg"},{"@type":"WebPage","@id":"https:\/\/www.visit-ulcinj.com\/blog\/2010\/08\/29\/enxhi-kamenica-nuk-jam-shtatzene-me-noizyn\/#webpage","url":"https:\/\/www.visit-ulcinj.com\/blog\/2010\/08\/29\/enxhi-kamenica-nuk-jam-shtatzene-me-noizyn\/","name":"Enxhi Kamenica: Nuk jam shtatz\u00ebn\u00eb me Noizyn - Lajme nga Ulqini","isPartOf":{"@id":"https:\/\/www.visit-ulcinj.com\/blog\/#website"},"primaryImageOfPage":{"@id":"https:\/\/www.visit-ulcinj.com\/blog\/2010\/08\/29\/enxhi-kamenica-nuk-jam-shtatzene-me-noizyn\/#primaryimage"},"datePublished":"2010-08-29T14:41:17+00:00","dateModified":"2010-08-29T14:43:05+00:00","author":{"@id":"https:\/\/www.visit-ulcinj.com\/blog\/#\/schema\/person\/dcab619c614d3038751c63bc2aadc06d"},"description":"Enxhi Kamenica, vajza q\u00eb do t\u00eb b\u00ebhej e famshme p\u00ebr t\u00eb gjith\u00eb ne, p\u00ebrmes reality show-t \u201cBig Brother\u201d, vjen n\u00eb k\u00ebt\u00eb\u00a0\u00a0\u00a0\u00a0 intervist\u00eb t\u00eb suplementit","breadcrumb":{"@id":"https:\/\/www.visit-ulcinj.com\/blog\/2010\/08\/29\/enxhi-kamenica-nuk-jam-shtatzene-me-noizyn\/#breadcrumb"},"inLanguage":"en-US","potentialAction":[{"@type":"ReadAction","target":["https:\/\/www.visit-ulcinj.com\/blog\/2010\/08\/29\/enxhi-kamenica-nuk-jam-shtatzene-me-noizyn\/"]}]},{"@type":"BreadcrumbList","@id":"https:\/\/www.visit-ulcinj.com\/blog\/2010\/08\/29\/enxhi-kamenica-nuk-jam-shtatzene-me-noizyn\/#breadcrumb","itemListElement":[{"@type":"ListItem","position":1,"name":"Enxhi Kamenica: Nuk jam shtatz\u00ebn\u00eb me Noizyn"}]},{"@type":"Person","@id":"https:\/\/www.visit-ulcinj.com\/blog\/#\/schema\/person\/dcab619c614d3038751c63bc2aadc06d","name":"ulqini","sameAs":["http:\/\/www.visit-ulcinj.com"],"url":"https:\/\/www.visit-ulcinj.com\/blog\/author\/admin\/"}]}},"jetpack_featured_media_url":"","jetpack_sharing_enabled":true,"jetpack_shortlink":"https:\/\/wp.me\/pe6lTn-9uP","_links":{"self":[{"href":"https:\/\/www.visit-ulcinj.com\/blog\/wp-json\/wp\/v2\/posts\/36507"}],"collection":[{"href":"https:\/\/www.visit-ulcinj.com\/blog\/wp-json\/wp\/v2\/posts"}],"about":[{"href":"https:\/\/www.visit-ulcinj.com\/blog\/wp-json\/wp\/v2\/types\/post"}],"author":[{"embeddable":true,"href":"https:\/\/www.visit-ulcinj.com\/blog\/wp-json\/wp\/v2\/users\/1"}],"replies":[{"embeddable":true,"href":"https:\/\/www.visit-ulcinj.com\/blog\/wp-json\/wp\/v2\/comments?post=36507"}],"version-history":[{"count":0,"href":"https:\/\/www.visit-ulcinj.com\/blog\/wp-json\/wp\/v2\/posts\/36507\/revisions"}],"wp:attachment":[{"href":"https:\/\/www.visit-ulcinj.com\/blog\/wp-json\/wp\/v2\/media?parent=36507"}],"wp:term":[{"taxonomy":"category","embeddable":true,"href":"https:\/\/www.visit-ulcinj.com\/blog\/wp-json\/wp\/v2\/categories?post=36507"},{"taxonomy":"post_tag","embeddable":true,"href":"https:\/\/www.visit-ulcinj.com\/blog\/wp-json\/wp\/v2\/tags?post=36507"}],"curies":[{"name":"wp","href":"https:\/\/api.w.org\/{rel}","templated":true}]}}