{"id":36511,"date":"2010-08-29T19:39:43","date_gmt":"2010-08-29T17:39:43","guid":{"rendered":"http:\/\/www.visit-ulcinj.com\/blog\/?p=36511"},"modified":"2010-08-29T19:45:01","modified_gmt":"2010-08-29T17:45:01","slug":"zetva-gora-od-sjetve","status":"publish","type":"post","link":"https:\/\/www.visit-ulcinj.com\/blog\/2010\/08\/29\/zetva-gora-od-sjetve\/","title":{"rendered":"\u017detva gora od sjetve"},"content":{"rendered":"<p><strong><a href=\"http:\/\/www.visit-ulcinj.com\/blog\/wp-content\/uploads\/2010\/08\/MALA-PLAZA-ULCINJ.jpg\"><img loading=\"lazy\" class=\"alignleft size-full wp-image-36512\" title=\"MALA PLAZA ULCINJ\" src=\"http:\/\/www.visit-ulcinj.com\/blog\/wp-content\/uploads\/2010\/08\/MALA-PLAZA-ULCINJ.jpg\" alt=\"\" width=\"490\" height=\"389\" \/><\/a>Ulcinjani su ovog ljeta posijali mnogo vi\u0161e nego \u0161to su po\u017enjeli. Pitanje je da li \u0107e se isti scenario ponoviti i na ponovljenim lokalnim izborima, koji \u0107e se odr\u017eati sredinom oktobra.<\/strong><\/p>\n<p><strong>AUTOPUT:<\/strong> Ovogodi\u0161nju turisti\u010dku sezonu u Ulcinju spasio je &#8211; autoput. I to onaj u Albaniji, koji povezuje luku Dra\u010d s Kosovom. Iako je bilo logi\u010dno o\u010dekivanje da \u0107e tom izuzetno modernom cestom Kosovari i\u0107i vi\u0161e u Albaniju, oni su u mnogo ve\u0107em broju nego ranijih godina do\u0161li na ljetovanje u Ulcinj, koji im, osim prekrasnih pla\u017ea, dobre hrane i jeftinog smje\u0161taja, ni\u0161ta drugo nije pru\u017eao. \u010cisto\u0107a, mir, kvalitetni hoteli i infrastruktura, zabava, izleti, sve ono \u0161to bi, uz odmor i kupanje, \u017eelio savremeni turista, u Ulcinju se ovog ljeta te\u0161ko moglo prona\u0107i.<\/p>\n<p>Zato su i ukupni rezultati sezone za najve\u0107i broj Ulcinjana, u finansijskom smislu, tek za pre\u017eivljavanje. Jer, godine \u0107e pro\u0107i dok se ne izmire obaveze prema bankama i ostala dugovanja.<\/p>\n<p>Ali, najva\u017enije je saznanje da vi\u0161e nikada grad ne\u0107e strepiti da li \u0107e sezona trajati barem 45 dana. \u201eNenadano je otvorena velika \u0161ansa i ona se nipo\u0161to ne smije propustiti. Grad je mora prepoznati i zgrabiti. Mora se hitno napraviti prava strategija kako bi se sezona produ\u017eila. Da se izgradnjom novih smje\u0161tajnih kapaciteta rastereti \u0161pic sezone, zaposle nezapo\u0161ljeni ne samo u turizmu ve\u0107 i u poljoprivredi, trgovini, zanatstvu i u ostalim uslu\u017enim djelatnostima, kako bi svi osjetili blagodeti od privrednog preporoda&#8221;, ka\u017ee dugogodi\u0161nji turisti\u010dki radnik D\u017eo Abazovi\u0107.<\/p>\n<p><strong>REGION:<\/strong> Ulcinjska turisti\u010dka ponuda orijentisana je na regionalna tr\u017ei\u0161ta s kratkom sezonom, s niskom plate\u017enom mo\u0107i i na tr\u017ei\u0161ta na kojima se ne mo\u017ee graditi moderna turisti\u010dka industrija.<\/p>\n<p>Prema anketi koju je sprovela Asocijacija za demokratski prosperitet ZID iz Podgorice, gotovo 90 odsto gostiju na ulcinjskoj rivijeri su iz zemalja regiona. Svi oni do\u017eivljavaju Ulcinj kao jeftinu destinaciju. To je istina, jer ugodan smje\u0161taj lako se mo\u017ee na\u0107i za pet eura. Uz ostale tro\u0161kove (prehrana, pla\u017eni mobilijar, parking&#8230;), prosje\u010dni turist u Ulcinju dnevno potro\u0161i oko 20 eura.<\/p>\n<p>Brojem gostiju iz zapadne Evrope, koji su u tom gradu uvijek predstavljali sinonim za turiste, Ulcinjani ne mogu biti zadovoljni. Turisti\u010dke radnike treba da zabrine \u010dinjenica da je mnogo njih bilo nezadovoljno ljetovanjem u Ulcinju. Problemi buke, saobra\u0107ajnih gu\u017evi i posebno ne\u010disto\u0107e, za njih su te\u0161ko razumljivi. \u201eA bez tih gostiju nema produ\u017eenja sezone niti prave zarade. Jer, samo su oni spremni da do\u0111u u na\u0161 grad u maju, junu, septembru ili u oktobru. Gostima iz regiona mo\u017eete ponuditi besplatan boravak u tim mjesecima, i oni sigurno ne\u0107e do\u0107i&#8221;, isti\u010de Abazovi\u0107.<\/p>\n<p><strong>VIKENDA\u0160I:<\/strong> Dolazi\u0107e ranije tek vlasnici vikendica, ku\u0107a za odmor i stanova, kojih u ovom gradu ima oko sedam hiljada. Ako se ra\u010duna da u tim objektima ima u prosjeku deset kreveta, onda se mo\u017ee lako zaklju\u010diti da je od 10. jula do 15. avgusta u njima boravilo svakodnevno oko 60 hiljada gostiju.<\/p>\n<p>Od njih se rijetko ko prijavljivao, odnosno pla\u0107ao boravi\u0161nu taksu. Samo po toj osnovi gradska kasa je dnevno gubila oko 30 hiljada eura, ili za \u010ditavu sezonu oko milion eura. Za bijedan op\u0161tinski bud\u017eet i njegovo tragi\u010dno stanje to je izuzetno velika cifra.<\/p>\n<p>Naime, za prvih \u0161est mjeseci bud\u017eet Ulcinja ostvaren je sa svega 2,1 milion eura ili 16,3 odsto plana, dok dugovi nezvani\u010dno prelaze cifru od deset miliona eura! Stoga se zapo\u0161ljenima u organima lokalne uprave i svim preduze\u0107ima \u010diji je osniva\u010d Skup\u0161tina op\u0161tine duguje nekoliko plata. Op\u0161tinske institucije postale su jedan od osnovnih generatora problema likvidnosti u Ulcinju.<\/p>\n<p><strong>IZBORI:<\/strong> Ulcinjani ne\u0107e imati vremena ni priliku da na miru naprave analizu ovogodi\u0161nje turisti\u010dke sezone. Ve\u0107 je po\u010dela \u017eestoka kampanja za oktobarske lokalne izbore, koji su raspisani po\u0161to ni tri mjeseca nakon izbora u maju nije konstituisan op\u0161tinski parlament.<\/p>\n<p>\u201eKoalicija za evropski Ulcinj&#8221;, koju su \u010dinile Demokratska unija Albanaca i Demokratska partija socijalista, uz svog vjernog partnera Partiju demokratskog prosperiteta, nije uspjela da privoli nijednu stranku ni gra\u0111ansku listu da joj \u010dini ve\u0107inu u Skup\u0161tini op\u0161tine. To nije \u017eeljela ni Socijaldemokratska partija, koja je u prethodnom mandatu bila dio vladaju\u0107e koalicije, a koja je nakon majskih izbora neo\u010dekivano postala \u201etas na vagi&#8221;.<\/p>\n<p>Socijaldemokrati su istovremeno odbili da \u010dine ve\u0107inu i drugoj strani, koju je predvodila Nova demokratska snaga &#8211; FORCA, zato \u0161to se u tom bloku nalazila i Koalicija \u201eBolji Ulcinj &#8211; Bolja Crna Gora&#8221;.<\/p>\n<p>Svi u\u010desnici pregovora o\u010dekivali su reakciju Podgorice, odnosno da \u0107e centrale partija prinuditi svoje filijale da postignu neki dogovor. Ali, to se nije desilo, pa je predsjednik Crne Gore Filip Vujanovi\u0107 bio prinu\u0111en da za 17. oktobar raspi\u0161e nove izbore.<\/p>\n<p>Sada je, \u010dini se, klju\u010dno pitanje da li \u0107e na tim ponovljenim izborima DPS samostalno nastupiti. Tako ne\u0161to pri\u017eeljkuje ve\u0107ina \u010dlanova Op\u0161tinskog odbora, a takvu odluku po\u010detkom avgusta donijelo je i Predsjedni\u0161tvo te stranke. To bi prakti\u010dno zna\u010dilo da je DPS, kao ranije SDP, odlu\u010dio da \u201epusti niz vodu&#8221; DUA i gradona\u010delnika Ulcinja Gzima Hajdinagu, kojem mandat traje jo\u0161 godinu dana.<\/p>\n<p>\u201eMo\u017eemo razmi\u0161ljati o zajedni\u010dkom nastupu samo ako mi budemo nosioci liste&#8221;, rekao je Monitoru visoki funkcioner DPS-a, napominju\u0107i da on preferira samostalni nastup.<\/p>\n<p>Dodao je da je DPS jaka partija i da ima \u0161iroki koalicioni kapacitet, \u0161to uklju\u010duje i mogu\u0107nost postizborne koalicije sa svim partijama koje \u017eele dobro Ulcinju, pa i FORCU.<\/p>\n<p>U toj albanskoj nacionalnoj partiji (za koju je na posljednjim izborima glasalo oko 150 ulcinjskih pravoslavaca) tako\u0111e je sve manje protivljenja sklapanju nekog saveza s DPS-om, s kojim je FORCA odnedavno u koaliciji i u Plavu, kao i sa nekoliko manjih stranaka.<\/p>\n<p>Pred Ulcinjem je svijetla turisti\u010dka i ekonomska perspektiva kojoj je potrebna nova politi\u010dka realnost.<\/p>\n<p><strong>Mustafa CANKA<br \/>\n<a href=\"http:\/\/www.monitor.co.me\/index.php?option=com_content&amp;view=article&amp;id=1337:etva-gora-od-sjetve-&amp;catid=133:novi-broj-tekstovi&amp;Itemid=1267\" target=\"_blank\">Monitor<br \/>\n\n\t\t<style type=\"text\/css\">\n\t\t\t#gallery-1 {\n\t\t\t\tmargin: auto;\n\t\t\t}\n\t\t\t#gallery-1 .gallery-item {\n\t\t\t\tfloat: left;\n\t\t\t\tmargin-top: 10px;\n\t\t\t\ttext-align: center;\n\t\t\t\twidth: 33%;\n\t\t\t}\n\t\t\t#gallery-1 img {\n\t\t\t\tborder: 2px solid #cfcfcf;\n\t\t\t}\n\t\t\t#gallery-1 .gallery-caption {\n\t\t\t\tmargin-left: 0;\n\t\t\t}\n\t\t\t\/* see gallery_shortcode() in wp-includes\/media.php *\/\n\t\t<\/style>\n\t\t<div id='gallery-1' class='gallery galleryid-36511 gallery-columns-3 gallery-size-thumbnail'><dl class='gallery-item'>\n\t\t\t<dt class='gallery-icon landscape'>\n\t\t\t\t<a href='https:\/\/www.visit-ulcinj.com\/blog\/wp-content\/uploads\/2010\/08\/MALA-PLAZA-ULCINJ.jpg'><img width=\"150\" height=\"150\" src=\"https:\/\/www.visit-ulcinj.com\/blog\/wp-content\/uploads\/2010\/08\/MALA-PLAZA-ULCINJ-150x150.jpg\" class=\"attachment-thumbnail size-thumbnail\" alt=\"\" loading=\"lazy\" \/><\/a>\n\t\t\t<\/dt><\/dl><dl class='gallery-item'>\n\t\t\t<dt class='gallery-icon landscape'>\n\t\t\t\t<a href='https:\/\/www.visit-ulcinj.com\/blog\/wp-content\/uploads\/2010\/08\/MALA-PLAZA-ULCINJ.1.jpg'><img width=\"150\" height=\"150\" src=\"https:\/\/www.visit-ulcinj.com\/blog\/wp-content\/uploads\/2010\/08\/MALA-PLAZA-ULCINJ.1-150x150.jpg\" class=\"attachment-thumbnail size-thumbnail\" alt=\"\" loading=\"lazy\" \/><\/a>\n\t\t\t<\/dt><\/dl><dl class='gallery-item'>\n\t\t\t<dt class='gallery-icon landscape'>\n\t\t\t\t<a href='https:\/\/www.visit-ulcinj.com\/blog\/wp-content\/uploads\/2010\/08\/Gu\u017eva-u-Ulcinju3.jpg'><img width=\"150\" height=\"150\" src=\"https:\/\/www.visit-ulcinj.com\/blog\/wp-content\/uploads\/2010\/08\/Gu\u017eva-u-Ulcinju3-150x150.jpg\" class=\"attachment-thumbnail size-thumbnail\" alt=\"\" loading=\"lazy\" \/><\/a>\n\t\t\t<\/dt><\/dl><br style=\"clear: both\" \/><dl class='gallery-item'>\n\t\t\t<dt class='gallery-icon landscape'>\n\t\t\t\t<a href='https:\/\/www.visit-ulcinj.com\/blog\/wp-content\/uploads\/2010\/08\/Ulcinj-Cierna-Hora.11.jpg'><img width=\"150\" height=\"150\" src=\"https:\/\/www.visit-ulcinj.com\/blog\/wp-content\/uploads\/2010\/08\/Ulcinj-Cierna-Hora.11-150x150.jpg\" class=\"attachment-thumbnail size-thumbnail\" alt=\"\" loading=\"lazy\" \/><\/a>\n\t\t\t<\/dt><\/dl><dl class='gallery-item'>\n\t\t\t<dt class='gallery-icon landscape'>\n\t\t\t\t<a href='https:\/\/www.visit-ulcinj.com\/blog\/wp-content\/uploads\/2010\/08\/Ulcinj-Cierna-Hora.10_picnik1.jpg'><img width=\"150\" height=\"150\" src=\"https:\/\/www.visit-ulcinj.com\/blog\/wp-content\/uploads\/2010\/08\/Ulcinj-Cierna-Hora.10_picnik1-150x150.jpg\" class=\"attachment-thumbnail size-thumbnail\" alt=\"\" loading=\"lazy\" \/><\/a>\n\t\t\t<\/dt><\/dl><dl class='gallery-item'>\n\t\t\t<dt class='gallery-icon landscape'>\n\t\t\t\t<a href='https:\/\/www.visit-ulcinj.com\/blog\/wp-content\/uploads\/2010\/08\/valdanos.jpg'><img width=\"150\" height=\"150\" src=\"https:\/\/www.visit-ulcinj.com\/blog\/wp-content\/uploads\/2010\/08\/valdanos-150x150.jpg\" class=\"attachment-thumbnail size-thumbnail\" alt=\"\" loading=\"lazy\" \/><\/a>\n\t\t\t<\/dt><\/dl><br style=\"clear: both\" \/>\n\t\t<\/div>\n<\/p>\n<p><\/a><\/strong><\/p>\n<p><strong><\/strong><!--YouTube Error: bad URL entered--><\/p>\n","protected":false},"excerpt":{"rendered":"<p>Ulcinjani su ovog ljeta posijali mnogo vi\u0161e nego \u0161to su po\u017enjeli. Pitanje je da li \u0107e se isti scenario ponoviti i na ponovljenim lokalnim izborima, koji \u0107e se odr\u017eati sredinom oktobra. AUTOPUT: Ovogodi\u0161nju turisti\u010dku sezonu u Ulcinju spasio je &#8211; autoput. I to onaj u Albaniji, koji povezuje luku Dra\u010d s Kosovom. Iako je bilo [&hellip;]<\/p>\n","protected":false},"author":1,"featured_media":0,"comment_status":"open","ping_status":"closed","sticky":false,"template":"","format":"standard","meta":{"spay_email":"","jetpack_publicize_message":"","jetpack_is_tweetstorm":false,"jetpack_publicize_feature_enabled":true},"categories":[8337],"tags":[138,2879,5276,19,265],"jetpack_publicize_connections":[],"yoast_head":"<!-- This site is optimized with the Yoast SEO plugin v19.1 - https:\/\/yoast.com\/wordpress\/plugins\/seo\/ -->\n<title>\u017detva gora od sjetve - Lajme nga Ulqini<\/title>\n<meta name=\"description\" content=\"Ulcinjani su ovog ljeta posijali mnogo vi\u0161e nego \u0161to su po\u017enjeli. Pitanje je da li \u0107e se isti scenario ponoviti i na ponovljenim lokalnim izborima, koji\" \/>\n<meta name=\"robots\" content=\"index, follow, max-snippet:-1, max-image-preview:large, max-video-preview:-1\" \/>\n<link rel=\"canonical\" href=\"https:\/\/www.visit-ulcinj.com\/blog\/2010\/08\/29\/zetva-gora-od-sjetve\/\" \/>\n<meta property=\"og:locale\" content=\"en_US\" \/>\n<meta property=\"og:type\" content=\"article\" \/>\n<meta property=\"og:title\" content=\"\u017detva gora od sjetve - Lajme nga Ulqini\" \/>\n<meta property=\"og:description\" content=\"Ulcinjani su ovog ljeta posijali mnogo vi\u0161e nego \u0161to su po\u017enjeli. Pitanje je da li \u0107e se isti scenario ponoviti i na ponovljenim lokalnim izborima, koji\" \/>\n<meta property=\"og:url\" content=\"https:\/\/www.visit-ulcinj.com\/blog\/2010\/08\/29\/zetva-gora-od-sjetve\/\" \/>\n<meta property=\"og:site_name\" content=\"Lajme nga Ulqini\" \/>\n<meta property=\"article:published_time\" content=\"2010-08-29T17:39:43+00:00\" \/>\n<meta property=\"article:modified_time\" content=\"2010-08-29T17:45:01+00:00\" \/>\n<meta property=\"og:image\" content=\"https:\/\/www.visit-ulcinj.com\/blog\/wp-content\/uploads\/2010\/08\/MALA-PLAZA-ULCINJ-150x150.jpg\" \/>\n<meta name=\"twitter:label1\" content=\"Written by\" \/>\n\t<meta name=\"twitter:data1\" content=\"ulqini\" \/>\n\t<meta name=\"twitter:label2\" content=\"Est. reading time\" \/>\n\t<meta name=\"twitter:data2\" content=\"5 minutes\" \/>\n<script type=\"application\/ld+json\" class=\"yoast-schema-graph\">{\"@context\":\"https:\/\/schema.org\",\"@graph\":[{\"@type\":\"WebSite\",\"@id\":\"https:\/\/www.visit-ulcinj.com\/blog\/#website\",\"url\":\"https:\/\/www.visit-ulcinj.com\/blog\/\",\"name\":\"Lajme nga Ulqini\",\"description\":\"Lajme,Vijesti,Ulqini,Ulqin,Crna Gora,Mali i Zi\",\"potentialAction\":[{\"@type\":\"SearchAction\",\"target\":{\"@type\":\"EntryPoint\",\"urlTemplate\":\"https:\/\/www.visit-ulcinj.com\/blog\/?s={search_term_string}\"},\"query-input\":\"required name=search_term_string\"}],\"inLanguage\":\"en-US\"},{\"@type\":\"ImageObject\",\"inLanguage\":\"en-US\",\"@id\":\"https:\/\/www.visit-ulcinj.com\/blog\/2010\/08\/29\/zetva-gora-od-sjetve\/#primaryimage\",\"url\":\"https:\/\/www.visit-ulcinj.com\/blog\/wp-content\/uploads\/2010\/08\/MALA-PLAZA-ULCINJ.jpg\",\"contentUrl\":\"https:\/\/www.visit-ulcinj.com\/blog\/wp-content\/uploads\/2010\/08\/MALA-PLAZA-ULCINJ.jpg\",\"width\":\"585\",\"height\":\"389\"},{\"@type\":\"WebPage\",\"@id\":\"https:\/\/www.visit-ulcinj.com\/blog\/2010\/08\/29\/zetva-gora-od-sjetve\/#webpage\",\"url\":\"https:\/\/www.visit-ulcinj.com\/blog\/2010\/08\/29\/zetva-gora-od-sjetve\/\",\"name\":\"\u017detva gora od sjetve - Lajme nga Ulqini\",\"isPartOf\":{\"@id\":\"https:\/\/www.visit-ulcinj.com\/blog\/#website\"},\"primaryImageOfPage\":{\"@id\":\"https:\/\/www.visit-ulcinj.com\/blog\/2010\/08\/29\/zetva-gora-od-sjetve\/#primaryimage\"},\"datePublished\":\"2010-08-29T17:39:43+00:00\",\"dateModified\":\"2010-08-29T17:45:01+00:00\",\"author\":{\"@id\":\"https:\/\/www.visit-ulcinj.com\/blog\/#\/schema\/person\/dcab619c614d3038751c63bc2aadc06d\"},\"description\":\"Ulcinjani su ovog ljeta posijali mnogo vi\u0161e nego \u0161to su po\u017enjeli. Pitanje je da li \u0107e se isti scenario ponoviti i na ponovljenim lokalnim izborima, koji\",\"breadcrumb\":{\"@id\":\"https:\/\/www.visit-ulcinj.com\/blog\/2010\/08\/29\/zetva-gora-od-sjetve\/#breadcrumb\"},\"inLanguage\":\"en-US\",\"potentialAction\":[{\"@type\":\"ReadAction\",\"target\":[\"https:\/\/www.visit-ulcinj.com\/blog\/2010\/08\/29\/zetva-gora-od-sjetve\/\"]}]},{\"@type\":\"BreadcrumbList\",\"@id\":\"https:\/\/www.visit-ulcinj.com\/blog\/2010\/08\/29\/zetva-gora-od-sjetve\/#breadcrumb\",\"itemListElement\":[{\"@type\":\"ListItem\",\"position\":1,\"name\":\"\u017detva gora od sjetve\"}]},{\"@type\":\"Person\",\"@id\":\"https:\/\/www.visit-ulcinj.com\/blog\/#\/schema\/person\/dcab619c614d3038751c63bc2aadc06d\",\"name\":\"ulqini\",\"sameAs\":[\"http:\/\/www.visit-ulcinj.com\"],\"url\":\"https:\/\/www.visit-ulcinj.com\/blog\/author\/admin\/\"}]}<\/script>\n<!-- \/ Yoast SEO plugin. -->","yoast_head_json":{"title":"\u017detva gora od sjetve - Lajme nga Ulqini","description":"Ulcinjani su ovog ljeta posijali mnogo vi\u0161e nego \u0161to su po\u017enjeli. Pitanje je da li \u0107e se isti scenario ponoviti i na ponovljenim lokalnim izborima, koji","robots":{"index":"index","follow":"follow","max-snippet":"max-snippet:-1","max-image-preview":"max-image-preview:large","max-video-preview":"max-video-preview:-1"},"canonical":"https:\/\/www.visit-ulcinj.com\/blog\/2010\/08\/29\/zetva-gora-od-sjetve\/","og_locale":"en_US","og_type":"article","og_title":"\u017detva gora od sjetve - Lajme nga Ulqini","og_description":"Ulcinjani su ovog ljeta posijali mnogo vi\u0161e nego \u0161to su po\u017enjeli. Pitanje je da li \u0107e se isti scenario ponoviti i na ponovljenim lokalnim izborima, koji","og_url":"https:\/\/www.visit-ulcinj.com\/blog\/2010\/08\/29\/zetva-gora-od-sjetve\/","og_site_name":"Lajme nga Ulqini","article_published_time":"2010-08-29T17:39:43+00:00","article_modified_time":"2010-08-29T17:45:01+00:00","og_image":[{"url":"https:\/\/www.visit-ulcinj.com\/blog\/wp-content\/uploads\/2010\/08\/MALA-PLAZA-ULCINJ-150x150.jpg"}],"twitter_misc":{"Written by":"ulqini","Est. reading time":"5 minutes"},"schema":{"@context":"https:\/\/schema.org","@graph":[{"@type":"WebSite","@id":"https:\/\/www.visit-ulcinj.com\/blog\/#website","url":"https:\/\/www.visit-ulcinj.com\/blog\/","name":"Lajme nga Ulqini","description":"Lajme,Vijesti,Ulqini,Ulqin,Crna Gora,Mali i Zi","potentialAction":[{"@type":"SearchAction","target":{"@type":"EntryPoint","urlTemplate":"https:\/\/www.visit-ulcinj.com\/blog\/?s={search_term_string}"},"query-input":"required name=search_term_string"}],"inLanguage":"en-US"},{"@type":"ImageObject","inLanguage":"en-US","@id":"https:\/\/www.visit-ulcinj.com\/blog\/2010\/08\/29\/zetva-gora-od-sjetve\/#primaryimage","url":"https:\/\/www.visit-ulcinj.com\/blog\/wp-content\/uploads\/2010\/08\/MALA-PLAZA-ULCINJ.jpg","contentUrl":"https:\/\/www.visit-ulcinj.com\/blog\/wp-content\/uploads\/2010\/08\/MALA-PLAZA-ULCINJ.jpg","width":"585","height":"389"},{"@type":"WebPage","@id":"https:\/\/www.visit-ulcinj.com\/blog\/2010\/08\/29\/zetva-gora-od-sjetve\/#webpage","url":"https:\/\/www.visit-ulcinj.com\/blog\/2010\/08\/29\/zetva-gora-od-sjetve\/","name":"\u017detva gora od sjetve - Lajme nga Ulqini","isPartOf":{"@id":"https:\/\/www.visit-ulcinj.com\/blog\/#website"},"primaryImageOfPage":{"@id":"https:\/\/www.visit-ulcinj.com\/blog\/2010\/08\/29\/zetva-gora-od-sjetve\/#primaryimage"},"datePublished":"2010-08-29T17:39:43+00:00","dateModified":"2010-08-29T17:45:01+00:00","author":{"@id":"https:\/\/www.visit-ulcinj.com\/blog\/#\/schema\/person\/dcab619c614d3038751c63bc2aadc06d"},"description":"Ulcinjani su ovog ljeta posijali mnogo vi\u0161e nego \u0161to su po\u017enjeli. Pitanje je da li \u0107e se isti scenario ponoviti i na ponovljenim lokalnim izborima, koji","breadcrumb":{"@id":"https:\/\/www.visit-ulcinj.com\/blog\/2010\/08\/29\/zetva-gora-od-sjetve\/#breadcrumb"},"inLanguage":"en-US","potentialAction":[{"@type":"ReadAction","target":["https:\/\/www.visit-ulcinj.com\/blog\/2010\/08\/29\/zetva-gora-od-sjetve\/"]}]},{"@type":"BreadcrumbList","@id":"https:\/\/www.visit-ulcinj.com\/blog\/2010\/08\/29\/zetva-gora-od-sjetve\/#breadcrumb","itemListElement":[{"@type":"ListItem","position":1,"name":"\u017detva gora od sjetve"}]},{"@type":"Person","@id":"https:\/\/www.visit-ulcinj.com\/blog\/#\/schema\/person\/dcab619c614d3038751c63bc2aadc06d","name":"ulqini","sameAs":["http:\/\/www.visit-ulcinj.com"],"url":"https:\/\/www.visit-ulcinj.com\/blog\/author\/admin\/"}]}},"jetpack_featured_media_url":"","jetpack_sharing_enabled":true,"jetpack_shortlink":"https:\/\/wp.me\/pe6lTn-9uT","_links":{"self":[{"href":"https:\/\/www.visit-ulcinj.com\/blog\/wp-json\/wp\/v2\/posts\/36511"}],"collection":[{"href":"https:\/\/www.visit-ulcinj.com\/blog\/wp-json\/wp\/v2\/posts"}],"about":[{"href":"https:\/\/www.visit-ulcinj.com\/blog\/wp-json\/wp\/v2\/types\/post"}],"author":[{"embeddable":true,"href":"https:\/\/www.visit-ulcinj.com\/blog\/wp-json\/wp\/v2\/users\/1"}],"replies":[{"embeddable":true,"href":"https:\/\/www.visit-ulcinj.com\/blog\/wp-json\/wp\/v2\/comments?post=36511"}],"version-history":[{"count":0,"href":"https:\/\/www.visit-ulcinj.com\/blog\/wp-json\/wp\/v2\/posts\/36511\/revisions"}],"wp:attachment":[{"href":"https:\/\/www.visit-ulcinj.com\/blog\/wp-json\/wp\/v2\/media?parent=36511"}],"wp:term":[{"taxonomy":"category","embeddable":true,"href":"https:\/\/www.visit-ulcinj.com\/blog\/wp-json\/wp\/v2\/categories?post=36511"},{"taxonomy":"post_tag","embeddable":true,"href":"https:\/\/www.visit-ulcinj.com\/blog\/wp-json\/wp\/v2\/tags?post=36511"}],"curies":[{"name":"wp","href":"https:\/\/api.w.org\/{rel}","templated":true}]}}