{"id":36522,"date":"2010-08-30T15:01:28","date_gmt":"2010-08-30T13:01:28","guid":{"rendered":"http:\/\/www.visit-ulcinj.com\/blog\/?p=36522"},"modified":"2010-09-01T20:12:30","modified_gmt":"2010-09-01T18:12:30","slug":"regjistrimi-ne-mal-te-zi-sipas-perkatesise-etnike-apo-nacionale","status":"publish","type":"post","link":"https:\/\/www.visit-ulcinj.com\/blog\/2010\/08\/30\/regjistrimi-ne-mal-te-zi-sipas-perkatesise-etnike-apo-nacionale\/","title":{"rendered":"Regjistrimi n\u00eb Mal t\u00eb Zi: sipas p\u00ebrkat\u00ebsis\u00eb etnike, apo nacionale"},"content":{"rendered":"<p><a href=\"http:\/\/www.visit-ulcinj.com\/blog\/wp-content\/uploads\/2010\/08\/Regjistrimi-n\u00eb-Mal-t\u00eb-Zi-2003.jpg\"><img loading=\"lazy\" class=\"alignleft size-full wp-image-36523\" title=\"Regjistrimi n\u00eb Mal t\u00eb Zi 2003\" src=\"http:\/\/www.visit-ulcinj.com\/blog\/wp-content\/uploads\/2010\/08\/Regjistrimi-n\u00eb-Mal-t\u00eb-Zi-2003.jpg\" alt=\"\" width=\"300\" height=\"375\" srcset=\"https:\/\/www.visit-ulcinj.com\/blog\/wp-content\/uploads\/2010\/08\/Regjistrimi-n\u00eb-Mal-t\u00eb-Zi-2003.jpg 300w, https:\/\/www.visit-ulcinj.com\/blog\/wp-content\/uploads\/2010\/08\/Regjistrimi-n\u00eb-Mal-t\u00eb-Zi-2003-240x300.jpg 240w\" sizes=\"(max-width: 300px) 100vw, 300px\" \/><\/a>Podgoric\u00eb, 28 gusht &#8211; Ligji mbi regjistrimin e popullsis\u00eb, i cili parashihet t\u00eb realizohet vitin e ardhsh\u00ebm, po shkakton kund\u00ebrshtime t\u00eb dukshme n\u00eb radh\u00ebt e partive politike, edhe pse m\u00eb her\u00ebt bashk\u00ebrisht e kan\u00eb miratuar n\u00eb Parlamentin malazias, njofton KosovaLive.<\/p>\n<p>Kjo v\u00ebrehet konkretisht mes deputet\u00ebve t\u00eb Partis\u00eb Demokratike t\u00eb Socialist\u00ebve (PDS) n\u00eb pozit\u00eb dhe koleg\u00ebve t\u00eb tyre nga Partia Popullore Socialiste (PPS) n\u00eb opozit\u00eb.<\/p>\n<p>N\u00eb Ligjin e miratuar nga k\u00ebto dy parti, n\u00eb dispozit\u00ebn e par\u00eb t\u00eb identitetit komb\u00ebtar figuron p\u00ebrkat\u00ebsia etnike.<\/p>\n<p>Miodrag Vukoviq, deputet i PDS dhe njeriu num\u00ebr nj\u00eb n\u00eb k\u00ebt\u00eb parti mbi \u00e7\u00ebshtjet juridike dhe kushtetutare, p\u00ebrkrah koleg\u00ebt socialdemokrat\u00eb se Gjykata Kushtetutuese duhet t\u00eb vler\u00ebsoj\u00eb kushtetutshm\u00ebrin\u00eb, ose ligji t\u00eb rikthehet n\u00eb parlament.<\/p>\n<p>Vukoviq mendon se opsioni m\u00eb i mir\u00eb \u00ebsht\u00eb \u201cp\u00ebrkat\u00ebsia nacionale\u201d dhe jo si\u00e7 \u00ebsht\u00eb aktualisht \u201cp\u00ebrkat\u00ebsia etnike\u201d, sepse n\u00eb k\u00ebt\u00eb m\u00ebnyr\u00eb krijohen paqart\u00ebsi t\u00eb m\u00ebdha.<br \/>\n&#8220;Kombi \u00ebsht\u00eb komb, ai ekziston apo nuk ekziston. Nj\u00eb p\u00ebrcaktim i k\u00ebtill\u00eb \u00ebsht\u00eb i nevojsh\u00ebm n\u00eb Malin e Zi, sepse keqp\u00ebrdorimet me nocionin \u2018p\u00ebrkat\u00ebsia etnike\u2019 jan\u00eb shum\u00eb t\u00eb mundshme dhe p\u00ebrs\u00ebri do t\u00eb politizonte regjistrimin, duke krijuar paqart\u00ebsi \u2018kush \u00ebsht\u00eb m\u00eb i madh apo kush \u00ebsht\u00eb m\u00eb i vog\u00ebl?\u2019\u201d<\/p>\n<p>\u201cDispozita \u2018p\u00ebrkat\u00ebsia etnike\u2019 \u00ebsht\u00eb konform standardeve nd\u00ebrkomb\u00ebtare,\u201d thot\u00eb, nd\u00ebrkaq, deputeti dhe funksionari i lart\u00eb i PPS opozitare proserbe, Velizar Kalugjeroviq, i cili \u00ebsht\u00eb i bindur se regjistrimi i popullsis\u00eb vitin e ardhsh\u00ebm n\u00eb Malin e Zi do t\u00eb zhvillohet sipas ligjit ekzistues.<\/p>\n<p>Lideri i Unionit Demokratik t\u00eb Shqiptar\u00ebve, Ferhat Dinosha, minist\u00ebr mbi t\u00eb drejtat e njeriut dhe pakicave n\u00eb qeverin\u00eb e Malit t\u00eb Zi, thot\u00eb se sido q\u00eb t\u00eb jet\u00eb, shqiptar\u00ebt q\u00eb m\u00eb koh\u00eb kan\u00eb deklaruar se jan\u00eb pakic\u00eb komb\u00ebtare n\u00eb Malin e Zi, e jo grup etnik.<\/p>\n<p><strong>KOHA NET<\/strong><br \/>\n<object classid=\"clsid:d27cdb6e-ae6d-11cf-96b8-444553540000\" width=\"490\" height=\"394\" codebase=\"http:\/\/download.macromedia.com\/pub\/shockwave\/cabs\/flash\/swflash.cab#version=6,0,40,0\"><param name=\"allowFullScreen\" value=\"true\" \/><param name=\"allowScriptAccess\" value=\"always\" \/><param name=\"src\" value=\"http:\/\/www.dailymotion.com\/swf\/video\/xegdom?background=%23171D1B&amp;foreground=%23F7FFFD&amp;highlight=%23FFC300&amp;autoPlay=1&amp;hideInfos=1&amp;width=480&amp;additionalInfos=0\" \/><param name=\"allowfullscreen\" value=\"true\" \/><\/object><\/p>\n","protected":false},"excerpt":{"rendered":"<p>Podgoric\u00eb, 28 gusht &#8211; Ligji mbi regjistrimin e popullsis\u00eb, i cili parashihet t\u00eb realizohet vitin e ardhsh\u00ebm, po shkakton kund\u00ebrshtime t\u00eb dukshme n\u00eb radh\u00ebt e partive politike, edhe pse m\u00eb her\u00ebt bashk\u00ebrisht e kan\u00eb miratuar n\u00eb Parlamentin malazias, njofton KosovaLive. Kjo v\u00ebrehet konkretisht mes deputet\u00ebve t\u00eb Partis\u00eb Demokratike t\u00eb Socialist\u00ebve (PDS) n\u00eb pozit\u00eb dhe koleg\u00ebve [&hellip;]<\/p>\n","protected":false},"author":1,"featured_media":0,"comment_status":"open","ping_status":"closed","sticky":false,"template":"","format":"standard","meta":{"spay_email":"","jetpack_publicize_message":"","jetpack_is_tweetstorm":false,"jetpack_publicize_feature_enabled":true},"categories":[14],"tags":[15128],"jetpack_publicize_connections":[],"yoast_head":"<!-- This site is optimized with the Yoast SEO plugin v19.1 - https:\/\/yoast.com\/wordpress\/plugins\/seo\/ -->\n<title>Regjistrimi n\u00eb Mal t\u00eb Zi: sipas p\u00ebrkat\u00ebsis\u00eb etnike, apo nacionale - Lajme nga Ulqini<\/title>\n<meta name=\"description\" content=\"Podgoric\u00eb, 28 gusht - Ligji mbi regjistrimin e popullsis\u00eb, i cili parashihet t\u00eb realizohet vitin e ardhsh\u00ebm, po shkakton kund\u00ebrshtime t\u00eb dukshme n\u00eb radh\u00ebt\" \/>\n<meta name=\"robots\" content=\"index, follow, max-snippet:-1, max-image-preview:large, max-video-preview:-1\" \/>\n<link rel=\"canonical\" href=\"https:\/\/www.visit-ulcinj.com\/blog\/2010\/08\/30\/regjistrimi-ne-mal-te-zi-sipas-perkatesise-etnike-apo-nacionale\/\" \/>\n<meta property=\"og:locale\" content=\"en_US\" \/>\n<meta property=\"og:type\" content=\"article\" \/>\n<meta property=\"og:title\" content=\"Regjistrimi n\u00eb Mal t\u00eb Zi: sipas p\u00ebrkat\u00ebsis\u00eb etnike, apo nacionale - Lajme nga Ulqini\" \/>\n<meta property=\"og:description\" content=\"Podgoric\u00eb, 28 gusht - Ligji mbi regjistrimin e popullsis\u00eb, i cili parashihet t\u00eb realizohet vitin e ardhsh\u00ebm, po shkakton kund\u00ebrshtime t\u00eb dukshme n\u00eb radh\u00ebt\" \/>\n<meta property=\"og:url\" content=\"https:\/\/www.visit-ulcinj.com\/blog\/2010\/08\/30\/regjistrimi-ne-mal-te-zi-sipas-perkatesise-etnike-apo-nacionale\/\" \/>\n<meta property=\"og:site_name\" content=\"Lajme nga Ulqini\" \/>\n<meta property=\"article:published_time\" content=\"2010-08-30T13:01:28+00:00\" \/>\n<meta property=\"article:modified_time\" content=\"2010-09-01T18:12:30+00:00\" \/>\n<meta name=\"twitter:label1\" content=\"Written by\" \/>\n\t<meta name=\"twitter:data1\" content=\"ulqini\" \/>\n\t<meta name=\"twitter:label2\" content=\"Est. reading time\" \/>\n\t<meta name=\"twitter:data2\" content=\"2 minutes\" \/>\n<script type=\"application\/ld+json\" class=\"yoast-schema-graph\">{\"@context\":\"https:\/\/schema.org\",\"@graph\":[{\"@type\":\"WebSite\",\"@id\":\"https:\/\/www.visit-ulcinj.com\/blog\/#website\",\"url\":\"https:\/\/www.visit-ulcinj.com\/blog\/\",\"name\":\"Lajme nga Ulqini\",\"description\":\"Lajme,Vijesti,Ulqini,Ulqin,Crna Gora,Mali i Zi\",\"potentialAction\":[{\"@type\":\"SearchAction\",\"target\":{\"@type\":\"EntryPoint\",\"urlTemplate\":\"https:\/\/www.visit-ulcinj.com\/blog\/?s={search_term_string}\"},\"query-input\":\"required name=search_term_string\"}],\"inLanguage\":\"en-US\"},{\"@type\":\"WebPage\",\"@id\":\"https:\/\/www.visit-ulcinj.com\/blog\/2010\/08\/30\/regjistrimi-ne-mal-te-zi-sipas-perkatesise-etnike-apo-nacionale\/#webpage\",\"url\":\"https:\/\/www.visit-ulcinj.com\/blog\/2010\/08\/30\/regjistrimi-ne-mal-te-zi-sipas-perkatesise-etnike-apo-nacionale\/\",\"name\":\"Regjistrimi n\u00eb Mal t\u00eb Zi: sipas p\u00ebrkat\u00ebsis\u00eb etnike, apo nacionale - Lajme nga Ulqini\",\"isPartOf\":{\"@id\":\"https:\/\/www.visit-ulcinj.com\/blog\/#website\"},\"datePublished\":\"2010-08-30T13:01:28+00:00\",\"dateModified\":\"2010-09-01T18:12:30+00:00\",\"author\":{\"@id\":\"https:\/\/www.visit-ulcinj.com\/blog\/#\/schema\/person\/dcab619c614d3038751c63bc2aadc06d\"},\"description\":\"Podgoric\u00eb, 28 gusht - Ligji mbi regjistrimin e popullsis\u00eb, i cili parashihet t\u00eb realizohet vitin e ardhsh\u00ebm, po shkakton kund\u00ebrshtime t\u00eb dukshme n\u00eb radh\u00ebt\",\"breadcrumb\":{\"@id\":\"https:\/\/www.visit-ulcinj.com\/blog\/2010\/08\/30\/regjistrimi-ne-mal-te-zi-sipas-perkatesise-etnike-apo-nacionale\/#breadcrumb\"},\"inLanguage\":\"en-US\",\"potentialAction\":[{\"@type\":\"ReadAction\",\"target\":[\"https:\/\/www.visit-ulcinj.com\/blog\/2010\/08\/30\/regjistrimi-ne-mal-te-zi-sipas-perkatesise-etnike-apo-nacionale\/\"]}]},{\"@type\":\"BreadcrumbList\",\"@id\":\"https:\/\/www.visit-ulcinj.com\/blog\/2010\/08\/30\/regjistrimi-ne-mal-te-zi-sipas-perkatesise-etnike-apo-nacionale\/#breadcrumb\",\"itemListElement\":[{\"@type\":\"ListItem\",\"position\":1,\"name\":\"Regjistrimi n\u00eb Mal t\u00eb Zi: sipas p\u00ebrkat\u00ebsis\u00eb etnike, apo nacionale\"}]},{\"@type\":\"Person\",\"@id\":\"https:\/\/www.visit-ulcinj.com\/blog\/#\/schema\/person\/dcab619c614d3038751c63bc2aadc06d\",\"name\":\"ulqini\",\"sameAs\":[\"http:\/\/www.visit-ulcinj.com\"],\"url\":\"https:\/\/www.visit-ulcinj.com\/blog\/author\/admin\/\"}]}<\/script>\n<!-- \/ Yoast SEO plugin. -->","yoast_head_json":{"title":"Regjistrimi n\u00eb Mal t\u00eb Zi: sipas p\u00ebrkat\u00ebsis\u00eb etnike, apo nacionale - Lajme nga Ulqini","description":"Podgoric\u00eb, 28 gusht - Ligji mbi regjistrimin e popullsis\u00eb, i cili parashihet t\u00eb realizohet vitin e ardhsh\u00ebm, po shkakton kund\u00ebrshtime t\u00eb dukshme n\u00eb radh\u00ebt","robots":{"index":"index","follow":"follow","max-snippet":"max-snippet:-1","max-image-preview":"max-image-preview:large","max-video-preview":"max-video-preview:-1"},"canonical":"https:\/\/www.visit-ulcinj.com\/blog\/2010\/08\/30\/regjistrimi-ne-mal-te-zi-sipas-perkatesise-etnike-apo-nacionale\/","og_locale":"en_US","og_type":"article","og_title":"Regjistrimi n\u00eb Mal t\u00eb Zi: sipas p\u00ebrkat\u00ebsis\u00eb etnike, apo nacionale - Lajme nga Ulqini","og_description":"Podgoric\u00eb, 28 gusht - Ligji mbi regjistrimin e popullsis\u00eb, i cili parashihet t\u00eb realizohet vitin e ardhsh\u00ebm, po shkakton kund\u00ebrshtime t\u00eb dukshme n\u00eb radh\u00ebt","og_url":"https:\/\/www.visit-ulcinj.com\/blog\/2010\/08\/30\/regjistrimi-ne-mal-te-zi-sipas-perkatesise-etnike-apo-nacionale\/","og_site_name":"Lajme nga Ulqini","article_published_time":"2010-08-30T13:01:28+00:00","article_modified_time":"2010-09-01T18:12:30+00:00","twitter_misc":{"Written by":"ulqini","Est. reading time":"2 minutes"},"schema":{"@context":"https:\/\/schema.org","@graph":[{"@type":"WebSite","@id":"https:\/\/www.visit-ulcinj.com\/blog\/#website","url":"https:\/\/www.visit-ulcinj.com\/blog\/","name":"Lajme nga Ulqini","description":"Lajme,Vijesti,Ulqini,Ulqin,Crna Gora,Mali i Zi","potentialAction":[{"@type":"SearchAction","target":{"@type":"EntryPoint","urlTemplate":"https:\/\/www.visit-ulcinj.com\/blog\/?s={search_term_string}"},"query-input":"required name=search_term_string"}],"inLanguage":"en-US"},{"@type":"WebPage","@id":"https:\/\/www.visit-ulcinj.com\/blog\/2010\/08\/30\/regjistrimi-ne-mal-te-zi-sipas-perkatesise-etnike-apo-nacionale\/#webpage","url":"https:\/\/www.visit-ulcinj.com\/blog\/2010\/08\/30\/regjistrimi-ne-mal-te-zi-sipas-perkatesise-etnike-apo-nacionale\/","name":"Regjistrimi n\u00eb Mal t\u00eb Zi: sipas p\u00ebrkat\u00ebsis\u00eb etnike, apo nacionale - Lajme nga Ulqini","isPartOf":{"@id":"https:\/\/www.visit-ulcinj.com\/blog\/#website"},"datePublished":"2010-08-30T13:01:28+00:00","dateModified":"2010-09-01T18:12:30+00:00","author":{"@id":"https:\/\/www.visit-ulcinj.com\/blog\/#\/schema\/person\/dcab619c614d3038751c63bc2aadc06d"},"description":"Podgoric\u00eb, 28 gusht - Ligji mbi regjistrimin e popullsis\u00eb, i cili parashihet t\u00eb realizohet vitin e ardhsh\u00ebm, po shkakton kund\u00ebrshtime t\u00eb dukshme n\u00eb radh\u00ebt","breadcrumb":{"@id":"https:\/\/www.visit-ulcinj.com\/blog\/2010\/08\/30\/regjistrimi-ne-mal-te-zi-sipas-perkatesise-etnike-apo-nacionale\/#breadcrumb"},"inLanguage":"en-US","potentialAction":[{"@type":"ReadAction","target":["https:\/\/www.visit-ulcinj.com\/blog\/2010\/08\/30\/regjistrimi-ne-mal-te-zi-sipas-perkatesise-etnike-apo-nacionale\/"]}]},{"@type":"BreadcrumbList","@id":"https:\/\/www.visit-ulcinj.com\/blog\/2010\/08\/30\/regjistrimi-ne-mal-te-zi-sipas-perkatesise-etnike-apo-nacionale\/#breadcrumb","itemListElement":[{"@type":"ListItem","position":1,"name":"Regjistrimi n\u00eb Mal t\u00eb Zi: sipas p\u00ebrkat\u00ebsis\u00eb etnike, apo nacionale"}]},{"@type":"Person","@id":"https:\/\/www.visit-ulcinj.com\/blog\/#\/schema\/person\/dcab619c614d3038751c63bc2aadc06d","name":"ulqini","sameAs":["http:\/\/www.visit-ulcinj.com"],"url":"https:\/\/www.visit-ulcinj.com\/blog\/author\/admin\/"}]}},"jetpack_featured_media_url":"","jetpack_sharing_enabled":true,"jetpack_shortlink":"https:\/\/wp.me\/pe6lTn-9v4","_links":{"self":[{"href":"https:\/\/www.visit-ulcinj.com\/blog\/wp-json\/wp\/v2\/posts\/36522"}],"collection":[{"href":"https:\/\/www.visit-ulcinj.com\/blog\/wp-json\/wp\/v2\/posts"}],"about":[{"href":"https:\/\/www.visit-ulcinj.com\/blog\/wp-json\/wp\/v2\/types\/post"}],"author":[{"embeddable":true,"href":"https:\/\/www.visit-ulcinj.com\/blog\/wp-json\/wp\/v2\/users\/1"}],"replies":[{"embeddable":true,"href":"https:\/\/www.visit-ulcinj.com\/blog\/wp-json\/wp\/v2\/comments?post=36522"}],"version-history":[{"count":0,"href":"https:\/\/www.visit-ulcinj.com\/blog\/wp-json\/wp\/v2\/posts\/36522\/revisions"}],"wp:attachment":[{"href":"https:\/\/www.visit-ulcinj.com\/blog\/wp-json\/wp\/v2\/media?parent=36522"}],"wp:term":[{"taxonomy":"category","embeddable":true,"href":"https:\/\/www.visit-ulcinj.com\/blog\/wp-json\/wp\/v2\/categories?post=36522"},{"taxonomy":"post_tag","embeddable":true,"href":"https:\/\/www.visit-ulcinj.com\/blog\/wp-json\/wp\/v2\/tags?post=36522"}],"curies":[{"name":"wp","href":"https:\/\/api.w.org\/{rel}","templated":true}]}}