{"id":36525,"date":"2010-08-30T18:05:53","date_gmt":"2010-08-30T16:05:53","guid":{"rendered":"http:\/\/www.visit-ulcinj.com\/blog\/?p=36525"},"modified":"2010-08-31T19:28:19","modified_gmt":"2010-08-31T17:28:19","slug":"si-do-te-duket-skena-e-ardhshme-politike-ne-ulqin","status":"publish","type":"post","link":"https:\/\/www.visit-ulcinj.com\/blog\/2010\/08\/30\/si-do-te-duket-skena-e-ardhshme-politike-ne-ulqin\/","title":{"rendered":"Si do t\u00eb duket skena e ardhshme politike n\u00eb Ulqin?!"},"content":{"rendered":"<p><strong><a href=\"http:\/\/www.visit-ulcinj.com\/blog\/wp-content\/uploads\/2009\/03\/muhamet-nika_ulcinj.jpg\"><img loading=\"lazy\" class=\"alignleft size-full wp-image-16232\" title=\"muhamet-nika_ulcinj\" src=\"http:\/\/www.visit-ulcinj.com\/blog\/wp-content\/uploads\/2009\/03\/muhamet-nika_ulcinj.jpg\" alt=\"\" width=\"300\" height=\"224\" \/><\/a>E panjohura krijon frik\u00eb<br \/>\n<em>Reagim ndaj vler\u00ebsimeve n\u00eb konferenc\u00ebn\u00a0p\u00ebr shtyp t\u00eb Forc\u00ebs s\u00eb Re\u00a0Demokratike lidhur me zgjedhjet e\u00a0reja lokale n\u00eb Ulqin, t\u00eb numrit t\u00eb fundit\u00a0t\u00eb \u201cKoh\u00ebs javore\u201d me titull \u201cForca\u00a0e sigurt n\u00eb fitore\u201d. <\/em><\/strong><\/p>\n<p>Po t\u00eb p\u00ebrjashtojm\u00eb n\u00eb reagim konstatimin se\u00a0Forca e p\u00ebrsh\u00ebndet vendimin e Presidentit t\u00eb\u00a0Malit t\u00eb Zi p\u00ebr t\u00eb dal\u00eb n\u00eb zgjedhje i cili si konstatim\u00a0\u00ebsht\u00eb nj\u00eb dyftyr\u00ebsi, por jo vet\u00ebm e k\u00ebtij\u00a0subjekti, por edhe e t\u00eb gjitha subjekteve t\u00eb\u00a0tjera&#8230; ngase shkuarja n\u00eb zgjedhje \u00ebsht\u00eb nj\u00eb\u00a0praktik\u00eb e re dhe e panjohur, kurse e panjohura\u00a0vetvetiu \u00ebsht\u00eb e frikshme, pra edhe p\u00ebr Forc\u00ebn,\u00a0shtojm\u00eb q\u00eb p\u00ebr momentin do t\u00eb ishim ndalur pak\u00a0m\u00eb gjat\u00eb p\u00ebr t\u00eb zb\u00ebrthyer konstatimin se \u201cForca\u00a0edhe m\u00eb her\u00ebt ka konstatuar q\u00eb rruga m\u00eb e mir\u00eb\u00a0p\u00ebr zgjidhjen e situat\u00ebs politike n\u00eb Ulqin \u00ebsht\u00eb\u00a0kthimi i mandatit t\u00eb votuesve\u201d.\u00a0Mbase me k\u00ebt\u00eb konstatim Forca sikur e fsheh\u00a0d\u00ebshtimin e saj q\u00eb edhe ajo t\u00eb krijonte koalicion\u00a0duke e ditur q\u00eb n\u00eb zgjedhjet e kaluara garuan 9\u00a0lista dhe tjet\u00ebr duket sikur nuk d\u00ebshiron t\u00eb pranoj\u00eb\u00a0q\u00eb skena politike e Ulqinit \u00ebsht\u00eb e mang\u00ebt\u00a0dhe e gjymt\u00eb dhe se koalicioni nuk u arrit nga\u00a0asnj\u00eb grupim pik\u00ebrisht si rezultat i aft\u00ebsive t\u00eb\u00a0kufizuara t\u00eb tyre programore po edhe thjesht t\u00eb\u00a0interesave personale t\u00eb aktor\u00ebve t\u00eb sken\u00ebs politike.\u00a0Ajo q\u00eb bie n\u00eb sy mendojm\u00eb q\u00eb zgjedhjet e\u00a0parakohshme nuk jan\u00eb zgjidhje e problemit, por\u00a0jan\u00eb vet\u00eb problemi qoft\u00eb p\u00ebr Forc\u00ebn e Re\u00a0demokratike si dhe p\u00ebr grupimet e tjera t\u00eb cilat\u00a0si duket kan\u00eb kriz\u00eb t\u00eb identitetit programor,\u00a0andaj edhe ky subjekt ishte pjes\u00eb e kriz\u00ebs dhe\u00a0gjeneratore e kriz\u00ebs pasi nuk mundi t\u00eb siguronte\u00a0partner\u00eb t\u00eb sigurt p\u00ebr ushtrimin e koalicionit n\u00eb\u00a0nivelin lokal. Si rezultat i ngjashm\u00ebris\u00eb programore\u00a0dhe interesave personale dhe suitave,\u00a0grupimi i partive t\u00eb opozit\u00ebs nuk mundi t\u00eb siguroj\u00eb\u00a0koalicion ndoshta si rezultat edhe i vet;\u00a0mang\u00ebsive t\u00eb Forc\u00ebs e cila n\u00eb vend q\u00eb t\u2019i kultivonte\u00a0dhe ndihmonte partner\u00ebt e grupimit t\u00eb\u00a0vet politik t\u00eb cil\u00ebt edhe e soll\u00ebn n\u00eb pushtet n\u00eb\u00a0legjislacionin e kaluar n\u00eb Ulqin ajo p\u00ebr \u00e7udi i\u00a0p\u00ebrpiu aleat\u00ebt e mundsh\u00ebm LD, BDSH e\u00a0Perspektiv\u00eb duke p\u00ebrgjysmuar elektoratin e tyre\u00a0e kjo b\u00ebn q\u00eb ata t\u00eb ndjehen t\u00eb fyer e t\u00eb posht\u00ebruar\u00a0nga ambiciet megalomane t\u00eb k\u00ebtij grupimi politik\u00a0i cili n\u00eb koncept \u00ebsht\u00eb m\u00eb tep\u00ebr nj\u00eb subjekt\u00a0monist duke p\u00ebrngjar\u00eb n\u00eb nj\u00eb l\u00ebvizje qytetare\u00a0shqiptare t\u00eb viteve t\u00eb 90 \u2013 ta. Duket q\u00eb ajo n\u00eb\u00a0esenc\u00eb mu si Lidhja Demokratike shpik armiq\u00a0politik\u00eb p\u00ebr t\u2019i hapur rrug\u00eb nj\u00eb despotizmi partiak,\u00a0shkel ngjash\u00ebm statutin dhe programin e vet\u00a0duke mos mbajtur rregullisht kuvende zgjedhore.\u00a0Shtojm\u00eb q\u00eb q\u00ebndron e v\u00ebrteta q\u00eb s\u2019thuhet e cila\u00a0b\u00ebn q\u00eb grupimet LD \u2013 BDSH \u2013 Perspektiv\u00eb t\u00eb\u00a0ndihen m\u00eb tep\u00ebr t\u00eb rrezikuara nga vet\u00eb fuqia e\u00a0Forc\u00ebs sesa nga fuqia e Koalicionit \u201cP\u00ebr Ulqinin\u00a0evropian\u201d dhe nga Partia e Prosperitetit\u00a0Demokratik. Si duket, k\u00ebto kahe t\u00eb zhvillimit\u00a0dhe evoluimit t\u00eb elektoratit pro Forc\u00ebs dhe\u00a0kund\u00ebr subjekteve t\u00eb lartp\u00ebrmendura n\u00eb fakt\u00a0\u00ebsht\u00eb nj\u00eb \u201ce mir\u00eb politike\u201d p\u00ebr Forc\u00ebn e q\u00eb n\u00eb\u00a0esenc\u00eb \u00ebsht\u00eb \u201ce keqe\u201d. Shprehur me gjuh\u00ebn\u00a0hyjnore do kishim th\u00ebn\u00eb se aktualisht po ngjet\u00a0ajo q\u00eb thuhet, \u201cka do gj\u00ebra q\u00eb ju mendoni se jan\u00eb\u00a0mir\u00eb p\u00ebr ju e ato jan\u00eb keq p\u00ebr ju e ka do gj\u00ebra q\u00eb\u00a0ju mendoni se jan\u00eb keq p\u00ebr ju e ata jan\u00eb mir\u00eb p\u00ebr\u00a0ju\u201d. Th\u00ebn\u00eb m\u00eb shkurt, Forca manipulon me\u00a0votuesit e saj duke i motivuar gjoja me rritjen e\u00a0numrit t\u00eb votuesve e q\u00eb n\u00eb fakt kemi t\u00eb b\u00ebjm\u00eb\u00a0me nj\u00eb hajni t\u00eb votave t\u00eb an\u00ebtar\u00ebve t\u00eb bllokut t\u00eb\u00a0vet politik. Edhe sikur t\u00eb ndodhte ajo q\u00eb i thon\u00eb\u00a0\u201c\u00e7ka do t\u00eb ishte po t\u00eb ishte&#8230;.\u201d q\u00eb Forca t\u00eb fitoj\u00eb\u00a0pushtetin e duke e ditur q\u00eb pushteti edhe p\u00ebr nj\u00eb\u00a0vit do t\u00eb jet\u00eb i ndar\u00eb, pra do t\u2019i takonte koalicionit\u00a0\u201cP\u00ebr Ulqinin evropian\u201d, at\u00ebher\u00eb 50 % i pushtetit q\u00eb do t\u00eb fitoj\u00eb Forca, do t\u00eb ishte tep\u00ebr i\u00a0ngusht\u00eb p\u00ebr subjektet e k\u00ebtij grupimi dhe pak\u00ebnaq\u00ebsis\u00eb\u00a0politike t\u00eb subjekteve me aft\u00ebsi t\u00eb\u00a0kufizuara do t\u2019i shtohej edhe sulmi i koalicionit\u00a0qeveris\u00ebs DPS \u2013 UDSH po edhe pak\u00ebnaq\u00ebsia ta\u00a0quajm\u00eb e \u201cburokracis\u00eb urbane\u201d e grumbulluar n\u00eb\u00a0partin\u00eb Socilademokrate e cila e prishi kuror\u00ebzimin\u00a0idilik me koalicionin \u201cP\u00ebr Ulqinin evropian\u201d.\u00a0Pa dyshim q\u00eb kjo do t\u00eb prodhonte nervoziz\u00ebm\u00a0dhe shpartallim t\u00eb idil\u00ebs partiake e cila m\u00eb\u00a0par\u00eb shquante koalicionin \u201cP\u00ebr Ulqinin evropian\u201d.\u00a0K\u00ebt\u00eb konstatim e nxjerrim mbi baz\u00ebn e\u00a0hesapeve urbane t\u00eb PSD\u2013s\u00eb e cila ka paralajm\u00ebruar\u00a0q\u00eb do t\u2019i bashk\u00ebngjitet grupimit t\u00eb\u00a0Forc\u00ebs s\u00eb Re Demokratike.\u00a0Sa p\u00ebr konstatimin q\u00eb \u201cAi (Cungu) u shpreh i\u00a0sigurt se qytetar\u00ebt e Komun\u00ebs s\u00eb Ulqinit besojn\u00eb\u00a0n\u00eb m\u00ebnyr\u00eb masive te programi \u2013 kuadrot &#8230; e\u00a0Forc\u00ebs\u201d shpjegojm\u00eb se tash u kuptua nga t\u00eb\u00a0gjith\u00eb q\u00eb programi i Forc\u00ebs, sidomos ai q\u00eb ka t\u00eb\u00a0b\u00ebj\u00eb me turizmin dhe ai i bujq\u00ebsis\u00eb (Agropro) ka\u00a0d\u00ebshmuar q\u00eb \u00ebsht\u00eb i pazbatuesh\u00ebm sepse shtimi\u00a0i kapaciteteve hoteliere turistike n\u00eb Ulqin si dhe\u00a0grumbullimi apo shitja e prodhimeve bujq\u00ebsore\u00a0n\u00eb nj\u00eb vend t\u00eb tret\u00eb nuk jan\u00eb pun\u00eb t\u00eb pushtetit\u00a0lokal, por t\u00eb pushtetit qendror. D\u00ebshirojm\u00eb t\u00eb\u00a0mendojm\u00eb q\u00eb kjo \u00ebsht\u00eb nj\u00eb \u201cfloskul\u00eb\u201d e shpikur\u00a0nga vet\u00eb Forca t\u00eb cil\u00ebs edhe ata vet\u00eb nuk i besojn\u00eb\u00a0ngase jemi duke folur p\u00ebr zgjedhje lokale e\u00a0jo p\u00ebr zgjedhje parlamentare. Ka z\u00ebra nd\u00ebr qytetar\u00eb\u00a0t\u00eb cil\u00ebt pohojn\u00eb se ndihen t\u00eb mashtruar,\u00a0sepse \u201cAgropro\u201d si shoqat\u00eb q\u00eb udh\u00ebhiqet direkt\u00a0nga z. Cungu nuk siguroi grumbullim t\u00eb prodhimeve\u00a0bujq\u00ebsore me \u00e7mim t\u00eb volitsh\u00ebm si\u00e7\u00a0ishte premtuar, por mjetet e gjetura nga subvencionet\u00a0e ndryshme u p\u00ebrdor\u00ebn p\u00ebr t\u00eb bler\u00eb\u00a0shalqinj n\u00eb Shqip\u00ebri. Nd\u00ebrsa p\u00ebr ata t\u00eb cil\u00ebt jan\u00eb\u00a0mir\u00eb t\u00eb informuar cekim se programi bujq\u00ebsor i\u00a0ofruar qytetar\u00ebve t\u00eb An\u00ebs s\u00eb Malit ishte thjesht\u00eb\u00a0nj\u00eb kompilim kompjuterik i hartuar brenda nj\u00eb\u00a0ore.\u00a0Qarjet n\u00eb zgjedhjet q\u00eb shkuan se gjoja ishin t\u00eb\u00a0parregullta dhe me mjaft veprime t\u00eb dyshimta\u00a0gjithsesi nuk q\u00ebndrojn\u00eb sepse Forca n\u00eb \u00e7do\u00a0vendvotim kishte an\u00ebtar\u00ebt e vet dhe t\u00eb gjith\u00eb n\u00eb\u00a0m\u00ebnyr\u00eb t\u00eb rregullt i n\u00ebnshkruan procesverbalet.\u00a0Kurse grupimit qytetar Perspektiva i cili\u00a0dyshonte p\u00ebr parregullsi iu mund\u00ebsua hapja e\u00a0kutive dhe \u00e7do gj\u00eb rezultoi e past\u00ebr. Tjet\u00ebr,\u00a0gjithashtu nuk q\u00ebndron as pohimi kur ajo thot\u00eb:\u00a0\u201cForca paska par\u00eb hapjen e vendeve fiktive t\u00eb\u00a0pun\u00ebs\u201d vet\u00ebm p\u00ebr t\u00eb hequr votat, investime\u00a0sip\u00ebrfaq\u00ebsore elektorale&#8230; shp\u00ebrndarje t\u00eb \u00e7imentos,\u00a0hekurit e zallit, shantazhe me largim nga\u00a0puna, konstatojm\u00eb q\u00eb n\u00eb k\u00ebt\u00eb aspekt Forca nuk\u00a0ndryshoi aspak n\u00eb metod\u00eb t\u00eb manipulimit dhe\u00a0mashtrimit t\u00eb votuesve sepse edhe ajo b\u00ebri t\u00eb\u00a0nj\u00ebjt\u00ebn gj\u00eb, shp\u00ebrndau zall, \u00e7imento dhe hekur,\u00a0madje shp\u00ebrndau edhe zarfe me t\u00eb holla si dikur\u00a0partia n\u00eb pushtet n\u00eb zgjedhjet e m\u00ebhershme parlamentare.\u00a0Me k\u00ebt\u00eb ajo nuk dalloi fare nga partia\u00a0n\u00eb pushtet \u00e7ka nuk \u00ebsht\u00eb e mir\u00eb t\u00eb blej\u00eb votat mu\u00a0si pozita!\u00a0Mendojm\u00eb q\u00eb sikur t\u00eb ngjiste nj\u00eb dyluftim i ri i\u00a0qeseve t\u00eb biznesit t\u00eb Forc\u00ebs dhe i qeseve buxhetore\u00a0komunale e republikane at\u00ebher\u00eb\u00a0padyshim q\u00eb m\u00eb keq do t\u00eb kalonte biznesi i\u00a0Forc\u00ebs.\u00a0Dhe s\u00eb fundmi, n\u00eb konferenc\u00ebn e saj p\u00ebr shtyp\u00a0me thirrjen q\u00eb i b\u00ebri komunitetit nd\u00ebrkomb\u00ebtar\u00a0t\u00eb pranish\u00ebm n\u00eb Mal t\u00eb Zi dhe mediave\u00a0malazeze e shoq\u00ebris\u00eb civile q\u00eb \u201cme kujdes t\u00eb\u00a0p\u00ebrcjellin zgjedhjet\u201d te njoh\u00ebsi i k\u00ebtyre\u00a0rrethanave krijon ndjenj\u00ebn q\u00eb ky grupim politik\u00a0i ka frik\u00eb zgjedhjet dhe me k\u00ebt\u00eb konstatim zbulon\u00a0thembr\u00ebn e vet t\u00eb Akilit, pra dob\u00ebsin\u00eb e saj\u00a0sepse sipas Ligjit n\u00eb fuqi mbi organizimin e\u00a0partive politike n\u00eb Mal t\u00eb Zi, n\u00eb fuqi, subjektit,\u00a0kahmoti i ka pushuar mandati i organizimit politik.\u00a0Q\u00eb t\u00eb jemi m\u00eb t\u00eb qart\u00eb, n\u00ebse subjekti nuk\u00a0arrin t\u00eb mbaj\u00eb kuvendin e vet zgjedhor deri m\u00eb\u00a025 shtator t\u00eb k\u00ebtij viti, e humb\u00eb t\u00eb drejt\u00ebn e daljes\u00a0n\u00eb zgjedhje. Nga ana tjet\u00ebr, sikur ta mbante\u00a0kuvendin zgjedhor t\u00eb vetin nuk p\u00ebrjashtohet\u00a0mund\u00ebsia e \u00e7ekuilibrimeve t\u00eb brendshme t\u00eb\u00a0klaneve duke iu p\u00ebrs\u00ebritur k\u00ebshtu historia e\u00a0Lidhjes Demokratike e zgjedhjeve t\u00eb fundit e\u00a0cila guxoi e shkoi n\u00eb kuvend zgjedhor n\u00eb prag t\u00eb\u00a0zgjedhjeve e q\u00eb rezultoi m\u00eb pas me shpartallimin\u00a0total t\u00eb sajin duke fituar vet\u00ebm nj\u00eb gjysm\u00eb\u00a0mandati. Kujtojm\u00eb, q\u00eb, ky subjekt, LD, n\u00eb\u00a0zgjedhjet e para 20 viteve n\u00eb Ulqin fitoi 22 mandate.\u00a0Sido q\u00eb t\u00eb jet\u00eb e panjohura krijon huti dhe\u00a0frik\u00eb. Thon\u00eb se frika i bashkon njer\u00ebzit dhe nj\u00eb\u00a0gj\u00eb mbase \u00ebsht\u00eb e qart\u00eb n\u00eb zgjedhjet e ardhshme,\u00a0numri i partive q\u00eb do t\u00eb garojn\u00eb n\u00eb zgjedhje nuk\u00a0do t\u00eb jet\u00eb m\u00eb tep\u00ebr i lart\u00eb. Kurse partit\u00eb e vogla\u00a0dhe grupimi qytetar e humb\u00ebn shansin p\u00ebr t\u00eb\u00a0mbijetuar n\u00eb mozaikun e ardhsh\u00ebm pluralist t\u00eb\u00a0Ulqinit.<\/p>\n<p><strong><em>(autori ishte kryetar i Kuvendit Komunal t\u00eb Ulqinit)<\/em><\/strong><\/p>\n<p><em> <\/em><strong>Muhamet Nika<br \/>\nKoha Javore<\/strong><br \/>\n<object classid=\"clsid:d27cdb6e-ae6d-11cf-96b8-444553540000\" width=\"490\" height=\"394\" codebase=\"http:\/\/download.macromedia.com\/pub\/shockwave\/cabs\/flash\/swflash.cab#version=6,0,40,0\"><param name=\"allowFullScreen\" value=\"true\" \/><param name=\"allowScriptAccess\" value=\"always\" \/><param name=\"src\" value=\"http:\/\/www.dailymotion.com\/swf\/video\/xegdom?background=%23171D1B&amp;foreground=%23F7FFFD&amp;highlight=%23FFC300&amp;autoPlay=1&amp;hideInfos=1&amp;width=480&amp;additionalInfos=0\" \/><param name=\"allowfullscreen\" value=\"true\" \/><\/object><\/strong><\/p>\n","protected":false},"excerpt":{"rendered":"<p>E panjohura krijon frik\u00eb Reagim ndaj vler\u00ebsimeve n\u00eb konferenc\u00ebn\u00a0p\u00ebr shtyp t\u00eb Forc\u00ebs s\u00eb Re\u00a0Demokratike lidhur me zgjedhjet e\u00a0reja lokale n\u00eb Ulqin, t\u00eb numrit t\u00eb fundit\u00a0t\u00eb \u201cKoh\u00ebs javore\u201d me titull \u201cForca\u00a0e sigurt n\u00eb fitore\u201d. Po t\u00eb p\u00ebrjashtojm\u00eb n\u00eb reagim konstatimin se\u00a0Forca e p\u00ebrsh\u00ebndet vendimin e Presidentit t\u00eb\u00a0Malit t\u00eb Zi p\u00ebr t\u00eb dal\u00eb n\u00eb zgjedhje i cili [&hellip;]<\/p>\n","protected":false},"author":1,"featured_media":0,"comment_status":"open","ping_status":"closed","sticky":false,"template":"","format":"standard","meta":{"spay_email":"","jetpack_publicize_message":"","jetpack_is_tweetstorm":false,"jetpack_publicize_feature_enabled":true},"categories":[5],"tags":[117,944,118,200,18],"jetpack_publicize_connections":[],"yoast_head":"<!-- This site is optimized with the Yoast SEO plugin v19.1 - https:\/\/yoast.com\/wordpress\/plugins\/seo\/ -->\n<title>Si do t\u00eb duket skena e ardhshme politike n\u00eb Ulqin?! - Lajme nga Ulqini<\/title>\n<meta name=\"description\" content=\"E panjohura krijon frik\u00eb Reagim ndaj vler\u00ebsimeve n\u00eb konferenc\u00ebn\u00a0p\u00ebr shtyp t\u00eb Forc\u00ebs s\u00eb Re\u00a0Demokratike lidhur me zgjedhjet e\u00a0reja lokale n\u00eb Ulqin, t\u00eb\" \/>\n<meta name=\"robots\" content=\"index, follow, max-snippet:-1, max-image-preview:large, max-video-preview:-1\" \/>\n<link rel=\"canonical\" href=\"https:\/\/www.visit-ulcinj.com\/blog\/2010\/08\/30\/si-do-te-duket-skena-e-ardhshme-politike-ne-ulqin\/\" \/>\n<meta property=\"og:locale\" content=\"en_US\" \/>\n<meta property=\"og:type\" content=\"article\" \/>\n<meta property=\"og:title\" content=\"Si do t\u00eb duket skena e ardhshme politike n\u00eb Ulqin?! - Lajme nga Ulqini\" \/>\n<meta property=\"og:description\" content=\"E panjohura krijon frik\u00eb Reagim ndaj vler\u00ebsimeve n\u00eb konferenc\u00ebn\u00a0p\u00ebr shtyp t\u00eb Forc\u00ebs s\u00eb Re\u00a0Demokratike lidhur me zgjedhjet e\u00a0reja lokale n\u00eb Ulqin, t\u00eb\" \/>\n<meta property=\"og:url\" content=\"https:\/\/www.visit-ulcinj.com\/blog\/2010\/08\/30\/si-do-te-duket-skena-e-ardhshme-politike-ne-ulqin\/\" \/>\n<meta property=\"og:site_name\" content=\"Lajme nga Ulqini\" \/>\n<meta property=\"article:published_time\" content=\"2010-08-30T16:05:53+00:00\" \/>\n<meta property=\"article:modified_time\" content=\"2010-08-31T17:28:19+00:00\" \/>\n<meta property=\"og:image\" content=\"http:\/\/www.visit-ulcinj.com\/blog\/wp-content\/uploads\/2009\/03\/muhamet-nika_ulcinj.jpg\" \/>\n<meta name=\"twitter:label1\" content=\"Written by\" \/>\n\t<meta name=\"twitter:data1\" content=\"ulqini\" \/>\n\t<meta name=\"twitter:label2\" content=\"Est. reading time\" \/>\n\t<meta name=\"twitter:data2\" content=\"8 minutes\" \/>\n<script type=\"application\/ld+json\" class=\"yoast-schema-graph\">{\"@context\":\"https:\/\/schema.org\",\"@graph\":[{\"@type\":\"WebSite\",\"@id\":\"https:\/\/www.visit-ulcinj.com\/blog\/#website\",\"url\":\"https:\/\/www.visit-ulcinj.com\/blog\/\",\"name\":\"Lajme nga Ulqini\",\"description\":\"Lajme,Vijesti,Ulqini,Ulqin,Crna Gora,Mali i Zi\",\"potentialAction\":[{\"@type\":\"SearchAction\",\"target\":{\"@type\":\"EntryPoint\",\"urlTemplate\":\"https:\/\/www.visit-ulcinj.com\/blog\/?s={search_term_string}\"},\"query-input\":\"required name=search_term_string\"}],\"inLanguage\":\"en-US\"},{\"@type\":\"ImageObject\",\"inLanguage\":\"en-US\",\"@id\":\"https:\/\/www.visit-ulcinj.com\/blog\/2010\/08\/30\/si-do-te-duket-skena-e-ardhshme-politike-ne-ulqin\/#primaryimage\",\"url\":\"https:\/\/www.visit-ulcinj.com\/blog\/wp-content\/uploads\/2009\/03\/muhamet-nika_ulcinj.jpg\",\"contentUrl\":\"https:\/\/www.visit-ulcinj.com\/blog\/wp-content\/uploads\/2009\/03\/muhamet-nika_ulcinj.jpg\",\"width\":\"290\",\"height\":\"218\"},{\"@type\":\"WebPage\",\"@id\":\"https:\/\/www.visit-ulcinj.com\/blog\/2010\/08\/30\/si-do-te-duket-skena-e-ardhshme-politike-ne-ulqin\/#webpage\",\"url\":\"https:\/\/www.visit-ulcinj.com\/blog\/2010\/08\/30\/si-do-te-duket-skena-e-ardhshme-politike-ne-ulqin\/\",\"name\":\"Si do t\u00eb duket skena e ardhshme politike n\u00eb Ulqin?! - Lajme nga Ulqini\",\"isPartOf\":{\"@id\":\"https:\/\/www.visit-ulcinj.com\/blog\/#website\"},\"primaryImageOfPage\":{\"@id\":\"https:\/\/www.visit-ulcinj.com\/blog\/2010\/08\/30\/si-do-te-duket-skena-e-ardhshme-politike-ne-ulqin\/#primaryimage\"},\"datePublished\":\"2010-08-30T16:05:53+00:00\",\"dateModified\":\"2010-08-31T17:28:19+00:00\",\"author\":{\"@id\":\"https:\/\/www.visit-ulcinj.com\/blog\/#\/schema\/person\/dcab619c614d3038751c63bc2aadc06d\"},\"description\":\"E panjohura krijon frik\u00eb Reagim ndaj vler\u00ebsimeve n\u00eb konferenc\u00ebn\u00a0p\u00ebr shtyp t\u00eb Forc\u00ebs s\u00eb Re\u00a0Demokratike lidhur me zgjedhjet e\u00a0reja lokale n\u00eb Ulqin, t\u00eb\",\"breadcrumb\":{\"@id\":\"https:\/\/www.visit-ulcinj.com\/blog\/2010\/08\/30\/si-do-te-duket-skena-e-ardhshme-politike-ne-ulqin\/#breadcrumb\"},\"inLanguage\":\"en-US\",\"potentialAction\":[{\"@type\":\"ReadAction\",\"target\":[\"https:\/\/www.visit-ulcinj.com\/blog\/2010\/08\/30\/si-do-te-duket-skena-e-ardhshme-politike-ne-ulqin\/\"]}]},{\"@type\":\"BreadcrumbList\",\"@id\":\"https:\/\/www.visit-ulcinj.com\/blog\/2010\/08\/30\/si-do-te-duket-skena-e-ardhshme-politike-ne-ulqin\/#breadcrumb\",\"itemListElement\":[{\"@type\":\"ListItem\",\"position\":1,\"name\":\"Si do t\u00eb duket skena e ardhshme politike n\u00eb Ulqin?!\"}]},{\"@type\":\"Person\",\"@id\":\"https:\/\/www.visit-ulcinj.com\/blog\/#\/schema\/person\/dcab619c614d3038751c63bc2aadc06d\",\"name\":\"ulqini\",\"sameAs\":[\"http:\/\/www.visit-ulcinj.com\"],\"url\":\"https:\/\/www.visit-ulcinj.com\/blog\/author\/admin\/\"}]}<\/script>\n<!-- \/ Yoast SEO plugin. -->","yoast_head_json":{"title":"Si do t\u00eb duket skena e ardhshme politike n\u00eb Ulqin?! - Lajme nga Ulqini","description":"E panjohura krijon frik\u00eb Reagim ndaj vler\u00ebsimeve n\u00eb konferenc\u00ebn\u00a0p\u00ebr shtyp t\u00eb Forc\u00ebs s\u00eb Re\u00a0Demokratike lidhur me zgjedhjet e\u00a0reja lokale n\u00eb Ulqin, t\u00eb","robots":{"index":"index","follow":"follow","max-snippet":"max-snippet:-1","max-image-preview":"max-image-preview:large","max-video-preview":"max-video-preview:-1"},"canonical":"https:\/\/www.visit-ulcinj.com\/blog\/2010\/08\/30\/si-do-te-duket-skena-e-ardhshme-politike-ne-ulqin\/","og_locale":"en_US","og_type":"article","og_title":"Si do t\u00eb duket skena e ardhshme politike n\u00eb Ulqin?! - Lajme nga Ulqini","og_description":"E panjohura krijon frik\u00eb Reagim ndaj vler\u00ebsimeve n\u00eb konferenc\u00ebn\u00a0p\u00ebr shtyp t\u00eb Forc\u00ebs s\u00eb Re\u00a0Demokratike lidhur me zgjedhjet e\u00a0reja lokale n\u00eb Ulqin, t\u00eb","og_url":"https:\/\/www.visit-ulcinj.com\/blog\/2010\/08\/30\/si-do-te-duket-skena-e-ardhshme-politike-ne-ulqin\/","og_site_name":"Lajme nga Ulqini","article_published_time":"2010-08-30T16:05:53+00:00","article_modified_time":"2010-08-31T17:28:19+00:00","og_image":[{"url":"http:\/\/www.visit-ulcinj.com\/blog\/wp-content\/uploads\/2009\/03\/muhamet-nika_ulcinj.jpg"}],"twitter_misc":{"Written by":"ulqini","Est. reading time":"8 minutes"},"schema":{"@context":"https:\/\/schema.org","@graph":[{"@type":"WebSite","@id":"https:\/\/www.visit-ulcinj.com\/blog\/#website","url":"https:\/\/www.visit-ulcinj.com\/blog\/","name":"Lajme nga Ulqini","description":"Lajme,Vijesti,Ulqini,Ulqin,Crna Gora,Mali i Zi","potentialAction":[{"@type":"SearchAction","target":{"@type":"EntryPoint","urlTemplate":"https:\/\/www.visit-ulcinj.com\/blog\/?s={search_term_string}"},"query-input":"required name=search_term_string"}],"inLanguage":"en-US"},{"@type":"ImageObject","inLanguage":"en-US","@id":"https:\/\/www.visit-ulcinj.com\/blog\/2010\/08\/30\/si-do-te-duket-skena-e-ardhshme-politike-ne-ulqin\/#primaryimage","url":"https:\/\/www.visit-ulcinj.com\/blog\/wp-content\/uploads\/2009\/03\/muhamet-nika_ulcinj.jpg","contentUrl":"https:\/\/www.visit-ulcinj.com\/blog\/wp-content\/uploads\/2009\/03\/muhamet-nika_ulcinj.jpg","width":"290","height":"218"},{"@type":"WebPage","@id":"https:\/\/www.visit-ulcinj.com\/blog\/2010\/08\/30\/si-do-te-duket-skena-e-ardhshme-politike-ne-ulqin\/#webpage","url":"https:\/\/www.visit-ulcinj.com\/blog\/2010\/08\/30\/si-do-te-duket-skena-e-ardhshme-politike-ne-ulqin\/","name":"Si do t\u00eb duket skena e ardhshme politike n\u00eb Ulqin?! - Lajme nga Ulqini","isPartOf":{"@id":"https:\/\/www.visit-ulcinj.com\/blog\/#website"},"primaryImageOfPage":{"@id":"https:\/\/www.visit-ulcinj.com\/blog\/2010\/08\/30\/si-do-te-duket-skena-e-ardhshme-politike-ne-ulqin\/#primaryimage"},"datePublished":"2010-08-30T16:05:53+00:00","dateModified":"2010-08-31T17:28:19+00:00","author":{"@id":"https:\/\/www.visit-ulcinj.com\/blog\/#\/schema\/person\/dcab619c614d3038751c63bc2aadc06d"},"description":"E panjohura krijon frik\u00eb Reagim ndaj vler\u00ebsimeve n\u00eb konferenc\u00ebn\u00a0p\u00ebr shtyp t\u00eb Forc\u00ebs s\u00eb Re\u00a0Demokratike lidhur me zgjedhjet e\u00a0reja lokale n\u00eb Ulqin, t\u00eb","breadcrumb":{"@id":"https:\/\/www.visit-ulcinj.com\/blog\/2010\/08\/30\/si-do-te-duket-skena-e-ardhshme-politike-ne-ulqin\/#breadcrumb"},"inLanguage":"en-US","potentialAction":[{"@type":"ReadAction","target":["https:\/\/www.visit-ulcinj.com\/blog\/2010\/08\/30\/si-do-te-duket-skena-e-ardhshme-politike-ne-ulqin\/"]}]},{"@type":"BreadcrumbList","@id":"https:\/\/www.visit-ulcinj.com\/blog\/2010\/08\/30\/si-do-te-duket-skena-e-ardhshme-politike-ne-ulqin\/#breadcrumb","itemListElement":[{"@type":"ListItem","position":1,"name":"Si do t\u00eb duket skena e ardhshme politike n\u00eb Ulqin?!"}]},{"@type":"Person","@id":"https:\/\/www.visit-ulcinj.com\/blog\/#\/schema\/person\/dcab619c614d3038751c63bc2aadc06d","name":"ulqini","sameAs":["http:\/\/www.visit-ulcinj.com"],"url":"https:\/\/www.visit-ulcinj.com\/blog\/author\/admin\/"}]}},"jetpack_featured_media_url":"","jetpack_sharing_enabled":true,"jetpack_shortlink":"https:\/\/wp.me\/pe6lTn-9v7","_links":{"self":[{"href":"https:\/\/www.visit-ulcinj.com\/blog\/wp-json\/wp\/v2\/posts\/36525"}],"collection":[{"href":"https:\/\/www.visit-ulcinj.com\/blog\/wp-json\/wp\/v2\/posts"}],"about":[{"href":"https:\/\/www.visit-ulcinj.com\/blog\/wp-json\/wp\/v2\/types\/post"}],"author":[{"embeddable":true,"href":"https:\/\/www.visit-ulcinj.com\/blog\/wp-json\/wp\/v2\/users\/1"}],"replies":[{"embeddable":true,"href":"https:\/\/www.visit-ulcinj.com\/blog\/wp-json\/wp\/v2\/comments?post=36525"}],"version-history":[{"count":0,"href":"https:\/\/www.visit-ulcinj.com\/blog\/wp-json\/wp\/v2\/posts\/36525\/revisions"}],"wp:attachment":[{"href":"https:\/\/www.visit-ulcinj.com\/blog\/wp-json\/wp\/v2\/media?parent=36525"}],"wp:term":[{"taxonomy":"category","embeddable":true,"href":"https:\/\/www.visit-ulcinj.com\/blog\/wp-json\/wp\/v2\/categories?post=36525"},{"taxonomy":"post_tag","embeddable":true,"href":"https:\/\/www.visit-ulcinj.com\/blog\/wp-json\/wp\/v2\/tags?post=36525"}],"curies":[{"name":"wp","href":"https:\/\/api.w.org\/{rel}","templated":true}]}}