{"id":36529,"date":"2010-08-30T19:05:11","date_gmt":"2010-08-30T17:05:11","guid":{"rendered":"http:\/\/www.visit-ulcinj.com\/blog\/?p=36529"},"modified":"2010-08-31T19:28:47","modified_gmt":"2010-08-31T17:28:47","slug":"hajro-ulqinaku-perktheu-librin-molla-e-arte","status":"publish","type":"post","link":"https:\/\/www.visit-ulcinj.com\/blog\/2010\/08\/30\/hajro-ulqinaku-perktheu-librin-molla-e-arte\/","title":{"rendered":"Hajro Ulqinaku p\u00ebrktheu librin Molla e Art\u00eb"},"content":{"rendered":"<p><strong><em><a href=\"http:\/\/www.visit-ulcinj.com\/blog\/wp-content\/uploads\/2010\/08\/hajro-ulqinaku.jpg\"><img loading=\"lazy\" class=\"alignleft size-full wp-image-36530\" title=\"hajro ulqinaku\" src=\"http:\/\/www.visit-ulcinj.com\/blog\/wp-content\/uploads\/2010\/08\/hajro-ulqinaku.jpg\" alt=\"\" width=\"490\" height=\"366\" srcset=\"https:\/\/www.visit-ulcinj.com\/blog\/wp-content\/uploads\/2010\/08\/hajro-ulqinaku.jpg 490w, https:\/\/www.visit-ulcinj.com\/blog\/wp-content\/uploads\/2010\/08\/hajro-ulqinaku-300x224.jpg 300w\" sizes=\"(max-width: 490px) 100vw, 490px\" \/><\/a>N\u00eb lib\u00ebr p\u00ebrfshihen mite greke p\u00ebr figura t\u00eb\u00a0ndryshme si Jasoni, Odiseu, Perseu, Edipi,\u00a0Sfinksi, etj., legjenda, p\u00ebrralla dhe tregime\u00a0popullore nga vende t\u00eb ndryshme t\u00eb bot\u00ebs.<\/em><\/strong><\/p>\n<p><strong><em> <\/em><\/strong>Shkrimtari Hajro Ulqinaku p\u00ebrve\u00e7 pun\u00ebs s\u00eb tij si krijues, q\u00eb\u00a0nj\u00eb koh\u00eb t\u00eb gjat\u00eb i \u00ebsht\u00eb p\u00ebrkushtuar p\u00ebrgatitjes, p\u00ebrkthimit\u00a0dhe ka b\u00ebr\u00eb p\u00ebrzgjedhjen p\u00ebr nj\u00eb s\u00ebr\u00eb librash. N\u00eb k\u00ebt\u00eb\u00a0vazhd\u00eb \u00ebsht\u00eb edhe libri \u201cMolla e art\u00eb\u201d, i cili n\u00eb fakt \u00ebsht\u00eb\u00a0ribotim i k\u00ebtij libri q\u00eb p\u00ebr her\u00eb t\u00eb par\u00eb u botua nga \u201cFlaka\u201d\u00a0n\u00eb Shkup n\u00eb vitin 1993.\u00a0N\u00eb lib\u00ebr p\u00ebrfshihen mite greke p\u00ebr figura t\u00eb ndryshme si\u00a0Jasoni, Odiseu, Perseu, Edipi, Sfinksi, etj., legjenda, p\u00ebrralla\u00a0dhe tregime popullore nga vende t\u00eb ndryshme t\u00eb bot\u00ebs.\u00a0Libri p\u00ebrb\u00ebhet nga 135 faqe dhe \u00ebsht\u00eb botuar me mb\u00ebshtetjen\u00a0e Drejtoratit p\u00ebr Kultur\u00eb, Rini dhe Sporte pran\u00eb\u00a0Kuvendit t\u00eb Komun\u00ebs s\u00eb Ulqinit.\u00a0Hajro Ulqinaku shkruan kryesisht proz\u00eb p\u00ebr f\u00ebmij\u00eb dhe t\u00eb\u00a0rinj. Ai nd\u00ebr t\u00eb tjera ka botuar veprat: \u201cF\u00ebmij\u00ebt e detit\u201d,\u00a0\u201cMargaritar\u00ebt e zez\u201d, \u201cKolovajza e florinjt\u00eb e H\u00ebn\u00ebs\u201d,\u00a0\u201cAni, Beni, ani\u201d, \u201c\u00c7el\u00ebsi i art\u00eb\u201d, \u201cMbr\u00ebmje pul\u00ebbardhash\u201d,\u00a0\u201cThesari i pirat\u00ebve\u201d, \u201cLigji i detit\u201d, \u201cF\u00ebmij\u00ebria n\u00eb bregdet\u201d,\u00a0\u201cGjiri i Shpres\u00ebs\u201d, \u201cIshulli i Gjelb\u00ebr\u201d, \u201cLimani i Qet\u00ebsis\u00eb\u201d,\u00a0\u201cBukuria e detit\u201d, \u201cPanorama e detit\u201d, \u201cP\u00ebllumbat n\u00eb\u00a0anten\u00eb\u201d, \u201cMos qaj, Kestrina\u201d, \u201cLul\u00ebkuqet mbi banka\u201d,\u00a0\u201cPylli i dragoit\u201d etj.\u00a0Nj\u00eb pjes\u00eb e mir\u00eb e krijimtaris\u00eb s\u00eb tij \u00ebsht\u00eb e lidhur me\u00a0Ulqinin dhe detin. N\u00eb k\u00ebt\u00eb kuad\u00ebr mund t\u00eb p\u00ebrmenden\u00a0librat: \u201cDeti, detar\u00ebt e Ulqinit\u201d, \u201cDetar\u00eb, peshkatar\u00eb ulqinak\u00eb\u201d,\u00a0Detaria, detar\u00eb, dokumente\u201d, \u201cLibri p\u00ebr Ulqinin dhe\u00a0ulqinak\u00ebt\u201d, \u201cGlosar\u201d (fjalor i detaris\u00eb), \u201cThesar popullor\u201d\u00a0dhe \u201cUlqin, ti det\u201d (Poet\u00ebt p\u00ebr Ulqinin).<\/p>\n<p><strong>Hajro Ulqinaku (P\u00ebrktheu\/p\u00ebrgatiti), Molla e art\u00eb (Mite dhe p\u00ebrralla popullore nga bota), Asociacioni Ulqini, Ulqin, 2010<\/strong><\/p>\n<p><strong>i.k.<br \/>\nKoha Javore<\/strong><br \/>\n<object classid=\"clsid:d27cdb6e-ae6d-11cf-96b8-444553540000\" width=\"490\" height=\"394\" codebase=\"http:\/\/download.macromedia.com\/pub\/shockwave\/cabs\/flash\/swflash.cab#version=6,0,40,0\"><param name=\"allowFullScreen\" value=\"true\" \/><param name=\"allowScriptAccess\" value=\"always\" \/><param name=\"src\" value=\"http:\/\/www.dailymotion.com\/swf\/video\/xegdom?background=%23171D1B&amp;foreground=%23F7FFFD&amp;highlight=%23FFC300&amp;autoPlay=1&amp;hideInfos=1&amp;width=480&amp;additionalInfos=0\" \/><param name=\"allowfullscreen\" value=\"true\" \/><\/object><\/strong><\/p>\n","protected":false},"excerpt":{"rendered":"<p>N\u00eb lib\u00ebr p\u00ebrfshihen mite greke p\u00ebr figura t\u00eb\u00a0ndryshme si Jasoni, Odiseu, Perseu, Edipi,\u00a0Sfinksi, etj., legjenda, p\u00ebrralla dhe tregime\u00a0popullore nga vende t\u00eb ndryshme t\u00eb bot\u00ebs. Shkrimtari Hajro Ulqinaku p\u00ebrve\u00e7 pun\u00ebs s\u00eb tij si krijues, q\u00eb\u00a0nj\u00eb koh\u00eb t\u00eb gjat\u00eb i \u00ebsht\u00eb p\u00ebrkushtuar p\u00ebrgatitjes, p\u00ebrkthimit\u00a0dhe ka b\u00ebr\u00eb p\u00ebrzgjedhjen p\u00ebr nj\u00eb s\u00ebr\u00eb librash. N\u00eb k\u00ebt\u00eb\u00a0vazhd\u00eb \u00ebsht\u00eb edhe libri \u201cMolla [&hellip;]<\/p>\n","protected":false},"author":1,"featured_media":0,"comment_status":"open","ping_status":"closed","sticky":false,"template":"","format":"standard","meta":{"spay_email":"","jetpack_publicize_message":"","jetpack_is_tweetstorm":false,"jetpack_publicize_feature_enabled":true},"categories":[4],"tags":[2740,961,15129,200],"jetpack_publicize_connections":[],"yoast_head":"<!-- This site is optimized with the Yoast SEO plugin v19.1 - https:\/\/yoast.com\/wordpress\/plugins\/seo\/ -->\n<title>Hajro Ulqinaku p\u00ebrktheu librin Molla e Art\u00eb - Lajme nga Ulqini<\/title>\n<meta name=\"description\" content=\"N\u00eb lib\u00ebr p\u00ebrfshihen mite greke p\u00ebr figura t\u00eb\u00a0ndryshme si Jasoni, Odiseu, Perseu, Edipi,\u00a0Sfinksi, etj., legjenda, p\u00ebrralla dhe tregime\u00a0popullore nga vende\" \/>\n<meta name=\"robots\" content=\"index, follow, max-snippet:-1, max-image-preview:large, max-video-preview:-1\" \/>\n<link rel=\"canonical\" href=\"https:\/\/www.visit-ulcinj.com\/blog\/2010\/08\/30\/hajro-ulqinaku-perktheu-librin-molla-e-arte\/\" \/>\n<meta property=\"og:locale\" content=\"en_US\" \/>\n<meta property=\"og:type\" content=\"article\" \/>\n<meta property=\"og:title\" content=\"Hajro Ulqinaku p\u00ebrktheu librin Molla e Art\u00eb - Lajme nga Ulqini\" \/>\n<meta property=\"og:description\" content=\"N\u00eb lib\u00ebr p\u00ebrfshihen mite greke p\u00ebr figura t\u00eb\u00a0ndryshme si Jasoni, Odiseu, Perseu, Edipi,\u00a0Sfinksi, etj., legjenda, p\u00ebrralla dhe tregime\u00a0popullore nga vende\" \/>\n<meta property=\"og:url\" content=\"https:\/\/www.visit-ulcinj.com\/blog\/2010\/08\/30\/hajro-ulqinaku-perktheu-librin-molla-e-arte\/\" \/>\n<meta property=\"og:site_name\" content=\"Lajme nga Ulqini\" \/>\n<meta property=\"article:published_time\" content=\"2010-08-30T17:05:11+00:00\" \/>\n<meta property=\"article:modified_time\" content=\"2010-08-31T17:28:47+00:00\" \/>\n<meta property=\"og:image\" content=\"http:\/\/www.visit-ulcinj.com\/blog\/wp-content\/uploads\/2010\/08\/hajro-ulqinaku.jpg\" \/>\n<meta name=\"twitter:label1\" content=\"Written by\" \/>\n\t<meta name=\"twitter:data1\" content=\"ulqini\" \/>\n\t<meta name=\"twitter:label2\" content=\"Est. reading time\" \/>\n\t<meta name=\"twitter:data2\" content=\"2 minutes\" \/>\n<script type=\"application\/ld+json\" class=\"yoast-schema-graph\">{\"@context\":\"https:\/\/schema.org\",\"@graph\":[{\"@type\":\"WebSite\",\"@id\":\"https:\/\/www.visit-ulcinj.com\/blog\/#website\",\"url\":\"https:\/\/www.visit-ulcinj.com\/blog\/\",\"name\":\"Lajme nga Ulqini\",\"description\":\"Lajme,Vijesti,Ulqini,Ulqin,Crna Gora,Mali i Zi\",\"potentialAction\":[{\"@type\":\"SearchAction\",\"target\":{\"@type\":\"EntryPoint\",\"urlTemplate\":\"https:\/\/www.visit-ulcinj.com\/blog\/?s={search_term_string}\"},\"query-input\":\"required name=search_term_string\"}],\"inLanguage\":\"en-US\"},{\"@type\":\"ImageObject\",\"inLanguage\":\"en-US\",\"@id\":\"https:\/\/www.visit-ulcinj.com\/blog\/2010\/08\/30\/hajro-ulqinaku-perktheu-librin-molla-e-arte\/#primaryimage\",\"url\":\"https:\/\/www.visit-ulcinj.com\/blog\/wp-content\/uploads\/2010\/08\/hajro-ulqinaku.jpg\",\"contentUrl\":\"https:\/\/www.visit-ulcinj.com\/blog\/wp-content\/uploads\/2010\/08\/hajro-ulqinaku.jpg\",\"width\":\"490\",\"height\":\"366\"},{\"@type\":\"WebPage\",\"@id\":\"https:\/\/www.visit-ulcinj.com\/blog\/2010\/08\/30\/hajro-ulqinaku-perktheu-librin-molla-e-arte\/#webpage\",\"url\":\"https:\/\/www.visit-ulcinj.com\/blog\/2010\/08\/30\/hajro-ulqinaku-perktheu-librin-molla-e-arte\/\",\"name\":\"Hajro Ulqinaku p\u00ebrktheu librin Molla e Art\u00eb - Lajme nga Ulqini\",\"isPartOf\":{\"@id\":\"https:\/\/www.visit-ulcinj.com\/blog\/#website\"},\"primaryImageOfPage\":{\"@id\":\"https:\/\/www.visit-ulcinj.com\/blog\/2010\/08\/30\/hajro-ulqinaku-perktheu-librin-molla-e-arte\/#primaryimage\"},\"datePublished\":\"2010-08-30T17:05:11+00:00\",\"dateModified\":\"2010-08-31T17:28:47+00:00\",\"author\":{\"@id\":\"https:\/\/www.visit-ulcinj.com\/blog\/#\/schema\/person\/dcab619c614d3038751c63bc2aadc06d\"},\"description\":\"N\u00eb lib\u00ebr p\u00ebrfshihen mite greke p\u00ebr figura t\u00eb\u00a0ndryshme si Jasoni, Odiseu, Perseu, Edipi,\u00a0Sfinksi, etj., legjenda, p\u00ebrralla dhe tregime\u00a0popullore nga vende\",\"breadcrumb\":{\"@id\":\"https:\/\/www.visit-ulcinj.com\/blog\/2010\/08\/30\/hajro-ulqinaku-perktheu-librin-molla-e-arte\/#breadcrumb\"},\"inLanguage\":\"en-US\",\"potentialAction\":[{\"@type\":\"ReadAction\",\"target\":[\"https:\/\/www.visit-ulcinj.com\/blog\/2010\/08\/30\/hajro-ulqinaku-perktheu-librin-molla-e-arte\/\"]}]},{\"@type\":\"BreadcrumbList\",\"@id\":\"https:\/\/www.visit-ulcinj.com\/blog\/2010\/08\/30\/hajro-ulqinaku-perktheu-librin-molla-e-arte\/#breadcrumb\",\"itemListElement\":[{\"@type\":\"ListItem\",\"position\":1,\"name\":\"Hajro Ulqinaku p\u00ebrktheu librin Molla e Art\u00eb\"}]},{\"@type\":\"Person\",\"@id\":\"https:\/\/www.visit-ulcinj.com\/blog\/#\/schema\/person\/dcab619c614d3038751c63bc2aadc06d\",\"name\":\"ulqini\",\"sameAs\":[\"http:\/\/www.visit-ulcinj.com\"],\"url\":\"https:\/\/www.visit-ulcinj.com\/blog\/author\/admin\/\"}]}<\/script>\n<!-- \/ Yoast SEO plugin. -->","yoast_head_json":{"title":"Hajro Ulqinaku p\u00ebrktheu librin Molla e Art\u00eb - Lajme nga Ulqini","description":"N\u00eb lib\u00ebr p\u00ebrfshihen mite greke p\u00ebr figura t\u00eb\u00a0ndryshme si Jasoni, Odiseu, Perseu, Edipi,\u00a0Sfinksi, etj., legjenda, p\u00ebrralla dhe tregime\u00a0popullore nga vende","robots":{"index":"index","follow":"follow","max-snippet":"max-snippet:-1","max-image-preview":"max-image-preview:large","max-video-preview":"max-video-preview:-1"},"canonical":"https:\/\/www.visit-ulcinj.com\/blog\/2010\/08\/30\/hajro-ulqinaku-perktheu-librin-molla-e-arte\/","og_locale":"en_US","og_type":"article","og_title":"Hajro Ulqinaku p\u00ebrktheu librin Molla e Art\u00eb - Lajme nga Ulqini","og_description":"N\u00eb lib\u00ebr p\u00ebrfshihen mite greke p\u00ebr figura t\u00eb\u00a0ndryshme si Jasoni, Odiseu, Perseu, Edipi,\u00a0Sfinksi, etj., legjenda, p\u00ebrralla dhe tregime\u00a0popullore nga vende","og_url":"https:\/\/www.visit-ulcinj.com\/blog\/2010\/08\/30\/hajro-ulqinaku-perktheu-librin-molla-e-arte\/","og_site_name":"Lajme nga Ulqini","article_published_time":"2010-08-30T17:05:11+00:00","article_modified_time":"2010-08-31T17:28:47+00:00","og_image":[{"url":"http:\/\/www.visit-ulcinj.com\/blog\/wp-content\/uploads\/2010\/08\/hajro-ulqinaku.jpg"}],"twitter_misc":{"Written by":"ulqini","Est. reading time":"2 minutes"},"schema":{"@context":"https:\/\/schema.org","@graph":[{"@type":"WebSite","@id":"https:\/\/www.visit-ulcinj.com\/blog\/#website","url":"https:\/\/www.visit-ulcinj.com\/blog\/","name":"Lajme nga Ulqini","description":"Lajme,Vijesti,Ulqini,Ulqin,Crna Gora,Mali i Zi","potentialAction":[{"@type":"SearchAction","target":{"@type":"EntryPoint","urlTemplate":"https:\/\/www.visit-ulcinj.com\/blog\/?s={search_term_string}"},"query-input":"required name=search_term_string"}],"inLanguage":"en-US"},{"@type":"ImageObject","inLanguage":"en-US","@id":"https:\/\/www.visit-ulcinj.com\/blog\/2010\/08\/30\/hajro-ulqinaku-perktheu-librin-molla-e-arte\/#primaryimage","url":"https:\/\/www.visit-ulcinj.com\/blog\/wp-content\/uploads\/2010\/08\/hajro-ulqinaku.jpg","contentUrl":"https:\/\/www.visit-ulcinj.com\/blog\/wp-content\/uploads\/2010\/08\/hajro-ulqinaku.jpg","width":"490","height":"366"},{"@type":"WebPage","@id":"https:\/\/www.visit-ulcinj.com\/blog\/2010\/08\/30\/hajro-ulqinaku-perktheu-librin-molla-e-arte\/#webpage","url":"https:\/\/www.visit-ulcinj.com\/blog\/2010\/08\/30\/hajro-ulqinaku-perktheu-librin-molla-e-arte\/","name":"Hajro Ulqinaku p\u00ebrktheu librin Molla e Art\u00eb - Lajme nga Ulqini","isPartOf":{"@id":"https:\/\/www.visit-ulcinj.com\/blog\/#website"},"primaryImageOfPage":{"@id":"https:\/\/www.visit-ulcinj.com\/blog\/2010\/08\/30\/hajro-ulqinaku-perktheu-librin-molla-e-arte\/#primaryimage"},"datePublished":"2010-08-30T17:05:11+00:00","dateModified":"2010-08-31T17:28:47+00:00","author":{"@id":"https:\/\/www.visit-ulcinj.com\/blog\/#\/schema\/person\/dcab619c614d3038751c63bc2aadc06d"},"description":"N\u00eb lib\u00ebr p\u00ebrfshihen mite greke p\u00ebr figura t\u00eb\u00a0ndryshme si Jasoni, Odiseu, Perseu, Edipi,\u00a0Sfinksi, etj., legjenda, p\u00ebrralla dhe tregime\u00a0popullore nga vende","breadcrumb":{"@id":"https:\/\/www.visit-ulcinj.com\/blog\/2010\/08\/30\/hajro-ulqinaku-perktheu-librin-molla-e-arte\/#breadcrumb"},"inLanguage":"en-US","potentialAction":[{"@type":"ReadAction","target":["https:\/\/www.visit-ulcinj.com\/blog\/2010\/08\/30\/hajro-ulqinaku-perktheu-librin-molla-e-arte\/"]}]},{"@type":"BreadcrumbList","@id":"https:\/\/www.visit-ulcinj.com\/blog\/2010\/08\/30\/hajro-ulqinaku-perktheu-librin-molla-e-arte\/#breadcrumb","itemListElement":[{"@type":"ListItem","position":1,"name":"Hajro Ulqinaku p\u00ebrktheu librin Molla e Art\u00eb"}]},{"@type":"Person","@id":"https:\/\/www.visit-ulcinj.com\/blog\/#\/schema\/person\/dcab619c614d3038751c63bc2aadc06d","name":"ulqini","sameAs":["http:\/\/www.visit-ulcinj.com"],"url":"https:\/\/www.visit-ulcinj.com\/blog\/author\/admin\/"}]}},"jetpack_featured_media_url":"","jetpack_sharing_enabled":true,"jetpack_shortlink":"https:\/\/wp.me\/pe6lTn-9vb","_links":{"self":[{"href":"https:\/\/www.visit-ulcinj.com\/blog\/wp-json\/wp\/v2\/posts\/36529"}],"collection":[{"href":"https:\/\/www.visit-ulcinj.com\/blog\/wp-json\/wp\/v2\/posts"}],"about":[{"href":"https:\/\/www.visit-ulcinj.com\/blog\/wp-json\/wp\/v2\/types\/post"}],"author":[{"embeddable":true,"href":"https:\/\/www.visit-ulcinj.com\/blog\/wp-json\/wp\/v2\/users\/1"}],"replies":[{"embeddable":true,"href":"https:\/\/www.visit-ulcinj.com\/blog\/wp-json\/wp\/v2\/comments?post=36529"}],"version-history":[{"count":0,"href":"https:\/\/www.visit-ulcinj.com\/blog\/wp-json\/wp\/v2\/posts\/36529\/revisions"}],"wp:attachment":[{"href":"https:\/\/www.visit-ulcinj.com\/blog\/wp-json\/wp\/v2\/media?parent=36529"}],"wp:term":[{"taxonomy":"category","embeddable":true,"href":"https:\/\/www.visit-ulcinj.com\/blog\/wp-json\/wp\/v2\/categories?post=36529"},{"taxonomy":"post_tag","embeddable":true,"href":"https:\/\/www.visit-ulcinj.com\/blog\/wp-json\/wp\/v2\/tags?post=36529"}],"curies":[{"name":"wp","href":"https:\/\/api.w.org\/{rel}","templated":true}]}}