{"id":36540,"date":"2010-08-30T19:39:06","date_gmt":"2010-08-30T17:39:06","guid":{"rendered":"http:\/\/www.visit-ulcinj.com\/blog\/?p=36540"},"modified":"2010-08-30T19:39:06","modified_gmt":"2010-08-30T17:39:06","slug":"dps-i-dua-samostalno","status":"publish","type":"post","link":"https:\/\/www.visit-ulcinj.com\/blog\/2010\/08\/30\/dps-i-dua-samostalno\/","title":{"rendered":"DPS i DUA samostalno?"},"content":{"rendered":"<p><a href=\"http:\/\/www.visit-ulcinj.com\/blog\/wp-content\/uploads\/2010\/08\/Luigj-Lui-Shkrela.1.jpg\"><img loading=\"lazy\" class=\"alignleft size-full wp-image-36541\" title=\"Luigj Lui Shkrela.1\" src=\"http:\/\/www.visit-ulcinj.com\/blog\/wp-content\/uploads\/2010\/08\/Luigj-Lui-Shkrela.1.jpg\" alt=\"\" width=\"320\" height=\"520\" \/><\/a>Poslanik Demokratske partije socijalista Lui\u0111 \u0160krelja nije danas isklju\u010dio mogu\u0107nost da ta stranka i Demokratska unija Albanaca na lokalnim izborima u Ulcinju 17. oktobra nastupe samostalno. Na izborima 23. maja DPS i DUA nastupile su u koaliciji Za evropski Ulcinj i osvojili 14 mandata, odnosno tri odbornika su im nedostajala za formiranje vlasti u tom gradu.<\/p>\n<p>\u0160krelja smatra da bi trebalo preispitati odnose u koaliciji Za evropski Ulcinj koja na majskim izborima nije uspjela da sama obezbijedi ve\u0107inu u lokalnom parlamentu.<\/p>\n<p>&#8220;U svakom slu\u010daju ne isklju\u010dujem mogu\u0107nost da je mo\u017eda bolje i za DPS i DUA da se na izborima 17. oktobra odmjerimo sami i vidimo ja\u010dinu na\u0161ih stanka&#8221;, rekao je \u0160krelja agenciji MINA.<\/p>\n<p>On je kazao da je po statutu DPS za dono\u0161enje odluke o nastupu na lokalnim izborima nadle\u017ean op\u0161tinski odbor, na predlog Izvr\u0161nog odbora. &#8220;Kao odgovorna partija koja \u010dini vlast i na dr\u017eavnom nivou spremni smo uvijek da oslu\u0161kujemo i prihvatimo eventualne sugestije od predsjedni\u0161tva stranke&#8221;, rekao je \u0160krelja.<\/p>\n<p>Prema njegovim rije\u010dima, ulcinjskom DPS je sugerisano da skuplja podatke iz baze i donese odluku u skladu sa statutom i pravilima te partije.<\/p>\n<p>\u0160krelja je rekao da DUA ostaje partner DPS bez obzira kako \u0107e dvije stranke nastupi na oktobraskim izborima. &#8220;Siguran sam da \u0107emo korektan odnos koji smo imali od 1997. godine razvijati i ubudu\u0107e. Svaku odluku donije\u0107emo u skladu sa pravilima i statutom partije, a siguran sam i u dogovoru i korektnom odnosu sa Demokratskom unijom Albanaca&#8221;, rekao je \u0160krelja.<\/p>\n<p><strong>RTCG<\/strong><\/p>\n","protected":false},"excerpt":{"rendered":"<p>Poslanik Demokratske partije socijalista Lui\u0111 \u0160krelja nije danas isklju\u010dio mogu\u0107nost da ta stranka i Demokratska unija Albanaca na lokalnim izborima u Ulcinju 17. oktobra nastupe samostalno. Na izborima 23. maja DPS i DUA nastupile su u koaliciji Za evropski Ulcinj i osvojili 14 mandata, odnosno tri odbornika su im nedostajala za formiranje vlasti u tom [&hellip;]<\/p>\n","protected":false},"author":1,"featured_media":0,"comment_status":"open","ping_status":"closed","sticky":false,"template":"","format":"standard","meta":{"spay_email":"","jetpack_publicize_message":"","jetpack_is_tweetstorm":false,"jetpack_publicize_feature_enabled":true},"categories":[8337],"tags":[15132,86,4174,15131,19],"jetpack_publicize_connections":[],"yoast_head":"<!-- This site is optimized with the Yoast SEO plugin v19.1 - https:\/\/yoast.com\/wordpress\/plugins\/seo\/ -->\n<title>DPS i DUA samostalno? - Lajme nga Ulqini<\/title>\n<meta name=\"description\" content=\"Poslanik Demokratske partije socijalista Lui\u0111 \u0160krelja nije danas isklju\u010dio mogu\u0107nost da ta stranka i Demokratska unija Albanaca na lokalnim izborima u\" \/>\n<meta name=\"robots\" content=\"index, follow, max-snippet:-1, max-image-preview:large, max-video-preview:-1\" \/>\n<link rel=\"canonical\" href=\"https:\/\/www.visit-ulcinj.com\/blog\/2010\/08\/30\/dps-i-dua-samostalno\/\" \/>\n<meta property=\"og:locale\" content=\"en_US\" \/>\n<meta property=\"og:type\" content=\"article\" \/>\n<meta property=\"og:title\" content=\"DPS i DUA samostalno? - Lajme nga Ulqini\" \/>\n<meta property=\"og:description\" content=\"Poslanik Demokratske partije socijalista Lui\u0111 \u0160krelja nije danas isklju\u010dio mogu\u0107nost da ta stranka i Demokratska unija Albanaca na lokalnim izborima u\" \/>\n<meta property=\"og:url\" content=\"https:\/\/www.visit-ulcinj.com\/blog\/2010\/08\/30\/dps-i-dua-samostalno\/\" \/>\n<meta property=\"og:site_name\" content=\"Lajme nga Ulqini\" \/>\n<meta property=\"article:published_time\" content=\"2010-08-30T17:39:06+00:00\" \/>\n<meta property=\"og:image\" content=\"http:\/\/www.visit-ulcinj.com\/blog\/wp-content\/uploads\/2010\/08\/Luigj-Lui-Shkrela.1.jpg\" \/>\n<meta name=\"twitter:label1\" content=\"Written by\" \/>\n\t<meta name=\"twitter:data1\" content=\"ulqini\" \/>\n\t<meta name=\"twitter:label2\" content=\"Est. reading time\" \/>\n\t<meta name=\"twitter:data2\" content=\"1 minute\" \/>\n<script type=\"application\/ld+json\" class=\"yoast-schema-graph\">{\"@context\":\"https:\/\/schema.org\",\"@graph\":[{\"@type\":\"WebSite\",\"@id\":\"https:\/\/www.visit-ulcinj.com\/blog\/#website\",\"url\":\"https:\/\/www.visit-ulcinj.com\/blog\/\",\"name\":\"Lajme nga Ulqini\",\"description\":\"Lajme,Vijesti,Ulqini,Ulqin,Crna Gora,Mali i Zi\",\"potentialAction\":[{\"@type\":\"SearchAction\",\"target\":{\"@type\":\"EntryPoint\",\"urlTemplate\":\"https:\/\/www.visit-ulcinj.com\/blog\/?s={search_term_string}\"},\"query-input\":\"required name=search_term_string\"}],\"inLanguage\":\"en-US\"},{\"@type\":\"ImageObject\",\"inLanguage\":\"en-US\",\"@id\":\"https:\/\/www.visit-ulcinj.com\/blog\/2010\/08\/30\/dps-i-dua-samostalno\/#primaryimage\",\"url\":\"https:\/\/www.visit-ulcinj.com\/blog\/wp-content\/uploads\/2010\/08\/Luigj-Lui-Shkrela.1.jpg\",\"contentUrl\":\"https:\/\/www.visit-ulcinj.com\/blog\/wp-content\/uploads\/2010\/08\/Luigj-Lui-Shkrela.1.jpg\",\"width\":\"400\",\"height\":\"600\"},{\"@type\":\"WebPage\",\"@id\":\"https:\/\/www.visit-ulcinj.com\/blog\/2010\/08\/30\/dps-i-dua-samostalno\/#webpage\",\"url\":\"https:\/\/www.visit-ulcinj.com\/blog\/2010\/08\/30\/dps-i-dua-samostalno\/\",\"name\":\"DPS i DUA samostalno? - Lajme nga Ulqini\",\"isPartOf\":{\"@id\":\"https:\/\/www.visit-ulcinj.com\/blog\/#website\"},\"primaryImageOfPage\":{\"@id\":\"https:\/\/www.visit-ulcinj.com\/blog\/2010\/08\/30\/dps-i-dua-samostalno\/#primaryimage\"},\"datePublished\":\"2010-08-30T17:39:06+00:00\",\"dateModified\":\"2010-08-30T17:39:06+00:00\",\"author\":{\"@id\":\"https:\/\/www.visit-ulcinj.com\/blog\/#\/schema\/person\/dcab619c614d3038751c63bc2aadc06d\"},\"description\":\"Poslanik Demokratske partije socijalista Lui\u0111 \u0160krelja nije danas isklju\u010dio mogu\u0107nost da ta stranka i Demokratska unija Albanaca na lokalnim izborima u\",\"breadcrumb\":{\"@id\":\"https:\/\/www.visit-ulcinj.com\/blog\/2010\/08\/30\/dps-i-dua-samostalno\/#breadcrumb\"},\"inLanguage\":\"en-US\",\"potentialAction\":[{\"@type\":\"ReadAction\",\"target\":[\"https:\/\/www.visit-ulcinj.com\/blog\/2010\/08\/30\/dps-i-dua-samostalno\/\"]}]},{\"@type\":\"BreadcrumbList\",\"@id\":\"https:\/\/www.visit-ulcinj.com\/blog\/2010\/08\/30\/dps-i-dua-samostalno\/#breadcrumb\",\"itemListElement\":[{\"@type\":\"ListItem\",\"position\":1,\"name\":\"DPS i DUA samostalno?\"}]},{\"@type\":\"Person\",\"@id\":\"https:\/\/www.visit-ulcinj.com\/blog\/#\/schema\/person\/dcab619c614d3038751c63bc2aadc06d\",\"name\":\"ulqini\",\"sameAs\":[\"http:\/\/www.visit-ulcinj.com\"],\"url\":\"https:\/\/www.visit-ulcinj.com\/blog\/author\/admin\/\"}]}<\/script>\n<!-- \/ Yoast SEO plugin. -->","yoast_head_json":{"title":"DPS i DUA samostalno? - Lajme nga Ulqini","description":"Poslanik Demokratske partije socijalista Lui\u0111 \u0160krelja nije danas isklju\u010dio mogu\u0107nost da ta stranka i Demokratska unija Albanaca na lokalnim izborima u","robots":{"index":"index","follow":"follow","max-snippet":"max-snippet:-1","max-image-preview":"max-image-preview:large","max-video-preview":"max-video-preview:-1"},"canonical":"https:\/\/www.visit-ulcinj.com\/blog\/2010\/08\/30\/dps-i-dua-samostalno\/","og_locale":"en_US","og_type":"article","og_title":"DPS i DUA samostalno? - Lajme nga Ulqini","og_description":"Poslanik Demokratske partije socijalista Lui\u0111 \u0160krelja nije danas isklju\u010dio mogu\u0107nost da ta stranka i Demokratska unija Albanaca na lokalnim izborima u","og_url":"https:\/\/www.visit-ulcinj.com\/blog\/2010\/08\/30\/dps-i-dua-samostalno\/","og_site_name":"Lajme nga Ulqini","article_published_time":"2010-08-30T17:39:06+00:00","og_image":[{"url":"http:\/\/www.visit-ulcinj.com\/blog\/wp-content\/uploads\/2010\/08\/Luigj-Lui-Shkrela.1.jpg"}],"twitter_misc":{"Written by":"ulqini","Est. reading time":"1 minute"},"schema":{"@context":"https:\/\/schema.org","@graph":[{"@type":"WebSite","@id":"https:\/\/www.visit-ulcinj.com\/blog\/#website","url":"https:\/\/www.visit-ulcinj.com\/blog\/","name":"Lajme nga Ulqini","description":"Lajme,Vijesti,Ulqini,Ulqin,Crna Gora,Mali i Zi","potentialAction":[{"@type":"SearchAction","target":{"@type":"EntryPoint","urlTemplate":"https:\/\/www.visit-ulcinj.com\/blog\/?s={search_term_string}"},"query-input":"required name=search_term_string"}],"inLanguage":"en-US"},{"@type":"ImageObject","inLanguage":"en-US","@id":"https:\/\/www.visit-ulcinj.com\/blog\/2010\/08\/30\/dps-i-dua-samostalno\/#primaryimage","url":"https:\/\/www.visit-ulcinj.com\/blog\/wp-content\/uploads\/2010\/08\/Luigj-Lui-Shkrela.1.jpg","contentUrl":"https:\/\/www.visit-ulcinj.com\/blog\/wp-content\/uploads\/2010\/08\/Luigj-Lui-Shkrela.1.jpg","width":"400","height":"600"},{"@type":"WebPage","@id":"https:\/\/www.visit-ulcinj.com\/blog\/2010\/08\/30\/dps-i-dua-samostalno\/#webpage","url":"https:\/\/www.visit-ulcinj.com\/blog\/2010\/08\/30\/dps-i-dua-samostalno\/","name":"DPS i DUA samostalno? - Lajme nga Ulqini","isPartOf":{"@id":"https:\/\/www.visit-ulcinj.com\/blog\/#website"},"primaryImageOfPage":{"@id":"https:\/\/www.visit-ulcinj.com\/blog\/2010\/08\/30\/dps-i-dua-samostalno\/#primaryimage"},"datePublished":"2010-08-30T17:39:06+00:00","dateModified":"2010-08-30T17:39:06+00:00","author":{"@id":"https:\/\/www.visit-ulcinj.com\/blog\/#\/schema\/person\/dcab619c614d3038751c63bc2aadc06d"},"description":"Poslanik Demokratske partije socijalista Lui\u0111 \u0160krelja nije danas isklju\u010dio mogu\u0107nost da ta stranka i Demokratska unija Albanaca na lokalnim izborima u","breadcrumb":{"@id":"https:\/\/www.visit-ulcinj.com\/blog\/2010\/08\/30\/dps-i-dua-samostalno\/#breadcrumb"},"inLanguage":"en-US","potentialAction":[{"@type":"ReadAction","target":["https:\/\/www.visit-ulcinj.com\/blog\/2010\/08\/30\/dps-i-dua-samostalno\/"]}]},{"@type":"BreadcrumbList","@id":"https:\/\/www.visit-ulcinj.com\/blog\/2010\/08\/30\/dps-i-dua-samostalno\/#breadcrumb","itemListElement":[{"@type":"ListItem","position":1,"name":"DPS i DUA samostalno?"}]},{"@type":"Person","@id":"https:\/\/www.visit-ulcinj.com\/blog\/#\/schema\/person\/dcab619c614d3038751c63bc2aadc06d","name":"ulqini","sameAs":["http:\/\/www.visit-ulcinj.com"],"url":"https:\/\/www.visit-ulcinj.com\/blog\/author\/admin\/"}]}},"jetpack_featured_media_url":"","jetpack_sharing_enabled":true,"jetpack_shortlink":"https:\/\/wp.me\/pe6lTn-9vm","_links":{"self":[{"href":"https:\/\/www.visit-ulcinj.com\/blog\/wp-json\/wp\/v2\/posts\/36540"}],"collection":[{"href":"https:\/\/www.visit-ulcinj.com\/blog\/wp-json\/wp\/v2\/posts"}],"about":[{"href":"https:\/\/www.visit-ulcinj.com\/blog\/wp-json\/wp\/v2\/types\/post"}],"author":[{"embeddable":true,"href":"https:\/\/www.visit-ulcinj.com\/blog\/wp-json\/wp\/v2\/users\/1"}],"replies":[{"embeddable":true,"href":"https:\/\/www.visit-ulcinj.com\/blog\/wp-json\/wp\/v2\/comments?post=36540"}],"version-history":[{"count":0,"href":"https:\/\/www.visit-ulcinj.com\/blog\/wp-json\/wp\/v2\/posts\/36540\/revisions"}],"wp:attachment":[{"href":"https:\/\/www.visit-ulcinj.com\/blog\/wp-json\/wp\/v2\/media?parent=36540"}],"wp:term":[{"taxonomy":"category","embeddable":true,"href":"https:\/\/www.visit-ulcinj.com\/blog\/wp-json\/wp\/v2\/categories?post=36540"},{"taxonomy":"post_tag","embeddable":true,"href":"https:\/\/www.visit-ulcinj.com\/blog\/wp-json\/wp\/v2\/tags?post=36540"}],"curies":[{"name":"wp","href":"https:\/\/api.w.org\/{rel}","templated":true}]}}