{"id":36544,"date":"2010-08-31T14:58:28","date_gmt":"2010-08-31T12:58:28","guid":{"rendered":"http:\/\/www.visit-ulcinj.com\/blog\/?p=36544"},"modified":"2010-08-31T19:26:36","modified_gmt":"2010-08-31T17:26:36","slug":"gezim-hajdinaga-uroi-sot-nxenesit-fillimin-e-vitit-shkollor","status":"publish","type":"post","link":"https:\/\/www.visit-ulcinj.com\/blog\/2010\/08\/31\/gezim-hajdinaga-uroi-sot-nxenesit-fillimin-e-vitit-shkollor\/","title":{"rendered":"G\u00ebzim Hajdinaga uroi sot nx\u00ebn\u00ebsit fillimin e vitit shkollor"},"content":{"rendered":"<p><strong><img loading=\"lazy\" class=\"alignleft\" title=\"Kryetari i Komun\u00ebs s\u00eb Ulqinit z.G\u00ebzim Hajdinaga \" src=\"http:\/\/www.visit-ulcinj.com\/blog\/wp-content\/uploads\/2008\/09\/gezim-hajdinaga_ulqin.jpg\" alt=\"\" width=\"340\" height=\"270\" \/>Kryetari i Komun\u00ebs s\u00eb Ulqinit z.G\u00ebzim Hajdinaga uroi sot nx\u00ebn\u00ebsit dhe m\u00ebsimdh\u00ebn\u00ebsit e Komun\u00ebs son\u00eb me rastin e hapjes s\u00eb vitit t\u00eb ri shkollor 2010- 2011<\/strong><\/p>\n<p>N\u00eb mesazhin e Kryetarit nd\u00ebr t\u00eb tjera thuhet:<\/p>\n<p>T\u00eb dashur nx\u00ebn\u00ebs, t\u00eb dashur prind\u00ebr, t\u00eb respektuar m\u00ebsues,<br \/>\nm\u00eb lejoni t\u2019ju uroj t\u00eb gjith\u00eb nx\u00ebn\u00ebsve,\u00a0 t\u00eb t\u00eb gjitha cikleve, e n\u00eb ve\u00e7anti atyre q\u00eb p\u00ebr t\u00eb par\u00ebn her\u00eb ulen n\u00eb bankat e shkoll\u00ebs, nj\u00eb vit m\u00ebsimor t\u00eb suksessh\u00ebm, gjithashtu edhe m\u00ebsuesve suksese n\u00eb misionin e tyre t\u00eb vyer.<\/p>\n<p>Duke u pasuruar me dije, Ulqini mund t\u00eb prosperoj\u00eb e t\u00eb ket\u00eb nj\u00eb t\u00eb ardhme t\u00eb ndritshme, n\u00ebp\u00ebrmjet arsimit, ne do t\u00eb jemi pjes\u00eb e familjes europiane dhe euroatlantike, ku synojm\u00eb dhe aspirojm\u00eb t\u00eb futemi.<\/p>\n<p>Edhe nj\u00ebher\u00eb un\u00eb ju uroj nga zemra suksese p\u00ebr vitin e ri shkollor!<\/p>\n<p>Sinqerisht i juaji,<\/p>\n<p>G\u00ebzim Hajdinaga<\/p>\n<p><strong>Municipality of Ulcinj \/ Ulqin<br \/>\nArsllan Hajdinaga<\/strong><br \/>\n<object classid=\"clsid:d27cdb6e-ae6d-11cf-96b8-444553540000\" width=\"490\" height=\"394\" codebase=\"http:\/\/download.macromedia.com\/pub\/shockwave\/cabs\/flash\/swflash.cab#version=6,0,40,0\"><param name=\"allowFullScreen\" value=\"true\" \/><param name=\"allowScriptAccess\" value=\"always\" \/><param name=\"src\" value=\"http:\/\/www.dailymotion.com\/swf\/video\/xegdom?background=%23171D1B&amp;foreground=%23F7FFFD&amp;highlight=%23FFC300&amp;autoPlay=1&amp;hideInfos=1&amp;width=480&amp;additionalInfos=0\" \/><param name=\"allowfullscreen\" value=\"true\" \/><\/object><\/strong><\/p>\n","protected":false},"excerpt":{"rendered":"<p>Kryetari i Komun\u00ebs s\u00eb Ulqinit z.G\u00ebzim Hajdinaga uroi sot nx\u00ebn\u00ebsit dhe m\u00ebsimdh\u00ebn\u00ebsit e Komun\u00ebs son\u00eb me rastin e hapjes s\u00eb vitit t\u00eb ri shkollor 2010- 2011 N\u00eb mesazhin e Kryetarit nd\u00ebr t\u00eb tjera thuhet: T\u00eb dashur nx\u00ebn\u00ebs, t\u00eb dashur prind\u00ebr, t\u00eb respektuar m\u00ebsues, m\u00eb lejoni t\u2019ju uroj t\u00eb gjith\u00eb nx\u00ebn\u00ebsve,\u00a0 t\u00eb t\u00eb gjitha cikleve, e [&hellip;]<\/p>\n","protected":false},"author":1,"featured_media":0,"comment_status":"open","ping_status":"closed","sticky":false,"template":"","format":"standard","meta":{"spay_email":"","jetpack_publicize_message":"","jetpack_is_tweetstorm":false,"jetpack_publicize_feature_enabled":true},"categories":[1],"tags":[222,2515,15134,15133],"jetpack_publicize_connections":[],"yoast_head":"<!-- This site is optimized with the Yoast SEO plugin v19.1 - https:\/\/yoast.com\/wordpress\/plugins\/seo\/ -->\n<title>G\u00ebzim Hajdinaga uroi sot nx\u00ebn\u00ebsit fillimin e vitit shkollor - Lajme nga Ulqini<\/title>\n<meta name=\"description\" content=\"Kryetari i Komun\u00ebs s\u00eb Ulqinit z.G\u00ebzim Hajdinaga uroi sot nx\u00ebn\u00ebsit dhe m\u00ebsimdh\u00ebn\u00ebsit e Komun\u00ebs son\u00eb me rastin e hapjes s\u00eb vitit t\u00eb ri shkollor 2010- 2011\" \/>\n<meta name=\"robots\" content=\"index, follow, max-snippet:-1, max-image-preview:large, max-video-preview:-1\" \/>\n<link rel=\"canonical\" href=\"https:\/\/www.visit-ulcinj.com\/blog\/2010\/08\/31\/gezim-hajdinaga-uroi-sot-nxenesit-fillimin-e-vitit-shkollor\/\" \/>\n<meta property=\"og:locale\" content=\"en_US\" \/>\n<meta property=\"og:type\" content=\"article\" \/>\n<meta property=\"og:title\" content=\"G\u00ebzim Hajdinaga uroi sot nx\u00ebn\u00ebsit fillimin e vitit shkollor - Lajme nga Ulqini\" \/>\n<meta property=\"og:description\" content=\"Kryetari i Komun\u00ebs s\u00eb Ulqinit z.G\u00ebzim Hajdinaga uroi sot nx\u00ebn\u00ebsit dhe m\u00ebsimdh\u00ebn\u00ebsit e Komun\u00ebs son\u00eb me rastin e hapjes s\u00eb vitit t\u00eb ri shkollor 2010- 2011\" \/>\n<meta property=\"og:url\" content=\"https:\/\/www.visit-ulcinj.com\/blog\/2010\/08\/31\/gezim-hajdinaga-uroi-sot-nxenesit-fillimin-e-vitit-shkollor\/\" \/>\n<meta property=\"og:site_name\" content=\"Lajme nga Ulqini\" \/>\n<meta property=\"article:published_time\" content=\"2010-08-31T12:58:28+00:00\" \/>\n<meta property=\"article:modified_time\" content=\"2010-08-31T17:26:36+00:00\" \/>\n<meta property=\"og:image\" content=\"http:\/\/www.visit-ulcinj.com\/blog\/wp-content\/uploads\/2008\/09\/gezim-hajdinaga_ulqin.jpg\" \/>\n<meta name=\"twitter:label1\" content=\"Written by\" \/>\n\t<meta name=\"twitter:data1\" content=\"ulqini\" \/>\n\t<meta name=\"twitter:label2\" content=\"Est. reading time\" \/>\n\t<meta name=\"twitter:data2\" content=\"1 minute\" \/>\n<script type=\"application\/ld+json\" class=\"yoast-schema-graph\">{\"@context\":\"https:\/\/schema.org\",\"@graph\":[{\"@type\":\"WebSite\",\"@id\":\"https:\/\/www.visit-ulcinj.com\/blog\/#website\",\"url\":\"https:\/\/www.visit-ulcinj.com\/blog\/\",\"name\":\"Lajme nga Ulqini\",\"description\":\"Lajme,Vijesti,Ulqini,Ulqin,Crna Gora,Mali i Zi\",\"potentialAction\":[{\"@type\":\"SearchAction\",\"target\":{\"@type\":\"EntryPoint\",\"urlTemplate\":\"https:\/\/www.visit-ulcinj.com\/blog\/?s={search_term_string}\"},\"query-input\":\"required name=search_term_string\"}],\"inLanguage\":\"en-US\"},{\"@type\":\"ImageObject\",\"inLanguage\":\"en-US\",\"@id\":\"https:\/\/www.visit-ulcinj.com\/blog\/2010\/08\/31\/gezim-hajdinaga-uroi-sot-nxenesit-fillimin-e-vitit-shkollor\/#primaryimage\",\"url\":\"http:\/\/www.visit-ulcinj.com\/blog\/wp-content\/uploads\/2008\/09\/gezim-hajdinaga_ulqin.jpg\",\"contentUrl\":\"http:\/\/www.visit-ulcinj.com\/blog\/wp-content\/uploads\/2008\/09\/gezim-hajdinaga_ulqin.jpg\"},{\"@type\":\"WebPage\",\"@id\":\"https:\/\/www.visit-ulcinj.com\/blog\/2010\/08\/31\/gezim-hajdinaga-uroi-sot-nxenesit-fillimin-e-vitit-shkollor\/#webpage\",\"url\":\"https:\/\/www.visit-ulcinj.com\/blog\/2010\/08\/31\/gezim-hajdinaga-uroi-sot-nxenesit-fillimin-e-vitit-shkollor\/\",\"name\":\"G\u00ebzim Hajdinaga uroi sot nx\u00ebn\u00ebsit fillimin e vitit shkollor - Lajme nga Ulqini\",\"isPartOf\":{\"@id\":\"https:\/\/www.visit-ulcinj.com\/blog\/#website\"},\"primaryImageOfPage\":{\"@id\":\"https:\/\/www.visit-ulcinj.com\/blog\/2010\/08\/31\/gezim-hajdinaga-uroi-sot-nxenesit-fillimin-e-vitit-shkollor\/#primaryimage\"},\"datePublished\":\"2010-08-31T12:58:28+00:00\",\"dateModified\":\"2010-08-31T17:26:36+00:00\",\"author\":{\"@id\":\"https:\/\/www.visit-ulcinj.com\/blog\/#\/schema\/person\/dcab619c614d3038751c63bc2aadc06d\"},\"description\":\"Kryetari i Komun\u00ebs s\u00eb Ulqinit z.G\u00ebzim Hajdinaga uroi sot nx\u00ebn\u00ebsit dhe m\u00ebsimdh\u00ebn\u00ebsit e Komun\u00ebs son\u00eb me rastin e hapjes s\u00eb vitit t\u00eb ri shkollor 2010- 2011\",\"breadcrumb\":{\"@id\":\"https:\/\/www.visit-ulcinj.com\/blog\/2010\/08\/31\/gezim-hajdinaga-uroi-sot-nxenesit-fillimin-e-vitit-shkollor\/#breadcrumb\"},\"inLanguage\":\"en-US\",\"potentialAction\":[{\"@type\":\"ReadAction\",\"target\":[\"https:\/\/www.visit-ulcinj.com\/blog\/2010\/08\/31\/gezim-hajdinaga-uroi-sot-nxenesit-fillimin-e-vitit-shkollor\/\"]}]},{\"@type\":\"BreadcrumbList\",\"@id\":\"https:\/\/www.visit-ulcinj.com\/blog\/2010\/08\/31\/gezim-hajdinaga-uroi-sot-nxenesit-fillimin-e-vitit-shkollor\/#breadcrumb\",\"itemListElement\":[{\"@type\":\"ListItem\",\"position\":1,\"name\":\"G\u00ebzim Hajdinaga uroi sot nx\u00ebn\u00ebsit fillimin e vitit shkollor\"}]},{\"@type\":\"Person\",\"@id\":\"https:\/\/www.visit-ulcinj.com\/blog\/#\/schema\/person\/dcab619c614d3038751c63bc2aadc06d\",\"name\":\"ulqini\",\"sameAs\":[\"http:\/\/www.visit-ulcinj.com\"],\"url\":\"https:\/\/www.visit-ulcinj.com\/blog\/author\/admin\/\"}]}<\/script>\n<!-- \/ Yoast SEO plugin. -->","yoast_head_json":{"title":"G\u00ebzim Hajdinaga uroi sot nx\u00ebn\u00ebsit fillimin e vitit shkollor - Lajme nga Ulqini","description":"Kryetari i Komun\u00ebs s\u00eb Ulqinit z.G\u00ebzim Hajdinaga uroi sot nx\u00ebn\u00ebsit dhe m\u00ebsimdh\u00ebn\u00ebsit e Komun\u00ebs son\u00eb me rastin e hapjes s\u00eb vitit t\u00eb ri shkollor 2010- 2011","robots":{"index":"index","follow":"follow","max-snippet":"max-snippet:-1","max-image-preview":"max-image-preview:large","max-video-preview":"max-video-preview:-1"},"canonical":"https:\/\/www.visit-ulcinj.com\/blog\/2010\/08\/31\/gezim-hajdinaga-uroi-sot-nxenesit-fillimin-e-vitit-shkollor\/","og_locale":"en_US","og_type":"article","og_title":"G\u00ebzim Hajdinaga uroi sot nx\u00ebn\u00ebsit fillimin e vitit shkollor - Lajme nga Ulqini","og_description":"Kryetari i Komun\u00ebs s\u00eb Ulqinit z.G\u00ebzim Hajdinaga uroi sot nx\u00ebn\u00ebsit dhe m\u00ebsimdh\u00ebn\u00ebsit e Komun\u00ebs son\u00eb me rastin e hapjes s\u00eb vitit t\u00eb ri shkollor 2010- 2011","og_url":"https:\/\/www.visit-ulcinj.com\/blog\/2010\/08\/31\/gezim-hajdinaga-uroi-sot-nxenesit-fillimin-e-vitit-shkollor\/","og_site_name":"Lajme nga Ulqini","article_published_time":"2010-08-31T12:58:28+00:00","article_modified_time":"2010-08-31T17:26:36+00:00","og_image":[{"url":"http:\/\/www.visit-ulcinj.com\/blog\/wp-content\/uploads\/2008\/09\/gezim-hajdinaga_ulqin.jpg"}],"twitter_misc":{"Written by":"ulqini","Est. reading time":"1 minute"},"schema":{"@context":"https:\/\/schema.org","@graph":[{"@type":"WebSite","@id":"https:\/\/www.visit-ulcinj.com\/blog\/#website","url":"https:\/\/www.visit-ulcinj.com\/blog\/","name":"Lajme nga Ulqini","description":"Lajme,Vijesti,Ulqini,Ulqin,Crna Gora,Mali i Zi","potentialAction":[{"@type":"SearchAction","target":{"@type":"EntryPoint","urlTemplate":"https:\/\/www.visit-ulcinj.com\/blog\/?s={search_term_string}"},"query-input":"required name=search_term_string"}],"inLanguage":"en-US"},{"@type":"ImageObject","inLanguage":"en-US","@id":"https:\/\/www.visit-ulcinj.com\/blog\/2010\/08\/31\/gezim-hajdinaga-uroi-sot-nxenesit-fillimin-e-vitit-shkollor\/#primaryimage","url":"http:\/\/www.visit-ulcinj.com\/blog\/wp-content\/uploads\/2008\/09\/gezim-hajdinaga_ulqin.jpg","contentUrl":"http:\/\/www.visit-ulcinj.com\/blog\/wp-content\/uploads\/2008\/09\/gezim-hajdinaga_ulqin.jpg"},{"@type":"WebPage","@id":"https:\/\/www.visit-ulcinj.com\/blog\/2010\/08\/31\/gezim-hajdinaga-uroi-sot-nxenesit-fillimin-e-vitit-shkollor\/#webpage","url":"https:\/\/www.visit-ulcinj.com\/blog\/2010\/08\/31\/gezim-hajdinaga-uroi-sot-nxenesit-fillimin-e-vitit-shkollor\/","name":"G\u00ebzim Hajdinaga uroi sot nx\u00ebn\u00ebsit fillimin e vitit shkollor - Lajme nga Ulqini","isPartOf":{"@id":"https:\/\/www.visit-ulcinj.com\/blog\/#website"},"primaryImageOfPage":{"@id":"https:\/\/www.visit-ulcinj.com\/blog\/2010\/08\/31\/gezim-hajdinaga-uroi-sot-nxenesit-fillimin-e-vitit-shkollor\/#primaryimage"},"datePublished":"2010-08-31T12:58:28+00:00","dateModified":"2010-08-31T17:26:36+00:00","author":{"@id":"https:\/\/www.visit-ulcinj.com\/blog\/#\/schema\/person\/dcab619c614d3038751c63bc2aadc06d"},"description":"Kryetari i Komun\u00ebs s\u00eb Ulqinit z.G\u00ebzim Hajdinaga uroi sot nx\u00ebn\u00ebsit dhe m\u00ebsimdh\u00ebn\u00ebsit e Komun\u00ebs son\u00eb me rastin e hapjes s\u00eb vitit t\u00eb ri shkollor 2010- 2011","breadcrumb":{"@id":"https:\/\/www.visit-ulcinj.com\/blog\/2010\/08\/31\/gezim-hajdinaga-uroi-sot-nxenesit-fillimin-e-vitit-shkollor\/#breadcrumb"},"inLanguage":"en-US","potentialAction":[{"@type":"ReadAction","target":["https:\/\/www.visit-ulcinj.com\/blog\/2010\/08\/31\/gezim-hajdinaga-uroi-sot-nxenesit-fillimin-e-vitit-shkollor\/"]}]},{"@type":"BreadcrumbList","@id":"https:\/\/www.visit-ulcinj.com\/blog\/2010\/08\/31\/gezim-hajdinaga-uroi-sot-nxenesit-fillimin-e-vitit-shkollor\/#breadcrumb","itemListElement":[{"@type":"ListItem","position":1,"name":"G\u00ebzim Hajdinaga uroi sot nx\u00ebn\u00ebsit fillimin e vitit shkollor"}]},{"@type":"Person","@id":"https:\/\/www.visit-ulcinj.com\/blog\/#\/schema\/person\/dcab619c614d3038751c63bc2aadc06d","name":"ulqini","sameAs":["http:\/\/www.visit-ulcinj.com"],"url":"https:\/\/www.visit-ulcinj.com\/blog\/author\/admin\/"}]}},"jetpack_featured_media_url":"","jetpack_sharing_enabled":true,"jetpack_shortlink":"https:\/\/wp.me\/pe6lTn-9vq","_links":{"self":[{"href":"https:\/\/www.visit-ulcinj.com\/blog\/wp-json\/wp\/v2\/posts\/36544"}],"collection":[{"href":"https:\/\/www.visit-ulcinj.com\/blog\/wp-json\/wp\/v2\/posts"}],"about":[{"href":"https:\/\/www.visit-ulcinj.com\/blog\/wp-json\/wp\/v2\/types\/post"}],"author":[{"embeddable":true,"href":"https:\/\/www.visit-ulcinj.com\/blog\/wp-json\/wp\/v2\/users\/1"}],"replies":[{"embeddable":true,"href":"https:\/\/www.visit-ulcinj.com\/blog\/wp-json\/wp\/v2\/comments?post=36544"}],"version-history":[{"count":0,"href":"https:\/\/www.visit-ulcinj.com\/blog\/wp-json\/wp\/v2\/posts\/36544\/revisions"}],"wp:attachment":[{"href":"https:\/\/www.visit-ulcinj.com\/blog\/wp-json\/wp\/v2\/media?parent=36544"}],"wp:term":[{"taxonomy":"category","embeddable":true,"href":"https:\/\/www.visit-ulcinj.com\/blog\/wp-json\/wp\/v2\/categories?post=36544"},{"taxonomy":"post_tag","embeddable":true,"href":"https:\/\/www.visit-ulcinj.com\/blog\/wp-json\/wp\/v2\/tags?post=36544"}],"curies":[{"name":"wp","href":"https:\/\/api.w.org\/{rel}","templated":true}]}}