{"id":36564,"date":"2010-08-31T20:56:15","date_gmt":"2010-08-31T18:56:15","guid":{"rendered":"http:\/\/www.visit-ulcinj.com\/blog\/?p=36564"},"modified":"2010-08-31T21:29:37","modified_gmt":"2010-08-31T19:29:37","slug":"ana-malit-treve-me-personalitete-te-shquara","status":"publish","type":"post","link":"https:\/\/www.visit-ulcinj.com\/blog\/2010\/08\/31\/ana-malit-treve-me-personalitete-te-shquara\/","title":{"rendered":"Ana Malit trev\u00eb me personalitete t\u00eb shquara"},"content":{"rendered":"<p><strong><a href=\"http:\/\/www.visit-ulcinj.com\/blog\/wp-content\/uploads\/2010\/08\/Musa-Llolla.jpg\"><img loading=\"lazy\" class=\"alignleft size-full wp-image-36568\" title=\"Musa Llolla\" src=\"http:\/\/www.visit-ulcinj.com\/blog\/wp-content\/uploads\/2010\/08\/Musa-Llolla.jpg\" alt=\"\" width=\"330\" height=\"500\" \/><\/a>Popullsia e An\u00ebs s\u00eb Malit \u00ebsht\u00eb e ndar\u00eb n\u00eb 20 fshatra, t\u00eb cilat deri n\u00eb\u00a0vitet 1970 kan\u00eb qen\u00eb t\u00eb mir\u00ebpopulluara, por p\u00ebr arsye t\u00eb kushteve jo t\u00eb\u00a0mira ekonomike anamalasit deytrohen t\u00eb emigrojn\u00eb. Sipas regjistrimit\u00a0t\u00eb fundit t\u00eb popullsis\u00eb, i cili u zhvillua n\u00eb vitin 2003 Ana e Malit kishte\u00a05538 banor\u00eb, apo 627 m\u00eb pak se n\u00eb regjistrimin e vitit 1991.<br \/>\n<\/strong><strong>Popullsia fshatare<br \/>\n<\/strong>Kjo trev\u00eb p\u00ebrbehet nga popullsia fshatare.\u00a0Struktura e popullsis\u00eb n\u00eb p\u00ebrb\u00ebrje t\u00eb saj ka t\u00eb\u00a0gjitha grupmoshat, por pjesa m\u00eb e madhe e saj\u00a0\u00ebsht\u00eb n\u00eb mosh\u00eb aktive, n\u00eb mosh\u00eb pune. Mosha\u00a0mesatare e popullsis\u00eb \u00ebsht\u00eb relativisht e re, por\u00a0p\u00ebr shkak t\u00eb papun\u00ebsis\u00eb kjo popullsi aktive\u00a0\u00ebsht\u00eb pak\u00ebsuar kryesisht p\u00ebr shkak t\u00eb migrimit\u00a0t\u00eb ndjesh\u00ebm t\u00eb rinis\u00eb. Popullsia e k\u00ebsaj treve\u00a0malore p\u00ebrballet p\u00ebrdit\u00eb me kushte relativisht\u00a0t\u00eb v\u00ebshtira jetese p\u00ebr vet\u00eb faktin se k\u00ebtu\u00a0mungojn\u00eb investime n\u00eb fusha t\u00eb ndryshme\u00a0ekonomike, pavar\u00ebsisht nga resurset e\u00a0mrekullueshme q\u00eb i ka fal\u00eb Zoti.\u00a0Popullsia e An\u00ebs s\u00eb Malit \u00ebsht\u00eb e ndar\u00eb n\u00eb 20\u00a0fshatra, t\u00eb cilat deri n\u00eb vitet 1970 kan\u00eb qen\u00eb t\u00eb\u00a0mir\u00ebpopulluara, por p\u00ebr arsye t\u00eb kushteve jo t\u00eb\u00a0m i r a\u00a0e k o n omi k e\u00a0a n ama l a s i t\u00a0deytrohen t\u00eb\u00a0emi g r o j n \u00eb .\u00a0S i p a s\u00a0regjistrimit t\u00eb\u00a0fundit t\u00eb popullsis\u00eb,\u00a0i cili u\u00a0zhvillua n\u00eb\u00a0vitin 2003\u00a0Ana e Malit\u00a0kishte 5538\u00a0banor\u00eb, apo\u00a0627 m\u00eb pak se\u00a0n\u00eb regjistrimin\u00a0e vitit\u00a01991.<\/p>\n<table border=\"1\" cellspacing=\"0\" cellpadding=\"0\">\n<tbody>\n<tr>\n<td width=\"149\" valign=\"top\"><strong>Regjistrimi   ifundit i popullsis\u00eb Ana Malit<\/strong><\/td>\n<td width=\"123\" valign=\"top\"><strong>Regjistrimi i vitit\u00a0\u00a0 \u00a0\u00a0\u00a01991<\/strong><\/td>\n<td width=\"132\" valign=\"top\"><strong>Regjistrimi i vitit\u00a0\u00a0 \u00a0\u00a0\u00a02003<\/strong><\/td>\n<td width=\"123\" valign=\"top\"><\/td>\n<\/tr>\n<tr>\n<td width=\"149\" valign=\"top\"><strong>Amull<\/strong><\/td>\n<td width=\"123\" valign=\"top\"><strong>55<\/strong><\/td>\n<td width=\"132\" valign=\"top\"><strong>30<\/strong><\/td>\n<td width=\"123\" valign=\"top\"><strong>&#8211; 25<\/strong><\/td>\n<\/tr>\n<tr>\n<td width=\"149\" valign=\"top\"><strong>Bojk<\/strong><\/td>\n<td width=\"123\" valign=\"top\"><strong>228<\/strong><\/td>\n<td width=\"132\" valign=\"top\"><strong>195<\/strong><\/td>\n<td width=\"123\" valign=\"top\"><strong>&#8211; 33<\/strong><\/td>\n<\/tr>\n<tr>\n<td width=\"149\" valign=\"top\"><strong>Brajsh\u00eb<\/strong><\/td>\n<td width=\"123\" valign=\"top\"><strong>801<\/strong><\/td>\n<td width=\"132\" valign=\"top\"><strong>760<\/strong><\/td>\n<td width=\"123\" valign=\"top\"><strong>&#8211; 41<\/strong><\/td>\n<\/tr>\n<tr>\n<td width=\"149\" valign=\"top\"><strong>Kat\u00ebrkoll\u00eb<\/strong><\/td>\n<td width=\"123\" valign=\"top\"><strong>855<\/strong><\/td>\n<td width=\"132\" valign=\"top\"><strong>819<\/strong><\/td>\n<td width=\"123\" valign=\"top\"><strong>&#8211; 36<\/strong><\/td>\n<\/tr>\n<tr>\n<td width=\"149\" valign=\"top\"><strong>K\u00ebllezna   Nalt\u00eb<\/strong><\/td>\n<td width=\"123\" valign=\"top\"><strong>181<\/strong><\/td>\n<td width=\"132\" valign=\"top\"><strong>165<\/strong><\/td>\n<td width=\"123\" valign=\"top\"><strong>&#8211; 16<\/strong><\/td>\n<\/tr>\n<tr>\n<td width=\"149\" valign=\"top\"><strong>K\u00ebllezna   Posht\u00eb<\/strong><\/td>\n<td width=\"123\" valign=\"top\"><strong>180<\/strong><\/td>\n<td width=\"132\" valign=\"top\"><strong>144<\/strong><\/td>\n<td width=\"123\" valign=\"top\"><strong>&#8211; 36<\/strong><\/td>\n<\/tr>\n<tr>\n<td width=\"149\" valign=\"top\"><strong>Dragin\u00eb<\/strong><\/td>\n<td width=\"123\" valign=\"top\"><strong>167<\/strong><\/td>\n<td width=\"132\" valign=\"top\"><strong>162<\/strong><\/td>\n<td width=\"123\" valign=\"top\"><strong>&#8211; 5<\/strong><\/td>\n<\/tr>\n<tr>\n<td width=\"149\" valign=\"top\"><strong>Kaliman<\/strong><\/td>\n<td width=\"123\" valign=\"top\"><strong>15<\/strong><\/td>\n<td width=\"132\" valign=\"top\"><strong>8<\/strong><\/td>\n<td width=\"123\" valign=\"top\"><strong>&#8211; 7<\/strong><\/td>\n<\/tr>\n<tr>\n<td width=\"149\" valign=\"top\"><strong>Kosiq<\/strong><\/td>\n<td width=\"123\" valign=\"top\"><strong>206<\/strong><\/td>\n<td width=\"132\" valign=\"top\"><strong>257<\/strong><\/td>\n<td width=\"123\" valign=\"top\"><strong>+ 51<\/strong><\/td>\n<\/tr>\n<tr>\n<td width=\"149\" valign=\"top\"><strong>Kravar<\/strong><\/td>\n<td width=\"123\" valign=\"top\"><strong>708<\/strong><\/td>\n<td width=\"132\" valign=\"top\"><strong>619<\/strong><\/td>\n<td width=\"123\" valign=\"top\"><strong>&#8211; 89<\/strong><\/td>\n<\/tr>\n<tr>\n<td width=\"149\" valign=\"top\"><strong>Kryth\u00eb<\/strong><\/td>\n<td width=\"123\" valign=\"top\"><strong>735<\/strong><\/td>\n<td width=\"132\" valign=\"top\"><strong>603<\/strong><\/td>\n<td width=\"123\" valign=\"top\"><strong>&#8211; 132<\/strong><\/td>\n<\/tr>\n<tr>\n<td width=\"149\" valign=\"top\"><strong>Leskovc<\/strong><\/td>\n<td width=\"123\" valign=\"top\"><strong>86<\/strong><\/td>\n<td width=\"132\" valign=\"top\"><strong>72<\/strong><\/td>\n<td width=\"123\" valign=\"top\"><strong>&#8211; 14<\/strong><\/td>\n<\/tr>\n<tr>\n<td width=\"149\" valign=\"top\"><strong>Lisna   Bor\u00eb<\/strong><\/td>\n<td width=\"123\" valign=\"top\"><strong>198<\/strong><\/td>\n<td width=\"132\" valign=\"top\"><strong>178<\/strong><\/td>\n<td width=\"123\" valign=\"top\"><strong>&#8211; 20<\/strong><\/td>\n<\/tr>\n<tr>\n<td width=\"149\" valign=\"top\"><strong>Megjure\u00e7<\/strong><\/td>\n<td width=\"123\" valign=\"top\"><strong>34<\/strong><\/td>\n<td width=\"132\" valign=\"top\"><strong>9<\/strong><\/td>\n<td width=\"123\" valign=\"top\"><strong>&#8211; 25<\/strong><\/td>\n<\/tr>\n<tr>\n<td width=\"149\" valign=\"top\"><strong>Mill\u00eb<\/strong><\/td>\n<td width=\"123\" valign=\"top\"><strong>347<\/strong><\/td>\n<td width=\"132\" valign=\"top\"><strong>225<\/strong><\/td>\n<td width=\"123\" valign=\"top\"><strong>&#8211; 122<\/strong><\/td>\n<\/tr>\n<tr>\n<td width=\"149\" valign=\"top\"><strong>Rashtish\u00eb<\/strong><\/td>\n<td width=\"123\" valign=\"top\"><strong>488<\/strong><\/td>\n<td width=\"132\" valign=\"top\"><strong>410<\/strong><\/td>\n<td width=\"123\" valign=\"top\"><strong>&#8211; 78<\/strong><\/td>\n<\/tr>\n<tr>\n<td width=\"149\" valign=\"top\"><strong>Sukubin\u00eb<\/strong><\/td>\n<td width=\"123\" valign=\"top\"><strong>403<\/strong><\/td>\n<td width=\"132\" valign=\"top\"><strong>375<\/strong><\/td>\n<td width=\"123\" valign=\"top\"><strong>&#8211; 28<\/strong><\/td>\n<\/tr>\n<tr>\n<td width=\"149\" valign=\"top\"><strong>Fraskanjel<\/strong><\/td>\n<td width=\"123\" valign=\"top\"><strong>69<\/strong><\/td>\n<td width=\"132\" valign=\"top\"><strong>76<\/strong><\/td>\n<td width=\"123\" valign=\"top\"><strong>+ 7<\/strong><\/td>\n<\/tr>\n<tr>\n<td width=\"149\" valign=\"top\"><strong>Shas<\/strong><\/td>\n<td width=\"123\" valign=\"top\"><strong>268<\/strong><\/td>\n<td width=\"132\" valign=\"top\"><strong>298<\/strong><\/td>\n<td width=\"123\" valign=\"top\"><strong>+ 30<\/strong><\/td>\n<\/tr>\n<tr>\n<td width=\"149\" valign=\"top\"><strong>Shtod\u00ebr<\/strong><\/td>\n<td width=\"123\" valign=\"top\"><strong>141<\/strong><\/td>\n<td width=\"132\" valign=\"top\"><strong>133<\/strong><\/td>\n<td width=\"123\" valign=\"top\"><strong>&#8211; 8<\/strong><\/td>\n<\/tr>\n<tr>\n<td width=\"149\" valign=\"top\"><strong>Gjithsej<\/strong><\/td>\n<td width=\"123\" valign=\"top\"><strong>6165<\/strong><\/td>\n<td width=\"132\" valign=\"top\"><strong>5538<\/strong><\/td>\n<td width=\"123\" valign=\"top\"><strong>&#8211; 627<\/strong><\/td>\n<\/tr>\n<\/tbody>\n<\/table>\n<p><strong>Fiset (familjet)<\/strong><\/p>\n<p><strong><\/strong>Popullata e An\u00ebs s\u00eb Malit, si\u00e7 na kumtoi Mefit\u00a0Tela, nga fshati Sukubin\u00eb, me profesion profesor\u00a0i gjuh\u00ebs dhe i let\u00ebrsis\u00eb shqipe n\u00eb SHF\u00a0\u201dMareshalli Tito, \u201cn\u00eb Ulqin, p\u00ebrb\u00ebhet nga\u00a0k\u00ebto fise apo familje: Peraj, Tela, Mustafa,\u00a0Kurti, Avdiu, Ujkashi, Cuca, Hoxha, Luca,\u00a0Mehmeti, Kova\u00e7i, Draga, Lleshi, Haxhicani,\u00a0Llolla, Bardhi, Gjoni, Gjekaj, Astafa, Llunji,\u00a0Hollaj, Salaj, Suma, Maxharri, Zeneli, Taipi<br \/>\nAlaj, Musliu, Kaleziq, Husi, Luka, Rizoja,\u00a0Tahiri, Pali, Asllani, Doda, Mu\u00e7aj, Tagani,\u00a0Xhurreta, Bajraktari, Sinani, Hidra, Dibra,\u00a0Zeneli, Osmani, Gjeloshi, Velia, Bulla, Heba,\u00a0Avdiu, Shkreli, Mehmeti, Nelaj, Hajdari,\u00a0Muja, Duraku, Rexhepi, \u00c7obi, Seferi, Dushku,\u00a0\u00c7apriqi, Halili,Kulla, Kurmemi, Brkani, Hoti,\u00a0Shabani Roma, Rexha, Nolekiq, Mehani,\u00a0Shabani, Nasradini, Sylejmani, Nika, Islami,\u00a0Rama, Ibro\u00e7i, Ceka, Saloviq, Jahja, Akamoli,\u00a0Dabi, Ismaili, Husi, Ibrahimi, Likaj, Lukaj,\u00a0Cekaj, Shabaj, Osmanaj, \u00c7aushaj, Kasneci,\u00a0\u00c7otaj, Gjelaj, Kokaj, Kallaba, Dedaj, Palaj,\u00a0Demiri, Bajra, Aloshi, Tafica, Bisha, Avdalli,\u00a0Shaptafi, Cenaj, Zagaj, Laniku, Kraja, Cuku,\u00a0Curani, Puliq, Bogaj, Seljan dhe Do\u00e7i.<\/p>\n<p><strong>Personalitetet popullore<\/strong><\/p>\n<p><strong><\/strong>Anamalasi p\u00ebr nga natyra \u00ebsht\u00eb i zgjuar. Kjo\u00a0veti \u00ebsht\u00eb bartur brez pas brezi. E kaluara e\u00a0bujshme dhe e trazuar historike e k\u00ebsaj treve\u00a0nxori n\u00eb drit\u00eb personalitete t\u00eb shquara popullore,\u00a0q\u00eb u dalluan p\u00ebr urti, men\u00e7uri, atdhedashuri\u00a0dhe mbrotje t\u00eb tokave shqiptare\u00a0kund\u00ebr pushtuesve t\u00eb huaj. N\u00eb kujtes\u00ebn popullore\u00a0t\u00eb k\u00ebsaj ane, edhe sot ruhen burrat e dalluar\u00a0popullor\u00eb, si\u00e7 jan\u00eb: Lanush Nuzi Peraj,\u00a0pleqnues nga Shasi, Ali \u00c7obi pleqnues nga<br \/>\nKrytha, Selim Shaptafi, klerik nga Kravari,\u00a0Sait Cani Nika, kryeplak nga Rashtisha,\u00a0v\u00ebllez\u00ebrit Dyl e Nuz Mehmeti, Tahir \u00c7apriqi,\u00a0nga Shasi, Selim Duli Osmanaj, pleqnues nga\u00a0Brajsha, Rexhep Mehani, pleqnues nga Milla,\u00a0Sadik Velushi Kurta nga Sukubina, Musa\u00a0Llolla, pleqnues nga Rashtisha, Malo Meti\u00a0Kurti, kryeplak nga Sukubina, Rexh\u00eb Ahmeti\u00a0Gjonaj, Jakup Xhafa, bajraktar nga Kravari,\u00a0Mark Luca nga Amulli, Nuh Bajri, pleqnues\u00a0nga Shtegvasha, etj. K\u00ebta dhe anamalas t\u00eb\u00a0tjer\u00eb jetuan me amanetin q\u00eb asnj\u00eb p\u00ebll\u00ebmb\u00eb\u00a0toke shqiptare t\u00eb mos i shk\u00ebputet trungut dhe\u00a0ajo t\u00eb mbrohet.<\/p>\n<p><strong>Paria e An\u00ebs s\u00eb Malit<\/strong><\/p>\n<p><strong> <\/strong>Ana e Malit, sipas d\u00ebshmis\u00eb s\u00eb veteranit t\u00eb\u00a0arsimit Faik Avdiu, 86 vje\u00e7 dhe v\u00ebllait t\u00eb tij\u00a0Rasim Avdiu, 84 vje\u00e7, ish pun\u00ebtor i Zyr\u00ebs s\u00eb\u00a0vendit n\u00eb Kat\u00ebrkoll\u00eb, ka qen\u00eb komun\u00eb m\u00eb vete\u00a0gjat\u00eb viteve 1918 \u2013 1955. Gjat\u00eb k\u00ebtij harku\u00a0kohor k\u00ebt\u00eb komun\u00eb, qend\u00ebr administrative e s\u00eb\u00a0cil\u00ebs ka qen\u00eb Kat\u00ebrkolla, pohojn\u00eb v\u00ebllez\u00ebrit<\/p>\n<p><strong>1.Tahir Ramja \u00c7apriq, nga Krytha,\u00a0kryetar (1918-1940)<br \/>\n2.Nuh Bajri, nga Kravari, kryetar (1940-\u00a01944)<br \/>\n3. Qamil Luca, nga Sukubina, n\u00ebnkryetar (\u00a01941-1943) dhe deputet n\u00eb Kuvendin e\u00a0Jugosllavis\u00eb s\u00eb Vjet\u00ebr<br \/>\n4. Ahmet Hoxha, nga Rashtisha, kryetar\u00a0(1944-1954)<br \/>\n5. Musa Llolla, nga Rashtisha, kryetar i<br \/>\nK\u00ebshillit t\u00eb Komun\u00ebs s\u00eb An\u00ebs s\u00eb Malit (\u00a01946-1948)<br \/>\n6. Brahim Tagani, kryetar i komun\u00ebs s\u00eb\u00a0Kryth\u00ebs.<\/strong><\/p>\n<p><strong><\/strong>Drejtuesit e komun\u00ebs s\u00eb Ulqinit dhe deputet\u00ebt\u00a0E r\u00ebnd\u00ebsishme t\u00eb theksohet \u00ebsht\u00eb fakti se kjo\u00a0zon\u00eb ka nxjerr\u00eb tre kryetar t\u00eb Komun\u00ebs s\u00eb\u00a0Ulqinit, t\u00eb cil\u00ebt p\u00ebr 12 vjet kan\u00eb q\u00ebndruar n\u00eb\u00a0krye t\u00eb saj, pastaj 2 n\u00ebnkryetar\u00eb komune, 1\u00a0kryetar t\u00eb Kuvendit Komunal dhe 4 deputet\u00eb.\u00a0Kryetari i par\u00eb i Komun\u00ebs s\u00eb Ulqinit, nga kjo\u00a0krahin\u00eb, n\u00eb koh\u00ebn e monizmit ishte Fadil\u00a0Taipi, nga Kat\u00ebrkolla, Ai udh\u00ebhoqi k\u00ebt\u00eb\u00a0komun\u00eb dy mandate. Her\u00ebn e par\u00eb udh\u00ebhoqi\u00a0gjat\u00eb viteve 1969 &#8211; 1974 dhe, her\u00ebn e dyt\u00eb,\u00a0gjat\u00eb viteve 1984 \u2013 1985.\u00a0N\u00eb koh\u00ebn e pluralizmit politik k\u00ebt\u00eb post e\u00a0ushtroi Osman Rexha, nga Kllezna gjat\u00eb viteve\u00a01996 &#8211; 1998 dhe Skender Hoxha, nga\u00a0Sukubina gjat\u00eb viteve 1998 &#8211; 2002.\u00a0N\u00ebnkryetar i Komun\u00ebs s\u00eb Ulqinit n\u00eb koh\u00ebn e\u00a0tranzicionit ka qen\u00eb Tahir Tahiri, nga\u00a0Kat\u00ebrkolla, n\u00eb periudh\u00ebn ( 2002-2006) , Ali<br \/>\nDoda, nga Shasi ( 2001-2002 ) dhe Osman\u00a0Rexha . N\u00ebnkryetar aktual \u00ebsht\u00eb Nail Rexha,\u00a0nga Kllezna, ( 2007- ), kurse Muhamet Nika\u00a0kryeson Kuvendin Komunal t\u00eb Ulqinit.\u00a0Pas viteve \u2018 90-t\u00eb t\u00eb shekullit t\u00eb kaluar, n\u00eb periudh\u00ebn\u00a0pas r\u00ebnies s\u00eb pushtetit komunist,\u00a0deputet anamalas, p\u00ebrkat\u00ebsisht t\u00eb zgjedhurit e\u00a0popullit ishin: Xheladin Zeneli nga\u00a0Kat\u00ebrkolla ( 1990-1992) , Skender Hoxha, nga\u00a0Sukubina ( 1992- 1994) Muhamet Nika, nga\u00a0Rashtisha ( 1996-1998) dhe Amir Hollaj nga\u00a0Kat\u00ebrkolla ( 2009-).<\/p>\n<p><strong>Koha Javore<\/strong><br \/>\n\n\t\t<style type=\"text\/css\">\n\t\t\t#gallery-1 {\n\t\t\t\tmargin: auto;\n\t\t\t}\n\t\t\t#gallery-1 .gallery-item {\n\t\t\t\tfloat: left;\n\t\t\t\tmargin-top: 10px;\n\t\t\t\ttext-align: center;\n\t\t\t\twidth: 33%;\n\t\t\t}\n\t\t\t#gallery-1 img {\n\t\t\t\tborder: 2px solid #cfcfcf;\n\t\t\t}\n\t\t\t#gallery-1 .gallery-caption {\n\t\t\t\tmargin-left: 0;\n\t\t\t}\n\t\t\t\/* see gallery_shortcode() in wp-includes\/media.php *\/\n\t\t<\/style>\n\t\t<div id='gallery-1' class='gallery galleryid-36564 gallery-columns-3 gallery-size-thumbnail'><dl class='gallery-item'>\n\t\t\t<dt class='gallery-icon portrait'>\n\t\t\t\t<a href='https:\/\/www.visit-ulcinj.com\/blog\/wp-content\/uploads\/2010\/08\/Musa-Llolla.jpg'><img width=\"150\" height=\"150\" src=\"https:\/\/www.visit-ulcinj.com\/blog\/wp-content\/uploads\/2010\/08\/Musa-Llolla-150x150.jpg\" class=\"attachment-thumbnail size-thumbnail\" alt=\"\" loading=\"lazy\" \/><\/a>\n\t\t\t<\/dt><\/dl><dl class='gallery-item'>\n\t\t\t<dt class='gallery-icon portrait'>\n\t\t\t\t<a href='https:\/\/www.visit-ulcinj.com\/blog\/wp-content\/uploads\/2010\/08\/Fadil-Taipi.jpg'><img width=\"150\" height=\"150\" src=\"https:\/\/www.visit-ulcinj.com\/blog\/wp-content\/uploads\/2010\/08\/Fadil-Taipi-150x150.jpg\" class=\"attachment-thumbnail size-thumbnail\" alt=\"\" loading=\"lazy\" \/><\/a>\n\t\t\t<\/dt><\/dl><dl class='gallery-item'>\n\t\t\t<dt class='gallery-icon portrait'>\n\t\t\t\t<a href='https:\/\/www.visit-ulcinj.com\/blog\/wp-content\/uploads\/2010\/08\/Bajram-Rexha.jpg'><img width=\"150\" height=\"150\" src=\"https:\/\/www.visit-ulcinj.com\/blog\/wp-content\/uploads\/2010\/08\/Bajram-Rexha-150x150.jpg\" class=\"attachment-thumbnail size-thumbnail\" alt=\"\" loading=\"lazy\" \/><\/a>\n\t\t\t<\/dt><\/dl><br style=\"clear: both\" \/><dl class='gallery-item'>\n\t\t\t<dt class='gallery-icon portrait'>\n\t\t\t\t<a href='https:\/\/www.visit-ulcinj.com\/blog\/wp-content\/uploads\/2010\/08\/osman-rexha.jpg'><img width=\"150\" height=\"150\" src=\"https:\/\/www.visit-ulcinj.com\/blog\/wp-content\/uploads\/2010\/08\/osman-rexha-150x150.jpg\" class=\"attachment-thumbnail size-thumbnail\" alt=\"\" loading=\"lazy\" \/><\/a>\n\t\t\t<\/dt><\/dl><dl class='gallery-item'>\n\t\t\t<dt class='gallery-icon portrait'>\n\t\t\t\t<a href='https:\/\/www.visit-ulcinj.com\/blog\/wp-content\/uploads\/2010\/08\/skenderhoxha.jpg'><img width=\"150\" height=\"150\" src=\"https:\/\/www.visit-ulcinj.com\/blog\/wp-content\/uploads\/2010\/08\/skenderhoxha-150x150.jpg\" class=\"attachment-thumbnail size-thumbnail\" alt=\"\" loading=\"lazy\" \/><\/a>\n\t\t\t<\/dt><\/dl><dl class='gallery-item'>\n\t\t\t<dt class='gallery-icon landscape'>\n\t\t\t\t<a href='https:\/\/www.visit-ulcinj.com\/blog\/wp-content\/uploads\/2010\/08\/muhamet-nika_ulqin.jpg'><img width=\"150\" height=\"150\" src=\"https:\/\/www.visit-ulcinj.com\/blog\/wp-content\/uploads\/2010\/08\/muhamet-nika_ulqin-150x150.jpg\" class=\"attachment-thumbnail size-thumbnail\" alt=\"\" loading=\"lazy\" \/><\/a>\n\t\t\t<\/dt><\/dl><br style=\"clear: both\" \/><dl class='gallery-item'>\n\t\t\t<dt class='gallery-icon landscape'>\n\t\t\t\t<a href='https:\/\/www.visit-ulcinj.com\/blog\/wp-content\/uploads\/2010\/08\/Tahir-Tahiri.jpg'><img width=\"150\" height=\"150\" src=\"https:\/\/www.visit-ulcinj.com\/blog\/wp-content\/uploads\/2010\/08\/Tahir-Tahiri-150x150.jpg\" class=\"attachment-thumbnail size-thumbnail\" alt=\"\" loading=\"lazy\" \/><\/a>\n\t\t\t<\/dt><\/dl><dl class='gallery-item'>\n\t\t\t<dt class='gallery-icon portrait'>\n\t\t\t\t<a href='https:\/\/www.visit-ulcinj.com\/blog\/wp-content\/uploads\/2010\/08\/amir-hollaj.jpg'><img width=\"150\" height=\"150\" src=\"https:\/\/www.visit-ulcinj.com\/blog\/wp-content\/uploads\/2010\/08\/amir-hollaj-150x150.jpg\" class=\"attachment-thumbnail size-thumbnail\" alt=\"\" loading=\"lazy\" \/><\/a>\n\t\t\t<\/dt><\/dl><dl class='gallery-item'>\n\t\t\t<dt class='gallery-icon landscape'>\n\t\t\t\t<a href='https:\/\/www.visit-ulcinj.com\/blog\/wp-content\/uploads\/2010\/08\/Xheladin-Zeneli.jpg'><img width=\"150\" height=\"150\" src=\"https:\/\/www.visit-ulcinj.com\/blog\/wp-content\/uploads\/2010\/08\/Xheladin-Zeneli-150x150.jpg\" class=\"attachment-thumbnail size-thumbnail\" alt=\"\" loading=\"lazy\" \/><\/a>\n\t\t\t<\/dt><\/dl><br style=\"clear: both\" \/>\n\t\t<\/div>\n<br \/>\n<!--YouTube Error: bad URL entered--><\/p>\n","protected":false},"excerpt":{"rendered":"<p>Popullsia e An\u00ebs s\u00eb Malit \u00ebsht\u00eb e ndar\u00eb n\u00eb 20 fshatra, t\u00eb cilat deri n\u00eb\u00a0vitet 1970 kan\u00eb qen\u00eb t\u00eb mir\u00ebpopulluara, por p\u00ebr arsye t\u00eb kushteve jo t\u00eb\u00a0mira ekonomike anamalasit deytrohen t\u00eb emigrojn\u00eb. Sipas regjistrimit\u00a0t\u00eb fundit t\u00eb popullsis\u00eb, i cili u zhvillua n\u00eb vitin 2003 Ana e Malit kishte\u00a05538 banor\u00eb, apo 627 m\u00eb pak se n\u00eb [&hellip;]<\/p>\n","protected":false},"author":1,"featured_media":0,"comment_status":"open","ping_status":"closed","sticky":false,"template":"","format":"standard","meta":{"spay_email":"","jetpack_publicize_message":"","jetpack_is_tweetstorm":false,"jetpack_publicize_feature_enabled":true},"categories":[13],"tags":[15210,15228,14351,15170,15157,15230,15146,15227,15175,4513,5799,15238,15136,14354,15195,15181,15192,15218,15207,15215,15232,15189,15220,15148,15235,15236,15211,15224,15226,2343,15240,15171,1790,15139,15187,15191,10203,15156,15221,15179,15155,15185,15193,15153,15182,15177,12575,15196,15149,15166,15212,15206,15204,4892,15209,15165,14359,15223,15219,214,15137,15138,15222,3507,15152,2158,3717,14364,2205,15194,844,15234,15140,15213,3512,7366,15154,15158,15150,11572,15214,95,15161,15141,15200,15151,14366,15172,15186,15164,15145,15202,15184,1420,15199,15217,15178,15225,15169,1909,15237,15205,15142,15198,15188,15167,15159,15208,15190,15239,15216,15201,15197,15231,2083,15183,15143,15176,2800,15160,15203,15229,15173,15168,15163,15144,15147,200,18,15180,15174,15233,15162],"jetpack_publicize_connections":[],"yoast_head":"<!-- This site is optimized with the Yoast SEO plugin v19.1 - https:\/\/yoast.com\/wordpress\/plugins\/seo\/ -->\n<title>Ana Malit trev\u00eb me personalitete t\u00eb shquara - Lajme nga Ulqini<\/title>\n<meta name=\"description\" content=\"Popullsia e An\u00ebs s\u00eb Malit \u00ebsht\u00eb e ndar\u00eb n\u00eb 20 fshatra, t\u00eb cilat deri n\u00eb\u00a0vitet 1970 kan\u00eb qen\u00eb t\u00eb mir\u00ebpopulluara, por p\u00ebr arsye t\u00eb kushteve jo t\u00eb\u00a0mira\" \/>\n<meta name=\"robots\" content=\"index, follow, max-snippet:-1, max-image-preview:large, max-video-preview:-1\" \/>\n<link rel=\"canonical\" href=\"https:\/\/www.visit-ulcinj.com\/blog\/2010\/08\/31\/ana-malit-treve-me-personalitete-te-shquara\/\" \/>\n<meta property=\"og:locale\" content=\"en_US\" \/>\n<meta property=\"og:type\" content=\"article\" \/>\n<meta property=\"og:title\" content=\"Ana Malit trev\u00eb me personalitete t\u00eb shquara - Lajme nga Ulqini\" \/>\n<meta property=\"og:description\" content=\"Popullsia e An\u00ebs s\u00eb Malit \u00ebsht\u00eb e ndar\u00eb n\u00eb 20 fshatra, t\u00eb cilat deri n\u00eb\u00a0vitet 1970 kan\u00eb qen\u00eb t\u00eb mir\u00ebpopulluara, por p\u00ebr arsye t\u00eb kushteve jo t\u00eb\u00a0mira\" \/>\n<meta property=\"og:url\" content=\"https:\/\/www.visit-ulcinj.com\/blog\/2010\/08\/31\/ana-malit-treve-me-personalitete-te-shquara\/\" \/>\n<meta property=\"og:site_name\" content=\"Lajme nga Ulqini\" \/>\n<meta property=\"article:published_time\" content=\"2010-08-31T18:56:15+00:00\" \/>\n<meta property=\"article:modified_time\" content=\"2010-08-31T19:29:37+00:00\" \/>\n<meta property=\"og:image\" content=\"https:\/\/www.visit-ulcinj.com\/blog\/wp-content\/uploads\/2010\/08\/Musa-Llolla-150x150.jpg\" \/>\n<meta name=\"twitter:label1\" content=\"Written by\" \/>\n\t<meta name=\"twitter:data1\" content=\"ulqini\" \/>\n\t<meta name=\"twitter:label2\" content=\"Est. reading time\" \/>\n\t<meta name=\"twitter:data2\" content=\"5 minutes\" \/>\n<script type=\"application\/ld+json\" class=\"yoast-schema-graph\">{\"@context\":\"https:\/\/schema.org\",\"@graph\":[{\"@type\":\"WebSite\",\"@id\":\"https:\/\/www.visit-ulcinj.com\/blog\/#website\",\"url\":\"https:\/\/www.visit-ulcinj.com\/blog\/\",\"name\":\"Lajme nga Ulqini\",\"description\":\"Lajme,Vijesti,Ulqini,Ulqin,Crna Gora,Mali i Zi\",\"potentialAction\":[{\"@type\":\"SearchAction\",\"target\":{\"@type\":\"EntryPoint\",\"urlTemplate\":\"https:\/\/www.visit-ulcinj.com\/blog\/?s={search_term_string}\"},\"query-input\":\"required name=search_term_string\"}],\"inLanguage\":\"en-US\"},{\"@type\":\"ImageObject\",\"inLanguage\":\"en-US\",\"@id\":\"https:\/\/www.visit-ulcinj.com\/blog\/2010\/08\/31\/ana-malit-treve-me-personalitete-te-shquara\/#primaryimage\",\"url\":\"https:\/\/www.visit-ulcinj.com\/blog\/wp-content\/uploads\/2010\/08\/Musa-Llolla.jpg\",\"contentUrl\":\"https:\/\/www.visit-ulcinj.com\/blog\/wp-content\/uploads\/2010\/08\/Musa-Llolla.jpg\",\"width\":\"357\",\"height\":\"548\"},{\"@type\":\"WebPage\",\"@id\":\"https:\/\/www.visit-ulcinj.com\/blog\/2010\/08\/31\/ana-malit-treve-me-personalitete-te-shquara\/#webpage\",\"url\":\"https:\/\/www.visit-ulcinj.com\/blog\/2010\/08\/31\/ana-malit-treve-me-personalitete-te-shquara\/\",\"name\":\"Ana Malit trev\u00eb me personalitete t\u00eb shquara - Lajme nga Ulqini\",\"isPartOf\":{\"@id\":\"https:\/\/www.visit-ulcinj.com\/blog\/#website\"},\"primaryImageOfPage\":{\"@id\":\"https:\/\/www.visit-ulcinj.com\/blog\/2010\/08\/31\/ana-malit-treve-me-personalitete-te-shquara\/#primaryimage\"},\"datePublished\":\"2010-08-31T18:56:15+00:00\",\"dateModified\":\"2010-08-31T19:29:37+00:00\",\"author\":{\"@id\":\"https:\/\/www.visit-ulcinj.com\/blog\/#\/schema\/person\/dcab619c614d3038751c63bc2aadc06d\"},\"description\":\"Popullsia e An\u00ebs s\u00eb Malit \u00ebsht\u00eb e ndar\u00eb n\u00eb 20 fshatra, t\u00eb cilat deri n\u00eb\u00a0vitet 1970 kan\u00eb qen\u00eb t\u00eb mir\u00ebpopulluara, por p\u00ebr arsye t\u00eb kushteve jo t\u00eb\u00a0mira\",\"breadcrumb\":{\"@id\":\"https:\/\/www.visit-ulcinj.com\/blog\/2010\/08\/31\/ana-malit-treve-me-personalitete-te-shquara\/#breadcrumb\"},\"inLanguage\":\"en-US\",\"potentialAction\":[{\"@type\":\"ReadAction\",\"target\":[\"https:\/\/www.visit-ulcinj.com\/blog\/2010\/08\/31\/ana-malit-treve-me-personalitete-te-shquara\/\"]}]},{\"@type\":\"BreadcrumbList\",\"@id\":\"https:\/\/www.visit-ulcinj.com\/blog\/2010\/08\/31\/ana-malit-treve-me-personalitete-te-shquara\/#breadcrumb\",\"itemListElement\":[{\"@type\":\"ListItem\",\"position\":1,\"name\":\"Ana Malit trev\u00eb me personalitete t\u00eb shquara\"}]},{\"@type\":\"Person\",\"@id\":\"https:\/\/www.visit-ulcinj.com\/blog\/#\/schema\/person\/dcab619c614d3038751c63bc2aadc06d\",\"name\":\"ulqini\",\"sameAs\":[\"http:\/\/www.visit-ulcinj.com\"],\"url\":\"https:\/\/www.visit-ulcinj.com\/blog\/author\/admin\/\"}]}<\/script>\n<!-- \/ Yoast SEO plugin. -->","yoast_head_json":{"title":"Ana Malit trev\u00eb me personalitete t\u00eb shquara - Lajme nga Ulqini","description":"Popullsia e An\u00ebs s\u00eb Malit \u00ebsht\u00eb e ndar\u00eb n\u00eb 20 fshatra, t\u00eb cilat deri n\u00eb\u00a0vitet 1970 kan\u00eb qen\u00eb t\u00eb mir\u00ebpopulluara, por p\u00ebr arsye t\u00eb kushteve jo t\u00eb\u00a0mira","robots":{"index":"index","follow":"follow","max-snippet":"max-snippet:-1","max-image-preview":"max-image-preview:large","max-video-preview":"max-video-preview:-1"},"canonical":"https:\/\/www.visit-ulcinj.com\/blog\/2010\/08\/31\/ana-malit-treve-me-personalitete-te-shquara\/","og_locale":"en_US","og_type":"article","og_title":"Ana Malit trev\u00eb me personalitete t\u00eb shquara - Lajme nga Ulqini","og_description":"Popullsia e An\u00ebs s\u00eb Malit \u00ebsht\u00eb e ndar\u00eb n\u00eb 20 fshatra, t\u00eb cilat deri n\u00eb\u00a0vitet 1970 kan\u00eb qen\u00eb t\u00eb mir\u00ebpopulluara, por p\u00ebr arsye t\u00eb kushteve jo t\u00eb\u00a0mira","og_url":"https:\/\/www.visit-ulcinj.com\/blog\/2010\/08\/31\/ana-malit-treve-me-personalitete-te-shquara\/","og_site_name":"Lajme nga Ulqini","article_published_time":"2010-08-31T18:56:15+00:00","article_modified_time":"2010-08-31T19:29:37+00:00","og_image":[{"url":"https:\/\/www.visit-ulcinj.com\/blog\/wp-content\/uploads\/2010\/08\/Musa-Llolla-150x150.jpg"}],"twitter_misc":{"Written by":"ulqini","Est. reading time":"5 minutes"},"schema":{"@context":"https:\/\/schema.org","@graph":[{"@type":"WebSite","@id":"https:\/\/www.visit-ulcinj.com\/blog\/#website","url":"https:\/\/www.visit-ulcinj.com\/blog\/","name":"Lajme nga Ulqini","description":"Lajme,Vijesti,Ulqini,Ulqin,Crna Gora,Mali i Zi","potentialAction":[{"@type":"SearchAction","target":{"@type":"EntryPoint","urlTemplate":"https:\/\/www.visit-ulcinj.com\/blog\/?s={search_term_string}"},"query-input":"required name=search_term_string"}],"inLanguage":"en-US"},{"@type":"ImageObject","inLanguage":"en-US","@id":"https:\/\/www.visit-ulcinj.com\/blog\/2010\/08\/31\/ana-malit-treve-me-personalitete-te-shquara\/#primaryimage","url":"https:\/\/www.visit-ulcinj.com\/blog\/wp-content\/uploads\/2010\/08\/Musa-Llolla.jpg","contentUrl":"https:\/\/www.visit-ulcinj.com\/blog\/wp-content\/uploads\/2010\/08\/Musa-Llolla.jpg","width":"357","height":"548"},{"@type":"WebPage","@id":"https:\/\/www.visit-ulcinj.com\/blog\/2010\/08\/31\/ana-malit-treve-me-personalitete-te-shquara\/#webpage","url":"https:\/\/www.visit-ulcinj.com\/blog\/2010\/08\/31\/ana-malit-treve-me-personalitete-te-shquara\/","name":"Ana Malit trev\u00eb me personalitete t\u00eb shquara - Lajme nga Ulqini","isPartOf":{"@id":"https:\/\/www.visit-ulcinj.com\/blog\/#website"},"primaryImageOfPage":{"@id":"https:\/\/www.visit-ulcinj.com\/blog\/2010\/08\/31\/ana-malit-treve-me-personalitete-te-shquara\/#primaryimage"},"datePublished":"2010-08-31T18:56:15+00:00","dateModified":"2010-08-31T19:29:37+00:00","author":{"@id":"https:\/\/www.visit-ulcinj.com\/blog\/#\/schema\/person\/dcab619c614d3038751c63bc2aadc06d"},"description":"Popullsia e An\u00ebs s\u00eb Malit \u00ebsht\u00eb e ndar\u00eb n\u00eb 20 fshatra, t\u00eb cilat deri n\u00eb\u00a0vitet 1970 kan\u00eb qen\u00eb t\u00eb mir\u00ebpopulluara, por p\u00ebr arsye t\u00eb kushteve jo t\u00eb\u00a0mira","breadcrumb":{"@id":"https:\/\/www.visit-ulcinj.com\/blog\/2010\/08\/31\/ana-malit-treve-me-personalitete-te-shquara\/#breadcrumb"},"inLanguage":"en-US","potentialAction":[{"@type":"ReadAction","target":["https:\/\/www.visit-ulcinj.com\/blog\/2010\/08\/31\/ana-malit-treve-me-personalitete-te-shquara\/"]}]},{"@type":"BreadcrumbList","@id":"https:\/\/www.visit-ulcinj.com\/blog\/2010\/08\/31\/ana-malit-treve-me-personalitete-te-shquara\/#breadcrumb","itemListElement":[{"@type":"ListItem","position":1,"name":"Ana Malit trev\u00eb me personalitete t\u00eb shquara"}]},{"@type":"Person","@id":"https:\/\/www.visit-ulcinj.com\/blog\/#\/schema\/person\/dcab619c614d3038751c63bc2aadc06d","name":"ulqini","sameAs":["http:\/\/www.visit-ulcinj.com"],"url":"https:\/\/www.visit-ulcinj.com\/blog\/author\/admin\/"}]}},"jetpack_featured_media_url":"","jetpack_sharing_enabled":true,"jetpack_shortlink":"https:\/\/wp.me\/pe6lTn-9vK","_links":{"self":[{"href":"https:\/\/www.visit-ulcinj.com\/blog\/wp-json\/wp\/v2\/posts\/36564"}],"collection":[{"href":"https:\/\/www.visit-ulcinj.com\/blog\/wp-json\/wp\/v2\/posts"}],"about":[{"href":"https:\/\/www.visit-ulcinj.com\/blog\/wp-json\/wp\/v2\/types\/post"}],"author":[{"embeddable":true,"href":"https:\/\/www.visit-ulcinj.com\/blog\/wp-json\/wp\/v2\/users\/1"}],"replies":[{"embeddable":true,"href":"https:\/\/www.visit-ulcinj.com\/blog\/wp-json\/wp\/v2\/comments?post=36564"}],"version-history":[{"count":0,"href":"https:\/\/www.visit-ulcinj.com\/blog\/wp-json\/wp\/v2\/posts\/36564\/revisions"}],"wp:attachment":[{"href":"https:\/\/www.visit-ulcinj.com\/blog\/wp-json\/wp\/v2\/media?parent=36564"}],"wp:term":[{"taxonomy":"category","embeddable":true,"href":"https:\/\/www.visit-ulcinj.com\/blog\/wp-json\/wp\/v2\/categories?post=36564"},{"taxonomy":"post_tag","embeddable":true,"href":"https:\/\/www.visit-ulcinj.com\/blog\/wp-json\/wp\/v2\/tags?post=36564"}],"curies":[{"name":"wp","href":"https:\/\/api.w.org\/{rel}","templated":true}]}}